{"id":18483,"date":"2025-04-09T16:54:50","date_gmt":"2025-04-09T19:54:50","guid":{"rendered":"https:\/\/advbox.com.br\/blog\/?p=18483"},"modified":"2025-12-30T12:08:27","modified_gmt":"2025-12-30T15:08:27","slug":"captacao-ativa-e-o-problema-da-mercantilizacao-da-advocacia","status":"publish","type":"post","link":"https:\/\/advbox.com.br\/blog\/captacao-ativa-e-o-problema-da-mercantilizacao-da-advocacia\/","title":{"rendered":"Mercantiliza\u00e7\u00e3o da advocacia: o que \u00e9 e quais os exemplos"},"content":{"rendered":"\n<h1 class=\"wp-block-heading\">Mercantiliza\u00e7\u00e3o da advocacia: o que \u00e9 e quais os exemplos<\/h1>\n\n\n\n<p>A mercantiliza\u00e7\u00e3o da advocacia \u00e9 um tema que tem gerado muitos debates no meio jur\u00eddico, especialmente com o avan\u00e7o da tecnologia, das redes sociais e das <a href=\"https:\/\/advbox.com.br\/blog\/estrategia-de-captacao-de-clientes\/\" target=\"_blank\">novas formas de capta\u00e7\u00e3o de clientes<\/a>. Mas o que realmente significa mercantilizar uma profiss\u00e3o que tem como ess\u00eancia o compromisso com a \u00e9tica, a justi\u00e7a e o bem comum?<\/p>\n\n\n\n<p>Neste conte\u00fado, vamos explicar o que \u00e9 mercantiliza\u00e7\u00e3o da profiss\u00e3o do advogado, por que essa pr\u00e1tica \u00e9 proibida pela <a href=\"https:\/\/advbox.com.br\/blog\/oab\/\" target=\"_blank\">OAB<\/a> e como atuar de forma \u00e9tica, sem desvalorizar a nobreza da advocacia.<\/p>\n\n\n\n<h2 class=\"wp-block-heading\">O que significa mercantiliza\u00e7\u00e3o?<\/h2>\n\n\n\n<p><strong>De modo geral, a mercantiliza\u00e7\u00e3o \u00e9 o ato de transformar algo que originalmente n\u00e3o deveria ser tratado como mercadoria em um produto sujeito \u00e0s regras do mercado<\/strong>. Em outras palavras, \u00e9 quando valores, servi\u00e7os ou rela\u00e7\u00f5es passam a ser explorados com fins puramente comerciais, desconsiderando seu valor social ou institucional.<\/p>\n\n\n\n<p>No campo da advocacia, isso implica transformar a atua\u00e7\u00e3o jur\u00eddica em uma simples rela\u00e7\u00e3o de oferta e demanda, como se fosse qualquer outro servi\u00e7o ou produto, o que desrespeita a fun\u00e7\u00e3o social da profiss\u00e3o.<\/p>\n\n\n\n<h2 class=\"wp-block-heading\">O que \u00e9 mercantilizar a advocacia?<\/h2>\n\n\n\n<p><strong>Em resumo, mercantilizar a advocacia \u00e9 transformar o exerc\u00edcio da atividade jur\u00eddica em uma pr\u00e1tica puramente comercial, tratando os servi\u00e7os jur\u00eddicos como se fossem produtos comuns dispon\u00edveis no mercado.&nbsp;<\/strong><\/p>\n\n\n\n<p>Desse modo, significa promover o trabalho do advogado com <a href=\"https:\/\/advbox.com.br\/blog\/dicas-de-marketing-juridico\/\" target=\"_blank\">apelos de marketing agressivo, promessas de resultados, ofertas promocionais e outras estrat\u00e9gias t\u00edpicas de vendas<\/a>.&nbsp;<\/p>\n\n\n\n<p>Essa abordagem reduz a complexidade e a seriedade das quest\u00f5es jur\u00eddicas a uma simples rela\u00e7\u00e3o de compra e venda, desconsiderando a fun\u00e7\u00e3o social da advocacia e sua miss\u00e3o constitucional de garantir o acesso \u00e0 justi\u00e7a e a defesa dos direitos fundamentais.<\/p>\n\n\n\n<p>Al\u00e9m disso, a mercantiliza\u00e7\u00e3o da advocacia compromete diretamente a \u00e9tica profissional, pois coloca o lucro acima da responsabilidade jur\u00eddica e da confian\u00e7a entre cliente e advogado. Ao adotar pr\u00e1ticas comerciais indevidas, o profissional viola os princ\u00edpios de dignidade, sobriedade e discri\u00e7\u00e3o estabelecidos pelo <a href=\"https:\/\/advbox.com.br\/blog\/o-abuso-de-direito-do-conselheiro-da-oab-e-a-responsabilidade-civil\/\" target=\"_blank\">C\u00f3digo de \u00c9tica e Disciplina da OAB<\/a>, especialmente no que diz respeito \u00e0 publicidade e \u00e0 capta\u00e7\u00e3o de clientela.&nbsp;<\/p>\n\n\n\n<p>Com isso, essa pr\u00e1tica desvaloriza o papel do advogado na sociedade e tamb\u00e9m enfraquece a credibilidade da pr\u00f3pria profiss\u00e3o. Consequentemente, gerando um ambiente de concorr\u00eancia desleal e desrespeito \u00e0s normas que regem a atua\u00e7\u00e3o jur\u00eddica no Brasil.<\/p>\n\n\n\n<figure class=\"wp-block-embed is-type-video is-provider-youtube wp-block-embed-youtube wp-embed-aspect-16-9 wp-has-aspect-ratio\"><div class=\"wp-block-embed__wrapper\">\n<iframe title=\"A import\u00e2ncia do Marketing Digital para Capta\u00e7\u00e3o de Leads\" width=\"750\" height=\"422\" src=\"https:\/\/www.youtube.com\/embed\/FSZAt1pRU9A?feature=oembed\" frameborder=\"0\" allow=\"accelerometer; autoplay; clipboard-write; encrypted-media; gyroscope; picture-in-picture; web-share\" referrerpolicy=\"strict-origin-when-cross-origin\" allowfullscreen loading=\"lazy\"><\/iframe>\n<\/div><\/figure>\n\n\n\n<h3 class=\"wp-block-heading\">O que diz o artigo 34 da OAB?<\/h3>\n\n\n\n<p>O artigo 34 do Estatuto da Advocacia e da OAB (Lei n\u00ba 8.906\/1994) enumera infra\u00e7\u00f5es disciplinares, entre elas:<\/p>\n\n\n\n<p><em>\u201cI &#8211; exercer a profiss\u00e3o, quando impedido de faz\u00ea-lo, ou facilitar, por qualquer meio, o seu exerc\u00edcio aos n\u00e3o inscritos, proibidos ou impedidos;<\/em><\/p>\n\n\n\n<p><em>II &#8211; manter sociedade profissional fora das normas e preceitos estabelecidos nesta lei;<\/em><\/p>\n\n\n\n<p><em>III &#8211; valer-se de agenciador de causas, mediante participa\u00e7\u00e3o nos honor\u00e1rios a receber;<\/em><\/p>\n\n\n\n<p><em>IV &#8211; angariar ou captar causas, com ou sem a interven\u00e7\u00e3o de terceiros;<\/em><\/p>\n\n\n\n<p><em>V &#8211; assinar qualquer escrito destinado a processo judicial ou para fim extrajudicial que n\u00e3o tenha feito, ou em que n\u00e3o tenha colaborado;&#8230;\u201d<\/em><\/p>\n\n\n\n<p>Portanto, deixa claro que pr\u00e1ticas comerciais t\u00edpicas de outros setores s\u00e3o incompat\u00edveis com a conduta que se espera de um advogado.<\/p>\n\n\n\n<h3 class=\"wp-block-heading\">Por que a mercantiliza\u00e7\u00e3o \u00e9 proibida pela OAB?<\/h3>\n\n\n\n<p><strong>A mercantiliza\u00e7\u00e3o da advocacia brasileira \u00e9 proibida porque compromete a dignidade e a credibilidade da profiss\u00e3o<\/strong>. Ao tratar a advocacia como um com\u00e9rcio, o profissional coloca em risco a confian\u00e7a do cliente, a imparcialidade do trabalho jur\u00eddico e o compromisso com a \u00e9tica.<\/p>\n\n\n\n<p>A OAB entende que o advogado deve exercer seu of\u00edcio com responsabilidade social, n\u00e3o como um mero vendedor de servi\u00e7os jur\u00eddicos.<\/p>\n\n\n\n<h3 class=\"wp-block-heading\">Por que a OAB \u00e9 t\u00e3o rigorosa quanto \u00e0 publicidade na advocacia?<\/h3>\n\n\n\n<p>A <a href=\"https:\/\/advbox.com.br\/blog\/regras-publicidade-advocacia\/\" target=\"_blank\">publicidade na advocacia \u00e9 permitida, mas deve ser moderada, informativa e discreta<\/a>. <strong>A OAB \u00e9 rigorosa justamente para evitar que o marketing jur\u00eddico se torne uma <\/strong><a href=\"https:\/\/advbox.com.br\/blog\/voce-sabe-o-que-e-a-captacao-indevida-de-clientes-na-advocacia\/\" target=\"_blank\"><strong>forma de capta\u00e7\u00e3o indevida de clientes<\/strong><\/a><strong> ou de banaliza\u00e7\u00e3o da profiss\u00e3o.<\/strong><\/p>\n\n\n\n<p>N\u00e3o se trata de restringir a visibilidade dos profissionais, mas de garantir que a exposi\u00e7\u00e3o ocorra de forma \u00e9tica, respeitando os limites estabelecidos pela regulamenta\u00e7\u00e3o.<\/p>\n\n\n\n<h2 class=\"wp-block-heading\">Exemplos de mercantiliza\u00e7\u00e3o da advocacia<\/h2>\n\n\n\n<p>A mercantiliza\u00e7\u00e3o da advocacia pode ser identificada em diversas pr\u00e1ticas cada vez mais comuns, especialmente com a <a href=\"https:\/\/advbox.com.br\/blog\/plano-de-marketing-para-o-escritorio-de-advocacia\/\" target=\"_blank\">populariza\u00e7\u00e3o do marketing digital<\/a>.&nbsp;<\/p>\n\n\n\n<p><strong>Um exemplo cl\u00e1ssico \u00e9 a oferta de \u201cpacotes jur\u00eddicos\u201d com valores promocionais, como se fossem servi\u00e7os padronizados, quando na verdade cada caso deve ser analisado de forma individual, respeitando suas particularidades legais<\/strong>.&nbsp;<\/p>\n\n\n\n<p>Outro exemplo \u00e9 o uso de linguagens apelativas nas <a href=\"https:\/\/advbox.com.br\/blog\/midias-sociais-para-advogados\/\" target=\"_blank\">redes sociais<\/a>, com frases como \u201cconsulte agora e ganhe uma an\u00e1lise gratuita\u201d ou \u201cgaranta seu direito em 24h\u201d, o que configura uma tentativa de capta\u00e7\u00e3o de clientela vedada pela OAB.<\/p>\n\n\n\n<p><strong>Tamb\u00e9m se enquadram nessa pr\u00e1tica o uso de influenciadores digitais para promover servi\u00e7os jur\u00eddicos, a divulga\u00e7\u00e3o de pre\u00e7os em posts patrocinados e at\u00e9 mesmo a pr\u00e1tica do chamado \u201cjuridiqu\u00eas marqueteiro\u201d. <\/strong>Portanto, quando o profissional promete solu\u00e7\u00f5es r\u00e1pidas ou resultados garantidos, o que foge da realidade do Direito e pode induzir o cliente ao erro.&nbsp;<\/p>\n\n\n\n<p>Todas essas a\u00e7\u00f5es comprometem a seriedade da profiss\u00e3o e violam diretamente o que determina o C\u00f3digo de \u00c9tica da OAB, colocando em risco n\u00e3o apenas a imagem do advogado, mas tamb\u00e9m a confian\u00e7a do p\u00fablico na advocacia como um todo.<\/p>\n\n\n\n<h2 class=\"wp-block-heading\">Como praticar advocacia sem mercantiliza\u00e7\u00e3o?<\/h2>\n\n\n\n<p>Evitar a mercantiliza\u00e7\u00e3o da profiss\u00e3o do advogado exige equil\u00edbrio entre a presen\u00e7a digital e o respeito aos princ\u00edpios \u00e9ticos que regem a advocacia. <strong>O primeiro passo \u00e9 <\/strong><a href=\"https:\/\/advbox.com.br\/blog\/conteudos-juridicos\/\" target=\"_blank\"><strong>produzir conte\u00fado jur\u00eddico com foco educativo<\/strong><\/a><strong>, explicando conceitos, decis\u00f5es judiciais ou direitos do cidad\u00e3o de forma clara e acess\u00edvel, sem fazer promessas ou criar expectativas comerciais.<\/strong>&nbsp;<\/p>\n\n\n\n<p>Para isso, a comunica\u00e7\u00e3o deve ser sempre s\u00f3bria, profissional e compat\u00edvel com a imagem institucional da advocacia. Em vez de divulgar pre\u00e7os, condi\u00e7\u00f5es de pagamento ou &#8220;ofertas&#8221;, o ideal \u00e9 mostrar autoridade t\u00e9cnica, experi\u00eancia e comprometimento com o cliente.<\/p>\n\n\n\n<p>Outra pr\u00e1tica fundamental \u00e9 acompanhar e respeitar o que diz o <a href=\"https:\/\/advbox.com.br\/blog\/provimento-marketing-juridico\/\" target=\"_blank\">Provimento 205\/2021 da OAB<\/a>, que regulamenta a publicidade na advocacia e fornece par\u00e2metros para o uso de redes sociais, sites e demais canais digitais. Estar bem informado sobre essas diretrizes \u00e9 essencial para evitar infra\u00e7\u00f5es \u00e9ticas.&nbsp;<\/p>\n\n\n\n<p>Al\u00e9m disso, colocar o relacionamento humano no centro da atua\u00e7\u00e3o, ouvindo o cliente, entendendo suas necessidades e buscando solu\u00e7\u00f5es com responsabilidade. Essas iniciativas s\u00e3o o que diferencia o verdadeiro exerc\u00edcio da advocacia de um simples servi\u00e7o comercial.&nbsp;<\/p>\n\n\n\n<p>Afinal, a tecnologia pode ser uma grande aliada nesse processo, desde que usada com consci\u00eancia e com o devido respeito ao papel social da profiss\u00e3o.<\/p>\n\n\n\n<h2 class=\"wp-block-heading\">Conclus\u00e3o<\/h2>\n\n\n\n<p><strong>A mercantiliza\u00e7\u00e3o da advocacia brasileira \u00e9 um desafio que exige aten\u00e7\u00e3o e responsabilidade por parte dos profissionais do Direito. Em um cen\u00e1rio cada vez mais competitivo e digital, \u00e9 natural que os advogados busquem formas de se destacar.&nbsp;<\/strong><\/p>\n\n\n\n<p>No entanto, \u00e9 fundamental lembrar que a advocacia n\u00e3o \u00e9 uma atividade comercial comum. Ou seja, ela carrega uma fun\u00e7\u00e3o social, constitucional e \u00e9tica que deve ser preservada a todo custo.<\/p>\n\n\n\n<p>Ao respeitar as normas da OAB, produzir conte\u00fado com responsabilidade e manter uma postura profissional em todos os pontos de contato com o p\u00fablico, o advogado n\u00e3o apenas evita san\u00e7\u00f5es disciplinares, mas tamb\u00e9m fortalece sua imagem e contribui para a valoriza\u00e7\u00e3o da classe como um todo.&nbsp;<\/p>\n\n\n\n<p>A inova\u00e7\u00e3o pode (e deve) caminhar junto com a \u00e9tica. \u00c9 poss\u00edvel crescer, se comunicar e conquistar clientes sem abrir m\u00e3o dos princ\u00edpios que fundamentam a profiss\u00e3o. Afinal, exercer a advocacia com integridade \u00e9, acima de tudo, um compromisso com a justi\u00e7a e com a sociedade.<\/p>\n\n\n\n<p>Se o seu escrit\u00f3rio j\u00e1 atua no digital, mas ainda depende de improvisos para organizar prazos, fluxos e decis\u00f5es, este \u00e9 o sinal de que chegou o momento de evoluir.<\/p>\n\n\n\n<p><a href=\"https:\/\/app.advbox.com.br\/register\" target=\"_blank\">Conhe\u00e7a como a ADVBOX<\/a> estrutura a gest\u00e3o jur\u00eddica para sustentar esse n\u00edvel de opera\u00e7\u00e3o.<\/p>\n\n\n\n<figure class=\"wp-block-image size-full\"><a href=\"https:\/\/advbox.com.br\/cadastro\" target=\"_blank\"><img fetchpriority=\"high\" decoding=\"async\" width=\"1024\" height=\"270\" src=\"https:\/\/advbox.com.br\/blog\/wp-content\/uploads\/2025\/12\/CTA-REBRANDING-22.webp\" alt=\"Banner com imagem ilustrativa sobre evolu\u00e7\u00e3o da opera\u00e7\u00e3o digital na advocacia, destacando gest\u00e3o jur\u00eddica inteligente para escrit\u00f3rios de advocacia\" class=\"wp-image-79765\" srcset=\"https:\/\/advbox.com.br\/blog\/wp-content\/uploads\/2025\/12\/CTA-REBRANDING-22.webp 1024w, https:\/\/advbox.com.br\/blog\/wp-content\/uploads\/2025\/12\/CTA-REBRANDING-22-500x132.webp 500w, https:\/\/advbox.com.br\/blog\/wp-content\/uploads\/2025\/12\/CTA-REBRANDING-22-768x203.webp 768w, https:\/\/advbox.com.br\/blog\/wp-content\/uploads\/2025\/12\/CTA-REBRANDING-22-150x40.webp 150w\" sizes=\"(max-width: 1024px) 100vw, 1024px\" \/><\/a><\/figure>\n","protected":false},"excerpt":{"rendered":"<p>Mercantiliza\u00e7\u00e3o da advocacia: o que \u00e9 e quais os exemplos A mercantiliza\u00e7\u00e3o da advocacia \u00e9 um tema que tem gerado muitos debates no meio jur\u00eddico, especialmente com o avan\u00e7o da tecnologia, das redes sociais e das novas formas de capta\u00e7\u00e3o de clientes. Mas o que realmente significa mercantilizar uma profiss\u00e3o [&hellip;]<\/p>\n","protected":false},"author":2,"featured_media":79776,"comment_status":"open","ping_status":"open","sticky":false,"template":"","format":"standard","meta":{"_acf_changed":false,"om_disable_all_campaigns":false,"footnotes":""},"categories":[143,1444],"tags":[],"class_list":["post-18483","post","type-post","status-publish","format-standard","has-post-thumbnail","hentry","category-marketing-juridico-digital","category-setor-comercial"],"acf":[],"yoast_head":"<!-- This site is optimized with the Yoast SEO plugin v26.9 - https:\/\/yoast.com\/product\/yoast-seo-wordpress\/ -->\n<title>Mercantiliza\u00e7\u00e3o da advocacia: o que \u00e9 e quais os exemplos<\/title>\n<meta name=\"description\" content=\"Entenda o que \u00e9 a mercantiliza\u00e7\u00e3o da advocacia. O que diz o artigo 34 da OAB e por que ela \u00e9 proibida. Veja os exemplos e como evitar a pr\u00e1tica.\" \/>\n<meta name=\"robots\" content=\"index, follow, max-snippet:-1, max-image-preview:large, max-video-preview:-1\" \/>\n<link rel=\"canonical\" href=\"https:\/\/advbox.com.br\/blog\/captacao-ativa-e-o-problema-da-mercantilizacao-da-advocacia\/\" \/>\n<meta property=\"og:locale\" content=\"pt_BR\" \/>\n<meta property=\"og:type\" content=\"article\" \/>\n<meta property=\"og:title\" content=\"Mercantiliza\u00e7\u00e3o da advocacia: o que \u00e9 e quais os exemplos\" \/>\n<meta property=\"og:description\" content=\"Entenda o que \u00e9 a mercantiliza\u00e7\u00e3o da advocacia. O que diz o artigo 34 da OAB e por que ela \u00e9 proibida. Veja os exemplos e como evitar a pr\u00e1tica.\" \/>\n<meta property=\"og:url\" content=\"https:\/\/advbox.com.br\/blog\/captacao-ativa-e-o-problema-da-mercantilizacao-da-advocacia\/\" \/>\n<meta property=\"og:site_name\" content=\"Software Jur\u00eddico Completo - ADVBOX\" \/>\n<meta property=\"article:publisher\" content=\"https:\/\/www.facebook.com\/advbox\/\" \/>\n<meta property=\"article:published_time\" content=\"2025-04-09T19:54:50+00:00\" \/>\n<meta property=\"article:modified_time\" content=\"2025-12-30T15:08:27+00:00\" \/>\n<meta property=\"og:image\" content=\"https:\/\/advbox.com.br\/blog\/wp-content\/uploads\/2025\/12\/sobrestamento-1.jpg\" \/>\n\t<meta property=\"og:image:width\" content=\"1024\" \/>\n\t<meta property=\"og:image:height\" content=\"576\" \/>\n\t<meta property=\"og:image:type\" content=\"image\/jpeg\" \/>\n<meta name=\"author\" content=\"Eduardo Koetz\" \/>\n<meta name=\"twitter:card\" content=\"summary_large_image\" \/>\n<meta name=\"twitter:creator\" content=\"@advbox2\" \/>\n<meta name=\"twitter:site\" content=\"@advbox2\" \/>\n<script type=\"application\/ld+json\" class=\"yoast-schema-graph\">{\"@context\":\"https:\/\/schema.org\",\"@graph\":[{\"@type\":\"Article\",\"@id\":\"https:\/\/advbox.com.br\/blog\/captacao-ativa-e-o-problema-da-mercantilizacao-da-advocacia\/#article\",\"isPartOf\":{\"@id\":\"https:\/\/advbox.com.br\/blog\/captacao-ativa-e-o-problema-da-mercantilizacao-da-advocacia\/\"},\"author\":{\"name\":\"Eduardo Koetz\",\"@id\":\"https:\/\/advbox.com.br\/blog\/#\/schema\/person\/adc71063c119f06c54299c5ae5b6f39c\"},\"headline\":\"Mercantiliza\u00e7\u00e3o da advocacia: o que \u00e9 e quais os exemplos\",\"datePublished\":\"2025-04-09T19:54:50+00:00\",\"dateModified\":\"2025-12-30T15:08:27+00:00\",\"mainEntityOfPage\":{\"@id\":\"https:\/\/advbox.com.br\/blog\/captacao-ativa-e-o-problema-da-mercantilizacao-da-advocacia\/\"},\"wordCount\":1424,\"commentCount\":0,\"publisher\":{\"@id\":\"https:\/\/advbox.com.br\/blog\/#organization\"},\"image\":{\"@id\":\"https:\/\/advbox.com.br\/blog\/captacao-ativa-e-o-problema-da-mercantilizacao-da-advocacia\/#primaryimage\"},\"thumbnailUrl\":\"https:\/\/advbox.com.br\/blog\/wp-content\/uploads\/2025\/12\/sobrestamento-1.jpg\",\"articleSection\":[\"Marketing Jur\u00eddico Digital\",\"Setor Comercial\"],\"inLanguage\":\"pt-BR\",\"potentialAction\":[{\"@type\":\"CommentAction\",\"name\":\"Comment\",\"target\":[\"https:\/\/advbox.com.br\/blog\/captacao-ativa-e-o-problema-da-mercantilizacao-da-advocacia\/#respond\"]}]},{\"@type\":\"WebPage\",\"@id\":\"https:\/\/advbox.com.br\/blog\/captacao-ativa-e-o-problema-da-mercantilizacao-da-advocacia\/\",\"url\":\"https:\/\/advbox.com.br\/blog\/captacao-ativa-e-o-problema-da-mercantilizacao-da-advocacia\/\",\"name\":\"Mercantiliza\u00e7\u00e3o da advocacia: o que \u00e9 e quais os exemplos\",\"isPartOf\":{\"@id\":\"https:\/\/advbox.com.br\/blog\/#website\"},\"primaryImageOfPage\":{\"@id\":\"https:\/\/advbox.com.br\/blog\/captacao-ativa-e-o-problema-da-mercantilizacao-da-advocacia\/#primaryimage\"},\"image\":{\"@id\":\"https:\/\/advbox.com.br\/blog\/captacao-ativa-e-o-problema-da-mercantilizacao-da-advocacia\/#primaryimage\"},\"thumbnailUrl\":\"https:\/\/advbox.com.br\/blog\/wp-content\/uploads\/2025\/12\/sobrestamento-1.jpg\",\"datePublished\":\"2025-04-09T19:54:50+00:00\",\"dateModified\":\"2025-12-30T15:08:27+00:00\",\"description\":\"Entenda o que \u00e9 a mercantiliza\u00e7\u00e3o da advocacia. O que diz o artigo 34 da OAB e por que ela \u00e9 proibida. Veja os exemplos e como evitar a pr\u00e1tica.\",\"breadcrumb\":{\"@id\":\"https:\/\/advbox.com.br\/blog\/captacao-ativa-e-o-problema-da-mercantilizacao-da-advocacia\/#breadcrumb\"},\"inLanguage\":\"pt-BR\",\"potentialAction\":[{\"@type\":\"ReadAction\",\"target\":[\"https:\/\/advbox.com.br\/blog\/captacao-ativa-e-o-problema-da-mercantilizacao-da-advocacia\/\"]}]},{\"@type\":\"ImageObject\",\"inLanguage\":\"pt-BR\",\"@id\":\"https:\/\/advbox.com.br\/blog\/captacao-ativa-e-o-problema-da-mercantilizacao-da-advocacia\/#primaryimage\",\"url\":\"https:\/\/advbox.com.br\/blog\/wp-content\/uploads\/2025\/12\/sobrestamento-1.jpg\",\"contentUrl\":\"https:\/\/advbox.com.br\/blog\/wp-content\/uploads\/2025\/12\/sobrestamento-1.jpg\",\"width\":1024,\"height\":576,\"caption\":\"Banner institucional da ADVBOX com elemento visual abstrato em tons de azul, representando estrutura, tecnologia e identidade visual da marca\"},{\"@type\":\"BreadcrumbList\",\"@id\":\"https:\/\/advbox.com.br\/blog\/captacao-ativa-e-o-problema-da-mercantilizacao-da-advocacia\/#breadcrumb\",\"itemListElement\":[{\"@type\":\"ListItem\",\"position\":1,\"name\":\"In\u00edcio\",\"item\":\"https:\/\/advbox.com.br\/blog\/\"},{\"@type\":\"ListItem\",\"position\":2,\"name\":\"Marketing Jur\u00eddico Digital\",\"item\":\"https:\/\/advbox.com.br\/blog\/marketing-juridico-digital\/\"},{\"@type\":\"ListItem\",\"position\":3,\"name\":\"Mercantiliza\u00e7\u00e3o da advocacia: o que \u00e9 e quais os exemplos\"}]},{\"@type\":\"WebSite\",\"@id\":\"https:\/\/advbox.com.br\/blog\/#website\",\"url\":\"https:\/\/advbox.com.br\/blog\/\",\"name\":\"Software Jur\u00eddico Completo - ADVBOX\",\"description\":\"Plataforma para Advocacia Digital\",\"publisher\":{\"@id\":\"https:\/\/advbox.com.br\/blog\/#organization\"},\"potentialAction\":[{\"@type\":\"SearchAction\",\"target\":{\"@type\":\"EntryPoint\",\"urlTemplate\":\"https:\/\/advbox.com.br\/blog\/?s={search_term_string}\"},\"query-input\":{\"@type\":\"PropertyValueSpecification\",\"valueRequired\":true,\"valueName\":\"search_term_string\"}}],\"inLanguage\":\"pt-BR\"},{\"@type\":\"Organization\",\"@id\":\"https:\/\/advbox.com.br\/blog\/#organization\",\"name\":\"ADVBOX Blog - Software jur\u00eddico da advocacia digital\",\"url\":\"https:\/\/advbox.com.br\/blog\/\",\"logo\":{\"@type\":\"ImageObject\",\"inLanguage\":\"pt-BR\",\"@id\":\"https:\/\/advbox.com.br\/blog\/#\/schema\/logo\/image\/\",\"url\":\"https:\/\/advbox.com.br\/blog\/wp-content\/uploads\/2019\/12\/Como-aumentar-a-produtividade_.jpg\",\"contentUrl\":\"https:\/\/advbox.com.br\/blog\/wp-content\/uploads\/2019\/12\/Como-aumentar-a-produtividade_.jpg\",\"width\":320,\"height\":213,\"caption\":\"ADVBOX Blog - Software jur\u00eddico da advocacia digital\"},\"image\":{\"@id\":\"https:\/\/advbox.com.br\/blog\/#\/schema\/logo\/image\/\"},\"sameAs\":[\"https:\/\/www.facebook.com\/advbox\/\",\"https:\/\/x.com\/advbox2\"]},{\"@type\":\"Person\",\"@id\":\"https:\/\/advbox.com.br\/blog\/#\/schema\/person\/adc71063c119f06c54299c5ae5b6f39c\",\"name\":\"Eduardo Koetz\",\"description\":\"Eduardo Koetz \u00e9 advogado, escritor, s\u00f3cio e fundador da Koetz Advocacia e CEO da empresa de software jur\u00eddico Advbox. Possui bacharel em Direito pela Universidade do Vale do Rio dos Sinos (Unisinos). Possui tanto registros na Ordem dos Advogados do Brasil - OAB (OAB\/SC 42.934, OAB\/RS 73.409, OAB\/PR 72.951, OAB\/SP 435.266, OAB\/MG 204.531, OAB\/MG 204.531), como na Ordem dos Advogados de Portugal - OA ( OA\/Portugal 69.512L). \u00c9 p\u00f3s-graduado em Direito do Trabalho pela Universidade Federal do Rio Grande do Sul (2011- 2012) e em Direito Tribut\u00e1rio pela Escola Superior da Magistratura Federal ESMAFE (2013 - 2014). Atua como um dos principais gestores da Koetz Advocacia, realizando a supervis\u00e3o e lideran\u00e7a em todos os setores do escrit\u00f3rio. Em 2021, Eduardo publicou o livro intitulado: Otimizado - O escrit\u00f3rio como empresa escal\u00e1vel pela editora Viseu.\",\"sameAs\":[\"https:\/\/advbox.com.br\/software-juridico\"],\"url\":\"https:\/\/advbox.com.br\/blog\/autor\/edukoetz\/\"}]}<\/script>\n<!-- \/ Yoast SEO plugin. -->","yoast_head_json":{"title":"Mercantiliza\u00e7\u00e3o da advocacia: o que \u00e9 e quais os exemplos","description":"Entenda o que \u00e9 a mercantiliza\u00e7\u00e3o da advocacia. O que diz o artigo 34 da OAB e por que ela \u00e9 proibida. Veja os exemplos e como evitar a pr\u00e1tica.","robots":{"index":"index","follow":"follow","max-snippet":"max-snippet:-1","max-image-preview":"max-image-preview:large","max-video-preview":"max-video-preview:-1"},"canonical":"https:\/\/advbox.com.br\/blog\/captacao-ativa-e-o-problema-da-mercantilizacao-da-advocacia\/","og_locale":"pt_BR","og_type":"article","og_title":"Mercantiliza\u00e7\u00e3o da advocacia: o que \u00e9 e quais os exemplos","og_description":"Entenda o que \u00e9 a mercantiliza\u00e7\u00e3o da advocacia. O que diz o artigo 34 da OAB e por que ela \u00e9 proibida. Veja os exemplos e como evitar a pr\u00e1tica.","og_url":"https:\/\/advbox.com.br\/blog\/captacao-ativa-e-o-problema-da-mercantilizacao-da-advocacia\/","og_site_name":"Software Jur\u00eddico Completo - ADVBOX","article_publisher":"https:\/\/www.facebook.com\/advbox\/","article_published_time":"2025-04-09T19:54:50+00:00","article_modified_time":"2025-12-30T15:08:27+00:00","og_image":[{"width":1024,"height":576,"url":"https:\/\/advbox.com.br\/blog\/wp-content\/uploads\/2025\/12\/sobrestamento-1.jpg","type":"image\/jpeg"}],"author":"Eduardo Koetz","twitter_card":"summary_large_image","twitter_creator":"@advbox2","twitter_site":"@advbox2","schema":{"@context":"https:\/\/schema.org","@graph":[{"@type":"Article","@id":"https:\/\/advbox.com.br\/blog\/captacao-ativa-e-o-problema-da-mercantilizacao-da-advocacia\/#article","isPartOf":{"@id":"https:\/\/advbox.com.br\/blog\/captacao-ativa-e-o-problema-da-mercantilizacao-da-advocacia\/"},"author":{"name":"Eduardo Koetz","@id":"https:\/\/advbox.com.br\/blog\/#\/schema\/person\/adc71063c119f06c54299c5ae5b6f39c"},"headline":"Mercantiliza\u00e7\u00e3o da advocacia: o que \u00e9 e quais os exemplos","datePublished":"2025-04-09T19:54:50+00:00","dateModified":"2025-12-30T15:08:27+00:00","mainEntityOfPage":{"@id":"https:\/\/advbox.com.br\/blog\/captacao-ativa-e-o-problema-da-mercantilizacao-da-advocacia\/"},"wordCount":1424,"commentCount":0,"publisher":{"@id":"https:\/\/advbox.com.br\/blog\/#organization"},"image":{"@id":"https:\/\/advbox.com.br\/blog\/captacao-ativa-e-o-problema-da-mercantilizacao-da-advocacia\/#primaryimage"},"thumbnailUrl":"https:\/\/advbox.com.br\/blog\/wp-content\/uploads\/2025\/12\/sobrestamento-1.jpg","articleSection":["Marketing Jur\u00eddico Digital","Setor Comercial"],"inLanguage":"pt-BR","potentialAction":[{"@type":"CommentAction","name":"Comment","target":["https:\/\/advbox.com.br\/blog\/captacao-ativa-e-o-problema-da-mercantilizacao-da-advocacia\/#respond"]}]},{"@type":"WebPage","@id":"https:\/\/advbox.com.br\/blog\/captacao-ativa-e-o-problema-da-mercantilizacao-da-advocacia\/","url":"https:\/\/advbox.com.br\/blog\/captacao-ativa-e-o-problema-da-mercantilizacao-da-advocacia\/","name":"Mercantiliza\u00e7\u00e3o da advocacia: o que \u00e9 e quais os exemplos","isPartOf":{"@id":"https:\/\/advbox.com.br\/blog\/#website"},"primaryImageOfPage":{"@id":"https:\/\/advbox.com.br\/blog\/captacao-ativa-e-o-problema-da-mercantilizacao-da-advocacia\/#primaryimage"},"image":{"@id":"https:\/\/advbox.com.br\/blog\/captacao-ativa-e-o-problema-da-mercantilizacao-da-advocacia\/#primaryimage"},"thumbnailUrl":"https:\/\/advbox.com.br\/blog\/wp-content\/uploads\/2025\/12\/sobrestamento-1.jpg","datePublished":"2025-04-09T19:54:50+00:00","dateModified":"2025-12-30T15:08:27+00:00","description":"Entenda o que \u00e9 a mercantiliza\u00e7\u00e3o da advocacia. O que diz o artigo 34 da OAB e por que ela \u00e9 proibida. Veja os exemplos e como evitar a pr\u00e1tica.","breadcrumb":{"@id":"https:\/\/advbox.com.br\/blog\/captacao-ativa-e-o-problema-da-mercantilizacao-da-advocacia\/#breadcrumb"},"inLanguage":"pt-BR","potentialAction":[{"@type":"ReadAction","target":["https:\/\/advbox.com.br\/blog\/captacao-ativa-e-o-problema-da-mercantilizacao-da-advocacia\/"]}]},{"@type":"ImageObject","inLanguage":"pt-BR","@id":"https:\/\/advbox.com.br\/blog\/captacao-ativa-e-o-problema-da-mercantilizacao-da-advocacia\/#primaryimage","url":"https:\/\/advbox.com.br\/blog\/wp-content\/uploads\/2025\/12\/sobrestamento-1.jpg","contentUrl":"https:\/\/advbox.com.br\/blog\/wp-content\/uploads\/2025\/12\/sobrestamento-1.jpg","width":1024,"height":576,"caption":"Banner institucional da ADVBOX com elemento visual abstrato em tons de azul, representando estrutura, tecnologia e identidade visual da marca"},{"@type":"BreadcrumbList","@id":"https:\/\/advbox.com.br\/blog\/captacao-ativa-e-o-problema-da-mercantilizacao-da-advocacia\/#breadcrumb","itemListElement":[{"@type":"ListItem","position":1,"name":"In\u00edcio","item":"https:\/\/advbox.com.br\/blog\/"},{"@type":"ListItem","position":2,"name":"Marketing Jur\u00eddico Digital","item":"https:\/\/advbox.com.br\/blog\/marketing-juridico-digital\/"},{"@type":"ListItem","position":3,"name":"Mercantiliza\u00e7\u00e3o da advocacia: o que \u00e9 e quais os exemplos"}]},{"@type":"WebSite","@id":"https:\/\/advbox.com.br\/blog\/#website","url":"https:\/\/advbox.com.br\/blog\/","name":"Software Jur\u00eddico Completo - ADVBOX","description":"Plataforma para Advocacia Digital","publisher":{"@id":"https:\/\/advbox.com.br\/blog\/#organization"},"potentialAction":[{"@type":"SearchAction","target":{"@type":"EntryPoint","urlTemplate":"https:\/\/advbox.com.br\/blog\/?s={search_term_string}"},"query-input":{"@type":"PropertyValueSpecification","valueRequired":true,"valueName":"search_term_string"}}],"inLanguage":"pt-BR"},{"@type":"Organization","@id":"https:\/\/advbox.com.br\/blog\/#organization","name":"ADVBOX Blog - Software jur\u00eddico da advocacia digital","url":"https:\/\/advbox.com.br\/blog\/","logo":{"@type":"ImageObject","inLanguage":"pt-BR","@id":"https:\/\/advbox.com.br\/blog\/#\/schema\/logo\/image\/","url":"https:\/\/advbox.com.br\/blog\/wp-content\/uploads\/2019\/12\/Como-aumentar-a-produtividade_.jpg","contentUrl":"https:\/\/advbox.com.br\/blog\/wp-content\/uploads\/2019\/12\/Como-aumentar-a-produtividade_.jpg","width":320,"height":213,"caption":"ADVBOX Blog - Software jur\u00eddico da advocacia digital"},"image":{"@id":"https:\/\/advbox.com.br\/blog\/#\/schema\/logo\/image\/"},"sameAs":["https:\/\/www.facebook.com\/advbox\/","https:\/\/x.com\/advbox2"]},{"@type":"Person","@id":"https:\/\/advbox.com.br\/blog\/#\/schema\/person\/adc71063c119f06c54299c5ae5b6f39c","name":"Eduardo Koetz","description":"Eduardo Koetz \u00e9 advogado, escritor, s\u00f3cio e fundador da Koetz Advocacia e CEO da empresa de software jur\u00eddico Advbox. Possui bacharel em Direito pela Universidade do Vale do Rio dos Sinos (Unisinos). Possui tanto registros na Ordem dos Advogados do Brasil - OAB (OAB\/SC 42.934, OAB\/RS 73.409, OAB\/PR 72.951, OAB\/SP 435.266, OAB\/MG 204.531, OAB\/MG 204.531), como na Ordem dos Advogados de Portugal - OA ( OA\/Portugal 69.512L). \u00c9 p\u00f3s-graduado em Direito do Trabalho pela Universidade Federal do Rio Grande do Sul (2011- 2012) e em Direito Tribut\u00e1rio pela Escola Superior da Magistratura Federal ESMAFE (2013 - 2014). Atua como um dos principais gestores da Koetz Advocacia, realizando a supervis\u00e3o e lideran\u00e7a em todos os setores do escrit\u00f3rio. Em 2021, Eduardo publicou o livro intitulado: Otimizado - O escrit\u00f3rio como empresa escal\u00e1vel pela editora Viseu.","sameAs":["https:\/\/advbox.com.br\/software-juridico"],"url":"https:\/\/advbox.com.br\/blog\/autor\/edukoetz\/"}]}},"_links":{"self":[{"href":"https:\/\/advbox.com.br\/blog\/wp-json\/wp\/v2\/posts\/18483","targetHints":{"allow":["GET"]}}],"collection":[{"href":"https:\/\/advbox.com.br\/blog\/wp-json\/wp\/v2\/posts"}],"about":[{"href":"https:\/\/advbox.com.br\/blog\/wp-json\/wp\/v2\/types\/post"}],"author":[{"embeddable":true,"href":"https:\/\/advbox.com.br\/blog\/wp-json\/wp\/v2\/users\/2"}],"replies":[{"embeddable":true,"href":"https:\/\/advbox.com.br\/blog\/wp-json\/wp\/v2\/comments?post=18483"}],"version-history":[{"count":9,"href":"https:\/\/advbox.com.br\/blog\/wp-json\/wp\/v2\/posts\/18483\/revisions"}],"predecessor-version":[{"id":80794,"href":"https:\/\/advbox.com.br\/blog\/wp-json\/wp\/v2\/posts\/18483\/revisions\/80794"}],"wp:featuredmedia":[{"embeddable":true,"href":"https:\/\/advbox.com.br\/blog\/wp-json\/wp\/v2\/media\/79776"}],"wp:attachment":[{"href":"https:\/\/advbox.com.br\/blog\/wp-json\/wp\/v2\/media?parent=18483"}],"wp:term":[{"taxonomy":"category","embeddable":true,"href":"https:\/\/advbox.com.br\/blog\/wp-json\/wp\/v2\/categories?post=18483"},{"taxonomy":"post_tag","embeddable":true,"href":"https:\/\/advbox.com.br\/blog\/wp-json\/wp\/v2\/tags?post=18483"}],"curies":[{"name":"wp","href":"https:\/\/api.w.org\/{rel}","templated":true}]}}