{"id":34419,"date":"2021-07-22T12:25:55","date_gmt":"2021-07-22T15:25:55","guid":{"rendered":"https:\/\/advbox.com.br\/blog\/?p=34419"},"modified":"2025-11-11T13:04:32","modified_gmt":"2025-11-11T16:04:32","slug":"direitos-de-personalidade","status":"publish","type":"post","link":"https:\/\/advbox.com.br\/blog\/direitos-de-personalidade\/","title":{"rendered":"Direitos de Personalidade: prote\u00e7\u00e3o \u00e0 dignidade e integridade"},"content":{"rendered":"<p>Os direitos de personalidade t\u00eam rela\u00e7\u00e3o com os direitos humanos e, principalmente, com a dignidade da pessoa humana. Isso porque todo indiv\u00edduo deve ter sua individualidade respeitada pela sociedade.<\/p><p>Mesmo sendo fundamentais e estarem previstos em lei, podem ser violados. Uma maneira de ampliar o zelo por esses direitos \u00e9 justamente o conhecimento.\u00a0<\/p><p>Depois da redemocratiza\u00e7\u00e3o, eles ganharam previs\u00e3o na Constitui\u00e7\u00e3o Federal (CRFB) e receberam um cap\u00edtulo inteiro no C\u00f3digo Civil (CC) de 2002.<\/p><p>Entenda o que s\u00e3o os direitos de personalidade e veja quais est\u00e3o previstos no ordenamento jur\u00eddico brasileiro!<\/p><h2 class=\"wp-block-heading\">O que s\u00e3o os direitos de personalidade?<\/h2><p>A priori, \u00e9 preciso entender o conceito de personalidade. Esta pode ser definida como um conjunto de caracter\u00edsticas pr\u00f3prias de um indiv\u00edduo. Trata-se de um fator essencial para suportar os direitos e deveres que dela surgem. Ainda, \u00e9 indispens\u00e1vel para a pessoa poder ser quem ela realmente \u00e9.<\/p><p>Sendo assim, os direitos da personalidade s\u00e3o todos aqueles necess\u00e1rios para o indiv\u00edduo exercer sua personalidade na sociedade e nas rela\u00e7\u00f5es jur\u00eddicas. De forma geral, eles existem para a pessoa defender outros direitos como: a vida, a integridade, a privacidade, a imagem, a honra, a liberdade, dentre outros.\u00a0<\/p><h2 class=\"wp-block-heading\">Quais s\u00e3o os direitos de personalidade?<\/h2><p>Essa classe de direitos est\u00e1 em constante expans\u00e3o. O avan\u00e7ar do conhecimento cient\u00edfico e a mudan\u00e7a na mentalidade da sociedade, bem como a evolu\u00e7\u00e3o das leis, podem fazer surgir novas situa\u00e7\u00f5es que devem ser protegidas pelo ordenamento jur\u00eddico. Dessa forma, \u00e9 poss\u00edvel que novos direitos de personalidade surjam com o decorrer do tempo.<\/p><p>Por esse motivo, n\u00e3o existe um rol taxativo. H\u00e1 estudiosos e doutrinadores que podem elencar direitos diferentes.<\/p><p>Conforme a legisla\u00e7\u00e3o brasileira, s\u00e3o direitos da personalidade: o direito \u00e0 dignidade, \u00e0 liberdade, \u00e0 livre iniciativa, \u00e0 cidadania, \u00e0 imagem, \u00e0 integridade f\u00edsica, o de livre pensamento e express\u00e3o, o direito ao nome, \u00e0 inviolabilidade da privacidade, dentre diversos outros.\u00a0<\/p><h2 class=\"wp-block-heading\">Qual a previs\u00e3o deles no C\u00f3digo Civil?<\/h2><p>O <a href=\"http:\/\/www.planalto.gov.br\/ccivil_03\/leis\/2002\/l10406compilada.htm\" target=\"_blank\"><strong>C\u00f3digo Civil<\/strong><\/a> de 2002 reservou um cap\u00edtulo inteiro aos direitos em discuss\u00e3o. Eles est\u00e3o elencados no Cap\u00edtulo II, nos artigos 11 a 21.\u00a0<\/p><p>Al\u00e9m disso, o artigo 2\u00ba do CC deixa claro que os direitos da personalidade s\u00e3o inerentes a todos e come\u00e7am desde o nascimento com vida, deixando a salvo os direitos do nascituro desde a concep\u00e7\u00e3o.\u00a0<\/p><p>Importante destacar o artigo 12, que defende que quem tiver seus direitos da personalidade amea\u00e7ados ou lesionados pode pedir para cessar as viola\u00e7\u00f5es e reclamar perdas e danos. O par\u00e1grafo \u00fanico tamb\u00e9m assegura que o c\u00f4njuge pode pedir essa prote\u00e7\u00e3o quando quem tem o direito lesado \u00e9 algu\u00e9m j\u00e1 falecido:<\/p><p><em>Art. 12. Pode-se exigir que cesse a amea\u00e7a, ou a les\u00e3o, a direito da personalidade, e reclamar perdas e danos, sem preju\u00edzo de outras san\u00e7\u00f5es previstas em lei.<\/em><\/p><p><em>Par\u00e1grafo \u00fanico. Em se tratando de morto, ter\u00e1 legitima\u00e7\u00e3o para requerer a medida prevista neste artigo o c\u00f4njuge sobrevivente, ou qualquer parente em linha reta, ou colateral at\u00e9 o quarto grau.<\/em><\/p><p>Entenda alguns direitos previstos nos artigos do cap\u00edtulo II do CC.<\/p><h3 class=\"wp-block-heading\">Direito \u00e0 integridade f\u00edsica<\/h3><p>Os artigos 13, 14 e 15 tratam do direito \u00e0 integridade f\u00edsica, ou seja, ao corpo. Destaca-se o artigo 14, que defende que a pessoa pode dispor gratuitamente seu corpo, no todo ou em parte, depois da morte com objetivo cient\u00edfico e altru\u00edstico.\u00a0<\/p><p>O artigo 15 do CC, por outro lado, defende que ningu\u00e9m ser\u00e1 obrigado a submeter-se a tratamento m\u00e9dico ou interven\u00e7\u00e3o cir\u00fargica.\u00a0\u00a0<\/p><h3 class=\"wp-block-heading\">Direito ao nome, \u00e0 integridade moral e integridade ps\u00edquica<\/h3><p>Os artigos 16 a 19 tratam dos direitos ao nome, \u00e0 honra, \u00e0 privacidade, sigilo e propriedade intelectual. Toda pessoa tem direito ao nome, conforme o artigo 16. Al\u00e9m disso, o nome de um indiv\u00edduo n\u00e3o pode ser utilizado ou exposto ao desprezo p\u00fablico, mesmo que n\u00e3o haja a inten\u00e7\u00e3o de difam\u00e1-lo.\u00a0<\/p><p>O artigo 18 defende que o nome alheio n\u00e3o pode ser utilizado em propagandas comerciais sem autoriza\u00e7\u00e3o da pessoa. Por fim, o artigo 19 trata da possibilidade de se utilizar um pseud\u00f4nimo para realizar atividades l\u00edcitas, o qual tamb\u00e9m goza de prote\u00e7\u00e3o que se d\u00e1 ao nome de um indiv\u00edduo.\u00a0<\/p><p>O artigo 20 tamb\u00e9m traz prote\u00e7\u00e3o \u00e0 honra, imagem e individualidade. Salvo nas situa\u00e7\u00f5es expressas no artigo, a exposi\u00e7\u00e3o ou utiliza\u00e7\u00e3o da imagem, escritos, palavras ou publica\u00e7\u00e3o de um indiv\u00edduo poder\u00e3o ser proibidas. Ainda, diz que a divulga\u00e7\u00e3o est\u00e1 sujeita \u00e0 indeniza\u00e7\u00e3o caso afetem sua honra, boa fama ou respeitabilidade.\u00a0<\/p><p>O par\u00e1grafo \u00fanico do artigo supracitado estende esse direito aos mortos, cabendo ao c\u00f4njuge, ascendentes ou descendentes requererem essa prote\u00e7\u00e3o. Por fim, o artigo 21 deixa claro que a vida privada da pessoa natural \u00e9 inviol\u00e1vel.\u00a0<\/p><p>Para um entendimento completo do que esses artigos disp\u00f5em, \u00e9 essencial a leitura deles na \u00edntegra.\u00a0<\/p><h2 class=\"wp-block-heading\">Quais as caracter\u00edsticas dos direitos de personalidade?<\/h2><p>O artigo 11 do CC salvaguarda a intransmissibilidade dos direitos da personalidade, os quais s\u00e3o irrenunci\u00e1veis e n\u00e3o podem sofrer limita\u00e7\u00e3o volunt\u00e1ria, exceto em casos previstos em lei:<\/p><p><em>Art. 11. Com exce\u00e7\u00e3o dos casos previstos em lei, os direitos da personalidade s\u00e3o intransmiss\u00edveis e irrenunci\u00e1veis, n\u00e3o podendo o seu exerc\u00edcio sofrer limita\u00e7\u00e3o volunt\u00e1ria.<\/em><\/p><p>Al\u00e9m disso, eles s\u00e3o:<\/p><ul class=\"has-small-font-size wp-block-list\"><li>Origin\u00e1rios: S\u00e3o adquiridos logo ao nascer com vida;<\/li><li>Imprescrit\u00edveis e Vital\u00edcios: Existem durante toda a vida e perduram at\u00e9 ap\u00f3s o falecimento, em determinados casos;<\/li><li>Indispon\u00edveis: N\u00e3o podem ser alienados.<\/li><\/ul><p>Desse modo, s\u00e3o entendidos como valores, diretamente ligados aos direitos humanos e \u00e0 dignidade da pessoa humana. Entenda melhor no pr\u00f3ximo t\u00f3pico.<\/p><h2 class=\"wp-block-heading\">Qual a rela\u00e7\u00e3o dos direitos de personalidade com os direitos humanos?<\/h2><p>A <a href=\"http:\/\/www.planalto.gov.br\/ccivil_03\/constituicao\/constituicao.htm\" target=\"_blank\"><strong>Constitui\u00e7\u00e3o Federal<\/strong><\/a> prev\u00ea esses direitos desde a sua promulga\u00e7\u00e3o, quando adotou, dentre diversos princ\u00edpios, o da dignidade da pessoa humana, previsto no seu artigo 1\u00ba, inciso III.\u00a0<\/p><p>O artigo 5\u00ba da CRFB tutela os direitos e deveres individuais e coletivos, e traz prote\u00e7\u00e3o \u00e0queles que t\u00eam rela\u00e7\u00e3o com a personalidade, como o direito \u00e0 vida, \u00e0 liberdade, vida privada, intimidade, liberdade de cren\u00e7a, dentre outros.<\/p><p>Quando foi elaborada ap\u00f3s a redemocratiza\u00e7\u00e3o do pa\u00eds, ela teve como objetivo defender os direitos humanos. Logo, foi criada em conformidade com os diversos tratados e dispositivos presentes na esfera internacional.\u00a0<\/p><p>Inclusive, a <a href=\"https:\/\/www.unicef.org\/brazil\/declaracao-universal-dos-direitos-humanos\" target=\"_blank\"><strong>Declara\u00e7\u00e3o Universal dos Direitos Humanos<\/strong><\/a> teve forte influ\u00eancia na CRFB. O artigo 4\u00ba, inciso II demonstra que o Brasil se compromete em se relacionar no \u00e2mbito internacional seguindo o princ\u00edpio da preval\u00eancia dos Direitos Humanos, demonstrando compromisso com esse tema.<\/p><p>Tal declara\u00e7\u00e3o, adotada e proclamada em dezembro de 1948, defende em seus 30 artigos diversos direitos relacionados \u00e0 personalidade humana.\u00a0<\/p><p>Al\u00e9m dela, houveram diversos tratados em rela\u00e7\u00e3o a temas espec\u00edficos sobre direitos humanos para aumentar a prote\u00e7\u00e3o a eles. O Brasil \u00e9 signat\u00e1rio de diversos deles e ratificou alguns.<\/p><p>Uma pessoa, para ter sua dignidade humana respeitada, precisa poder ser quem \u00e9. N\u00e3o ter a permiss\u00e3o de exercer direitos, como os de personalidade, \u00e9 uma viola\u00e7\u00e3o de direitos humanos.<\/p><h2 class=\"wp-block-heading\">Como \u00e9 feita a prote\u00e7\u00e3o desses direitos?<\/h2><p>Em caso de les\u00e3o ou amea\u00e7a a esses direitos, o ordenamento jur\u00eddico prev\u00ea duas formas de prote\u00e7\u00e3o. S\u00e3o elas:<\/p><ul class=\"has-small-font-size wp-block-list\"><li>Preventiva: realizada atrav\u00e9s de a\u00e7\u00f5es cautelares e <a href=\"https:\/\/advbox.com.br\/blog\/modelos\/recursal-recurso-extraordinario-acao-ordinaria-calculo\/\" target=\"_blank\"><strong>ordin\u00e1rias<\/strong><\/a>, podendo haver aplica\u00e7\u00e3o de multas. Essas t\u00eam a finalidade de evitar que a alpaca ou les\u00e3o se concretize;<\/li><li>Repressiva: ocorre por meio da imposi\u00e7\u00e3o de pagamento de indeniza\u00e7\u00e3o ou san\u00e7\u00e3o penal. Nesses casos, a les\u00e3o ou amea\u00e7a j\u00e1 ocorreu.\u00a0<\/li><\/ul><p>O artigo 52 do CC disp\u00f5e que a defesa desses direitos aplicam-se a todos aqueles dotados de personalidade. Sendo assim, seja presencialmente ou no meio online, a prote\u00e7\u00e3o deve ser aplicada a toda pessoa natural, que s\u00e3o as detentoras dessas prerrogativas.\u00a0<\/p><p>Os direitos de personalidade est\u00e3o previstos no ordenamento jur\u00eddico brasileiro e tamb\u00e9m gozam de prote\u00e7\u00e3o em tratados internacionais. S\u00e3o inerentes a todos os humanos e devem ser resguardados, de modo a evitar viola\u00e7\u00f5es n\u00e3o apenas da dignidade humana desses sujeitos, mas do pleno exerc\u00edcio de seus direitos humanos.<\/p><p>Gostou desse artigo? Ent\u00e3o continue aprendendo com outros posts e <strong><a href=\"https:\/\/advbox.com.br\/\" target=\"_blank\">veja agora como aumentar a renda e o lucro na advocacia sem aumentar a jornada de trabalho!<\/a><\/strong><\/p><figure class=\"wp-block-image size-large\"><a href=\"https:\/\/advbox.com.br\/\" target=\"_blank\"><img fetchpriority=\"high\" decoding=\"async\" width=\"1024\" height=\"309\" src=\"https:\/\/advbox.com.br\/blog\/wp-content\/uploads\/2018\/08\/cta-nova-trial-1024x309.png\" alt=\"\" class=\"wp-image-15975\" srcset=\"https:\/\/advbox.com.br\/blog\/wp-content\/uploads\/2018\/08\/cta-nova-trial.png 1024w, https:\/\/advbox.com.br\/blog\/wp-content\/uploads\/2018\/08\/cta-nova-trial-300x91.png 300w, https:\/\/advbox.com.br\/blog\/wp-content\/uploads\/2018\/08\/cta-nova-trial-768x232.png 768w\" sizes=\"(max-width: 1024px) 100vw, 1024px\" \/><\/a><\/figure>\n","protected":false},"excerpt":{"rendered":"<p>Os direitos de personalidade t\u00eam rela\u00e7\u00e3o com os direitos humanos e, principalmente, com a dignidade da pessoa humana. Isso porque todo indiv\u00edduo deve ter sua individualidade respeitada pela sociedade. Mesmo sendo fundamentais e estarem previstos em lei, podem ser violados. Uma maneira de ampliar o zelo por esses direitos \u00e9 [&hellip;]<\/p>\n","protected":false},"author":43,"featured_media":33127,"comment_status":"open","ping_status":"closed","sticky":false,"template":"","format":"standard","meta":{"_acf_changed":false,"om_disable_all_campaigns":false,"footnotes":""},"categories":[1],"tags":[793,796,795,794,790,791,792],"class_list":["post-34419","post","type-post","status-publish","format-standard","has-post-thumbnail","hentry","category-advbox","tag-direitos-da-personalidade-caracteristicas","tag-direitos-da-personalidade-cf","tag-e-possivel-a-disposicao-sobre-os-direitos-de-personalidade","tag-protecao-dos-direitos-da-personalidade","tag-quais-sao-os-direitos-de-personalidade","tag-quais-sao-os-direitos-de-personalidade-previstos-no-codigo-civil","tag-quais-sao-os-principais-objetivos-do-direito-de-personalidade"],"acf":[],"yoast_head":"<!-- This site is optimized with the Yoast SEO plugin v26.9 - https:\/\/yoast.com\/product\/yoast-seo-wordpress\/ -->\n<title>Direitos de Personalidade: prote\u00e7\u00e3o \u00e0 dignidade e integridade<\/title>\n<meta name=\"description\" content=\"Direitos de Personalidade: prote\u00e7\u00e3o \u00e0 dignidade e integridade Software Jur\u00eddico Completo - ADVBOX ADVBOX -\" \/>\n<meta name=\"robots\" content=\"index, follow, max-snippet:-1, max-image-preview:large, max-video-preview:-1\" \/>\n<link rel=\"canonical\" href=\"https:\/\/advbox.com.br\/blog\/direitos-de-personalidade\/\" \/>\n<meta property=\"og:locale\" content=\"pt_BR\" \/>\n<meta property=\"og:type\" content=\"article\" \/>\n<meta property=\"og:title\" content=\"Direitos de Personalidade: prote\u00e7\u00e3o \u00e0 dignidade e integridade\" \/>\n<meta property=\"og:description\" content=\"Direitos de Personalidade: prote\u00e7\u00e3o \u00e0 dignidade e integridade Software Jur\u00eddico Completo - ADVBOX ADVBOX -\" \/>\n<meta property=\"og:url\" content=\"https:\/\/advbox.com.br\/blog\/direitos-de-personalidade\/\" \/>\n<meta property=\"og:site_name\" content=\"Software Jur\u00eddico Completo - ADVBOX\" \/>\n<meta property=\"article:publisher\" content=\"https:\/\/www.facebook.com\/advbox\/\" \/>\n<meta property=\"article:published_time\" content=\"2021-07-22T15:25:55+00:00\" \/>\n<meta property=\"article:modified_time\" content=\"2025-11-11T16:04:32+00:00\" \/>\n<meta property=\"og:image\" content=\"https:\/\/advbox.com.br\/blog\/wp-content\/uploads\/2021\/05\/teletrabalho.jpg\" \/>\n\t<meta property=\"og:image:width\" content=\"672\" \/>\n\t<meta property=\"og:image:height\" content=\"448\" \/>\n\t<meta property=\"og:image:type\" content=\"image\/jpeg\" \/>\n<meta name=\"author\" content=\"Eduardo Koetz\" \/>\n<meta name=\"twitter:card\" content=\"summary_large_image\" \/>\n<meta name=\"twitter:creator\" content=\"@advbox2\" \/>\n<meta name=\"twitter:site\" content=\"@advbox2\" \/>\n<script type=\"application\/ld+json\" class=\"yoast-schema-graph\">{\"@context\":\"https:\/\/schema.org\",\"@graph\":[{\"@type\":\"Article\",\"@id\":\"https:\/\/advbox.com.br\/blog\/direitos-de-personalidade\/#article\",\"isPartOf\":{\"@id\":\"https:\/\/advbox.com.br\/blog\/direitos-de-personalidade\/\"},\"author\":{\"name\":\"Eduardo Koetz\",\"@id\":\"https:\/\/advbox.com.br\/blog\/#\/schema\/person\/029674387a95515a227f2dd7f49b8dfa\"},\"headline\":\"Direitos de Personalidade: prote\u00e7\u00e3o \u00e0 dignidade e integridade\",\"datePublished\":\"2021-07-22T15:25:55+00:00\",\"dateModified\":\"2025-11-11T16:04:32+00:00\",\"mainEntityOfPage\":{\"@id\":\"https:\/\/advbox.com.br\/blog\/direitos-de-personalidade\/\"},\"wordCount\":1441,\"commentCount\":0,\"publisher\":{\"@id\":\"https:\/\/advbox.com.br\/blog\/#organization\"},\"image\":{\"@id\":\"https:\/\/advbox.com.br\/blog\/direitos-de-personalidade\/#primaryimage\"},\"thumbnailUrl\":\"https:\/\/advbox.com.br\/blog\/wp-content\/uploads\/2021\/05\/teletrabalho.jpg\",\"keywords\":[\"direitos da personalidade caracter\u00edsticas\",\"direitos da personalidade cf\",\"\u00e9 poss\u00edvel a disposi\u00e7\u00e3o sobre os direitos de personalidade\",\"prote\u00e7\u00e3o dos direitos da personalidade\",\"quais s\u00e3o os direitos de personalidade\",\"quais s\u00e3o os direitos de personalidade previstos no C\u00f3digo Civil\",\"quais s\u00e3o os principais objetivos do direito de personalidade\"],\"articleSection\":[\"ADVBOX\"],\"inLanguage\":\"pt-BR\",\"potentialAction\":[{\"@type\":\"CommentAction\",\"name\":\"Comment\",\"target\":[\"https:\/\/advbox.com.br\/blog\/direitos-de-personalidade\/#respond\"]}]},{\"@type\":\"WebPage\",\"@id\":\"https:\/\/advbox.com.br\/blog\/direitos-de-personalidade\/\",\"url\":\"https:\/\/advbox.com.br\/blog\/direitos-de-personalidade\/\",\"name\":\"Direitos de Personalidade: prote\u00e7\u00e3o \u00e0 dignidade e integridade\",\"isPartOf\":{\"@id\":\"https:\/\/advbox.com.br\/blog\/#website\"},\"primaryImageOfPage\":{\"@id\":\"https:\/\/advbox.com.br\/blog\/direitos-de-personalidade\/#primaryimage\"},\"image\":{\"@id\":\"https:\/\/advbox.com.br\/blog\/direitos-de-personalidade\/#primaryimage\"},\"thumbnailUrl\":\"https:\/\/advbox.com.br\/blog\/wp-content\/uploads\/2021\/05\/teletrabalho.jpg\",\"datePublished\":\"2021-07-22T15:25:55+00:00\",\"dateModified\":\"2025-11-11T16:04:32+00:00\",\"description\":\"Direitos de Personalidade: prote\u00e7\u00e3o \u00e0 dignidade e integridade Software Jur\u00eddico Completo - ADVBOX ADVBOX -\",\"breadcrumb\":{\"@id\":\"https:\/\/advbox.com.br\/blog\/direitos-de-personalidade\/#breadcrumb\"},\"inLanguage\":\"pt-BR\",\"potentialAction\":[{\"@type\":\"ReadAction\",\"target\":[\"https:\/\/advbox.com.br\/blog\/direitos-de-personalidade\/\"]}]},{\"@type\":\"ImageObject\",\"inLanguage\":\"pt-BR\",\"@id\":\"https:\/\/advbox.com.br\/blog\/direitos-de-personalidade\/#primaryimage\",\"url\":\"https:\/\/advbox.com.br\/blog\/wp-content\/uploads\/2021\/05\/teletrabalho.jpg\",\"contentUrl\":\"https:\/\/advbox.com.br\/blog\/wp-content\/uploads\/2021\/05\/teletrabalho.jpg\",\"width\":672,\"height\":448,\"caption\":\"teletrabalho - transforma\u00e7\u00e3o digital na advocacia\"},{\"@type\":\"BreadcrumbList\",\"@id\":\"https:\/\/advbox.com.br\/blog\/direitos-de-personalidade\/#breadcrumb\",\"itemListElement\":[{\"@type\":\"ListItem\",\"position\":1,\"name\":\"In\u00edcio\",\"item\":\"https:\/\/advbox.com.br\/blog\/\"},{\"@type\":\"ListItem\",\"position\":2,\"name\":\"ADVBOX\",\"item\":\"https:\/\/advbox.com.br\/blog\/advbox\/\"},{\"@type\":\"ListItem\",\"position\":3,\"name\":\"Direitos de Personalidade: prote\u00e7\u00e3o \u00e0 dignidade e integridade\"}]},{\"@type\":\"WebSite\",\"@id\":\"https:\/\/advbox.com.br\/blog\/#website\",\"url\":\"https:\/\/advbox.com.br\/blog\/\",\"name\":\"Software Jur\u00eddico Completo - ADVBOX\",\"description\":\"Plataforma para Advocacia Digital\",\"publisher\":{\"@id\":\"https:\/\/advbox.com.br\/blog\/#organization\"},\"potentialAction\":[{\"@type\":\"SearchAction\",\"target\":{\"@type\":\"EntryPoint\",\"urlTemplate\":\"https:\/\/advbox.com.br\/blog\/?s={search_term_string}\"},\"query-input\":{\"@type\":\"PropertyValueSpecification\",\"valueRequired\":true,\"valueName\":\"search_term_string\"}}],\"inLanguage\":\"pt-BR\"},{\"@type\":\"Organization\",\"@id\":\"https:\/\/advbox.com.br\/blog\/#organization\",\"name\":\"ADVBOX Blog - Software jur\u00eddico da advocacia digital\",\"url\":\"https:\/\/advbox.com.br\/blog\/\",\"logo\":{\"@type\":\"ImageObject\",\"inLanguage\":\"pt-BR\",\"@id\":\"https:\/\/advbox.com.br\/blog\/#\/schema\/logo\/image\/\",\"url\":\"https:\/\/advbox.com.br\/blog\/wp-content\/uploads\/2019\/12\/Como-aumentar-a-produtividade_.jpg\",\"contentUrl\":\"https:\/\/advbox.com.br\/blog\/wp-content\/uploads\/2019\/12\/Como-aumentar-a-produtividade_.jpg\",\"width\":320,\"height\":213,\"caption\":\"ADVBOX Blog - Software jur\u00eddico da advocacia digital\"},\"image\":{\"@id\":\"https:\/\/advbox.com.br\/blog\/#\/schema\/logo\/image\/\"},\"sameAs\":[\"https:\/\/www.facebook.com\/advbox\/\",\"https:\/\/x.com\/advbox2\"]},{\"@type\":\"Person\",\"@id\":\"https:\/\/advbox.com.br\/blog\/#\/schema\/person\/029674387a95515a227f2dd7f49b8dfa\",\"name\":\"Eduardo Koetz\",\"description\":\"Eduardo Koetz \u00e9 advogado, escritor, s\u00f3cio e fundador da Koetz Advocacia e CEO da empresa de software jur\u00eddico Advbox. Possui bacharel em Direito pela Universidade do Vale do Rio dos Sinos (Unisinos). Possui tanto registros na Ordem dos Advogados do Brasil - OAB (OAB\/SC 42.934, OAB\/RS 73.409, OAB\/PR 72.951, OAB\/SP 435.266, OAB\/MG 204.531, OAB\/MG 204.531), como na Ordem dos Advogados de Portugal - OA ( OA\/Portugal 69.512L).swdsasdw \u00c9 p\u00f3s-graduado em Direito do Trabalho pela Universidade Federal do Rio Grande do Sul (2011- 2012) e em Direito Tribut\u00e1rio pela Escola Superior da Magistratura Federal ESMAFE (2013 - 2014). Atua como um dos principais gestores da Koetz Advocacia realizando a supervis\u00e3o e lideran\u00e7a em todos os setores do escrit\u00f3rio. Em 2021, Eduardo publicou o livro intitulado: Otimizado - O escrit\u00f3rio como empresa escal\u00e1vel pela editora Viseu.\",\"url\":\"https:\/\/advbox.com.br\/blog\/autor\/comunicacao\/\"}]}<\/script>\n<!-- \/ Yoast SEO plugin. -->","yoast_head_json":{"title":"Direitos de Personalidade: prote\u00e7\u00e3o \u00e0 dignidade e integridade","description":"Direitos de Personalidade: prote\u00e7\u00e3o \u00e0 dignidade e integridade Software Jur\u00eddico Completo - ADVBOX ADVBOX -","robots":{"index":"index","follow":"follow","max-snippet":"max-snippet:-1","max-image-preview":"max-image-preview:large","max-video-preview":"max-video-preview:-1"},"canonical":"https:\/\/advbox.com.br\/blog\/direitos-de-personalidade\/","og_locale":"pt_BR","og_type":"article","og_title":"Direitos de Personalidade: prote\u00e7\u00e3o \u00e0 dignidade e integridade","og_description":"Direitos de Personalidade: prote\u00e7\u00e3o \u00e0 dignidade e integridade Software Jur\u00eddico Completo - ADVBOX ADVBOX -","og_url":"https:\/\/advbox.com.br\/blog\/direitos-de-personalidade\/","og_site_name":"Software Jur\u00eddico Completo - ADVBOX","article_publisher":"https:\/\/www.facebook.com\/advbox\/","article_published_time":"2021-07-22T15:25:55+00:00","article_modified_time":"2025-11-11T16:04:32+00:00","og_image":[{"width":672,"height":448,"url":"https:\/\/advbox.com.br\/blog\/wp-content\/uploads\/2021\/05\/teletrabalho.jpg","type":"image\/jpeg"}],"author":"Eduardo Koetz","twitter_card":"summary_large_image","twitter_creator":"@advbox2","twitter_site":"@advbox2","schema":{"@context":"https:\/\/schema.org","@graph":[{"@type":"Article","@id":"https:\/\/advbox.com.br\/blog\/direitos-de-personalidade\/#article","isPartOf":{"@id":"https:\/\/advbox.com.br\/blog\/direitos-de-personalidade\/"},"author":{"name":"Eduardo Koetz","@id":"https:\/\/advbox.com.br\/blog\/#\/schema\/person\/029674387a95515a227f2dd7f49b8dfa"},"headline":"Direitos de Personalidade: prote\u00e7\u00e3o \u00e0 dignidade e integridade","datePublished":"2021-07-22T15:25:55+00:00","dateModified":"2025-11-11T16:04:32+00:00","mainEntityOfPage":{"@id":"https:\/\/advbox.com.br\/blog\/direitos-de-personalidade\/"},"wordCount":1441,"commentCount":0,"publisher":{"@id":"https:\/\/advbox.com.br\/blog\/#organization"},"image":{"@id":"https:\/\/advbox.com.br\/blog\/direitos-de-personalidade\/#primaryimage"},"thumbnailUrl":"https:\/\/advbox.com.br\/blog\/wp-content\/uploads\/2021\/05\/teletrabalho.jpg","keywords":["direitos da personalidade caracter\u00edsticas","direitos da personalidade cf","\u00e9 poss\u00edvel a disposi\u00e7\u00e3o sobre os direitos de personalidade","prote\u00e7\u00e3o dos direitos da personalidade","quais s\u00e3o os direitos de personalidade","quais s\u00e3o os direitos de personalidade previstos no C\u00f3digo Civil","quais s\u00e3o os principais objetivos do direito de personalidade"],"articleSection":["ADVBOX"],"inLanguage":"pt-BR","potentialAction":[{"@type":"CommentAction","name":"Comment","target":["https:\/\/advbox.com.br\/blog\/direitos-de-personalidade\/#respond"]}]},{"@type":"WebPage","@id":"https:\/\/advbox.com.br\/blog\/direitos-de-personalidade\/","url":"https:\/\/advbox.com.br\/blog\/direitos-de-personalidade\/","name":"Direitos de Personalidade: prote\u00e7\u00e3o \u00e0 dignidade e integridade","isPartOf":{"@id":"https:\/\/advbox.com.br\/blog\/#website"},"primaryImageOfPage":{"@id":"https:\/\/advbox.com.br\/blog\/direitos-de-personalidade\/#primaryimage"},"image":{"@id":"https:\/\/advbox.com.br\/blog\/direitos-de-personalidade\/#primaryimage"},"thumbnailUrl":"https:\/\/advbox.com.br\/blog\/wp-content\/uploads\/2021\/05\/teletrabalho.jpg","datePublished":"2021-07-22T15:25:55+00:00","dateModified":"2025-11-11T16:04:32+00:00","description":"Direitos de Personalidade: prote\u00e7\u00e3o \u00e0 dignidade e integridade Software Jur\u00eddico Completo - ADVBOX ADVBOX -","breadcrumb":{"@id":"https:\/\/advbox.com.br\/blog\/direitos-de-personalidade\/#breadcrumb"},"inLanguage":"pt-BR","potentialAction":[{"@type":"ReadAction","target":["https:\/\/advbox.com.br\/blog\/direitos-de-personalidade\/"]}]},{"@type":"ImageObject","inLanguage":"pt-BR","@id":"https:\/\/advbox.com.br\/blog\/direitos-de-personalidade\/#primaryimage","url":"https:\/\/advbox.com.br\/blog\/wp-content\/uploads\/2021\/05\/teletrabalho.jpg","contentUrl":"https:\/\/advbox.com.br\/blog\/wp-content\/uploads\/2021\/05\/teletrabalho.jpg","width":672,"height":448,"caption":"teletrabalho - transforma\u00e7\u00e3o digital na advocacia"},{"@type":"BreadcrumbList","@id":"https:\/\/advbox.com.br\/blog\/direitos-de-personalidade\/#breadcrumb","itemListElement":[{"@type":"ListItem","position":1,"name":"In\u00edcio","item":"https:\/\/advbox.com.br\/blog\/"},{"@type":"ListItem","position":2,"name":"ADVBOX","item":"https:\/\/advbox.com.br\/blog\/advbox\/"},{"@type":"ListItem","position":3,"name":"Direitos de Personalidade: prote\u00e7\u00e3o \u00e0 dignidade e integridade"}]},{"@type":"WebSite","@id":"https:\/\/advbox.com.br\/blog\/#website","url":"https:\/\/advbox.com.br\/blog\/","name":"Software Jur\u00eddico Completo - ADVBOX","description":"Plataforma para Advocacia Digital","publisher":{"@id":"https:\/\/advbox.com.br\/blog\/#organization"},"potentialAction":[{"@type":"SearchAction","target":{"@type":"EntryPoint","urlTemplate":"https:\/\/advbox.com.br\/blog\/?s={search_term_string}"},"query-input":{"@type":"PropertyValueSpecification","valueRequired":true,"valueName":"search_term_string"}}],"inLanguage":"pt-BR"},{"@type":"Organization","@id":"https:\/\/advbox.com.br\/blog\/#organization","name":"ADVBOX Blog - Software jur\u00eddico da advocacia digital","url":"https:\/\/advbox.com.br\/blog\/","logo":{"@type":"ImageObject","inLanguage":"pt-BR","@id":"https:\/\/advbox.com.br\/blog\/#\/schema\/logo\/image\/","url":"https:\/\/advbox.com.br\/blog\/wp-content\/uploads\/2019\/12\/Como-aumentar-a-produtividade_.jpg","contentUrl":"https:\/\/advbox.com.br\/blog\/wp-content\/uploads\/2019\/12\/Como-aumentar-a-produtividade_.jpg","width":320,"height":213,"caption":"ADVBOX Blog - Software jur\u00eddico da advocacia digital"},"image":{"@id":"https:\/\/advbox.com.br\/blog\/#\/schema\/logo\/image\/"},"sameAs":["https:\/\/www.facebook.com\/advbox\/","https:\/\/x.com\/advbox2"]},{"@type":"Person","@id":"https:\/\/advbox.com.br\/blog\/#\/schema\/person\/029674387a95515a227f2dd7f49b8dfa","name":"Eduardo Koetz","description":"Eduardo Koetz \u00e9 advogado, escritor, s\u00f3cio e fundador da Koetz Advocacia e CEO da empresa de software jur\u00eddico Advbox. Possui bacharel em Direito pela Universidade do Vale do Rio dos Sinos (Unisinos). Possui tanto registros na Ordem dos Advogados do Brasil - OAB (OAB\/SC 42.934, OAB\/RS 73.409, OAB\/PR 72.951, OAB\/SP 435.266, OAB\/MG 204.531, OAB\/MG 204.531), como na Ordem dos Advogados de Portugal - OA ( OA\/Portugal 69.512L).swdsasdw \u00c9 p\u00f3s-graduado em Direito do Trabalho pela Universidade Federal do Rio Grande do Sul (2011- 2012) e em Direito Tribut\u00e1rio pela Escola Superior da Magistratura Federal ESMAFE (2013 - 2014). Atua como um dos principais gestores da Koetz Advocacia realizando a supervis\u00e3o e lideran\u00e7a em todos os setores do escrit\u00f3rio. Em 2021, Eduardo publicou o livro intitulado: Otimizado - O escrit\u00f3rio como empresa escal\u00e1vel pela editora Viseu.","url":"https:\/\/advbox.com.br\/blog\/autor\/comunicacao\/"}]}},"_links":{"self":[{"href":"https:\/\/advbox.com.br\/blog\/wp-json\/wp\/v2\/posts\/34419","targetHints":{"allow":["GET"]}}],"collection":[{"href":"https:\/\/advbox.com.br\/blog\/wp-json\/wp\/v2\/posts"}],"about":[{"href":"https:\/\/advbox.com.br\/blog\/wp-json\/wp\/v2\/types\/post"}],"author":[{"embeddable":true,"href":"https:\/\/advbox.com.br\/blog\/wp-json\/wp\/v2\/users\/43"}],"replies":[{"embeddable":true,"href":"https:\/\/advbox.com.br\/blog\/wp-json\/wp\/v2\/comments?post=34419"}],"version-history":[{"count":4,"href":"https:\/\/advbox.com.br\/blog\/wp-json\/wp\/v2\/posts\/34419\/revisions"}],"predecessor-version":[{"id":78841,"href":"https:\/\/advbox.com.br\/blog\/wp-json\/wp\/v2\/posts\/34419\/revisions\/78841"}],"wp:featuredmedia":[{"embeddable":true,"href":"https:\/\/advbox.com.br\/blog\/wp-json\/wp\/v2\/media\/33127"}],"wp:attachment":[{"href":"https:\/\/advbox.com.br\/blog\/wp-json\/wp\/v2\/media?parent=34419"}],"wp:term":[{"taxonomy":"category","embeddable":true,"href":"https:\/\/advbox.com.br\/blog\/wp-json\/wp\/v2\/categories?post=34419"},{"taxonomy":"post_tag","embeddable":true,"href":"https:\/\/advbox.com.br\/blog\/wp-json\/wp\/v2\/tags?post=34419"}],"curies":[{"name":"wp","href":"https:\/\/api.w.org\/{rel}","templated":true}]}}