{"id":37144,"date":"2023-11-28T11:10:09","date_gmt":"2023-11-28T14:10:09","guid":{"rendered":"https:\/\/advbox.com.br\/blog\/?p=37144"},"modified":"2025-12-23T10:52:26","modified_gmt":"2025-12-23T13:52:26","slug":"missao-visao-valores-na-advocacia","status":"publish","type":"post","link":"https:\/\/advbox.com.br\/blog\/missao-visao-valores-na-advocacia\/","title":{"rendered":"Quais s\u00e3o os valores da advocacia? Se inspire na cultura da ADVBOX!"},"content":{"rendered":"\n<p>Os valores da advocacia impactam o dia a dia dos escrit\u00f3rios e departamentos jur\u00eddicos e devem ser intr\u00ednsecos \u00e0 cultura organizacional.<\/p>\n\n\n\n<p>Afinal, houveram muitas transforma\u00e7\u00f5es significativas, resultando no abandono das pr\u00e1ticas antiquadas de comando e controle por parte do advogado gestor.&nbsp;<\/p>\n\n\n\n<p>Desse modo, os valores se tornaram elementos centrais na administra\u00e7\u00e3o, facilitando o alinhamento de comportamentos e a constru\u00e7\u00e3o de uma identidade.&nbsp;<\/p>\n\n\n\n<p>Continue lendo e aprenda mais sobre o assunto, conhecendo a cultura da ADVBOX!<\/p>\n\n\n\n<h2 class=\"wp-block-heading\">O que \u00e9 miss\u00e3o, vis\u00e3o e valores na advocacia?<\/h2>\n\n\n\n<p>A miss\u00e3o, vis\u00e3o e valores s\u00e3o elementos fundamentais que constituem a ess\u00eancia e a estrutura vital de qualquer escrit\u00f3rio de advocacia.&nbsp;<\/p>\n\n\n\n<p>Ou seja, esses componentes servem como alicerce essencial para a constru\u00e7\u00e3o da identidade e tamb\u00e9m na orienta\u00e7\u00e3o estrat\u00e9gica do escrit\u00f3rio.&nbsp;<\/p>\n\n\n\n<p>Assim, cada um desses elementos \u00e9 uma pe\u00e7a-chave na defini\u00e7\u00e3o do prop\u00f3sito central, na proje\u00e7\u00e3o do futuro e moldam a atua\u00e7\u00e3o dos profissionais do Direito.<\/p>\n\n\n\n<h3 class=\"wp-block-heading\">1. Miss\u00e3o: definindo o prop\u00f3sito fundamental<\/h3>\n\n\n\n<p>A miss\u00e3o de um escrit\u00f3rio de advocacia \u00e9 mais do que uma simples declara\u00e7\u00e3o, isto \u00e9, \u00e9 um compromisso profundo que orienta todas as atividades.&nbsp;<\/p>\n\n\n\n<p>Sendo assim, ela define o prop\u00f3sito central e delineia a sua raz\u00e3o de exist\u00eancia, para fornecer servi\u00e7os jur\u00eddicos especializados de maneira \u00e9tica.&nbsp;<\/p>\n\n\n\n<p>Por exemplo, imagine um escrit\u00f3rio cuja miss\u00e3o \u00e9 &#8220;<strong>Fornecer acesso \u00e0 justi\u00e7a por meio de representa\u00e7\u00e3o legal \u00e9tica e inovadora<\/strong>&#8220;.&nbsp;<\/p>\n\n\n\n<p>Nessa declara\u00e7\u00e3o, a \u00eanfase recai sobre o prop\u00f3sito central de garantir acesso \u00e0 justi\u00e7a, enquanto tamb\u00e9m destaca os valores \u00e9ticos e a inova\u00e7\u00e3o como parte integrante da abordagem do escrit\u00f3rio.<\/p>\n\n\n\n<h3 class=\"wp-block-heading\">2. Vis\u00e3o: projetando o futuro desejado<\/h3>\n\n\n\n<p>A vis\u00e3o \u00e9 uma proje\u00e7\u00e3o inspirada no futuro que o <a href=\"https:\/\/advbox.com.br\/blog\/escritorio-digital\/\" target=\"_blank\">escrit\u00f3rio de advocacia<\/a> almeja, portanto, serve como um farol, orientando o crescimento e a evolu\u00e7\u00e3o.&nbsp;<\/p>\n\n\n\n<p>Desse modo, a vis\u00e3o deve ser ambiciosa, motivando a equipe a superar desafios e alcan\u00e7ar <a href=\"https:\/\/advbox.com.br\/blog\/metas-na-advocacia\/\" target=\"_blank\">metas<\/a> mais elevadas.&nbsp;<\/p>\n\n\n\n<p>Por\u00e9m, ao mesmo tempo, ela precisa ser realista, proporcionando um guia tang\u00edvel para o progresso.&nbsp;<\/p>\n\n\n\n<p>Ent\u00e3o, \u00e9 necess\u00e1rio abranger o sucesso financeiro e tamb\u00e9m o impacto positivo na comunidade e a constante busca pela excel\u00eancia.<\/p>\n\n\n\n<p>&#8220;<strong>Ser reconhecido como um l\u00edder inovador na defesa dos direitos civis<\/strong>&#8220;, estabelece, assim, uma aspira\u00e7\u00e3o clara e ambiciosa e pode ilustrar a vis\u00e3o de um escrit\u00f3rio.<\/p>\n\n\n\n<h3 class=\"wp-block-heading\">3. Valores: princ\u00edpios que moldam a identidade<\/h3>\n\n\n\n<p>Por outro lado, os valores na advocacia s\u00e3o os princ\u00edpios pelos quais os profissionais da \u00e1rea devem se orientar.<\/p>\n\n\n\n<p>Dessa forma, estabelecem normas \u00e9ticas e comportamentais que moldam sua identidade \u00fanica, mas variam de escrit\u00f3rio para escrit\u00f3rio e podem incluir:<\/p>\n\n\n\n<ul class=\"wp-block-list\">\n<li class=\"has-small-font-size\"><strong>Integridade<\/strong>: assegura que todas as intera\u00e7\u00f5es sejam baseadas na honestidade e na transpar\u00eancia;&nbsp;<\/li>\n\n\n\n<li class=\"has-small-font-size\"><strong>Respeito<\/strong>: orienta as rela\u00e7\u00f5es com clientes, colegas e partes envolvidas;<\/li>\n\n\n\n<li class=\"has-small-font-size\"><strong>Justi\u00e7a<\/strong>: \u00e9 um valor central, garantindo que o escrit\u00f3rio sirva \u00e0 sociedade de maneira equitativa;&nbsp;<\/li>\n\n\n\n<li class=\"has-small-font-size\"><strong>Responsabilidade jur\u00eddica<\/strong>: assegura que os profissionais ajam com dilig\u00eancia e comprometimento, fortalecendo a confian\u00e7a e a confian\u00e7a.&nbsp;<\/li>\n<\/ul>\n\n\n\n<p>Estes valores n\u00e3o apenas definem a cultura interna, mas tamb\u00e9m orientam as decis\u00f5es e a\u00e7\u00f5es dos profissionais que atuam no Direito.<\/p>\n\n\n\n<h2 class=\"wp-block-heading\">Quais s\u00e3o os valores da advocacia?<\/h2>\n\n\n\n<p>No cen\u00e1rio atual, a gest\u00e3o da advocacia tem evolu\u00eddo, deixando para tr\u00e1s, dessa forma, m\u00e9todos tradicionais de comando e controle, n\u00e3o \u00e9 mesmo?&nbsp;<\/p>\n\n\n\n<p>Sendo assim, nessa transforma\u00e7\u00e3o, os valores tornaram-se elementos centrais na administra\u00e7\u00e3o, direcionando comportamentos, conforme mencionamos acima.&nbsp;<\/p>\n\n\n\n<p>Na ADVBOX, por exemplo, a gest\u00e3o \u00e9 profundamente influenciada por 11 valores e 6 anti-valores, moldando uma cultura organizacional de maneira \u00fanica.<\/p>\n\n\n\n<p>Conforme, Eduardo Koetz, CEO da ADVBOX os valores e anti-valores da empresa s\u00e3o os seguintes!<\/p>\n\n\n\n<h3 class=\"wp-block-heading\">1. Quais os valores da ADVBOX?&nbsp;<\/h3>\n\n\n\n<ul class=\"wp-block-list\">\n<li class=\"has-small-font-size\">Estado da arte e excel\u00eancia;<\/li>\n\n\n\n<li class=\"has-small-font-size\">M\u00e9rito coletivo;<\/li>\n\n\n\n<li class=\"has-small-font-size\">Sucesso do cliente com foco na sociedade;<\/li>\n\n\n\n<li class=\"has-small-font-size\">Abertura para boas ideias;<\/li>\n\n\n\n<li class=\"has-small-font-size\">Time AAA;<\/li>\n\n\n\n<li class=\"has-small-font-size\">Comunica\u00e7\u00e3o para compartilhar conhecimento;<\/li>\n\n\n\n<li class=\"has-small-font-size\">Priorizar sem postergar;<\/li>\n\n\n\n<li class=\"has-small-font-size\">Ensinamento de vanguarda adaptado ao Direito;<\/li>\n\n\n\n<li class=\"has-small-font-size\">Qualidade de vida;<\/li>\n\n\n\n<li class=\"has-small-font-size\">Liberdade com dire\u00e7\u00e3o;<\/li>\n\n\n\n<li class=\"has-small-font-size\">Advocacia solid\u00e1ria e colaborativa.<\/li>\n<\/ul>\n\n\n\n<h3 class=\"wp-block-heading\">2. Quais os anti-valores da ADVBOX?<\/h3>\n\n\n\n<p>\u00c0s vezes esclarecem ainda mais a cultura do que os pr\u00f3prios valores, que s\u00e3o os seguintes aqui na <a href=\"https:\/\/advbox.com.br\/software-juridico\" target=\"_blank\">ADVBOX<\/a>:<\/p>\n\n\n\n<ul class=\"wp-block-list\">\n<li class=\"has-small-font-size\">Competitividade t\u00f3xica;<\/li>\n\n\n\n<li class=\"has-small-font-size\">Vitimismo;<\/li>\n\n\n\n<li class=\"has-small-font-size\">Procrastina\u00e7\u00e3o;<\/li>\n\n\n\n<li class=\"has-small-font-size\">Trabalho mal feito ou pregui\u00e7a;<\/li>\n\n\n\n<li class=\"has-small-font-size\">Autossabotagem;<\/li>\n\n\n\n<li class=\"has-small-font-size\">Preconceito;<\/li>\n\n\n\n<li class=\"has-small-font-size\">Desonestidade.&nbsp;<\/li>\n<\/ul>\n\n\n\n<p>Ainda segundo Koetz:<\/p>\n\n\n\n<blockquote class=\"wp-block-quote is-layout-flow wp-block-quote-is-layout-flow\">\n<p>Transformamos as vidas de muitas pessoas todos os dias. Viver os seus valores, compartilhar os seus ideais, pode n\u00e3o ter muito significado hoje, mas pode ter certeza que depois de 10 ou 20 anos de trabalho, olhar para tr\u00e1s e ver todo o bem que foi feito na sua vida profissional, impactando a vida de centenas ou de milhares de pessoas at\u00e9, isso, sim, vai ser muito gratificante.<\/p>\n<\/blockquote>\n\n\n\n<p>Para uma compreens\u00e3o mais aprofundada sobre a import\u00e2ncia dos valores e prop\u00f3sito, assista ao v\u00eddeo completo sobre o tema:&nbsp;<\/p>\n\n\n\n<figure class=\"wp-block-embed is-type-video is-provider-youtube wp-block-embed-youtube wp-embed-aspect-16-9 wp-has-aspect-ratio\"><div class=\"wp-block-embed__wrapper\">\n<iframe title=\"Para que servem Valores e Prop\u00f3sito?\" width=\"750\" height=\"422\" src=\"https:\/\/www.youtube.com\/embed\/p5QOjTu03Rs?feature=oembed\" frameborder=\"0\" allow=\"accelerometer; autoplay; clipboard-write; encrypted-media; gyroscope; picture-in-picture; web-share\" referrerpolicy=\"strict-origin-when-cross-origin\" allowfullscreen loading=\"lazy\"><\/iframe>\n<\/div><\/figure>\n\n\n\n<h2 class=\"wp-block-heading\">Qual a miss\u00e3o de um escrit\u00f3rio de advocacia?<\/h2>\n\n\n\n<p>A miss\u00e3o de um escrit\u00f3rio de advocacia \u00e9 o alicerce que d\u00e1 significado \u00e0 sua exist\u00eancia e orienta todas as suas atividades.&nbsp;<\/p>\n\n\n\n<p>Sendo assim, vai al\u00e9m da mera presta\u00e7\u00e3o de servi\u00e7os jur\u00eddicos, pois \u00e9 um compromisso profundo que define o seu prop\u00f3sito central.&nbsp;<\/p>\n\n\n\n<p>Em ess\u00eancia, a miss\u00e3o de um escrit\u00f3rio de advocacia serve como uma ponte entre os indiv\u00edduos e a sociedade, especialmente nos momentos mais desafiadores de suas vidas.<\/p>\n\n\n\n<p>Esta miss\u00e3o implica em fornecer servi\u00e7os jur\u00eddicos especializados de maneira \u00e9tica, garantindo que todas as intera\u00e7\u00f5es estejam enraizadas na integridade, justi\u00e7a e transpar\u00eancia.&nbsp;<\/p>\n\n\n\n<p>Portanto, em situa\u00e7\u00f5es de injusti\u00e7a, caos pessoal ou adversidades legais, a miss\u00e3o do escrit\u00f3rio \u00e9 ser um farol \u00e9tico, uma fonte de esperan\u00e7a e restaura\u00e7\u00e3o.<\/p>\n\n\n\n<h2 class=\"wp-block-heading\">Quais s\u00e3o os objetivos da advocacia?<\/h2>\n\n\n\n<p>Os objetivos da advocacia s\u00e3o os pilares que guiam a atua\u00e7\u00e3o di\u00e1ria do escrit\u00f3rio, indo al\u00e9m do sucesso profissional para abra\u00e7ar uma abordagem hol\u00edstica para a pr\u00e1tica jur\u00eddica.<\/p>\n\n\n\n<ul class=\"wp-block-list\">\n<li class=\"has-small-font-size\">Excel\u00eancia e inova\u00e7\u00e3o;<\/li>\n\n\n\n<li class=\"has-small-font-size\">M\u00e9rito coletivo;<\/li>\n\n\n\n<li class=\"has-small-font-size\">Sucesso do cliente com foco na sociedade;<\/li>\n\n\n\n<li class=\"has-small-font-size\">Abertura para boas ideias;<\/li>\n\n\n\n<li class=\"has-small-font-size\">Efici\u00eancia e dilig\u00eancia (Tempo AAA);<\/li>\n\n\n\n<li class=\"has-small-font-size\">Comunica\u00e7\u00e3o para compartilhar conhecimento;<\/li>\n\n\n\n<li class=\"has-small-font-size\">Proatividade na resolu\u00e7\u00e3o de quest\u00f5es;<\/li>\n\n\n\n<li class=\"has-small-font-size\">Atualiza\u00e7\u00e3o cont\u00ednua (ensinamento de vanguarda);<\/li>\n\n\n\n<li class=\"has-small-font-size\">Equil\u00edbrio entre vida profissional e pessoal;<\/li>\n\n\n\n<li class=\"has-small-font-size\">Liberdade com dire\u00e7\u00e3o;<\/li>\n\n\n\n<li class=\"has-small-font-size\">Solidariedade e colabora\u00e7\u00e3o na advocacia.<\/li>\n<\/ul>\n\n\n\n<h3 class=\"wp-block-heading\">1. Excel\u00eancia e inova\u00e7\u00e3o<\/h3>\n\n\n\n<p>Buscar constantemente a excel\u00eancia na presta\u00e7\u00e3o de servi\u00e7os jur\u00eddicos, incorporando inova\u00e7\u00f5es que garantam resultados excepcionais.<\/p>\n\n\n\n<h3 class=\"wp-block-heading\">2. M\u00e9rito coletivo<\/h3>\n\n\n\n<p>Valorizar a colabora\u00e7\u00e3o e promover a meritocracia, reconhecendo que o sucesso \u00e9 uma conquista coletiva.<\/p>\n\n\n\n<h3 class=\"wp-block-heading\">3. Sucesso do cliente com foco na sociedade<\/h3>\n\n\n\n<p>Orientar todos os esfor\u00e7os para alcan\u00e7ar o sucesso do cliente, mantendo uma vis\u00e3o aberta para o impacto positivo na sociedade.<\/p>\n\n\n\n<h3 class=\"wp-block-heading\">4. Abertura para boas ideias<\/h3>\n\n\n\n<p>Estimular um ambiente que valorize a criatividade e a contribui\u00e7\u00e3o de ideias inovadoras para promover um pensamento progressista.<\/p>\n\n\n\n<h3 class=\"wp-block-heading\">5. Efici\u00eancia e dilig\u00eancia (Tempo AAA)<\/h3>\n\n\n\n<p>Assegurar que o tempo seja utilizado de forma eficaz e que as demandas dos clientes sejam atendidas com a m\u00e1xima urg\u00eancia.<\/p>\n\n\n\n<h3 class=\"wp-block-heading\">6. Comunica\u00e7\u00e3o para compartilhar conhecimento<\/h3>\n\n\n\n<p>Fomentar uma cultura de comunica\u00e7\u00e3o aberta, onde o compartilhamento de conhecimento seja essencial para o crescimento individual e coletivo.<\/p>\n\n\n\n<h3 class=\"wp-block-heading\">7. Proatividade na resolu\u00e7\u00e3o de quest\u00f5es<\/h3>\n\n\n\n<p>Adotar uma abordagem proativa na resolu\u00e7\u00e3o de quest\u00f5es, priorizando sem procrastinar para atender \u00e0s expectativas e necessidades dos clientes.<\/p>\n\n\n\n<h3 class=\"wp-block-heading\">8. Atualiza\u00e7\u00e3o cont\u00ednua (ensinamento de vanguarda)<\/h3>\n\n\n\n<p>Investir na forma\u00e7\u00e3o cont\u00ednua e na aplica\u00e7\u00e3o pr\u00e1tica de conhecimentos jur\u00eddicos de vanguarda para manter uma atua\u00e7\u00e3o jur\u00eddica eficaz e inovadora.<\/p>\n\n\n\n<h3 class=\"wp-block-heading\">9. Equil\u00edbrio entre vida profissional e pessoal<\/h3>\n\n\n\n<p>Promover um ambiente de trabalho que valorize o equil\u00edbrio entre vida profissional e pessoal, reconhecendo que a qualidade de vida \u00e9 crucial para o desempenho sustent\u00e1vel.<\/p>\n\n\n\n<h3 class=\"wp-block-heading\">10. Liberdade com dire\u00e7\u00e3o<\/h3>\n\n\n\n<p>Fornecer a liberdade necess\u00e1ria para os profissionais desenvolverem abordagens criativas, mantendo o alinhamento com os objetivos organizacionais.<\/p>\n\n\n\n<h3 class=\"wp-block-heading\">11. Solidariedade e colabora\u00e7\u00e3o na advocacia<\/h3>\n\n\n\n<p>Cultivar o incentivo \u00e0 solidariedade e a colabora\u00e7\u00e3o, reconhecendo que o impacto positivo na sociedade \u00e9 alcan\u00e7ado por meio do trabalho conjunto.<\/p>\n\n\n\n<p>Em resumo, esses objetivos orientam a pr\u00e1tica di\u00e1ria do escrit\u00f3rio, os valores na advocacia e demonstram um compromisso mais amplo com a justi\u00e7a, a \u00e9tica.<\/p>\n\n\n\n<p>Assim, se quiser saber mais tamb\u00e9m sobre como desenvolver uma cultura do processo no seu escrit\u00f3rio? <a href=\"https:\/\/advbox.com.br\/register\" target=\"_blank\">Conhe\u00e7a ADVBOX<\/a> e entenda o impacto que o software pode causar no escrit\u00f3rio!<\/p>\n\n\n\n<figure class=\"wp-block-image size-full\"><a href=\"https:\/\/advbox.com.br\/register\" target=\"_blank\"><img fetchpriority=\"high\" decoding=\"async\" width=\"1024\" height=\"270\" src=\"https:\/\/advbox.com.br\/blog\/wp-content\/uploads\/2025\/12\/CTA-REBRANDING-28.webp\" alt=\"Banner com imagem ilustrativa sobre crescimento estruturado de escrit\u00f3rio de advocacia, destacando gest\u00e3o jur\u00eddica eficiente para escalar sem perder controle e qualidade\" class=\"wp-image-79767\" srcset=\"https:\/\/advbox.com.br\/blog\/wp-content\/uploads\/2025\/12\/CTA-REBRANDING-28.webp 1024w, https:\/\/advbox.com.br\/blog\/wp-content\/uploads\/2025\/12\/CTA-REBRANDING-28-500x132.webp 500w, https:\/\/advbox.com.br\/blog\/wp-content\/uploads\/2025\/12\/CTA-REBRANDING-28-768x203.webp 768w, https:\/\/advbox.com.br\/blog\/wp-content\/uploads\/2025\/12\/CTA-REBRANDING-28-150x40.webp 150w\" sizes=\"(max-width: 1024px) 100vw, 1024px\" \/><\/a><\/figure>\n","protected":false},"excerpt":{"rendered":"<p>Os valores da advocacia impactam o dia a dia dos escrit\u00f3rios e departamentos jur\u00eddicos e devem ser intr\u00ednsecos \u00e0 cultura organizacional. Afinal, houveram muitas transforma\u00e7\u00f5es significativas, resultando no abandono das pr\u00e1ticas antiquadas de comando e controle por parte do advogado gestor.&nbsp; Desse modo, os valores se tornaram elementos centrais na [&hellip;]<\/p>\n","protected":false},"author":43,"featured_media":79776,"comment_status":"closed","ping_status":"closed","sticky":false,"template":"","format":"standard","meta":{"_acf_changed":false,"om_disable_all_campaigns":false,"footnotes":""},"categories":[6,142],"tags":[],"class_list":["post-37144","post","type-post","status-publish","format-standard","has-post-thumbnail","hentry","category-gestao-de-equipes-e-lideranca","category-categoria-gestao-na-advocacia"],"acf":[],"yoast_head":"<!-- This site is optimized with the Yoast SEO plugin v26.9 - https:\/\/yoast.com\/product\/yoast-seo-wordpress\/ -->\n<title>Quais s\u00e3o os valores na advocacia? Entenda a import\u00e2ncia!<\/title>\n<meta name=\"description\" content=\"Os valores na advocacia s\u00e3o elementos que moldam o comportamento dos profissionais no escrit\u00f3rio. Saiba mais sobre o tema!\" \/>\n<meta name=\"robots\" content=\"index, follow, max-snippet:-1, max-image-preview:large, max-video-preview:-1\" \/>\n<link rel=\"canonical\" href=\"https:\/\/advbox.com.br\/blog\/missao-visao-valores-na-advocacia\/\" \/>\n<meta property=\"og:locale\" content=\"pt_BR\" \/>\n<meta property=\"og:type\" content=\"article\" \/>\n<meta property=\"og:title\" content=\"Quais s\u00e3o os valores na advocacia? Entenda a import\u00e2ncia!\" \/>\n<meta property=\"og:description\" content=\"Os valores na advocacia s\u00e3o elementos que moldam o comportamento dos profissionais no escrit\u00f3rio. Saiba mais sobre o tema!\" \/>\n<meta property=\"og:url\" content=\"https:\/\/advbox.com.br\/blog\/missao-visao-valores-na-advocacia\/\" \/>\n<meta property=\"og:site_name\" content=\"Software Jur\u00eddico Completo - ADVBOX\" \/>\n<meta property=\"article:publisher\" content=\"https:\/\/www.facebook.com\/advbox\/\" \/>\n<meta property=\"article:published_time\" content=\"2023-11-28T14:10:09+00:00\" \/>\n<meta property=\"article:modified_time\" content=\"2025-12-23T13:52:26+00:00\" \/>\n<meta property=\"og:image\" content=\"https:\/\/advbox.com.br\/blog\/wp-content\/uploads\/2025\/12\/sobrestamento-1.jpg\" \/>\n\t<meta property=\"og:image:width\" content=\"1024\" \/>\n\t<meta property=\"og:image:height\" content=\"576\" \/>\n\t<meta property=\"og:image:type\" content=\"image\/jpeg\" \/>\n<meta name=\"author\" content=\"Eduardo Koetz\" \/>\n<meta name=\"twitter:card\" content=\"summary_large_image\" \/>\n<meta name=\"twitter:creator\" content=\"@advbox2\" \/>\n<meta name=\"twitter:site\" content=\"@advbox2\" \/>\n<script type=\"application\/ld+json\" class=\"yoast-schema-graph\">{\"@context\":\"https:\/\/schema.org\",\"@graph\":[{\"@type\":\"Article\",\"@id\":\"https:\/\/advbox.com.br\/blog\/missao-visao-valores-na-advocacia\/#article\",\"isPartOf\":{\"@id\":\"https:\/\/advbox.com.br\/blog\/missao-visao-valores-na-advocacia\/\"},\"author\":{\"name\":\"Eduardo Koetz\",\"@id\":\"https:\/\/advbox.com.br\/blog\/#\/schema\/person\/029674387a95515a227f2dd7f49b8dfa\"},\"headline\":\"Quais s\u00e3o os valores da advocacia? Se inspire na cultura da ADVBOX!\",\"datePublished\":\"2023-11-28T14:10:09+00:00\",\"dateModified\":\"2025-12-23T13:52:26+00:00\",\"mainEntityOfPage\":{\"@id\":\"https:\/\/advbox.com.br\/blog\/missao-visao-valores-na-advocacia\/\"},\"wordCount\":1483,\"publisher\":{\"@id\":\"https:\/\/advbox.com.br\/blog\/#organization\"},\"image\":{\"@id\":\"https:\/\/advbox.com.br\/blog\/missao-visao-valores-na-advocacia\/#primaryimage\"},\"thumbnailUrl\":\"https:\/\/advbox.com.br\/blog\/wp-content\/uploads\/2025\/12\/sobrestamento-1.jpg\",\"articleSection\":[\"Gest\u00e3o de Equipes e Lideran\u00e7a\",\"Gest\u00e3o na advocacia\"],\"inLanguage\":\"pt-BR\"},{\"@type\":\"WebPage\",\"@id\":\"https:\/\/advbox.com.br\/blog\/missao-visao-valores-na-advocacia\/\",\"url\":\"https:\/\/advbox.com.br\/blog\/missao-visao-valores-na-advocacia\/\",\"name\":\"Quais s\u00e3o os valores na advocacia? Entenda a import\u00e2ncia!\",\"isPartOf\":{\"@id\":\"https:\/\/advbox.com.br\/blog\/#website\"},\"primaryImageOfPage\":{\"@id\":\"https:\/\/advbox.com.br\/blog\/missao-visao-valores-na-advocacia\/#primaryimage\"},\"image\":{\"@id\":\"https:\/\/advbox.com.br\/blog\/missao-visao-valores-na-advocacia\/#primaryimage\"},\"thumbnailUrl\":\"https:\/\/advbox.com.br\/blog\/wp-content\/uploads\/2025\/12\/sobrestamento-1.jpg\",\"datePublished\":\"2023-11-28T14:10:09+00:00\",\"dateModified\":\"2025-12-23T13:52:26+00:00\",\"description\":\"Os valores na advocacia s\u00e3o elementos que moldam o comportamento dos profissionais no escrit\u00f3rio. Saiba mais sobre o tema!\",\"breadcrumb\":{\"@id\":\"https:\/\/advbox.com.br\/blog\/missao-visao-valores-na-advocacia\/#breadcrumb\"},\"inLanguage\":\"pt-BR\",\"potentialAction\":[{\"@type\":\"ReadAction\",\"target\":[\"https:\/\/advbox.com.br\/blog\/missao-visao-valores-na-advocacia\/\"]}]},{\"@type\":\"ImageObject\",\"inLanguage\":\"pt-BR\",\"@id\":\"https:\/\/advbox.com.br\/blog\/missao-visao-valores-na-advocacia\/#primaryimage\",\"url\":\"https:\/\/advbox.com.br\/blog\/wp-content\/uploads\/2025\/12\/sobrestamento-1.jpg\",\"contentUrl\":\"https:\/\/advbox.com.br\/blog\/wp-content\/uploads\/2025\/12\/sobrestamento-1.jpg\",\"width\":1024,\"height\":576,\"caption\":\"Banner institucional da ADVBOX com elemento visual abstrato em tons de azul, representando estrutura, tecnologia e identidade visual da marca\"},{\"@type\":\"BreadcrumbList\",\"@id\":\"https:\/\/advbox.com.br\/blog\/missao-visao-valores-na-advocacia\/#breadcrumb\",\"itemListElement\":[{\"@type\":\"ListItem\",\"position\":1,\"name\":\"In\u00edcio\",\"item\":\"https:\/\/advbox.com.br\/blog\/\"},{\"@type\":\"ListItem\",\"position\":2,\"name\":\"Gest\u00e3o na advocacia\",\"item\":\"https:\/\/advbox.com.br\/blog\/categoria-gestao-na-advocacia\/\"},{\"@type\":\"ListItem\",\"position\":3,\"name\":\"Gest\u00e3o de Equipes e Lideran\u00e7a\",\"item\":\"https:\/\/advbox.com.br\/blog\/categoria-gestao-na-advocacia\/gestao-de-equipes-e-lideranca\/\"},{\"@type\":\"ListItem\",\"position\":4,\"name\":\"Quais s\u00e3o os valores da advocacia? Se inspire na cultura da ADVBOX!\"}]},{\"@type\":\"WebSite\",\"@id\":\"https:\/\/advbox.com.br\/blog\/#website\",\"url\":\"https:\/\/advbox.com.br\/blog\/\",\"name\":\"Software Jur\u00eddico Completo - ADVBOX\",\"description\":\"Plataforma para Advocacia Digital\",\"publisher\":{\"@id\":\"https:\/\/advbox.com.br\/blog\/#organization\"},\"potentialAction\":[{\"@type\":\"SearchAction\",\"target\":{\"@type\":\"EntryPoint\",\"urlTemplate\":\"https:\/\/advbox.com.br\/blog\/?s={search_term_string}\"},\"query-input\":{\"@type\":\"PropertyValueSpecification\",\"valueRequired\":true,\"valueName\":\"search_term_string\"}}],\"inLanguage\":\"pt-BR\"},{\"@type\":\"Organization\",\"@id\":\"https:\/\/advbox.com.br\/blog\/#organization\",\"name\":\"ADVBOX Blog - Software jur\u00eddico da advocacia digital\",\"url\":\"https:\/\/advbox.com.br\/blog\/\",\"logo\":{\"@type\":\"ImageObject\",\"inLanguage\":\"pt-BR\",\"@id\":\"https:\/\/advbox.com.br\/blog\/#\/schema\/logo\/image\/\",\"url\":\"https:\/\/advbox.com.br\/blog\/wp-content\/uploads\/2019\/12\/Como-aumentar-a-produtividade_.jpg\",\"contentUrl\":\"https:\/\/advbox.com.br\/blog\/wp-content\/uploads\/2019\/12\/Como-aumentar-a-produtividade_.jpg\",\"width\":320,\"height\":213,\"caption\":\"ADVBOX Blog - Software jur\u00eddico da advocacia digital\"},\"image\":{\"@id\":\"https:\/\/advbox.com.br\/blog\/#\/schema\/logo\/image\/\"},\"sameAs\":[\"https:\/\/www.facebook.com\/advbox\/\",\"https:\/\/x.com\/advbox2\"]},{\"@type\":\"Person\",\"@id\":\"https:\/\/advbox.com.br\/blog\/#\/schema\/person\/029674387a95515a227f2dd7f49b8dfa\",\"name\":\"Eduardo Koetz\",\"description\":\"Eduardo Koetz \u00e9 advogado, escritor, s\u00f3cio e fundador da Koetz Advocacia e CEO da empresa de software jur\u00eddico Advbox. Possui bacharel em Direito pela Universidade do Vale do Rio dos Sinos (Unisinos). Possui tanto registros na Ordem dos Advogados do Brasil - OAB (OAB\/SC 42.934, OAB\/RS 73.409, OAB\/PR 72.951, OAB\/SP 435.266, OAB\/MG 204.531, OAB\/MG 204.531), como na Ordem dos Advogados de Portugal - OA ( OA\/Portugal 69.512L).swdsasdw \u00c9 p\u00f3s-graduado em Direito do Trabalho pela Universidade Federal do Rio Grande do Sul (2011- 2012) e em Direito Tribut\u00e1rio pela Escola Superior da Magistratura Federal ESMAFE (2013 - 2014). Atua como um dos principais gestores da Koetz Advocacia realizando a supervis\u00e3o e lideran\u00e7a em todos os setores do escrit\u00f3rio. Em 2021, Eduardo publicou o livro intitulado: Otimizado - O escrit\u00f3rio como empresa escal\u00e1vel pela editora Viseu.\",\"url\":\"https:\/\/advbox.com.br\/blog\/autor\/comunicacao\/\"}]}<\/script>\n<!-- \/ Yoast SEO plugin. -->","yoast_head_json":{"title":"Quais s\u00e3o os valores na advocacia? Entenda a import\u00e2ncia!","description":"Os valores na advocacia s\u00e3o elementos que moldam o comportamento dos profissionais no escrit\u00f3rio. Saiba mais sobre o tema!","robots":{"index":"index","follow":"follow","max-snippet":"max-snippet:-1","max-image-preview":"max-image-preview:large","max-video-preview":"max-video-preview:-1"},"canonical":"https:\/\/advbox.com.br\/blog\/missao-visao-valores-na-advocacia\/","og_locale":"pt_BR","og_type":"article","og_title":"Quais s\u00e3o os valores na advocacia? Entenda a import\u00e2ncia!","og_description":"Os valores na advocacia s\u00e3o elementos que moldam o comportamento dos profissionais no escrit\u00f3rio. Saiba mais sobre o tema!","og_url":"https:\/\/advbox.com.br\/blog\/missao-visao-valores-na-advocacia\/","og_site_name":"Software Jur\u00eddico Completo - ADVBOX","article_publisher":"https:\/\/www.facebook.com\/advbox\/","article_published_time":"2023-11-28T14:10:09+00:00","article_modified_time":"2025-12-23T13:52:26+00:00","og_image":[{"width":1024,"height":576,"url":"https:\/\/advbox.com.br\/blog\/wp-content\/uploads\/2025\/12\/sobrestamento-1.jpg","type":"image\/jpeg"}],"author":"Eduardo Koetz","twitter_card":"summary_large_image","twitter_creator":"@advbox2","twitter_site":"@advbox2","schema":{"@context":"https:\/\/schema.org","@graph":[{"@type":"Article","@id":"https:\/\/advbox.com.br\/blog\/missao-visao-valores-na-advocacia\/#article","isPartOf":{"@id":"https:\/\/advbox.com.br\/blog\/missao-visao-valores-na-advocacia\/"},"author":{"name":"Eduardo Koetz","@id":"https:\/\/advbox.com.br\/blog\/#\/schema\/person\/029674387a95515a227f2dd7f49b8dfa"},"headline":"Quais s\u00e3o os valores da advocacia? Se inspire na cultura da ADVBOX!","datePublished":"2023-11-28T14:10:09+00:00","dateModified":"2025-12-23T13:52:26+00:00","mainEntityOfPage":{"@id":"https:\/\/advbox.com.br\/blog\/missao-visao-valores-na-advocacia\/"},"wordCount":1483,"publisher":{"@id":"https:\/\/advbox.com.br\/blog\/#organization"},"image":{"@id":"https:\/\/advbox.com.br\/blog\/missao-visao-valores-na-advocacia\/#primaryimage"},"thumbnailUrl":"https:\/\/advbox.com.br\/blog\/wp-content\/uploads\/2025\/12\/sobrestamento-1.jpg","articleSection":["Gest\u00e3o de Equipes e Lideran\u00e7a","Gest\u00e3o na advocacia"],"inLanguage":"pt-BR"},{"@type":"WebPage","@id":"https:\/\/advbox.com.br\/blog\/missao-visao-valores-na-advocacia\/","url":"https:\/\/advbox.com.br\/blog\/missao-visao-valores-na-advocacia\/","name":"Quais s\u00e3o os valores na advocacia? Entenda a import\u00e2ncia!","isPartOf":{"@id":"https:\/\/advbox.com.br\/blog\/#website"},"primaryImageOfPage":{"@id":"https:\/\/advbox.com.br\/blog\/missao-visao-valores-na-advocacia\/#primaryimage"},"image":{"@id":"https:\/\/advbox.com.br\/blog\/missao-visao-valores-na-advocacia\/#primaryimage"},"thumbnailUrl":"https:\/\/advbox.com.br\/blog\/wp-content\/uploads\/2025\/12\/sobrestamento-1.jpg","datePublished":"2023-11-28T14:10:09+00:00","dateModified":"2025-12-23T13:52:26+00:00","description":"Os valores na advocacia s\u00e3o elementos que moldam o comportamento dos profissionais no escrit\u00f3rio. Saiba mais sobre o tema!","breadcrumb":{"@id":"https:\/\/advbox.com.br\/blog\/missao-visao-valores-na-advocacia\/#breadcrumb"},"inLanguage":"pt-BR","potentialAction":[{"@type":"ReadAction","target":["https:\/\/advbox.com.br\/blog\/missao-visao-valores-na-advocacia\/"]}]},{"@type":"ImageObject","inLanguage":"pt-BR","@id":"https:\/\/advbox.com.br\/blog\/missao-visao-valores-na-advocacia\/#primaryimage","url":"https:\/\/advbox.com.br\/blog\/wp-content\/uploads\/2025\/12\/sobrestamento-1.jpg","contentUrl":"https:\/\/advbox.com.br\/blog\/wp-content\/uploads\/2025\/12\/sobrestamento-1.jpg","width":1024,"height":576,"caption":"Banner institucional da ADVBOX com elemento visual abstrato em tons de azul, representando estrutura, tecnologia e identidade visual da marca"},{"@type":"BreadcrumbList","@id":"https:\/\/advbox.com.br\/blog\/missao-visao-valores-na-advocacia\/#breadcrumb","itemListElement":[{"@type":"ListItem","position":1,"name":"In\u00edcio","item":"https:\/\/advbox.com.br\/blog\/"},{"@type":"ListItem","position":2,"name":"Gest\u00e3o na advocacia","item":"https:\/\/advbox.com.br\/blog\/categoria-gestao-na-advocacia\/"},{"@type":"ListItem","position":3,"name":"Gest\u00e3o de Equipes e Lideran\u00e7a","item":"https:\/\/advbox.com.br\/blog\/categoria-gestao-na-advocacia\/gestao-de-equipes-e-lideranca\/"},{"@type":"ListItem","position":4,"name":"Quais s\u00e3o os valores da advocacia? Se inspire na cultura da ADVBOX!"}]},{"@type":"WebSite","@id":"https:\/\/advbox.com.br\/blog\/#website","url":"https:\/\/advbox.com.br\/blog\/","name":"Software Jur\u00eddico Completo - ADVBOX","description":"Plataforma para Advocacia Digital","publisher":{"@id":"https:\/\/advbox.com.br\/blog\/#organization"},"potentialAction":[{"@type":"SearchAction","target":{"@type":"EntryPoint","urlTemplate":"https:\/\/advbox.com.br\/blog\/?s={search_term_string}"},"query-input":{"@type":"PropertyValueSpecification","valueRequired":true,"valueName":"search_term_string"}}],"inLanguage":"pt-BR"},{"@type":"Organization","@id":"https:\/\/advbox.com.br\/blog\/#organization","name":"ADVBOX Blog - Software jur\u00eddico da advocacia digital","url":"https:\/\/advbox.com.br\/blog\/","logo":{"@type":"ImageObject","inLanguage":"pt-BR","@id":"https:\/\/advbox.com.br\/blog\/#\/schema\/logo\/image\/","url":"https:\/\/advbox.com.br\/blog\/wp-content\/uploads\/2019\/12\/Como-aumentar-a-produtividade_.jpg","contentUrl":"https:\/\/advbox.com.br\/blog\/wp-content\/uploads\/2019\/12\/Como-aumentar-a-produtividade_.jpg","width":320,"height":213,"caption":"ADVBOX Blog - Software jur\u00eddico da advocacia digital"},"image":{"@id":"https:\/\/advbox.com.br\/blog\/#\/schema\/logo\/image\/"},"sameAs":["https:\/\/www.facebook.com\/advbox\/","https:\/\/x.com\/advbox2"]},{"@type":"Person","@id":"https:\/\/advbox.com.br\/blog\/#\/schema\/person\/029674387a95515a227f2dd7f49b8dfa","name":"Eduardo Koetz","description":"Eduardo Koetz \u00e9 advogado, escritor, s\u00f3cio e fundador da Koetz Advocacia e CEO da empresa de software jur\u00eddico Advbox. Possui bacharel em Direito pela Universidade do Vale do Rio dos Sinos (Unisinos). Possui tanto registros na Ordem dos Advogados do Brasil - OAB (OAB\/SC 42.934, OAB\/RS 73.409, OAB\/PR 72.951, OAB\/SP 435.266, OAB\/MG 204.531, OAB\/MG 204.531), como na Ordem dos Advogados de Portugal - OA ( OA\/Portugal 69.512L).swdsasdw \u00c9 p\u00f3s-graduado em Direito do Trabalho pela Universidade Federal do Rio Grande do Sul (2011- 2012) e em Direito Tribut\u00e1rio pela Escola Superior da Magistratura Federal ESMAFE (2013 - 2014). Atua como um dos principais gestores da Koetz Advocacia realizando a supervis\u00e3o e lideran\u00e7a em todos os setores do escrit\u00f3rio. Em 2021, Eduardo publicou o livro intitulado: Otimizado - O escrit\u00f3rio como empresa escal\u00e1vel pela editora Viseu.","url":"https:\/\/advbox.com.br\/blog\/autor\/comunicacao\/"}]}},"_links":{"self":[{"href":"https:\/\/advbox.com.br\/blog\/wp-json\/wp\/v2\/posts\/37144","targetHints":{"allow":["GET"]}}],"collection":[{"href":"https:\/\/advbox.com.br\/blog\/wp-json\/wp\/v2\/posts"}],"about":[{"href":"https:\/\/advbox.com.br\/blog\/wp-json\/wp\/v2\/types\/post"}],"author":[{"embeddable":true,"href":"https:\/\/advbox.com.br\/blog\/wp-json\/wp\/v2\/users\/43"}],"replies":[{"embeddable":true,"href":"https:\/\/advbox.com.br\/blog\/wp-json\/wp\/v2\/comments?post=37144"}],"version-history":[{"count":10,"href":"https:\/\/advbox.com.br\/blog\/wp-json\/wp\/v2\/posts\/37144\/revisions"}],"predecessor-version":[{"id":79946,"href":"https:\/\/advbox.com.br\/blog\/wp-json\/wp\/v2\/posts\/37144\/revisions\/79946"}],"wp:featuredmedia":[{"embeddable":true,"href":"https:\/\/advbox.com.br\/blog\/wp-json\/wp\/v2\/media\/79776"}],"wp:attachment":[{"href":"https:\/\/advbox.com.br\/blog\/wp-json\/wp\/v2\/media?parent=37144"}],"wp:term":[{"taxonomy":"category","embeddable":true,"href":"https:\/\/advbox.com.br\/blog\/wp-json\/wp\/v2\/categories?post=37144"},{"taxonomy":"post_tag","embeddable":true,"href":"https:\/\/advbox.com.br\/blog\/wp-json\/wp\/v2\/tags?post=37144"}],"curies":[{"name":"wp","href":"https:\/\/api.w.org\/{rel}","templated":true}]}}