{"id":37791,"date":"2021-10-08T18:00:00","date_gmt":"2021-10-08T21:00:00","guid":{"rendered":"https:\/\/advbox.com.br\/blog\/?p=37791"},"modified":"2024-02-27T14:42:35","modified_gmt":"2024-02-27T17:42:35","slug":"direitos-fundamentais","status":"publish","type":"post","link":"https:\/\/advbox.com.br\/blog\/direitos-fundamentais\/","title":{"rendered":"Tudo o que voc\u00ea precisa saber sobre os direitos fundamentais!"},"content":{"rendered":"<p>\u00c9 uma obriga\u00e7\u00e3o de todo advogado conhecer os direitos fundamentais e entender a import\u00e2ncia deles. Embora seja uma das primeiras coisas estudadas durante a gradua\u00e7\u00e3o, \u00e9 comum que muitos profissionais esque\u00e7am conforme o tempo.\u00a0<\/p><p>Entretanto, \u00e9 primordial estud\u00e1-los sempre, visto que o judici\u00e1rio trabalha justamente com os direitos e deveres dos seres humanos.\u00a0<\/p><p>Esse assunto n\u00e3o \u00e9 dif\u00edcil de compreender. Por isso, nesse artigo, separamos algumas informa\u00e7\u00f5es importantes para que voc\u00ea, advogado, renove seus conhecimentos. Acompanhe a leitura e aprenda mais sobre os direitos fundamentais!<\/p><h2 class=\"wp-block-heading\">O que s\u00e3o os direitos fundamentais?<\/h2><p>Os direitos fundamentais s\u00e3o aqueles essenciais \u00e0 condi\u00e7\u00e3o de pessoa humana. Eles costumam estar demonstrados nas constitui\u00e7\u00f5es das na\u00e7\u00f5es. Inclusive, est\u00e3o positivados na <a href=\"https:\/\/advbox.com.br\/blog\/constituicao-federal\/\" target=\"_blank\"><strong>Constitui\u00e7\u00e3o Federal brasileira<\/strong><\/a> (CF).\u00a0<\/p><p>Podem ser considerados direitos b\u00e1sicos da <a href=\"https:\/\/advbox.com.br\/blog\/direitos-de-personalidade\/\" target=\"_blank\"><strong>condi\u00e7\u00e3o humana<\/strong><\/a>, podendo ser individuais, sociais, coletivos e pol\u00edticos.\u00a0<\/p><p>A Constitui\u00e7\u00e3o Federal do Brasil aborda os direitos fundamentais em diversos artigos, principalmente no artigo 5\u00ba. Ressalta-se que ela n\u00e3o apresenta um rol exaustivo, ou seja, ela n\u00e3o aborda todos os direitos.\u00a0<\/p><p>Nela, est\u00e3o expressos alguns deles, mas h\u00e1 os direitos fundamentais impl\u00edcitos, aqueles que n\u00e3o est\u00e3o na CF, mas podem decorrer de outros e merecem o mesmo respeito.\u00a0<\/p><h2 class=\"wp-block-heading\">O que s\u00e3o garantias fundamentais?<\/h2><p>Muito se ouve a express\u00e3o \u201cdireitos e garantias fundamentais\u201d. Embora alguns acreditem serem sin\u00f4nimos, direitos e garantias n\u00e3o s\u00e3o as mesmas coisas.\u00a0<\/p><p>Enquanto os direitos fundamentais s\u00e3o aqueles relacionados com a condi\u00e7\u00e3o de pessoa humana, as garantias fundamentais s\u00e3o as ferramentas que asseguram esses direitos declarados e positivados.\u00a0<\/p><p>Desse modo, enquanto o direito \u00e9 declarat\u00f3rio, as garantias fundamentais servem para garanti-los e proteg\u00ea-los. Em outras palavras, elas visam defender os direitos consagrados pelo ordenamento jur\u00eddico, principalmente os que n\u00e3o est\u00e3o sendo respeitados.\u00a0<\/p><p>Os rem\u00e9dios constitucionais s\u00e3o exemplos de garantias fundamentais. Eles est\u00e3o previstos na Constitui\u00e7\u00e3o e s\u00e3o: <em>habeas data<\/em>, <a href=\"https:\/\/advbox.com.br\/blog\/previdenciaria-habeas-corpus-e-habeas-data\/\" target=\"_blank\"><strong><em>habeas corpus<\/em><\/strong><\/a>, mandado de seguran\u00e7a, mandado de seguran\u00e7a coletivo e o mandado de injun\u00e7\u00e3o.\u00a0<\/p><h2 class=\"wp-block-heading\">Quais s\u00e3o os direitos fundamentais?<\/h2><p>O artigo 5\u00ba da CF, t\u00e3o conhecido e comentado, \u00e9 o que inicia o t\u00edtulo denominado de \u201cDos direitos e garantias fundamentais\u201d.\u00a0<\/p><p>No caput do artigo, j\u00e1 \u00e9 poss\u00edvel perceber alguns desses direitos: o direito \u00e0 vida, \u00e0 liberdade, \u00e0 igualdade, \u00e0 seguran\u00e7a e \u00e0 propriedade. Veja:<\/p><p><em>Art. 5\u00ba Todos s\u00e3o iguais perante a lei, sem distin\u00e7\u00e3o de qualquer natureza, garantindo-se aos brasileiros e aos estrangeiros residentes no Pa\u00eds a inviolabilidade do direito \u00e0 vida, \u00e0 liberdade, \u00e0 igualdade, \u00e0 seguran\u00e7a e \u00e0 propriedade, nos termos seguintes: (&#8230;)<\/em><\/p><p>Abaixo, entenda mais a fundo alguns desses direitos que o caput do artigo traz.\u00a0<\/p><h3 class=\"wp-block-heading\">Direito \u00e0 vida<\/h3><p>Para toda pessoa existir, ela deve ter o seu direito \u00e0 vida garantido. Contudo, engana-se que ele diz respeito somente ao direito de garantir sua exist\u00eancia.\u00a0<\/p><p>Esse direito \u00e9 talvez um dos mais mal interpretados. Isso porque ele tamb\u00e9m se refere ao direito de viver de forma digna, de maneira que sua integridade f\u00edsica e moral seja respeitada. Ou seja, ele deve ser interpretado de forma ampla, n\u00e3o se limitando ao direito de existir.<\/p><h3 class=\"wp-block-heading\">Direito \u00e0 liberdade\u00a0<\/h3><p>O direito \u00e0 <a href=\"https:\/\/advbox.com.br\/blog\/modelos\/criminal-pedido-liberdade-provisoria\/\" target=\"_blank\"><strong>liberdade<\/strong><\/a> diz respeito ao direito de ir e vir, da possibilidade de se expressar livremente, de praticar sua f\u00e9 e religi\u00e3o, liberdade de pensamento, intelectual, pol\u00edtica, o direito de se manifestar, dentre outros.\u00a0<\/p><p>Ou seja, n\u00e3o se refere apenas \u00e0 liberdade f\u00edsica, de poder se locomover, mas a liberdade de ser quem a pessoa \u00e9.\u00a0<\/p><figure class=\"wp-block-image size-full\"><img fetchpriority=\"high\" decoding=\"async\" width=\"1000\" height=\"1000\" src=\"https:\/\/advbox.com.br\/blog\/wp-content\/uploads\/2021\/10\/Direitos-fundamentais.webp\" alt=\"Direitos fundamentais\" class=\"wp-image-44271\" srcset=\"https:\/\/advbox.com.br\/blog\/wp-content\/uploads\/2021\/10\/Direitos-fundamentais.webp 1000w, https:\/\/advbox.com.br\/blog\/wp-content\/uploads\/2021\/10\/Direitos-fundamentais-400x400.webp 400w, https:\/\/advbox.com.br\/blog\/wp-content\/uploads\/2021\/10\/Direitos-fundamentais-768x768.webp 768w\" sizes=\"(max-width: 1000px) 100vw, 1000px\" \/><\/figure><h3 class=\"wp-block-heading\">Direito \u00e0 igualdade\u00a0<\/h3><p>Esse direito fundamental busca demonstrar que todos s\u00e3o iguais perante a lei, sem distin\u00e7\u00e3o nenhuma. Ele diz respeito ao direito de ser tratado igualmente em rela\u00e7\u00e3o aos outros indiv\u00edduos da sociedade.\u00a0<\/p><p>Desse modo, o g\u00eanero, a classe, a ra\u00e7a, etnia, cren\u00e7a religiosa, orienta\u00e7\u00e3o sexual, dentre diversos outros quesitos, n\u00e3o pode ser utilizado para tratar uma pessoa de forma desigual. Todas essas quest\u00f5es s\u00e3o abordadas na CF para impedir esse tratamento equivocado e garantir a isonomia, visto que as diferen\u00e7as existem e precisam ser respeitadas.\u00a0<\/p><p>A igualdade tamb\u00e9m est\u00e1 relacionada com o acesso a bens e <a href=\"https:\/\/advbox.com.br\/blog\/honorarios-contrato-de-prestacao-de-servicos-advocaticios-entre-advogados\/\" target=\"_blank\"><strong>servi\u00e7os<\/strong><\/a>. Todos devem ter o direito de ter as mesmas condi\u00e7\u00f5es materiais e financeiras, o que \u00e9 essencial para combater a desigualdade social e econ\u00f4mica no pa\u00eds.\u00a0<\/p><p>Na pr\u00e1tica, pode ocorrer viola\u00e7\u00f5es desses direitos. Nesse sentido, existem formas previstas em lei que o indiv\u00edduo pode buscar para ter a repara\u00e7\u00e3o pelo dano ocasionado ou para punir o desrespeito ocorrido.<\/p><p>Esses foram apenas tr\u00eas dos direitos fundamentais. Lembre-se que eles n\u00e3o s\u00e3o os \u00fanicos e a lei n\u00e3o \u00e9 taxativa em rela\u00e7\u00e3o a eles, mas sim apresenta um rol exemplificativo. Logo, podem existir direitos que n\u00e3o est\u00e3o expressos na <a href=\"http:\/\/www.planalto.gov.br\/ccivil_03\/constituicao\/constituicao.htm\" target=\"_blank\"><strong>CF<\/strong><\/a>, mas que n\u00e3o deixam de ser importantes.\u00a0<\/p><h2 class=\"wp-block-heading\">Quais s\u00e3o as caracter\u00edsticas dos direitos fundamentais?<\/h2><p>Esses direitos possuem diversas caracter\u00edsticas, que podem ser percebidas e precisam ser respeitadas. Veja abaixo quais s\u00e3o.<\/p><h3 class=\"wp-block-heading\">1.Hist\u00f3ricos<\/h3><p>Os direitos s\u00e3o resultados de um processo hist\u00f3rico, criados dentro de um determinado contexto. Quando foram colocados na CF para se tornarem fundamentais, ocorreram antes acontecimentos que resultaram em diversas viola\u00e7\u00f5es. Assim, a CF j\u00e1 os incluiu para evitar esse desrespeito.<\/p><h3 class=\"wp-block-heading\">2.Imprescrit\u00edveis<\/h3><p>Eles n\u00e3o prescrevem conforme o tempo. Ou seja, n\u00e3o perdem sua import\u00e2ncia com o decurso do tempo. S\u00e3o permanentes.\u00a0<\/p><h3 class=\"wp-block-heading\">3.Irrenunci\u00e1veis<\/h3><p>Os direitos fundamentais n\u00e3o podem ser renunciados.\u00a0<\/p><h3 class=\"wp-block-heading\">4.Inviol\u00e1veis<\/h3><p>Esses direitos n\u00e3o podem ser desrespeitados, n\u00e3o apenas pela sociedade, mas pelas autoridades e legisla\u00e7\u00f5es, sob o risco de responsabiliza\u00e7\u00e3o.\u00a0<\/p><h3 class=\"wp-block-heading\">5. Universais<\/h3><p>Os direitos fundamentais s\u00e3o universais. Logo, s\u00e3o inerentes a todo ser humano, sem restri\u00e7\u00f5es, independente de sua ra\u00e7a, nacionalidade, posicionamento pol\u00edtico, dentre outras condi\u00e7\u00f5es.\u00a0<\/p><h3 class=\"wp-block-heading\">6.Interdepend\u00eancia<\/h3><p>N\u00e3o pode haver direitos, costumes e decis\u00f5es jur\u00eddicas que se chocam com os direitos fundamentais. Todos devem respeitar esses direitos.<\/p><h3 class=\"wp-block-heading\">7.Complementares<\/h3><p>Os direitos fundamentais precisam ser interpretados conjuntamente, para garantir um maior entendimento e respeito total a eles. Ademais, eles se complementam, n\u00e3o sendo diferenciados.\u00a0<\/p><h2 class=\"wp-block-heading\">Qual \u00e9 a import\u00e2ncia dos direitos fundamentais?<\/h2><p>Os direitos fundamentais refletem a hist\u00f3ria e a evolu\u00e7\u00e3o jur\u00eddica de um povo. Eles funcionam como par\u00e2metros para balizar o poder estatal e as atitudes da sociedade, evitando viola\u00e7\u00f5es.<\/p><p>Todo ser humano precisa ter o direito de ser quem \u00e9, viver plenamente, ser tratado com igualdade, ter sua exist\u00eancia assegurada, dentre outras quest\u00f5es. O fato de n\u00e3o poder exercer algum deles j\u00e1 demonstra injusti\u00e7as.\u00a0<\/p><p>Esses direitos fundamentais tamb\u00e9m servem como um limitador do legislador, que n\u00e3o pode criar leis que os prejudique.\u00a0<\/p><h2 class=\"wp-block-heading\">Qual \u00e9 a diferen\u00e7a entre os direitos fundamentais e os direitos humanos?<\/h2><p>Os direitos fundamentais podem ser muito facilmente confundidos com os direitos humanos. Embora estejam interligados, s\u00e3o diferentes.\u00a0<\/p><p>Enquanto os primeiros est\u00e3o positivados no ordenamento jur\u00eddico de um pa\u00eds, os direitos humanos s\u00e3o internacionais, ultrapassando barreiras e n\u00e3o dependem da positiva\u00e7\u00e3o constitucional.\u00a0<\/p><p>Desse modo, os direitos humanos costumam ser os mesmos para todas as na\u00e7\u00f5es. Por outro lado, os direitos fundamentais podem ser diferentes entre um Estado e outro.<\/p><p>Nem todo direito humano \u00e9 tido como direito fundamental e \u00e9 positivado pela constitui\u00e7\u00e3o de um pa\u00eds.<\/p><p>Os direitos fundamentais est\u00e3o na Constitui\u00e7\u00e3o Federal do Brasil em diversos artigos, mas podem ser encontrados principalmente em seu artigo 5\u00ba. <\/p><p>Eles precisam ser conhecidos por todos os juristas, visto que, em caso de viola\u00e7\u00f5es a eles, \u00e9 papel do advogado buscar meios de defend\u00ea-los ou exigir repara\u00e7\u00e3o, em situa\u00e7\u00f5es em que seja a solu\u00e7\u00e3o.\u00a0<\/p><p>Por isso, mantenha sempre seus estudos em dia e saiba identificar os direitos fundamentais no ordenamento jur\u00eddico brasileiro!\u00a0<\/p><p>Aproveite e confira uma \u00faltima leitura! <a href=\"https:\/\/advbox.com.br\/blog\/advogado-a-distancia\/\" target=\"_blank\"><strong>Veja como advogar \u00e0 dist\u00e2ncia e ter um escrit\u00f3rio virtual!<\/strong><\/a><\/p><figure class=\"wp-block-image size-full\"><a href=\"https:\/\/advbox.com.br\/cadastro\/\" target=\"_blank\"><img decoding=\"async\" width=\"760\" height=\"200\" src=\"https:\/\/advbox.com.br\/blog\/wp-content\/uploads\/2022\/07\/CTA-Trial-7.png\" alt=\"trial\" class=\"wp-image-43402\" srcset=\"https:\/\/advbox.com.br\/blog\/wp-content\/uploads\/2022\/07\/CTA-Trial-7.png 760w, https:\/\/advbox.com.br\/blog\/wp-content\/uploads\/2022\/07\/CTA-Trial-7-500x132.png 500w\" sizes=\"(max-width: 760px) 100vw, 760px\" loading=\"lazy\" \/><\/a><\/figure>\n","protected":false},"excerpt":{"rendered":"<p>\u00c9 uma obriga\u00e7\u00e3o de todo advogado conhecer os direitos fundamentais e entender a import\u00e2ncia deles. Embora seja uma das primeiras coisas estudadas durante a gradua\u00e7\u00e3o, \u00e9 comum que muitos profissionais esque\u00e7am conforme o tempo.\u00a0 Entretanto, \u00e9 primordial estud\u00e1-los sempre, visto que o judici\u00e1rio trabalha justamente com os direitos e deveres [&hellip;]<\/p>\n","protected":false},"author":43,"featured_media":37792,"comment_status":"closed","ping_status":"closed","sticky":false,"template":"","format":"standard","meta":{"_acf_changed":false,"om_disable_all_campaigns":false,"footnotes":""},"categories":[717],"tags":[1062,1064,1061,1063],"class_list":["post-37791","post","type-post","status-publish","format-standard","has-post-thumbnail","hentry","category-direito","tag-direitos-da-pessoa-humana-na-cf","tag-direitos-fundamentais-e-direitos-humanos","tag-importancia-dos-direitos-fundamentais","tag-o-minimo-existencial-e-os-direitos-fundamentais"],"acf":[],"yoast_head":"<!-- This site is optimized with the Yoast SEO plugin v26.9 - https:\/\/yoast.com\/product\/yoast-seo-wordpress\/ -->\n<title>Direitos fundamentais: tudo o que voc\u00ea precisa saber!<\/title>\n<meta name=\"description\" content=\"Direitos fundamentais: tudo o que voc\u00ea precisa saber para a sua carreira jur\u00eddica!\" \/>\n<meta name=\"robots\" content=\"index, follow, max-snippet:-1, max-image-preview:large, max-video-preview:-1\" \/>\n<link rel=\"canonical\" href=\"https:\/\/advbox.com.br\/blog\/direitos-fundamentais\/\" \/>\n<meta property=\"og:locale\" content=\"pt_BR\" \/>\n<meta property=\"og:type\" content=\"article\" \/>\n<meta property=\"og:title\" content=\"Direitos fundamentais: tudo o que voc\u00ea precisa saber!\" \/>\n<meta property=\"og:description\" content=\"Direitos fundamentais: tudo o que voc\u00ea precisa saber para a sua carreira jur\u00eddica!\" \/>\n<meta property=\"og:url\" content=\"https:\/\/advbox.com.br\/blog\/direitos-fundamentais\/\" \/>\n<meta property=\"og:site_name\" content=\"Software Jur\u00eddico Completo - ADVBOX\" \/>\n<meta property=\"article:publisher\" content=\"https:\/\/www.facebook.com\/advbox\/\" \/>\n<meta property=\"article:published_time\" content=\"2021-10-08T21:00:00+00:00\" \/>\n<meta property=\"article:modified_time\" content=\"2024-02-27T17:42:35+00:00\" \/>\n<meta property=\"og:image\" content=\"https:\/\/advbox.com.br\/blog\/wp-content\/uploads\/2021\/10\/direitos-fundamentais.jpg\" \/>\n\t<meta property=\"og:image:width\" content=\"640\" \/>\n\t<meta property=\"og:image:height\" content=\"960\" \/>\n\t<meta property=\"og:image:type\" content=\"image\/jpeg\" \/>\n<meta name=\"author\" content=\"Eduardo Koetz\" \/>\n<meta name=\"twitter:card\" content=\"summary_large_image\" \/>\n<meta name=\"twitter:creator\" content=\"@advbox2\" \/>\n<meta name=\"twitter:site\" content=\"@advbox2\" \/>\n<script type=\"application\/ld+json\" class=\"yoast-schema-graph\">{\"@context\":\"https:\/\/schema.org\",\"@graph\":[{\"@type\":\"Article\",\"@id\":\"https:\/\/advbox.com.br\/blog\/direitos-fundamentais\/#article\",\"isPartOf\":{\"@id\":\"https:\/\/advbox.com.br\/blog\/direitos-fundamentais\/\"},\"author\":{\"name\":\"Eduardo Koetz\",\"@id\":\"https:\/\/advbox.com.br\/blog\/#\/schema\/person\/029674387a95515a227f2dd7f49b8dfa\"},\"headline\":\"Tudo o que voc\u00ea precisa saber sobre os direitos fundamentais!\",\"datePublished\":\"2021-10-08T21:00:00+00:00\",\"dateModified\":\"2024-02-27T17:42:35+00:00\",\"mainEntityOfPage\":{\"@id\":\"https:\/\/advbox.com.br\/blog\/direitos-fundamentais\/\"},\"wordCount\":1347,\"publisher\":{\"@id\":\"https:\/\/advbox.com.br\/blog\/#organization\"},\"image\":{\"@id\":\"https:\/\/advbox.com.br\/blog\/direitos-fundamentais\/#primaryimage\"},\"thumbnailUrl\":\"https:\/\/advbox.com.br\/blog\/wp-content\/uploads\/2021\/10\/direitos-fundamentais.jpg\",\"keywords\":[\"direitos da pessoa humana na CF\",\"direitos fundamentais e direitos humanos\",\"import\u00e2ncia dos direitos fundamentais\",\"o m\u00ednimo existencial e os direitos fundamentais\"],\"articleSection\":[\"Direito\"],\"inLanguage\":\"pt-BR\"},{\"@type\":\"WebPage\",\"@id\":\"https:\/\/advbox.com.br\/blog\/direitos-fundamentais\/\",\"url\":\"https:\/\/advbox.com.br\/blog\/direitos-fundamentais\/\",\"name\":\"Direitos fundamentais: tudo o que voc\u00ea precisa saber!\",\"isPartOf\":{\"@id\":\"https:\/\/advbox.com.br\/blog\/#website\"},\"primaryImageOfPage\":{\"@id\":\"https:\/\/advbox.com.br\/blog\/direitos-fundamentais\/#primaryimage\"},\"image\":{\"@id\":\"https:\/\/advbox.com.br\/blog\/direitos-fundamentais\/#primaryimage\"},\"thumbnailUrl\":\"https:\/\/advbox.com.br\/blog\/wp-content\/uploads\/2021\/10\/direitos-fundamentais.jpg\",\"datePublished\":\"2021-10-08T21:00:00+00:00\",\"dateModified\":\"2024-02-27T17:42:35+00:00\",\"description\":\"Direitos fundamentais: tudo o que voc\u00ea precisa saber para a sua carreira jur\u00eddica!\",\"breadcrumb\":{\"@id\":\"https:\/\/advbox.com.br\/blog\/direitos-fundamentais\/#breadcrumb\"},\"inLanguage\":\"pt-BR\",\"potentialAction\":[{\"@type\":\"ReadAction\",\"target\":[\"https:\/\/advbox.com.br\/blog\/direitos-fundamentais\/\"]}]},{\"@type\":\"ImageObject\",\"inLanguage\":\"pt-BR\",\"@id\":\"https:\/\/advbox.com.br\/blog\/direitos-fundamentais\/#primaryimage\",\"url\":\"https:\/\/advbox.com.br\/blog\/wp-content\/uploads\/2021\/10\/direitos-fundamentais.jpg\",\"contentUrl\":\"https:\/\/advbox.com.br\/blog\/wp-content\/uploads\/2021\/10\/direitos-fundamentais.jpg\",\"width\":640,\"height\":960,\"caption\":\"Direitos fundamentais\"},{\"@type\":\"BreadcrumbList\",\"@id\":\"https:\/\/advbox.com.br\/blog\/direitos-fundamentais\/#breadcrumb\",\"itemListElement\":[{\"@type\":\"ListItem\",\"position\":1,\"name\":\"In\u00edcio\",\"item\":\"https:\/\/advbox.com.br\/blog\/\"},{\"@type\":\"ListItem\",\"position\":2,\"name\":\"Direito\",\"item\":\"https:\/\/advbox.com.br\/blog\/direito\/\"},{\"@type\":\"ListItem\",\"position\":3,\"name\":\"Tudo o que voc\u00ea precisa saber sobre os direitos fundamentais!\"}]},{\"@type\":\"WebSite\",\"@id\":\"https:\/\/advbox.com.br\/blog\/#website\",\"url\":\"https:\/\/advbox.com.br\/blog\/\",\"name\":\"Software Jur\u00eddico Completo - ADVBOX\",\"description\":\"Plataforma para Advocacia Digital\",\"publisher\":{\"@id\":\"https:\/\/advbox.com.br\/blog\/#organization\"},\"potentialAction\":[{\"@type\":\"SearchAction\",\"target\":{\"@type\":\"EntryPoint\",\"urlTemplate\":\"https:\/\/advbox.com.br\/blog\/?s={search_term_string}\"},\"query-input\":{\"@type\":\"PropertyValueSpecification\",\"valueRequired\":true,\"valueName\":\"search_term_string\"}}],\"inLanguage\":\"pt-BR\"},{\"@type\":\"Organization\",\"@id\":\"https:\/\/advbox.com.br\/blog\/#organization\",\"name\":\"ADVBOX Blog - Software jur\u00eddico da advocacia digital\",\"url\":\"https:\/\/advbox.com.br\/blog\/\",\"logo\":{\"@type\":\"ImageObject\",\"inLanguage\":\"pt-BR\",\"@id\":\"https:\/\/advbox.com.br\/blog\/#\/schema\/logo\/image\/\",\"url\":\"https:\/\/advbox.com.br\/blog\/wp-content\/uploads\/2019\/12\/Como-aumentar-a-produtividade_.jpg\",\"contentUrl\":\"https:\/\/advbox.com.br\/blog\/wp-content\/uploads\/2019\/12\/Como-aumentar-a-produtividade_.jpg\",\"width\":320,\"height\":213,\"caption\":\"ADVBOX Blog - Software jur\u00eddico da advocacia digital\"},\"image\":{\"@id\":\"https:\/\/advbox.com.br\/blog\/#\/schema\/logo\/image\/\"},\"sameAs\":[\"https:\/\/www.facebook.com\/advbox\/\",\"https:\/\/x.com\/advbox2\"]},{\"@type\":\"Person\",\"@id\":\"https:\/\/advbox.com.br\/blog\/#\/schema\/person\/029674387a95515a227f2dd7f49b8dfa\",\"name\":\"Eduardo Koetz\",\"description\":\"Eduardo Koetz \u00e9 advogado, escritor, s\u00f3cio e fundador da Koetz Advocacia e CEO da empresa de software jur\u00eddico Advbox. Possui bacharel em Direito pela Universidade do Vale do Rio dos Sinos (Unisinos). Possui tanto registros na Ordem dos Advogados do Brasil - OAB (OAB\/SC 42.934, OAB\/RS 73.409, OAB\/PR 72.951, OAB\/SP 435.266, OAB\/MG 204.531, OAB\/MG 204.531), como na Ordem dos Advogados de Portugal - OA ( OA\/Portugal 69.512L).swdsasdw \u00c9 p\u00f3s-graduado em Direito do Trabalho pela Universidade Federal do Rio Grande do Sul (2011- 2012) e em Direito Tribut\u00e1rio pela Escola Superior da Magistratura Federal ESMAFE (2013 - 2014). Atua como um dos principais gestores da Koetz Advocacia realizando a supervis\u00e3o e lideran\u00e7a em todos os setores do escrit\u00f3rio. Em 2021, Eduardo publicou o livro intitulado: Otimizado - O escrit\u00f3rio como empresa escal\u00e1vel pela editora Viseu.\",\"url\":\"https:\/\/advbox.com.br\/blog\/autor\/comunicacao\/\"}]}<\/script>\n<!-- \/ Yoast SEO plugin. -->","yoast_head_json":{"title":"Direitos fundamentais: tudo o que voc\u00ea precisa saber!","description":"Direitos fundamentais: tudo o que voc\u00ea precisa saber para a sua carreira jur\u00eddica!","robots":{"index":"index","follow":"follow","max-snippet":"max-snippet:-1","max-image-preview":"max-image-preview:large","max-video-preview":"max-video-preview:-1"},"canonical":"https:\/\/advbox.com.br\/blog\/direitos-fundamentais\/","og_locale":"pt_BR","og_type":"article","og_title":"Direitos fundamentais: tudo o que voc\u00ea precisa saber!","og_description":"Direitos fundamentais: tudo o que voc\u00ea precisa saber para a sua carreira jur\u00eddica!","og_url":"https:\/\/advbox.com.br\/blog\/direitos-fundamentais\/","og_site_name":"Software Jur\u00eddico Completo - ADVBOX","article_publisher":"https:\/\/www.facebook.com\/advbox\/","article_published_time":"2021-10-08T21:00:00+00:00","article_modified_time":"2024-02-27T17:42:35+00:00","og_image":[{"width":640,"height":960,"url":"https:\/\/advbox.com.br\/blog\/wp-content\/uploads\/2021\/10\/direitos-fundamentais.jpg","type":"image\/jpeg"}],"author":"Eduardo Koetz","twitter_card":"summary_large_image","twitter_creator":"@advbox2","twitter_site":"@advbox2","schema":{"@context":"https:\/\/schema.org","@graph":[{"@type":"Article","@id":"https:\/\/advbox.com.br\/blog\/direitos-fundamentais\/#article","isPartOf":{"@id":"https:\/\/advbox.com.br\/blog\/direitos-fundamentais\/"},"author":{"name":"Eduardo Koetz","@id":"https:\/\/advbox.com.br\/blog\/#\/schema\/person\/029674387a95515a227f2dd7f49b8dfa"},"headline":"Tudo o que voc\u00ea precisa saber sobre os direitos fundamentais!","datePublished":"2021-10-08T21:00:00+00:00","dateModified":"2024-02-27T17:42:35+00:00","mainEntityOfPage":{"@id":"https:\/\/advbox.com.br\/blog\/direitos-fundamentais\/"},"wordCount":1347,"publisher":{"@id":"https:\/\/advbox.com.br\/blog\/#organization"},"image":{"@id":"https:\/\/advbox.com.br\/blog\/direitos-fundamentais\/#primaryimage"},"thumbnailUrl":"https:\/\/advbox.com.br\/blog\/wp-content\/uploads\/2021\/10\/direitos-fundamentais.jpg","keywords":["direitos da pessoa humana na CF","direitos fundamentais e direitos humanos","import\u00e2ncia dos direitos fundamentais","o m\u00ednimo existencial e os direitos fundamentais"],"articleSection":["Direito"],"inLanguage":"pt-BR"},{"@type":"WebPage","@id":"https:\/\/advbox.com.br\/blog\/direitos-fundamentais\/","url":"https:\/\/advbox.com.br\/blog\/direitos-fundamentais\/","name":"Direitos fundamentais: tudo o que voc\u00ea precisa saber!","isPartOf":{"@id":"https:\/\/advbox.com.br\/blog\/#website"},"primaryImageOfPage":{"@id":"https:\/\/advbox.com.br\/blog\/direitos-fundamentais\/#primaryimage"},"image":{"@id":"https:\/\/advbox.com.br\/blog\/direitos-fundamentais\/#primaryimage"},"thumbnailUrl":"https:\/\/advbox.com.br\/blog\/wp-content\/uploads\/2021\/10\/direitos-fundamentais.jpg","datePublished":"2021-10-08T21:00:00+00:00","dateModified":"2024-02-27T17:42:35+00:00","description":"Direitos fundamentais: tudo o que voc\u00ea precisa saber para a sua carreira jur\u00eddica!","breadcrumb":{"@id":"https:\/\/advbox.com.br\/blog\/direitos-fundamentais\/#breadcrumb"},"inLanguage":"pt-BR","potentialAction":[{"@type":"ReadAction","target":["https:\/\/advbox.com.br\/blog\/direitos-fundamentais\/"]}]},{"@type":"ImageObject","inLanguage":"pt-BR","@id":"https:\/\/advbox.com.br\/blog\/direitos-fundamentais\/#primaryimage","url":"https:\/\/advbox.com.br\/blog\/wp-content\/uploads\/2021\/10\/direitos-fundamentais.jpg","contentUrl":"https:\/\/advbox.com.br\/blog\/wp-content\/uploads\/2021\/10\/direitos-fundamentais.jpg","width":640,"height":960,"caption":"Direitos fundamentais"},{"@type":"BreadcrumbList","@id":"https:\/\/advbox.com.br\/blog\/direitos-fundamentais\/#breadcrumb","itemListElement":[{"@type":"ListItem","position":1,"name":"In\u00edcio","item":"https:\/\/advbox.com.br\/blog\/"},{"@type":"ListItem","position":2,"name":"Direito","item":"https:\/\/advbox.com.br\/blog\/direito\/"},{"@type":"ListItem","position":3,"name":"Tudo o que voc\u00ea precisa saber sobre os direitos fundamentais!"}]},{"@type":"WebSite","@id":"https:\/\/advbox.com.br\/blog\/#website","url":"https:\/\/advbox.com.br\/blog\/","name":"Software Jur\u00eddico Completo - ADVBOX","description":"Plataforma para Advocacia Digital","publisher":{"@id":"https:\/\/advbox.com.br\/blog\/#organization"},"potentialAction":[{"@type":"SearchAction","target":{"@type":"EntryPoint","urlTemplate":"https:\/\/advbox.com.br\/blog\/?s={search_term_string}"},"query-input":{"@type":"PropertyValueSpecification","valueRequired":true,"valueName":"search_term_string"}}],"inLanguage":"pt-BR"},{"@type":"Organization","@id":"https:\/\/advbox.com.br\/blog\/#organization","name":"ADVBOX Blog - Software jur\u00eddico da advocacia digital","url":"https:\/\/advbox.com.br\/blog\/","logo":{"@type":"ImageObject","inLanguage":"pt-BR","@id":"https:\/\/advbox.com.br\/blog\/#\/schema\/logo\/image\/","url":"https:\/\/advbox.com.br\/blog\/wp-content\/uploads\/2019\/12\/Como-aumentar-a-produtividade_.jpg","contentUrl":"https:\/\/advbox.com.br\/blog\/wp-content\/uploads\/2019\/12\/Como-aumentar-a-produtividade_.jpg","width":320,"height":213,"caption":"ADVBOX Blog - Software jur\u00eddico da advocacia digital"},"image":{"@id":"https:\/\/advbox.com.br\/blog\/#\/schema\/logo\/image\/"},"sameAs":["https:\/\/www.facebook.com\/advbox\/","https:\/\/x.com\/advbox2"]},{"@type":"Person","@id":"https:\/\/advbox.com.br\/blog\/#\/schema\/person\/029674387a95515a227f2dd7f49b8dfa","name":"Eduardo Koetz","description":"Eduardo Koetz \u00e9 advogado, escritor, s\u00f3cio e fundador da Koetz Advocacia e CEO da empresa de software jur\u00eddico Advbox. Possui bacharel em Direito pela Universidade do Vale do Rio dos Sinos (Unisinos). Possui tanto registros na Ordem dos Advogados do Brasil - OAB (OAB\/SC 42.934, OAB\/RS 73.409, OAB\/PR 72.951, OAB\/SP 435.266, OAB\/MG 204.531, OAB\/MG 204.531), como na Ordem dos Advogados de Portugal - OA ( OA\/Portugal 69.512L).swdsasdw \u00c9 p\u00f3s-graduado em Direito do Trabalho pela Universidade Federal do Rio Grande do Sul (2011- 2012) e em Direito Tribut\u00e1rio pela Escola Superior da Magistratura Federal ESMAFE (2013 - 2014). Atua como um dos principais gestores da Koetz Advocacia realizando a supervis\u00e3o e lideran\u00e7a em todos os setores do escrit\u00f3rio. Em 2021, Eduardo publicou o livro intitulado: Otimizado - O escrit\u00f3rio como empresa escal\u00e1vel pela editora Viseu.","url":"https:\/\/advbox.com.br\/blog\/autor\/comunicacao\/"}]}},"_links":{"self":[{"href":"https:\/\/advbox.com.br\/blog\/wp-json\/wp\/v2\/posts\/37791","targetHints":{"allow":["GET"]}}],"collection":[{"href":"https:\/\/advbox.com.br\/blog\/wp-json\/wp\/v2\/posts"}],"about":[{"href":"https:\/\/advbox.com.br\/blog\/wp-json\/wp\/v2\/types\/post"}],"author":[{"embeddable":true,"href":"https:\/\/advbox.com.br\/blog\/wp-json\/wp\/v2\/users\/43"}],"replies":[{"embeddable":true,"href":"https:\/\/advbox.com.br\/blog\/wp-json\/wp\/v2\/comments?post=37791"}],"version-history":[{"count":3,"href":"https:\/\/advbox.com.br\/blog\/wp-json\/wp\/v2\/posts\/37791\/revisions"}],"predecessor-version":[{"id":59003,"href":"https:\/\/advbox.com.br\/blog\/wp-json\/wp\/v2\/posts\/37791\/revisions\/59003"}],"wp:featuredmedia":[{"embeddable":true,"href":"https:\/\/advbox.com.br\/blog\/wp-json\/wp\/v2\/media\/37792"}],"wp:attachment":[{"href":"https:\/\/advbox.com.br\/blog\/wp-json\/wp\/v2\/media?parent=37791"}],"wp:term":[{"taxonomy":"category","embeddable":true,"href":"https:\/\/advbox.com.br\/blog\/wp-json\/wp\/v2\/categories?post=37791"},{"taxonomy":"post_tag","embeddable":true,"href":"https:\/\/advbox.com.br\/blog\/wp-json\/wp\/v2\/tags?post=37791"}],"curies":[{"name":"wp","href":"https:\/\/api.w.org\/{rel}","templated":true}]}}