{"id":3881,"date":"2025-06-27T14:18:13","date_gmt":"2025-06-27T17:18:13","guid":{"rendered":"http:\/\/advbox.com.br\/blog\/?p=3881"},"modified":"2025-06-30T14:40:33","modified_gmt":"2025-06-30T17:40:33","slug":"constituicao-federal","status":"publish","type":"post","link":"https:\/\/advbox.com.br\/blog\/constituicao-federal\/","title":{"rendered":"Para que serve a Constitui\u00e7\u00e3o Brasileira? Saiba a import\u00e2ncia"},"content":{"rendered":"<h1 class=\"wp-block-heading\">Para que serve a Constitui\u00e7\u00e3o Brasileira? Saiba a import\u00e2ncia<\/h1><p>A Constitui\u00e7\u00e3o Federal do Brasil \u00e9 muito mais do que um conjunto de normas: ela \u00e9 o alicerce que sustenta nossa democracia, garante direitos e organiza o funcionamento do Estado.<\/p><p>Criada em um momento de grandes transforma\u00e7\u00f5es no pa\u00eds, ela representa um marco na consolida\u00e7\u00e3o da cidadania e da liberdade.\u00a0<\/p><p>Neste conte\u00fado, voc\u00ea vai entender por que a Constitui\u00e7\u00e3o \u00e9 t\u00e3o importante e como ela est\u00e1 estruturada para garantir justi\u00e7a, igualdade e progresso social.<\/p><h2 class=\"wp-block-heading\">O que \u00e9 e para que serve a constitui\u00e7\u00e3o do Brasil?<\/h2><p><strong>A Constitui\u00e7\u00e3o do Brasil \u00e9 a lei m\u00e1xima do pa\u00eds, ou seja, a norma mais importante do sistema jur\u00eddico brasileiro<\/strong>. Sendo assim, ela <strong>define os direitos e deveres dos cidad\u00e3os, organiza os poderes do Estado (Executivo, Legislativo e Judici\u00e1rio) e estabelece os princ\u00edpios fundamentais da na\u00e7\u00e3o<\/strong>, como a soberania, a cidadania, a dignidade da pessoa humana e os valores sociais do trabalho e da livre iniciativa.<\/p><p>Mas, para que serve a Constitui\u00e7\u00e3o? Primeiramente, para garantir direitos, como liberdade de express\u00e3o, direito \u00e0 vida, \u00e0 educa\u00e7\u00e3o, \u00e0 sa\u00fade, entre outros. Assim como organizar o Estado, definindo como funcionam os poderes, os entes federativos (Uni\u00e3o, Estados, Munic\u00edpios e Distrito Federal) e suas compet\u00eancias.<\/p><p>Al\u00e9m disso, ela tamb\u00e9m \u00e9 importante para <strong>proteger a democracia<\/strong>. Afinal, estabelece regras para elei\u00e7\u00f5es, partidos pol\u00edticos e participa\u00e7\u00e3o popular. Outra fun\u00e7\u00e3o da Constitui\u00e7\u00e3o \u00e9 <strong>estabelecer limites para o governo<\/strong>. Ou seja, ningu\u00e9m est\u00e1 acima da Constitui\u00e7\u00e3o, nem mesmo o presidente da Rep\u00fablica.<\/p><h2 class=\"wp-block-heading\">Por que a Constitui\u00e7\u00e3o de 1988 foi criada?<\/h2><p>A Constitui\u00e7\u00e3o de 1988 foi criada <strong>como resposta \u00e0 ditadura militar que governou o Brasil de 1964 a 1985<\/strong>. Durante esse per\u00edodo, muitos direitos civis foram suprimidos, como a <a href=\"https:\/\/advbox.com.br\/blog\/liberdade-de-expressao\/\" target=\"_blank\">liberdade de express\u00e3o<\/a>, o direito \u00e0 oposi\u00e7\u00e3o pol\u00edtica e o <a href=\"https:\/\/advbox.com.br\/blog\/modelos\/habeas-corpus-5\/\" target=\"_blank\">habeas corpus<\/a>.<\/p><p>Com o fim do regime militar, <strong>era necess\u00e1rio restaurar a democracia, garantir os direitos individuais e coletivos, ampliar a participa\u00e7\u00e3o popular e promover justi\u00e7a social<\/strong>. Por isso, ela ficou conhecida como a &#8220;Constitui\u00e7\u00e3o Cidad\u00e3&#8221;, justamente porque priorizou os direitos dos cidad\u00e3os e estabeleceu um marco democr\u00e1tico, social e jur\u00eddico fundamental para o pa\u00eds.<\/p><h3 class=\"wp-block-heading\">Hist\u00f3ria da Constitui\u00e7\u00e3o Federal de 1988<\/h3><p>A ditadura militar teve in\u00edcio no Brasil no ano de 1964 e, <strong>em 1967, passou a ter uma constitui\u00e7\u00e3o baseada nos Atos Institucionais (os AIs)<\/strong>. Os AIs legalizavam e legitimavam a\u00e7\u00f5es policiais e militares, concedendo ao governo poder extra-constitucional.<\/p><p>O per\u00edodo tamb\u00e9m veio a ser <strong>conhecido como \u201cregime de exce\u00e7\u00e3o\u201d<\/strong>, com o objetivo de garantir interesses da ditadura e ignorando direitos sociais e individuais da popula\u00e7\u00e3o.<\/p><p><strong>Em 1985<\/strong>, com o fim do regime militar, <strong>o pa\u00eds passou por um processo de redemocratiza\u00e7\u00e3o<\/strong>. Isso <strong>resultou na elabora\u00e7\u00e3o da nossa atual Constitui\u00e7\u00e3o<\/strong>, aprovada em 22 de setembro de 1988 e promulgada em 5 de outubro do mesmo ano.<\/p><p>A elabora\u00e7\u00e3o aconteceu <strong>atrav\u00e9s da Assembleia Nacional Constituinte de 1987<\/strong>, instalada no congresso no dia 1\u00ba de fevereiro de 1987.<\/p><p>A Assembleia foi formada como resultado do compromisso assumido durante a campanha do presidente Tancredo Neves, eleito por voto indireto ap\u00f3s o fim da ditadura. Entretanto, Tancredo morreu antes de assumir o cargo, tornando seu vice, Jos\u00e9 Sarney, o 31\u00ba presidente do Brasil.<\/p><p>Sarney instalou a Assembleia, que era presidida por Ulysses Guimar\u00e3es e contava com 559 congressistas. <strong>Ap\u00f3s 1 ano, 7 meses e 21 dias, o texto final da Constitui\u00e7\u00e3o foi votado e aprovado<\/strong>. A quantidade de materiais e documentos envolvidos para a composi\u00e7\u00e3o da Constitui\u00e7\u00e3o, durante o per\u00edodo de sua elabora\u00e7\u00e3o, foi gigantesca:<\/p><ul class=\"wp-block-list has-small-font-size\">\n<li>Mais de 212 mil fichas de emendas e projetos;<\/li>\n\n\n\n<li>Mais de dez bases de dados para acesso a informa\u00e7\u00f5es dispon\u00edveis por mais de 150 institui\u00e7\u00f5es p\u00fablicas e privadas;<\/li>\n\n\n\n<li>308 di\u00e1rios divididos em 48 volumes;<\/li>\n\n\n\n<li>2 mil caixas com documentos originais assinados;<\/li>\n\n\n\n<li>215 fitas cassete;<\/li>\n\n\n\n<li>1.270 fotos;<\/li>\n\n\n\n<li>2.865 fitas com grava\u00e7\u00f5es de \u00e1udio das sess\u00f5es;<\/li>\n\n\n\n<li>Diversos outros documentos armazenados em bibliotecas.<\/li>\n<\/ul><h2 class=\"wp-block-heading\">Qual \u00e9 a import\u00e2ncia da Constitui\u00e7\u00e3o da Rep\u00fablica Federativa do Brasil?<\/h2><p><strong>A Constitui\u00e7\u00e3o da Rep\u00fablica Federativa do Brasil \u00e9 a base do sistema jur\u00eddico e pol\u00edtico do pa\u00eds.<\/strong> Ela garante os direitos e deveres dos cidad\u00e3os, assegura liberdades individuais e coletivas e estabelece os princ\u00edpios fundamentais que regem o Estado.\u00a0<\/p><p>Al\u00e9m disso, ela organiza a estrutura do governo, definindo as fun\u00e7\u00f5es dos poderes Executivo, Legislativo e Judici\u00e1rio, e delimitando suas compet\u00eancias. Isso <strong>garante que nenhum poder atue de forma autorit\u00e1ria ou acima da lei<\/strong>.<\/p><p><strong>Outro ponto fundamental \u00e9 que a Constitui\u00e7\u00e3o protege a democracia e o Estado de Direito. <\/strong>Ela garante o voto direto, secreto e peri\u00f3dico, al\u00e9m de permitir a participa\u00e7\u00e3o popular nas decis\u00f5es pol\u00edticas.\u00a0<\/p><p>Com isso, <strong>assegura a soberania do povo e impede abusos de poder por parte dos governantes<\/strong>. Por tudo isso, a Constitui\u00e7\u00e3o \u00e9 essencial para manter a ordem, a justi\u00e7a social e a estabilidade institucional no Brasil.<\/p><h2 class=\"wp-block-heading\">Como a Constitui\u00e7\u00e3o Brasileira est\u00e1 organizada?<\/h2><p>A Constitui\u00e7\u00e3o Brasileira de 1988 est\u00e1 <strong>organizada de forma sistem\u00e1tica e dividida em t\u00edtulos, cap\u00edtulos, se\u00e7\u00f5es, artigos, par\u00e1grafos e incisos<\/strong>. <\/p><p>Ela come\u00e7a com o Pre\u00e2mbulo, que apresenta os valores e objetivos da Carta Magna, seguido por nove t\u00edtulos que tratam dos mais diversos assuntos, como princ\u00edpios fundamentais, direitos e garantias, organiza\u00e7\u00e3o do Estado e dos Poderes, ordem econ\u00f4mica e social, entre outros.\u00a0<\/p><p>Confira a seguir um pouco mais sobre como a Constitui\u00e7\u00e3o Brasileira est\u00e1 organizada.\u00a0<\/p><h3 class=\"wp-block-heading\">Capa da Constitui\u00e7\u00e3o<\/h3><p>A capa da Constitui\u00e7\u00e3o Brasileira foi <strong>criada por Cosme Coelho da Rocha no ano de 1988 e foi aprovada por Ulysses Guimar\u00e3es<\/strong>. Ela apresenta a bandeira do Brasil de maneira minimalista e na vertical.<\/p><p>As estrelas e a faixa com os dizeres \u201cOrdem e Progresso\u201d foram removidos, deixando apenas as formas geom\u00e9tricas e as cores relativas \u00e0 bandeira. O sentido vertical da bandeira foi proposital para representar o crescimento da na\u00e7\u00e3o.<\/p><h3 class=\"wp-block-heading\">Principais inspira\u00e7\u00f5es da Constitui\u00e7\u00e3o Federal<\/h3><p>Durante o processo de cria\u00e7\u00e3o, a Constitui\u00e7\u00e3o Federal foi influenciada por algumas outras obras, sendo as principais delas:<\/p><ul class=\"wp-block-list\">\n<li class=\"has-small-font-size\"><strong>Reformas de Base: <\/strong>Uma s\u00e9rie de reformas propostas pelo presidente Jo\u00e3o Goulart em 1964. Tinham como objetivo acabar com monop\u00f3lios econ\u00f4micos de estatais, permitir que analfabetos votassem e que as propriedades tivessem fun\u00e7\u00e3o social;<\/li>\n\n\n\n<li class=\"has-small-font-size\"><strong>Constitui\u00e7\u00e3o Portuguesa de 1976:<\/strong> O Brasil surgiu como uma col\u00f4nia portuguesa, e essa foi a constitui\u00e7\u00e3o base usada para a elabora\u00e7\u00e3o da nossa pr\u00f3pria constitui\u00e7\u00e3o. Inclusive na sua estrutura organizacional (divis\u00e3o por cap\u00edtulos, artigos, incisos, etc);<\/li>\n\n\n\n<li class=\"has-small-font-size\"><strong>Constitui\u00e7\u00e3o Dirigente:<\/strong> Uma ideia do jurista Jos\u00e9 Gomes Canotilho em sua obra \u201cConstitui\u00e7\u00e3o Dirigente e Vincula\u00e7\u00e3o do Legislador\u201d, de 1982. Pode ser tratado como o cora\u00e7\u00e3o da Constitui\u00e7\u00e3o Federal, pois traz a ideia de que tudo que nela est\u00e1 contido deve perseguir um objetivo do Estado.\u00a0<\/li>\n<\/ul><h3 class=\"wp-block-heading\">Para que serve a Constitui\u00e7\u00e3o Federal?<\/h3><p>Com a Constitui\u00e7\u00e3o Federal em vigor, tamb\u00e9m chamada de Constitui\u00e7\u00e3o Cidad\u00e3,<strong> o cidad\u00e3o brasileiro passou a ter diversos direitos assegurados<\/strong>, com a prote\u00e7\u00e3o do <a href=\"https:\/\/advbox.com.br\/blog\/estrutura-do-poder-judiciario\/\" target=\"_blank\">Poder Judici\u00e1rio<\/a> para garanti-los.<\/p><p>\u00c0 \u00e9poca, ap\u00f3s os eventos do regime militar, a medida destaque da Constitui\u00e7\u00e3o para demonstrar a garantia desses direitos foi tornar crime inafian\u00e7\u00e1vel qualquer ato de tortura e a\u00e7\u00f5es armadas contra o estado democr\u00e1tico que ameacem a ordem constitucional. Isso ajudaria a impedir que houvesse um novo golpe, pol\u00edtico ou militar, contra o Brasil.<\/p><p>Em geral, \u00e9 a Constitui\u00e7\u00e3o quem determina os direitos e garantias do cidad\u00e3o brasileiro. \u00c9 a mais extensa Constitui\u00e7\u00e3o da hist\u00f3ria do Brasil. Mais do que isso, \u00e9 considerada uma das mais avan\u00e7adas do mundo.<\/p><p>A Constitui\u00e7\u00e3o tamb\u00e9m teve influ\u00eancia direta no funcionamento do Minist\u00e9rio P\u00fablico. Antes dela, o Minist\u00e9rio P\u00fablico era subordinado ao Poder Judici\u00e1rio. Hoje, possui plena autonomia aos Poderes do Estado, o que permite mais agilidade e maiores possibilidades no combate \u00e0 corrup\u00e7\u00e3o.<\/p><h3 class=\"wp-block-heading\">Estrutura da Constitui\u00e7\u00e3o Federal e seu conte\u00fado<\/h3><p>A Constitui\u00e7\u00e3o Federal \u00e9 separada em nove t\u00edtulos. Os t\u00edtulos podem ser divididos por cap\u00edtulos. Cada item que a comp\u00f5e \u00e9 chamado de \u201cartigo\u201d e pode ser acompanhados de ressalvas e especifica\u00e7\u00f5es chamados \u201cincisos\u201c, al\u00e9m de anota\u00e7\u00f5es chamadas \u201cpar\u00e1grafos\u201c. Portanto, essa \u00e9 a hierarquia de estrutura da Constitui\u00e7\u00e3o:<\/p><p>T\u00edtulo > Cap\u00edtulo > Artigo > Inciso > Par\u00e1grafo<\/p><figure class=\"wp-block-image size-large\"><img fetchpriority=\"high\" decoding=\"async\" width=\"1024\" height=\"611\" src=\"https:\/\/advbox.com.br\/blog\/wp-content\/uploads\/2025\/06\/para-que-serve-a-constituicao-brasileira-1024x611.webp\" alt=\"para que serve a constitui\u00e7\u00e3o brasileira\" class=\"wp-image-75343\" srcset=\"https:\/\/advbox.com.br\/blog\/wp-content\/uploads\/2025\/06\/para-que-serve-a-constituicao-brasileira-scaled.webp 1024w, https:\/\/advbox.com.br\/blog\/wp-content\/uploads\/2025\/06\/para-que-serve-a-constituicao-brasileira-500x298.webp 500w, https:\/\/advbox.com.br\/blog\/wp-content\/uploads\/2025\/06\/para-que-serve-a-constituicao-brasileira-768x458.webp 768w, https:\/\/advbox.com.br\/blog\/wp-content\/uploads\/2025\/06\/para-que-serve-a-constituicao-brasileira-1536x917.webp 1536w, https:\/\/advbox.com.br\/blog\/wp-content\/uploads\/2025\/06\/para-que-serve-a-constituicao-brasileira-2048x1222.webp 2048w, https:\/\/advbox.com.br\/blog\/wp-content\/uploads\/2025\/06\/para-que-serve-a-constituicao-brasileira-150x90.webp 150w\" sizes=\"(max-width: 1024px) 100vw, 1024px\" \/><\/figure><h4 class=\"wp-block-heading\">T\u00edtulo I \u2013 Princ\u00edpios Fundamentais<\/h4><p>Traz os quatro primeiros artigos, que <strong>estabelecem bases pol\u00edticas, sociais, administrativas e jur\u00eddicas<\/strong>. S\u00e3o artigos que regulam a estrutura da sociedade, o papel dos Poderes do Estado, as liberdades pol\u00edticas e ideol\u00f3gicas, a cidadania, a dignidade humana, al\u00e9m de defender o desejo por uma sociedade justa, solid\u00e1ria, igualit\u00e1ria, livre de preconceitos e que busca pelo desenvolvimento da na\u00e7\u00e3o.<\/p><h4 class=\"wp-block-heading\">T\u00edtulo II \u2013 Direitos e Garantias Fundamentais<\/h4><p>Comporta do 5\u00ba ao 17\u00ba artigo e <strong>diz respeito aos deveres, direitos e garantias do cidad\u00e3o brasileiro<\/strong>. Esses artigos sistematizam entendimentos b\u00e1sicos que regulam a vida social, pol\u00edtica e jur\u00eddica no Brasil. <\/p><p>\u00c9 dividido em cinco cap\u00edtulos, que s\u00e3o: Direitos e Deveres Individuais e Coletivos, Direitos Sociais, Nacionalidade, Direitos Pol\u00edticos e Partidos Pol\u00edticos.<\/p><h4 class=\"wp-block-heading\">T\u00edtulo III \u2013 Organiza\u00e7\u00e3o do Estado<\/h4><p>Abrange do artigo 18 ao artigo 43 e <strong>rege as estruturas pol\u00edtico-administrativas<\/strong>. Ou seja, as responsabilidades da Uni\u00e3o, dos Estados, do Distrito Federal e dos Munic\u00edpios. <\/p><p>Tamb\u00e9m estabelece limites geogr\u00e1ficos, regionais e econ\u00f4micos, aborda interven\u00e7\u00f5es em entes federativos e falam sobre administra\u00e7\u00e3o p\u00fablica e servidores p\u00fablicos.<\/p><h4 class=\"wp-block-heading\">T\u00edtulo IV \u2013 Organiza\u00e7\u00e3o dos Poderes<\/h4><p>Estrutura, do artigo 44 ao 135, <strong>a organiza\u00e7\u00e3o e atribui\u00e7\u00f5es dos Poderes Executivo, Legislativo e Judici\u00e1rio<\/strong>, bem como seus membros e procedimentos.<\/p><h4 class=\"wp-block-heading\">T\u00edtulo V \u2013 Defesa do Estado e das Institui\u00e7\u00f5es Democr\u00e1ticas<\/h4><p><strong>Diz respeito \u00e0 seguran\u00e7a nacional<\/strong> e aborda, do artigo 136 ao 144, a regulamenta\u00e7\u00e3o para interven\u00e7\u00e3o do Governo Federal atrav\u00e9s de decretos, incluindo a necessidade do uso das For\u00e7as Armadas e da Seguran\u00e7a P\u00fablica. Tamb\u00e9m discorre sobre Estado de Defesa e Estado de S\u00edtio.<\/p><h4 class=\"wp-block-heading\">T\u00edtulo VI \u2013 Tributa\u00e7\u00e3o e Or\u00e7amento<\/h4><p>D<strong>efine as regras de or\u00e7amento p\u00fablico e as possibilidades de tributa\u00e7\u00e3o<\/strong> por parte dos poderes p\u00fablicos (Uni\u00e3o, Estados, Distrito Federal e Munic\u00edpios) para gerar receita. Vai do artigo 145 ao 169.<\/p><h4 class=\"wp-block-heading\">T\u00edtulo VII \u2013 Ordem Econ\u00f4mica e Financeira<\/h4><p>Composto do artigo 170 ao 192,<strong> regula o sistema financeiro nacional<\/strong> atrav\u00e9s de atividades econ\u00f4micas, como normas de pol\u00edticas urbanas, agr\u00e1rias, agr\u00edcolas, etc.<\/p><h4 class=\"wp-block-heading\">T\u00edtulo VIII \u2013 Ordem Social<\/h4><p>Fala do artigo 193 ao 232 sobre<strong> bom conv\u00edvio dos cidad\u00e3os e desenvolvimento social<\/strong>. Tamb\u00e9m <strong>estabelece deveres do Estado<\/strong>, como Educa\u00e7\u00e3o, Cultura, Sa\u00fade, Esporte, Fam\u00edlia, Meio Ambiente, Comunica\u00e7\u00e3o, Ci\u00eancia, Tecnologia e Popula\u00e7\u00f5es Ind\u00edgenas.<\/p><h4 class=\"wp-block-heading\">T\u00edtulo IX \u2013 Disposi\u00e7\u00f5es Constitucionais Gerais<\/h4><p>Come\u00e7a no artigo 234 (pois o 233 foi revogado) e vai at\u00e9 o artigo 250. \u00c9 o t\u00edtulo final, que <strong>pontua outros temas que n\u00e3o foram abordados nos demais t\u00edtulos <\/strong>por serem quest\u00f5es muito espec\u00edficas.<\/p><p>E por que o artigo 233 foi revogado? Por causa de uma Emenda Constitucional que o substituiu por completo.<\/p><h2 class=\"wp-block-heading\">Quais s\u00e3o os direitos fundamentais garantidos pela Constitui\u00e7\u00e3o?<\/h2><p>Os <a href=\"https:\/\/advbox.com.br\/blog\/direitos-fundamentais\/\" target=\"_blank\">direitos fundamentais<\/a> garantidos pela Constitui\u00e7\u00e3o Federal de 1988 est\u00e3o previstos principalmente no T\u00edtulo II, que vai do artigo 5\u00ba ao 17. Esses direitos s\u00e3o <strong>essenciais para garantir a liberdade, a igualdade, a dignidade e a justi\u00e7a para todos os cidad\u00e3os brasileiros<\/strong>. Eles podem ser divididos em cinco grandes grupos:<\/p><ul class=\"wp-block-list has-small-font-size\">\n<li><strong>Direitos e deveres individuais e coletivos (art. 5\u00ba): <\/strong>incluem o direito \u00e0 vida, \u00e0 liberdade, \u00e0 igualdade, \u00e0 seguran\u00e7a e \u00e0 propriedade. Tamb\u00e9m garantem a liberdade de express\u00e3o, a inviolabilidade do domic\u00edlio, o direito de resposta, o direito ao devido processo legal, entre outros;<\/li>\n\n\n\n<li><a href=\"https:\/\/advbox.com.br\/blog\/legislacao-direitos-sociais\/\" target=\"_blank\"><strong>Direitos sociais<\/strong><\/a><strong> (art. 6\u00ba ao 11):<\/strong> garantem acesso \u00e0 educa\u00e7\u00e3o, sa\u00fade, trabalho, moradia, lazer, seguran\u00e7a, previd\u00eancia social, prote\u00e7\u00e3o \u00e0 maternidade e \u00e0 inf\u00e2ncia e assist\u00eancia aos desamparados;<\/li>\n\n\n\n<li><strong>Direitos de nacionalidade (art. 12 e 13):<\/strong> tratam das regras para adquirir ou perder a nacionalidade brasileira e do uso oficial da l\u00edngua portuguesa e dos s\u00edmbolos nacionais;<\/li>\n\n\n\n<li><a href=\"https:\/\/advbox.com.br\/blog\/direitos-politicos\/\" target=\"_blank\"><strong>Direitos pol\u00edticos<\/strong><\/a><strong> (art. 14 ao 16): <\/strong>garantem a participa\u00e7\u00e3o pol\u00edtica, como o direito ao voto, \u00e0 filia\u00e7\u00e3o partid\u00e1ria e \u00e0 candidatura em elei\u00e7\u00f5es;<\/li>\n\n\n\n<li><strong>Direitos relacionados aos partidos pol\u00edticos (art. 17):<\/strong> asseguram o funcionamento e a organiza\u00e7\u00e3o dos partidos, respeitando os princ\u00edpios democr\u00e1ticos.<\/li>\n<\/ul><p>Esses direitos s\u00e3o protegidos por mecanismos jur\u00eddicos, como o habeas corpus, o <a href=\"https:\/\/advbox.com.br\/blog\/mandado-de-seguranca\/\" target=\"_blank\">mandado de seguran\u00e7a<\/a> e a a\u00e7\u00e3o direta de inconstitucionalidade, e n\u00e3o podem ser abolidos nem mesmo por emenda constitucional. Eles s\u00e3o pilares do Estado democr\u00e1tico de direito no Brasil.<\/p><h2 class=\"wp-block-heading\">O que s\u00e3o Emendas Constitucionais?<\/h2><p>Emendas Constitucionais <strong>s\u00e3o altera\u00e7\u00f5es na Constitui\u00e7\u00e3o Federal<\/strong>. Essas modifica\u00e7\u00f5es podem ocorrer em diversos pontos do texto constitucional, exceto nas cl\u00e1usulas p\u00e9treas, que no Brasil s\u00e3o:<\/p><ul class=\"wp-block-list has-small-font-size\">\n<li>A forma federativa de Estado;<\/li>\n\n\n\n<li>O voto direto, secreto, universal e peri\u00f3dico;<\/li>\n\n\n\n<li>A separa\u00e7\u00e3o dos Poderes: Legislativo, Executivo e Judici\u00e1rio;<\/li>\n\n\n\n<li>Os direitos e garantias individuais.<\/li>\n<\/ul><p>A possibilidade de alterar a Constitui\u00e7\u00e3o Federal atrav\u00e9s de Emendas Constitucionais \u00e9 prevista na pr\u00f3pria Constitui\u00e7\u00e3o, no artigo 60:<\/p><p><em>Art. 60. A Constitui\u00e7\u00e3o poder\u00e1 ser emendada mediante proposta:<\/em><\/p><p><em>I \u2013 de um ter\u00e7o, no m\u00ednimo, dos membros da C\u00e2mara dos Deputados ou do Senado Federal;<\/em><\/p><p><em>II \u2013 do Presidente da Rep\u00fablica;<\/em><\/p><p><em>III \u2013 de mais da metade das Assembleias Legislativas das unidades da Federa\u00e7\u00e3o, manifestando-se, cada uma delas, pela maioria relativa de seus membros.<\/em><\/p><p>Ou seja, uma Emenda Constitucional pode ser proposta pelo Presidente da Rep\u00fablica, por um grupo de Deputados Federais, por Senadores que correspondam a um ter\u00e7o (1\/3) do total da C\u00e2mara ou do Senado, ou por mais da metade das Assembleias Legislativas (onde atuam os Deputados Estaduais) do pa\u00eds.<\/p><h3 class=\"wp-block-heading\">Como \u00e9 aprovada uma Emenda Constitucional?<\/h3><p>Ap\u00f3s a Proposta de Emenda Constitucional (PEC) ser criada, <strong>existe uma s\u00e9rie de aprova\u00e7\u00f5es necess\u00e1rias<\/strong> para que uma Emenda Constitucional entre em vigor:<\/p><ol class=\"wp-block-list has-small-font-size\">\n<li>Primeiramente, h\u00e1 a discuss\u00e3o e vota\u00e7\u00e3o sobre a PEC na C\u00e2mara dos Deputados. Para ser aprovada na C\u00e2mara, s\u00e3o necess\u00e1rios tr\u00eas quintos (3\/5) dos votos dos Deputados Federais (ou seja, 308 deputados favor\u00e1veis);<\/li>\n\n\n\n<li>Com a aprova\u00e7\u00e3o na C\u00e2mara, a PEC vai ao Senado para passar pelo mesmo procedimento. A aprova\u00e7\u00e3o no Senado depende, tamb\u00e9m, de tr\u00eas quintos (3\/5) dos votos (ou seja, 49 senadores favor\u00e1veis);<\/li>\n\n\n\n<li>Ap\u00f3s as duas aprova\u00e7\u00f5es, a PEC se torna Emenda Constitucional e passa a ter validade imediatamente.<\/li>\n<\/ol><p>Caso seja rejeitada, a PEC \u00e9 arquivada e n\u00e3o pode ser votada novamente durante a mesma sess\u00e3o legislativa.<\/p><p>Uma sess\u00e3o legislativa corresponde ao per\u00edodo anual de atividade do Congresso. Esse per\u00edodo vai de 2 de fevereiro a 22 de dezembro, com recesso entre 17 de julho e 1\u00ba de agosto.<\/p><p>Hoje com mais de 30 anos de exist\u00eancia, a Constitui\u00e7\u00e3o Federal do Brasil \u00e9 mundialmente admirada. Mais do que um livro de regras, \u00e9 um documento que busca um pa\u00eds justo para todos. Nela, est\u00e1 o futuro ideal para uma sociedade justa, democr\u00e1tica e livre para todos os brasileiros.<\/p><h2 class=\"wp-block-heading\">Quais as principais mudan\u00e7as ocorridas na Constitui\u00e7\u00e3o Brasileira desde sua promulga\u00e7\u00e3o?<\/h2><p>Desde sua promulga\u00e7\u00e3o em 5 de outubro de 1988, a Constitui\u00e7\u00e3o Brasileira passou por diversas mudan\u00e7as importantes. Essas altera\u00e7\u00f5es ocorreram por meio de Emendas Constitucionais, que atualizam o texto conforme as necessidades do pa\u00eds.\u00a0<\/p><p>As principais mudan\u00e7as podem ser <strong>agrupadas em tr\u00eas grandes eixos: amplia\u00e7\u00e3o de direitos, reformas estruturais e adapta\u00e7\u00e3o \u00e0s novas realidades<\/strong>.<\/p><h3 class=\"wp-block-heading\">Amplia\u00e7\u00e3o de direitos<\/h3><p>Ao longo dos anos, a Constitui\u00e7\u00e3o foi modificada para garantir novos direitos aos cidad\u00e3os e ampliar os j\u00e1 existentes. Um exemplo marcante foi a inclus\u00e3o da prote\u00e7\u00e3o de dados pessoais como direito fundamental, por meio da <a href=\"https:\/\/www.planalto.gov.br\/ccivil_03\/constituicao\/Emendas\/Emc\/emc115.htm\" target=\"_blank\">Emenda Constitucional n\u00ba 115\/2022<\/a>.\u00a0<\/p><p>Outros avan\u00e7os incluem o fortalecimento da igualdade de g\u00eanero, da inclus\u00e3o social, da prote\u00e7\u00e3o ambiental e da defesa dos direitos das pessoas com defici\u00eancia. A legisla\u00e7\u00e3o tamb\u00e9m passou a reconhecer e proteger os direitos das comunidades ind\u00edgenas e quilombolas com mais clareza.<\/p><h3 class=\"wp-block-heading\">Reformas estruturais<\/h3><p>V\u00e1rias reformas importantes alteraram o funcionamento da administra\u00e7\u00e3o p\u00fablica, da economia e do sistema pol\u00edtico.<strong> A <\/strong><a href=\"https:\/\/www.planalto.gov.br\/ccivil_03\/constituicao\/emendas\/emc\/emc103.htm\" target=\"_blank\"><strong>Reforma da Previd\u00eancia<\/strong><\/a><strong>, por exemplo, trouxe mudan\u00e7as significativas nas regras de aposentadoria e pens\u00f5es, com o objetivo de equilibrar as contas p\u00fablicas.\u00a0<\/strong><\/p><p>Outra mudan\u00e7a relevante foi a Reforma Administrativa, que buscou tornar o servi\u00e7o p\u00fablico mais eficiente e transparente. No campo econ\u00f4mico, a Constitui\u00e7\u00e3o foi alterada para permitir a privatiza\u00e7\u00e3o de empresas estatais, a maior abertura ao capital estrangeiro e a flexibiliza\u00e7\u00e3o de regras trabalhistas, como visto na <a href=\"https:\/\/www.planalto.gov.br\/ccivil_03\/_ato2015-2018\/2017\/lei\/l13467.htm\" target=\"_blank\">Reforma Trabalhista de 2017<\/a>.\u00a0<\/p><p>Essas reformas impactaram diretamente a din\u00e2mica entre o Estado, os trabalhadores e o setor produtivo.<\/p><h3 class=\"wp-block-heading\">Adapta\u00e7\u00e3o \u00e0s novas realidades<\/h3><p>Com as mudan\u00e7as tecnol\u00f3gicas, sociais e ambientais das \u00faltimas d\u00e9cadas, a Constitui\u00e7\u00e3o precisou se adaptar a novos desafios do mundo contempor\u00e2neo.\u00a0<\/p><p>Um exemplo claro \u00e9 a inclus\u00e3o do direito \u00e0 prote\u00e7\u00e3o de dados, em resposta \u00e0 digitaliza\u00e7\u00e3o e \u00e0 import\u00e2ncia da privacidade na era da informa\u00e7\u00e3o. Tamb\u00e9m foram criados mecanismos legais para combater as fake news, o cyberbullying e outros crimes virtuais.<\/p><p>Al\u00e9m disso, a Constitui\u00e7\u00e3o passou a considerar temas como a emerg\u00eancia clim\u00e1tica, a sustentabilidade ambiental e a resili\u00eancia urbana, refletindo a crescente preocupa\u00e7\u00e3o com o meio ambiente e com o futuro das cidades.\u00a0<\/p><p>Essas adapta\u00e7\u00f5es mostram que a Constitui\u00e7\u00e3o \u00e9 um instrumento vivo, que deve acompanhar a evolu\u00e7\u00e3o da sociedade para continuar garantindo justi\u00e7a, cidadania e democracia.<\/p><h2 class=\"wp-block-heading\">Conclus\u00e3o<\/h2><p>A Constitui\u00e7\u00e3o Federal de 1988 \u00e9 a base da organiza\u00e7\u00e3o pol\u00edtica, social e jur\u00eddica do Brasil, refletindo a luta hist\u00f3rica por direitos, justi\u00e7a e democracia. Ela n\u00e3o \u00e9 apenas um conjunto de normas, mas um documento vivo e din\u00e2mico que orienta o funcionamento do pa\u00eds, assegurando direitos fundamentais e estruturando os poderes e institui\u00e7\u00f5es.<\/p><p>Ao conhecermos sua hist\u00f3ria, estrutura e import\u00e2ncia, entendemos como a Constitui\u00e7\u00e3o busca garantir a cidadania, proteger os direitos individuais e coletivos, al\u00e9m de promover a justi\u00e7a social e o desenvolvimento econ\u00f4mico. <\/p><p>Sua organiza\u00e7\u00e3o em t\u00edtulos permite uma compreens\u00e3o clara dos princ\u00edpios fundamentais, dos direitos garantidos e da forma como o Estado e seus poderes se articulam.<\/p><p>As emendas constitucionais demonstram sua capacidade de adapta\u00e7\u00e3o, possibilitando a amplia\u00e7\u00e3o de direitos e reformas que acompanham as mudan\u00e7as sociais e econ\u00f4micas do pa\u00eds, garantindo sua relev\u00e2ncia cont\u00ednua.<\/p><p>Se voc\u00ea \u00e9 advogado ou profissional do direito e deseja mais efici\u00eancia, organiza\u00e7\u00e3o e foco nos seus clientes, conhe\u00e7a o ADVBOX. Uma plataforma que transforma o modo como voc\u00ea gerencia seus processos, sua equipe e sua rotina. <a href=\"https:\/\/advbox.com.br\/cadastro\" target=\"_blank\">Experimente de forma gratuita.<\/a><\/p><figure class=\"wp-block-image size-full\"><a href=\"https:\/\/advbox.com.br\/cadastro\" target=\"_blank\"><img decoding=\"async\" width=\"760\" height=\"146\" src=\"https:\/\/advbox.com.br\/blog\/wp-content\/uploads\/2022\/10\/CTA-Trial-8-new.png\" alt=\"TRIAL\" class=\"wp-image-47730\" srcset=\"https:\/\/advbox.com.br\/blog\/wp-content\/uploads\/2022\/10\/CTA-Trial-8-new.png 760w, https:\/\/advbox.com.br\/blog\/wp-content\/uploads\/2022\/10\/CTA-Trial-8-new-500x96.png 500w\" sizes=\"(max-width: 760px) 100vw, 760px\" loading=\"lazy\" \/><\/a><\/figure>\n","protected":false},"excerpt":{"rendered":"<p>A Constitui\u00e7\u00e3o da Rep\u00fablica Federativa do Brasil de 1988 (ou Constitui\u00e7\u00e3o Federal) \u00e9 a lei fundamental suprema do judici\u00e1rio brasileiro. <\/p>\n","protected":false},"author":44,"featured_media":75327,"comment_status":"open","ping_status":"open","sticky":false,"template":"","format":"standard","meta":{"_acf_changed":false,"om_disable_all_campaigns":false,"footnotes":""},"categories":[717],"tags":[743],"class_list":["post-3881","post","type-post","status-publish","format-standard","has-post-thumbnail","hentry","category-direito","tag-constituicao-federal"],"acf":[],"yoast_head":"<!-- This site is optimized with the Yoast SEO plugin v26.9 - https:\/\/yoast.com\/product\/yoast-seo-wordpress\/ -->\n<title>Para que serve a Constitui\u00e7\u00e3o Brasileira? Saiba a import\u00e2ncia<\/title>\n<meta name=\"description\" content=\"Entenda o que \u00e9 e para que serve a Constitui\u00e7\u00e3o Brasileira. Conhe\u00e7a a import\u00e2ncia e a hist\u00f3ria da Carta Magna do Brasil.\" \/>\n<meta name=\"robots\" content=\"index, follow, max-snippet:-1, max-image-preview:large, max-video-preview:-1\" \/>\n<link rel=\"canonical\" href=\"https:\/\/advbox.com.br\/blog\/constituicao-federal\/\" \/>\n<meta property=\"og:locale\" content=\"pt_BR\" \/>\n<meta property=\"og:type\" content=\"article\" \/>\n<meta property=\"og:title\" content=\"Para que serve a Constitui\u00e7\u00e3o Brasileira? Saiba a import\u00e2ncia\" \/>\n<meta property=\"og:description\" content=\"Entenda o que \u00e9 e para que serve a Constitui\u00e7\u00e3o Brasileira. Conhe\u00e7a a import\u00e2ncia e a hist\u00f3ria da Carta Magna do Brasil.\" \/>\n<meta property=\"og:url\" content=\"https:\/\/advbox.com.br\/blog\/constituicao-federal\/\" \/>\n<meta property=\"og:site_name\" content=\"Software Jur\u00eddico Completo - ADVBOX\" \/>\n<meta property=\"article:publisher\" content=\"https:\/\/www.facebook.com\/advbox\/\" \/>\n<meta property=\"article:author\" content=\"AndressaS\" \/>\n<meta property=\"article:published_time\" content=\"2025-06-27T17:18:13+00:00\" \/>\n<meta property=\"article:modified_time\" content=\"2025-06-30T17:40:33+00:00\" \/>\n<meta property=\"og:image\" content=\"https:\/\/advbox.com.br\/blog\/wp-content\/uploads\/2022\/05\/para-que-serve-a-constituicao-brasileira.webp\" \/>\n\t<meta property=\"og:image:width\" content=\"1024\" \/>\n\t<meta property=\"og:image:height\" content=\"576\" \/>\n\t<meta property=\"og:image:type\" content=\"image\/webp\" \/>\n<meta name=\"author\" content=\"Eduardo Koetz\" \/>\n<meta name=\"twitter:card\" content=\"summary_large_image\" \/>\n<meta name=\"twitter:creator\" content=\"@advbox2\" \/>\n<meta name=\"twitter:site\" content=\"@advbox2\" \/>\n<script type=\"application\/ld+json\" class=\"yoast-schema-graph\">{\"@context\":\"https:\/\/schema.org\",\"@graph\":[{\"@type\":\"Article\",\"@id\":\"https:\/\/advbox.com.br\/blog\/constituicao-federal\/#article\",\"isPartOf\":{\"@id\":\"https:\/\/advbox.com.br\/blog\/constituicao-federal\/\"},\"author\":{\"name\":\"Eduardo Koetz\",\"@id\":\"https:\/\/advbox.com.br\/blog\/#\/schema\/person\/4ef50b2b0ea5bb84f2a6091dad36558a\"},\"headline\":\"Para que serve a Constitui\u00e7\u00e3o Brasileira? Saiba a import\u00e2ncia\",\"datePublished\":\"2025-06-27T17:18:13+00:00\",\"dateModified\":\"2025-06-30T17:40:33+00:00\",\"mainEntityOfPage\":{\"@id\":\"https:\/\/advbox.com.br\/blog\/constituicao-federal\/\"},\"wordCount\":3239,\"commentCount\":0,\"publisher\":{\"@id\":\"https:\/\/advbox.com.br\/blog\/#organization\"},\"image\":{\"@id\":\"https:\/\/advbox.com.br\/blog\/constituicao-federal\/#primaryimage\"},\"thumbnailUrl\":\"https:\/\/advbox.com.br\/blog\/wp-content\/uploads\/2022\/05\/para-que-serve-a-constituicao-brasileira.webp\",\"keywords\":[\"Constitui\u00e7\u00e3o Federal\"],\"articleSection\":[\"Direito\"],\"inLanguage\":\"pt-BR\",\"potentialAction\":[{\"@type\":\"CommentAction\",\"name\":\"Comment\",\"target\":[\"https:\/\/advbox.com.br\/blog\/constituicao-federal\/#respond\"]}]},{\"@type\":\"WebPage\",\"@id\":\"https:\/\/advbox.com.br\/blog\/constituicao-federal\/\",\"url\":\"https:\/\/advbox.com.br\/blog\/constituicao-federal\/\",\"name\":\"Para que serve a Constitui\u00e7\u00e3o Brasileira? Saiba a import\u00e2ncia\",\"isPartOf\":{\"@id\":\"https:\/\/advbox.com.br\/blog\/#website\"},\"primaryImageOfPage\":{\"@id\":\"https:\/\/advbox.com.br\/blog\/constituicao-federal\/#primaryimage\"},\"image\":{\"@id\":\"https:\/\/advbox.com.br\/blog\/constituicao-federal\/#primaryimage\"},\"thumbnailUrl\":\"https:\/\/advbox.com.br\/blog\/wp-content\/uploads\/2022\/05\/para-que-serve-a-constituicao-brasileira.webp\",\"datePublished\":\"2025-06-27T17:18:13+00:00\",\"dateModified\":\"2025-06-30T17:40:33+00:00\",\"description\":\"Entenda o que \u00e9 e para que serve a Constitui\u00e7\u00e3o Brasileira. Conhe\u00e7a a import\u00e2ncia e a hist\u00f3ria da Carta Magna do Brasil.\",\"breadcrumb\":{\"@id\":\"https:\/\/advbox.com.br\/blog\/constituicao-federal\/#breadcrumb\"},\"inLanguage\":\"pt-BR\",\"potentialAction\":[{\"@type\":\"ReadAction\",\"target\":[\"https:\/\/advbox.com.br\/blog\/constituicao-federal\/\"]}]},{\"@type\":\"ImageObject\",\"inLanguage\":\"pt-BR\",\"@id\":\"https:\/\/advbox.com.br\/blog\/constituicao-federal\/#primaryimage\",\"url\":\"https:\/\/advbox.com.br\/blog\/wp-content\/uploads\/2022\/05\/para-que-serve-a-constituicao-brasileira.webp\",\"contentUrl\":\"https:\/\/advbox.com.br\/blog\/wp-content\/uploads\/2022\/05\/para-que-serve-a-constituicao-brasileira.webp\",\"width\":1024,\"height\":576,\"caption\":\"para que serve a constitui\u00e7\u00e3o brasileira\"},{\"@type\":\"BreadcrumbList\",\"@id\":\"https:\/\/advbox.com.br\/blog\/constituicao-federal\/#breadcrumb\",\"itemListElement\":[{\"@type\":\"ListItem\",\"position\":1,\"name\":\"In\u00edcio\",\"item\":\"https:\/\/advbox.com.br\/blog\/\"},{\"@type\":\"ListItem\",\"position\":2,\"name\":\"Direito\",\"item\":\"https:\/\/advbox.com.br\/blog\/direito\/\"},{\"@type\":\"ListItem\",\"position\":3,\"name\":\"Para que serve a Constitui\u00e7\u00e3o Brasileira? Saiba a import\u00e2ncia\"}]},{\"@type\":\"WebSite\",\"@id\":\"https:\/\/advbox.com.br\/blog\/#website\",\"url\":\"https:\/\/advbox.com.br\/blog\/\",\"name\":\"Software Jur\u00eddico Completo - ADVBOX\",\"description\":\"Plataforma para Advocacia Digital\",\"publisher\":{\"@id\":\"https:\/\/advbox.com.br\/blog\/#organization\"},\"potentialAction\":[{\"@type\":\"SearchAction\",\"target\":{\"@type\":\"EntryPoint\",\"urlTemplate\":\"https:\/\/advbox.com.br\/blog\/?s={search_term_string}\"},\"query-input\":{\"@type\":\"PropertyValueSpecification\",\"valueRequired\":true,\"valueName\":\"search_term_string\"}}],\"inLanguage\":\"pt-BR\"},{\"@type\":\"Organization\",\"@id\":\"https:\/\/advbox.com.br\/blog\/#organization\",\"name\":\"ADVBOX Blog - Software jur\u00eddico da advocacia digital\",\"url\":\"https:\/\/advbox.com.br\/blog\/\",\"logo\":{\"@type\":\"ImageObject\",\"inLanguage\":\"pt-BR\",\"@id\":\"https:\/\/advbox.com.br\/blog\/#\/schema\/logo\/image\/\",\"url\":\"https:\/\/advbox.com.br\/blog\/wp-content\/uploads\/2019\/12\/Como-aumentar-a-produtividade_.jpg\",\"contentUrl\":\"https:\/\/advbox.com.br\/blog\/wp-content\/uploads\/2019\/12\/Como-aumentar-a-produtividade_.jpg\",\"width\":320,\"height\":213,\"caption\":\"ADVBOX Blog - Software jur\u00eddico da advocacia digital\"},\"image\":{\"@id\":\"https:\/\/advbox.com.br\/blog\/#\/schema\/logo\/image\/\"},\"sameAs\":[\"https:\/\/www.facebook.com\/advbox\/\",\"https:\/\/x.com\/advbox2\"]},{\"@type\":\"Person\",\"@id\":\"https:\/\/advbox.com.br\/blog\/#\/schema\/person\/4ef50b2b0ea5bb84f2a6091dad36558a\",\"name\":\"Eduardo Koetz\",\"description\":\"A ADVBOX conta com os maiores especialistas do mercado para produzir os conte\u00fado mais completos sobre o mercado jur\u00eddico, tecnologia e advocacia.\",\"sameAs\":[\"AndressaS\"],\"url\":\"https:\/\/advbox.com.br\/blog\/autor\/juridico-advbox\/\"}]}<\/script>\n<!-- \/ Yoast SEO plugin. -->","yoast_head_json":{"title":"Para que serve a Constitui\u00e7\u00e3o Brasileira? Saiba a import\u00e2ncia","description":"Entenda o que \u00e9 e para que serve a Constitui\u00e7\u00e3o Brasileira. Conhe\u00e7a a import\u00e2ncia e a hist\u00f3ria da Carta Magna do Brasil.","robots":{"index":"index","follow":"follow","max-snippet":"max-snippet:-1","max-image-preview":"max-image-preview:large","max-video-preview":"max-video-preview:-1"},"canonical":"https:\/\/advbox.com.br\/blog\/constituicao-federal\/","og_locale":"pt_BR","og_type":"article","og_title":"Para que serve a Constitui\u00e7\u00e3o Brasileira? Saiba a import\u00e2ncia","og_description":"Entenda o que \u00e9 e para que serve a Constitui\u00e7\u00e3o Brasileira. Conhe\u00e7a a import\u00e2ncia e a hist\u00f3ria da Carta Magna do Brasil.","og_url":"https:\/\/advbox.com.br\/blog\/constituicao-federal\/","og_site_name":"Software Jur\u00eddico Completo - ADVBOX","article_publisher":"https:\/\/www.facebook.com\/advbox\/","article_author":"AndressaS","article_published_time":"2025-06-27T17:18:13+00:00","article_modified_time":"2025-06-30T17:40:33+00:00","og_image":[{"width":1024,"height":576,"url":"https:\/\/advbox.com.br\/blog\/wp-content\/uploads\/2022\/05\/para-que-serve-a-constituicao-brasileira.webp","type":"image\/webp"}],"author":"Eduardo Koetz","twitter_card":"summary_large_image","twitter_creator":"@advbox2","twitter_site":"@advbox2","schema":{"@context":"https:\/\/schema.org","@graph":[{"@type":"Article","@id":"https:\/\/advbox.com.br\/blog\/constituicao-federal\/#article","isPartOf":{"@id":"https:\/\/advbox.com.br\/blog\/constituicao-federal\/"},"author":{"name":"Eduardo Koetz","@id":"https:\/\/advbox.com.br\/blog\/#\/schema\/person\/4ef50b2b0ea5bb84f2a6091dad36558a"},"headline":"Para que serve a Constitui\u00e7\u00e3o Brasileira? Saiba a import\u00e2ncia","datePublished":"2025-06-27T17:18:13+00:00","dateModified":"2025-06-30T17:40:33+00:00","mainEntityOfPage":{"@id":"https:\/\/advbox.com.br\/blog\/constituicao-federal\/"},"wordCount":3239,"commentCount":0,"publisher":{"@id":"https:\/\/advbox.com.br\/blog\/#organization"},"image":{"@id":"https:\/\/advbox.com.br\/blog\/constituicao-federal\/#primaryimage"},"thumbnailUrl":"https:\/\/advbox.com.br\/blog\/wp-content\/uploads\/2022\/05\/para-que-serve-a-constituicao-brasileira.webp","keywords":["Constitui\u00e7\u00e3o Federal"],"articleSection":["Direito"],"inLanguage":"pt-BR","potentialAction":[{"@type":"CommentAction","name":"Comment","target":["https:\/\/advbox.com.br\/blog\/constituicao-federal\/#respond"]}]},{"@type":"WebPage","@id":"https:\/\/advbox.com.br\/blog\/constituicao-federal\/","url":"https:\/\/advbox.com.br\/blog\/constituicao-federal\/","name":"Para que serve a Constitui\u00e7\u00e3o Brasileira? Saiba a import\u00e2ncia","isPartOf":{"@id":"https:\/\/advbox.com.br\/blog\/#website"},"primaryImageOfPage":{"@id":"https:\/\/advbox.com.br\/blog\/constituicao-federal\/#primaryimage"},"image":{"@id":"https:\/\/advbox.com.br\/blog\/constituicao-federal\/#primaryimage"},"thumbnailUrl":"https:\/\/advbox.com.br\/blog\/wp-content\/uploads\/2022\/05\/para-que-serve-a-constituicao-brasileira.webp","datePublished":"2025-06-27T17:18:13+00:00","dateModified":"2025-06-30T17:40:33+00:00","description":"Entenda o que \u00e9 e para que serve a Constitui\u00e7\u00e3o Brasileira. Conhe\u00e7a a import\u00e2ncia e a hist\u00f3ria da Carta Magna do Brasil.","breadcrumb":{"@id":"https:\/\/advbox.com.br\/blog\/constituicao-federal\/#breadcrumb"},"inLanguage":"pt-BR","potentialAction":[{"@type":"ReadAction","target":["https:\/\/advbox.com.br\/blog\/constituicao-federal\/"]}]},{"@type":"ImageObject","inLanguage":"pt-BR","@id":"https:\/\/advbox.com.br\/blog\/constituicao-federal\/#primaryimage","url":"https:\/\/advbox.com.br\/blog\/wp-content\/uploads\/2022\/05\/para-que-serve-a-constituicao-brasileira.webp","contentUrl":"https:\/\/advbox.com.br\/blog\/wp-content\/uploads\/2022\/05\/para-que-serve-a-constituicao-brasileira.webp","width":1024,"height":576,"caption":"para que serve a constitui\u00e7\u00e3o brasileira"},{"@type":"BreadcrumbList","@id":"https:\/\/advbox.com.br\/blog\/constituicao-federal\/#breadcrumb","itemListElement":[{"@type":"ListItem","position":1,"name":"In\u00edcio","item":"https:\/\/advbox.com.br\/blog\/"},{"@type":"ListItem","position":2,"name":"Direito","item":"https:\/\/advbox.com.br\/blog\/direito\/"},{"@type":"ListItem","position":3,"name":"Para que serve a Constitui\u00e7\u00e3o Brasileira? Saiba a import\u00e2ncia"}]},{"@type":"WebSite","@id":"https:\/\/advbox.com.br\/blog\/#website","url":"https:\/\/advbox.com.br\/blog\/","name":"Software Jur\u00eddico Completo - ADVBOX","description":"Plataforma para Advocacia Digital","publisher":{"@id":"https:\/\/advbox.com.br\/blog\/#organization"},"potentialAction":[{"@type":"SearchAction","target":{"@type":"EntryPoint","urlTemplate":"https:\/\/advbox.com.br\/blog\/?s={search_term_string}"},"query-input":{"@type":"PropertyValueSpecification","valueRequired":true,"valueName":"search_term_string"}}],"inLanguage":"pt-BR"},{"@type":"Organization","@id":"https:\/\/advbox.com.br\/blog\/#organization","name":"ADVBOX Blog - Software jur\u00eddico da advocacia digital","url":"https:\/\/advbox.com.br\/blog\/","logo":{"@type":"ImageObject","inLanguage":"pt-BR","@id":"https:\/\/advbox.com.br\/blog\/#\/schema\/logo\/image\/","url":"https:\/\/advbox.com.br\/blog\/wp-content\/uploads\/2019\/12\/Como-aumentar-a-produtividade_.jpg","contentUrl":"https:\/\/advbox.com.br\/blog\/wp-content\/uploads\/2019\/12\/Como-aumentar-a-produtividade_.jpg","width":320,"height":213,"caption":"ADVBOX Blog - Software jur\u00eddico da advocacia digital"},"image":{"@id":"https:\/\/advbox.com.br\/blog\/#\/schema\/logo\/image\/"},"sameAs":["https:\/\/www.facebook.com\/advbox\/","https:\/\/x.com\/advbox2"]},{"@type":"Person","@id":"https:\/\/advbox.com.br\/blog\/#\/schema\/person\/4ef50b2b0ea5bb84f2a6091dad36558a","name":"Eduardo Koetz","description":"A ADVBOX conta com os maiores especialistas do mercado para produzir os conte\u00fado mais completos sobre o mercado jur\u00eddico, tecnologia e advocacia.","sameAs":["AndressaS"],"url":"https:\/\/advbox.com.br\/blog\/autor\/juridico-advbox\/"}]}},"_links":{"self":[{"href":"https:\/\/advbox.com.br\/blog\/wp-json\/wp\/v2\/posts\/3881","targetHints":{"allow":["GET"]}}],"collection":[{"href":"https:\/\/advbox.com.br\/blog\/wp-json\/wp\/v2\/posts"}],"about":[{"href":"https:\/\/advbox.com.br\/blog\/wp-json\/wp\/v2\/types\/post"}],"author":[{"embeddable":true,"href":"https:\/\/advbox.com.br\/blog\/wp-json\/wp\/v2\/users\/44"}],"replies":[{"embeddable":true,"href":"https:\/\/advbox.com.br\/blog\/wp-json\/wp\/v2\/comments?post=3881"}],"version-history":[{"count":7,"href":"https:\/\/advbox.com.br\/blog\/wp-json\/wp\/v2\/posts\/3881\/revisions"}],"predecessor-version":[{"id":75344,"href":"https:\/\/advbox.com.br\/blog\/wp-json\/wp\/v2\/posts\/3881\/revisions\/75344"}],"wp:featuredmedia":[{"embeddable":true,"href":"https:\/\/advbox.com.br\/blog\/wp-json\/wp\/v2\/media\/75327"}],"wp:attachment":[{"href":"https:\/\/advbox.com.br\/blog\/wp-json\/wp\/v2\/media?parent=3881"}],"wp:term":[{"taxonomy":"category","embeddable":true,"href":"https:\/\/advbox.com.br\/blog\/wp-json\/wp\/v2\/categories?post=3881"},{"taxonomy":"post_tag","embeddable":true,"href":"https:\/\/advbox.com.br\/blog\/wp-json\/wp\/v2\/tags?post=3881"}],"curies":[{"name":"wp","href":"https:\/\/api.w.org\/{rel}","templated":true}]}}