{"id":38975,"date":"2024-03-19T14:19:37","date_gmt":"2024-03-19T17:19:37","guid":{"rendered":"https:\/\/advbox.com.br\/blog\/?p=38975"},"modified":"2024-03-20T10:27:06","modified_gmt":"2024-03-20T13:27:06","slug":"advocacia-previdenciaria-tendencias-para-2022","status":"publish","type":"post","link":"https:\/\/advbox.com.br\/blog\/advocacia-previdenciaria-tendencias-para-2022\/","title":{"rendered":"Advocacia previdenci\u00e1ria: um guia abrangente para entender a sua import\u00e2ncia"},"content":{"rendered":"<p>A advocacia previdenci\u00e1ria, ramo do direito voltado para quest\u00f5es relacionadas \u00e0 previd\u00eancia social, desempenha um papel crucial na sociedade brasileira. Assim, sob a \u00f3tica da doutrina jur\u00eddica nacional, sua relev\u00e2ncia \u00e9 incontest\u00e1vel.<\/p><figure class=\"wp-block-embed is-type-video is-provider-youtube wp-block-embed-youtube wp-embed-aspect-16-9 wp-has-aspect-ratio\"><div class=\"wp-block-embed__wrapper\">\n<iframe title=\"Como funciona o Mercado Jur\u00eddico\" width=\"750\" height=\"422\" src=\"https:\/\/www.youtube.com\/embed\/cLoXoieB7_8?start=3&#038;feature=oembed\" frameborder=\"0\" allow=\"accelerometer; autoplay; clipboard-write; encrypted-media; gyroscope; picture-in-picture; web-share\" allowfullscreen loading=\"lazy\"><\/iframe>\n<\/div><\/figure><h2 class=\"wp-block-heading\">Como surgiu o Direito Previdenci\u00e1rio no Brasil?<\/h2><p>Inicialmente, a previd\u00eancia social no Brasil era voltada principalmente para a prote\u00e7\u00e3o dos trabalhadores urbanos. Contudo, com o passar dos anos, a <a href=\"https:\/\/advbox.com.br\/blog\/clientes-na-advocacia-previdenciaria\/\" target=\"_blank\">legisla\u00e7\u00e3o previdenci\u00e1ria<\/a> expandiu-se para abranger uma variedade maior de segurados, incluindo trabalhadores rurais, aut\u00f4nomos e servidores p\u00fablicos.<\/p><p>Afinal, a complexidade das leis previdenci\u00e1rias brasileiras, com constantes mudan\u00e7as e interpreta\u00e7\u00f5es divergentes, torna essencial o papel do advogado previdenci\u00e1rio. Ou seja, sua expertise \u00e9 fundamental para orientar os segurados em busca de seus direitos.<\/p><h2 class=\"wp-block-heading\">Qual \u00e9 o objetivo do Direito Previdenci\u00e1rio?<\/h2><p>O advogado previdenci\u00e1rio atua como um aliado indispens\u00e1vel para os cidad\u00e3os que enfrentam dificuldades no acesso aos benef\u00edcios previdenci\u00e1rios. Seja na concess\u00e3o de aposentadorias, pens\u00f5es por morte ou aux\u00edlios, sua interven\u00e7\u00e3o \u00e9 vital.<\/p><p>Al\u00e9m disso, o <a href=\"https:\/\/advbox.com.br\/blog\/advocacia-previdenciaria-tendencias-para-2022\/\" target=\"_blank\">advogado previdenci\u00e1rio<\/a> desafia constantemente os desafios burocr\u00e1ticos e as decis\u00f5es administrativas desfavor\u00e1veis. Sua atua\u00e7\u00e3o vai al\u00e9m do mero lit\u00edgio, incluindo assessoria preventiva e planejamento previdenci\u00e1rio.<\/p><h2 class=\"wp-block-heading\">Quais os principais problemas e desafios da previd\u00eancia social no Brasil?<\/h2><p>Apesar dos avan\u00e7os, a <a href=\"https:\/\/advbox.com.br\/blog\/modelos\/previdenciario-notificacao-ao-empregador-esclarecimentos\/\" target=\"_blank\">advocacia previdenci\u00e1ria<\/a> ainda enfrenta desafios significativos, como a morosidade do judici\u00e1rio e a falta de acesso \u00e0 justi\u00e7a para determinados grupos sociais. No entanto, o cen\u00e1rio n\u00e3o \u00e9 desprovido de esperan\u00e7a.<\/p><p>Com a evolu\u00e7\u00e3o da tecnologia e o aprimoramento da legisla\u00e7\u00e3o, novas oportunidades surgem para os advogados previdenci\u00e1rios. Assim, a busca por uma maior efici\u00eancia nos processos e a defesa dos direitos previdenci\u00e1rios continuar\u00e3o a ser pilares essenciais dessa \u00e1rea do direito.<\/p><h2 class=\"wp-block-heading\">O que faz o advogado previdenci\u00e1rio?<\/h2><p>As demandas enfrentadas pelos advogados previdenci\u00e1rios abrangem uma ampla gama de quest\u00f5es, desde a <a href=\"https:\/\/advbox.com.br\/blog\/modelos\/previdenciario-notificacao-ao-empregador-esclarecimentos\/\" target=\"_blank\">concess\u00e3o de benef\u00edcios<\/a> at\u00e9 a revis\u00e3o de decis\u00f5es administrativas. Essas demandas, muitas vezes complexas, exigem expertise jur\u00eddica e dedica\u00e7\u00e3o para serem adequadamente enfrentadas.<\/p><ul class=\"wp-block-list\">\n<li class=\"has-small-font-size\">Concess\u00e3o de benef\u00edcios previdenci\u00e1rios;<\/li>\n\n\n\n<li class=\"has-small-font-size\">Revis\u00e3o de benef\u00edcios previdenci\u00e1rios;<\/li>\n\n\n\n<li class=\"has-small-font-size\">Contesta\u00e7\u00e3o de decis\u00f5es administrativas e judiciais;<\/li>\n\n\n\n<li class=\"has-small-font-size\">Assessoria preventiva e planejamento previdenci\u00e1rio.<\/li>\n<\/ul><h3 class=\"wp-block-heading\">1. Concess\u00e3o de benef\u00edcios previdenci\u00e1rios<\/h3><p>A concess\u00e3o de benef\u00edcios previdenci\u00e1rios, como aposentadorias por idade, invalidez e pens\u00f5es, \u00e9 uma das principais demandas enfrentadas pela advocacia previdenci\u00e1ria. <\/p><p>Desse modo, o advogado atua na orienta\u00e7\u00e3o do segurado desde a an\u00e1lise dos requisitos at\u00e9 <a href=\"https:\/\/advbox.com.br\/blog\/modelos\/previdenciario-acao-revisao-ctc-reconhecimento-de-atividade-especial\/\" target=\"_blank\">a prepara\u00e7\u00e3o e acompanhamento do processo administrativo ou judicial.<\/a><\/p><h3 class=\"wp-block-heading\">2. Revis\u00e3o de benef\u00edcios previdenci\u00e1rios<\/h3><p>Al\u00e9m disso, outra demanda comum \u00e9 a revis\u00e3o de benef\u00edcios previdenci\u00e1rios j\u00e1 concedidos. <\/p><p>Afinal, muitas vezes, os segurados t\u00eam direito a benef\u00edcios mais vantajosos ou n\u00e3o tiveram seus direitos totalmente reconhecidos. O advogado previdenci\u00e1rio atua na an\u00e1lise minuciosa dos casos e na interposi\u00e7\u00e3o de recursos administrativos ou a\u00e7\u00f5es judiciais para garantir a revis\u00e3o dos benef\u00edcios.<\/p><h3 class=\"wp-block-heading\">3. Contesta\u00e7\u00e3o de decis\u00f5es administrativas e judiciais<\/h3><p>A contesta\u00e7\u00e3o de decis\u00f5es administrativas e judiciais desfavor\u00e1veis \u00e9 uma demanda recorrente na advocacia previdenci\u00e1ria. <\/p><p>Diante de negativas de concess\u00e3o de benef\u00edcios ou de decis\u00f5es que n\u00e3o contemplam integralmente os direitos dos segurados, o advogado atua na interposi\u00e7\u00e3o de recursos e na defesa dos interesses de seus clientes perante os \u00f3rg\u00e3os competentes.<\/p><h3 class=\"wp-block-heading\">4. Assessoria preventiva e planejamento previdenci\u00e1rio<\/h3><p>Al\u00e9m das demandas litigiosas, a advocacia previdenci\u00e1ria tamb\u00e9m engloba a assessoria preventiva e o planejamento previdenci\u00e1rio. <\/p><p>Nesse aspecto, o advogado orienta os segurados na tomada de decis\u00f5es estrat\u00e9gicas relacionadas aos benef\u00edcios previdenci\u00e1rios, visando maximizar seus direitos e evitar problemas futuros.<\/p><h2 class=\"wp-block-heading\">Onde prospectar clientes na \u00e1rea previdenci\u00e1ria?<\/h2><p>O p\u00fablico-alvo da advocacia previdenci\u00e1ria \u00e9 diversificado e abrange uma ampla gama de indiv\u00edduos que t\u00eam interesse ou necessidade de acessar os benef\u00edcios previdenci\u00e1rios oferecidos pelo sistema de seguridade social brasileiro.<\/p><ul class=\"wp-block-list\">\n<li class=\"has-small-font-size\">Trabalhadores em busca de aposentadoria;<\/li>\n\n\n\n<li class=\"has-small-font-size\">Pessoas com incapacidade tempor\u00e1ria ou permanente;<\/li>\n\n\n\n<li class=\"has-small-font-size\">Dependentes de segurados falecidos;<\/li>\n\n\n\n<li class=\"has-small-font-size\">Trabalhadores rurais e aut\u00f4nomos.<\/li>\n<\/ul><h3 class=\"wp-block-heading\">1. Trabalhadores em busca de aposentadoria<\/h3><p>Um dos principais grupos dentro do p\u00fablico-alvo da advocacia previdenci\u00e1ria s\u00e3o os trabalhadores que est\u00e3o se aproximando da idade de aposentadoria ou que j\u00e1 preenchem os requisitos para requerer esse benef\u00edcio. <\/p><p>Esses indiv\u00edduos buscam orienta\u00e7\u00e3o e assist\u00eancia legal para garantir que possam se aposentar de acordo com a legisla\u00e7\u00e3o vigente e receber os benef\u00edcios previdenci\u00e1rios aos quais t\u00eam direito.<\/p><h3 class=\"wp-block-heading\">2. Pessoas com incapacidade tempor\u00e1ria ou permanente<\/h3><p>Outro segmento importante do p\u00fablico-alvo s\u00e3o as pessoas que sofrem de incapacidade tempor\u00e1ria ou permanente, seja devido a doen\u00e7a, acidente ou outras condi\u00e7\u00f5es de sa\u00fade. <\/p><p>Esses indiv\u00edduos podem ser eleg\u00edveis para benef\u00edcios como o aux\u00edlio-doen\u00e7a ou a aposentadoria por invalidez e buscam o aux\u00edlio de advogados previdenci\u00e1rios para obter suporte legal na obten\u00e7\u00e3o desses benef\u00edcios.<\/p><h3 class=\"wp-block-heading\">3. Dependentes de segurados falecidos<\/h3><p>Os dependentes de segurados falecidos tamb\u00e9m comp\u00f5em uma parte significativa do p\u00fablico-alvo da advocacia previdenci\u00e1ria. Essas pessoas buscam aux\u00edlio para obter pens\u00f5es por morte e outros benef\u00edcios previdenci\u00e1rios aos quais t\u00eam direito ap\u00f3s o falecimento do provedor principal da fam\u00edlia.<\/p><h3 class=\"wp-block-heading\">4. Trabalhadores rurais e aut\u00f4nomos<\/h3><p><a href=\"https:\/\/advbox.com.br\/blog\/previdenciario-acao-previdenciaria-de-trabalhador-rural-idade\/\" target=\"_blank\">Trabalhadores rurais<\/a> e aut\u00f4nomos constituem outro grupo importante dentro do p\u00fablico-alvo da advocacia previdenci\u00e1ria. Muitas vezes, esses trabalhadores enfrentam desafios espec\u00edficos relacionados \u00e0 comprova\u00e7\u00e3o de sua atividade laboral e \u00e0 obten\u00e7\u00e3o de contribui\u00e7\u00f5es previdenci\u00e1rias. <\/p><p>Portanto, buscam a orienta\u00e7\u00e3o de advogados previdenci\u00e1rios para garantir seus direitos previdenci\u00e1rios.<\/p><h2 class=\"wp-block-heading\">Qual a fun\u00e7\u00e3o do advogado previdenci\u00e1rio?<\/h2><p>Os objetivos da advocacia previdenci\u00e1ria s\u00e3o intrinsecamente ligados \u00e0 defesa dos direitos dos segurados da previd\u00eancia social e \u00e0 promo\u00e7\u00e3o da prote\u00e7\u00e3o social no pa\u00eds. Nesse contexto, os advogados previdenci\u00e1rios t\u00eam diversos objetivos fundamentais que norteiam sua atua\u00e7\u00e3o.<\/p><h3 class=\"wp-block-heading\">1. Assegurar o acesso aos benef\u00edcios previdenci\u00e1rios<\/h3><p>Um dos principais objetivos da advocacia previdenci\u00e1ria \u00e9 garantir o acesso dos segurados aos benef\u00edcios previdenci\u00e1rios a que t\u00eam direito. <\/p><p>Isso inclui orientar os clientes sobre os requisitos necess\u00e1rios, auxili\u00e1-los na obten\u00e7\u00e3o da documenta\u00e7\u00e3o exigida e represent\u00e1-los em processos administrativos e judiciais para a concess\u00e3o dos benef\u00edcios.<\/p><h3 class=\"wp-block-heading\">2. Defender os direitos dos segurados em lit\u00edgios previdenci\u00e1rios<\/h3><p>Outro objetivo essencial \u00e9 defender os direitos dos segurados em lit\u00edgios previdenci\u00e1rios, como contesta\u00e7\u00f5es de decis\u00f5es administrativas desfavor\u00e1veis ou revis\u00f5es de benef\u00edcios previdenci\u00e1rios. <\/p><p>Os advogados previdenci\u00e1rios atuam como verdadeiros defensores dos interesses de seus clientes, buscando garantir que recebam os benef\u00edcios devidos de acordo com a legisla\u00e7\u00e3o vigente.<\/p><h3 class=\"wp-block-heading\">3. Promover a justi\u00e7a social e a igualdade de oportunidades<\/h3><p>Al\u00e9m de atuar em casos individuais, a advocacia previdenci\u00e1ria tamb\u00e9m tem o objetivo de promover a<a href=\"https:\/\/www.planalto.gov.br\/ccivil_03\/constituicao\/constituicao.htm\" target=\"_blank\"> justi\u00e7a social e a igualdade de oportunidades no acesso aos benef\u00edcios previdenci\u00e1rios<\/a>. <\/p><p>Isso inclui a luta contra discrimina\u00e7\u00f5es e injusti\u00e7as no sistema previdenci\u00e1rio, bem como o apoio a pol\u00edticas p\u00fablicas que visem ampliar o acesso aos benef\u00edcios para grupos vulner\u00e1veis e marginalizados.<\/p><h3 class=\"wp-block-heading\">4. Fomentar o conhecimento e a educa\u00e7\u00e3o previdenci\u00e1ria<\/h3><p>Por fim, um objetivo importante da advocacia previdenci\u00e1ria \u00e9 fomentar o conhecimento e a educa\u00e7\u00e3o previdenci\u00e1ria entre a popula\u00e7\u00e3o. <\/p><p>Ou seja, os advogados previdenci\u00e1rios t\u00eam o papel de informar os segurados sobre seus <a href=\"https:\/\/www.jusbrasil.com.br\/artigos\/tudo-que-voce-precisa-saber-sobre-direito-previdenciario\/800554209#:~:text=O%20Direito%20Previdenci%C3%A1rio%20%C3%A9%20uma,leis%20espec%C3%ADficas%20e%20divis%C3%A3o%20interna\" target=\"_blank\">direitos e deveres previdenci\u00e1rios<\/a>, capacitando-os para tomar decis\u00f5es conscientes e assertivas em rela\u00e7\u00e3o \u00e0 sua previd\u00eancia social.<\/p><h2 class=\"wp-block-heading\">Quais s\u00e3o os princ\u00edpios do Direito Previdenci\u00e1rio?<\/h2><p>A advocacia previdenci\u00e1ria \u00e9 regida por uma s\u00e9rie de princ\u00edpios \u00e9ticos e legais que norteiam a atua\u00e7\u00e3o dos advogados nesse campo espec\u00edfico do direito. <\/p><p>Esses princ\u00edpios s\u00e3o essenciais para garantir uma pr\u00e1tica profissional \u00edntegra, transparente e comprometida com a defesa dos direitos dos segurados da previd\u00eancia social.<\/p><ul class=\"wp-block-list\">\n<li class=\"has-small-font-size\">Princ\u00edpio da universalidade da cobertura e do atendimento;<\/li>\n\n\n\n<li class=\"has-small-font-size\">Princ\u00edpio da solidariedade e da redistribui\u00e7\u00e3o de renda;<\/li>\n\n\n\n<li class=\"has-small-font-size\">Princ\u00edpio da isonomia e da igualdade de tratamento;<\/li>\n\n\n\n<li class=\"has-small-font-size\">Princ\u00edpio da efici\u00eancia e da celeridade processual.<\/li>\n<\/ul><h3 class=\"wp-block-heading\">1. Princ\u00edpio da universalidade da cobertura e do atendimento<\/h3><p>Um dos princ\u00edpios fundamentais da advocacia previdenci\u00e1ria \u00e9 o da universalidade da cobertura e do atendimento, que preconiza que todos os cidad\u00e3os t\u00eam direito \u00e0 prote\u00e7\u00e3o previdenci\u00e1ria, independentemente de sua condi\u00e7\u00e3o social, econ\u00f4mica ou profissional. <\/p><p>Ou seja, os advogados previdenci\u00e1rios devem trabalhar para garantir que todos os indiv\u00edduos tenham acesso igualit\u00e1rio aos benef\u00edcios previdenci\u00e1rios a que t\u00eam direito.<\/p><h3 class=\"wp-block-heading\">2. Princ\u00edpio da solidariedade e da redistribui\u00e7\u00e3o de renda<\/h3><p>Al\u00e9m disso, outro princ\u00edpio importante \u00e9 o da solidariedade e da redistribui\u00e7\u00e3o de renda, que fundamenta o sistema previdenci\u00e1rio brasileiro. <\/p><p>Esse princ\u00edpio estabelece que os segurados contribuam para o financiamento da previd\u00eancia social de acordo com sua capacidade contributiva, visando garantir a prote\u00e7\u00e3o social de todos os membros da sociedade, especialmente aqueles em situa\u00e7\u00e3o de vulnerabilidade.<\/p><h3 class=\"wp-block-heading\">3. Princ\u00edpio da isonomia e da igualdade de tratamento<\/h3><p>A saber,  isonomia e a igualdade de tratamento s\u00e3o princ\u00edpios essenciais na advocacia previdenci\u00e1ria, que buscam garantir que todos os segurados sejam tratados de forma justa e equitativa pelo sistema previdenci\u00e1rio. <\/p><p>Os advogados previdenci\u00e1rios devem lutar contra qualquer forma de discrimina\u00e7\u00e3o ou injusti\u00e7a no acesso aos benef\u00edcios previdenci\u00e1rios, assegurando que cada indiv\u00edduo receba o tratamento adequado de acordo com a lei.<\/p><h3 class=\"wp-block-heading\">4. Princ\u00edpio da efici\u00eancia e da celeridade processual<\/h3><p>Por fim, o princ\u00edpio da efici\u00eancia e da celeridade processual \u00e9 fundamental na advocacia previdenci\u00e1ria, especialmente diante da necessidade de garantir o acesso r\u00e1pido e eficaz aos <a href=\"https:\/\/meu.inss.gov.br\/#\/login\" target=\"_blank\">benef\u00edcios previdenci\u00e1rios<\/a> pelos segurados. <\/p><p>Os advogados previdenci\u00e1rios devem atuar de forma diligente e eficiente na condu\u00e7\u00e3o dos processos administrativos e judiciais, buscando sempre a resolu\u00e7\u00e3o r\u00e1pida e favor\u00e1vel das demandas de seus clientes.<\/p><p>Em conclus\u00e3o, os princ\u00edpios que norteiam a advocacia previdenci\u00e1ria refletem o compromisso dos advogados com a justi\u00e7a, a igualdade e a prote\u00e7\u00e3o social. <\/p><p>Ao trabalhar em conformidade com esses princ\u00edpios, os advogados previdenci\u00e1rios desempenham um papel fundamental na defesa dos direitos dos segurados da previd\u00eancia social e na promo\u00e7\u00e3o de uma sociedade mais justa e solid\u00e1ria.<\/p><h2 class=\"wp-block-heading\">Mais conhecimento para voc\u00ea!<\/h2><p>Por aqui estamos sempre abordando assuntos quentes e relevantes para os profissionais do Direito. Confira outros textos que tamb\u00e9m podem te interessar:<\/p><figure class=\"wp-block-table\"><table><tbody><tr><td><a href=\"https:\/\/advbox.com.br\/blog\/alta-produtividade-na-advocacia\/\" target=\"_blank\" rel=\"noreferrer noopener\" target=\"_blank\">Alta produtividade na advocacia<\/a><\/td><\/tr><tr><td><a href=\"https:\/\/advbox.com.br\/blog\/como-criar-o-setor-comercial\/\" target=\"_blank\" rel=\"noreferrer noopener\" target=\"_blank\">Como criar o setor comercial do seu escrit\u00f3rio de advocacia? Confira 7 dicas!<\/a><\/td><\/tr><tr><td><a href=\"https:\/\/advbox.com.br\/blog\/5-recursos-mais-eficientes-nos-softwares-juridicos-do-mercado\/\" target=\"_blank\" rel=\"noreferrer noopener\" target=\"_blank\">Software Jur\u00eddico: 17 crit\u00e9rios fundamentais para encontrar o melhor!<\/a><\/td><\/tr><tr><td><a href=\"https:\/\/advbox.com.br\/blog\/controladoria-juridica\/\" target=\"_blank\" rel=\"noreferrer noopener\" target=\"_blank\">O que \u00e9 a Controladoria Jur\u00eddica e como funciona<\/a><\/td><\/tr><tr><td><a href=\"https:\/\/advbox.com.br\/blog\/sistema-de-filiais\/\" target=\"_blank\" rel=\"noreferrer noopener\" target=\"_blank\">Escrit\u00f3rios com filiais, correspondentes e parceiros fixos<\/a><\/td><\/tr><tr><td><a href=\"https:\/\/advbox.com.br\/blog\/avaliacao-de-dados\/\" target=\"_blank\" rel=\"noreferrer noopener\" target=\"_blank\">Advocacia baseada em dados<\/a><\/td><\/tr><\/tbody><\/table><\/figure><figure class=\"wp-block-image size-full\"><a href=\"https:\/\/advbox.com.br\/blog\/como-automatizar-seus-modelos-de-peticoes\/\" target=\"_blank\"><img decoding=\"async\" src=\"https:\/\/advbox.com.br\/blog\/wp-content\/uploads\/2019\/05\/automatize_a_produ%C3%A7%C3%A3o_de_suas_peti%C3%A7%C3%B5es.png\" alt=\"automatiza\u00e7\u00e3o de peti\u00e7\u00f5es\" class=\"wp-image-11456\" loading=\"lazy\"><\/a><\/figure>\n","protected":false},"excerpt":{"rendered":"<p>A advocacia previdenci\u00e1ria, ramo do direito voltado para quest\u00f5es relacionadas \u00e0 previd\u00eancia social, desempenha um papel crucial na sociedade brasileira. Assim, sob a \u00f3tica da doutrina jur\u00eddica nacional, sua relev\u00e2ncia \u00e9 incontest\u00e1vel. Como surgiu o Direito Previdenci\u00e1rio no Brasil? Inicialmente, a previd\u00eancia social no Brasil era voltada principalmente para a [&hellip;]<\/p>\n","protected":false},"author":43,"featured_media":54990,"comment_status":"closed","ping_status":"closed","sticky":false,"template":"","format":"standard","meta":{"_acf_changed":false,"om_disable_all_campaigns":false,"footnotes":""},"categories":[717],"tags":[],"class_list":["post-38975","post","type-post","status-publish","format-standard","has-post-thumbnail","hentry","category-direito"],"acf":[],"yoast_head":"<!-- This site is optimized with the Yoast SEO plugin v26.9 - https:\/\/yoast.com\/product\/yoast-seo-wordpress\/ -->\n<title>Advocacia Previdenci\u00e1ria: saiba as principais informa\u00e7\u00f5es<\/title>\n<meta name=\"description\" content=\"Descubra tudo sobre a Advocacia Previdenci\u00e1ria, saiba as principais informa\u00e7\u00f5es acerca do tema. Leia mais aqui!\" \/>\n<meta name=\"robots\" content=\"index, follow, max-snippet:-1, max-image-preview:large, max-video-preview:-1\" \/>\n<link rel=\"canonical\" href=\"https:\/\/advbox.com.br\/blog\/advocacia-previdenciaria-tendencias-para-2022\/\" \/>\n<meta property=\"og:locale\" content=\"pt_BR\" \/>\n<meta property=\"og:type\" content=\"article\" \/>\n<meta property=\"og:title\" content=\"Advocacia Previdenci\u00e1ria: saiba as principais informa\u00e7\u00f5es\" \/>\n<meta property=\"og:description\" content=\"Descubra tudo sobre a Advocacia Previdenci\u00e1ria, saiba as principais informa\u00e7\u00f5es acerca do tema. Leia mais aqui!\" \/>\n<meta property=\"og:url\" content=\"https:\/\/advbox.com.br\/blog\/advocacia-previdenciaria-tendencias-para-2022\/\" \/>\n<meta property=\"og:site_name\" content=\"Software Jur\u00eddico Completo - ADVBOX\" \/>\n<meta property=\"article:publisher\" content=\"https:\/\/www.facebook.com\/advbox\/\" \/>\n<meta property=\"article:published_time\" content=\"2024-03-19T17:19:37+00:00\" \/>\n<meta property=\"article:modified_time\" content=\"2024-03-20T13:27:06+00:00\" \/>\n<meta property=\"og:image\" content=\"https:\/\/advbox.com.br\/blog\/wp-content\/uploads\/2023\/06\/CAPA-Quanto-tempo-demora-um-processo-previdenciario_.webp\" \/>\n\t<meta property=\"og:image:width\" content=\"1024\" \/>\n\t<meta property=\"og:image:height\" content=\"576\" \/>\n\t<meta property=\"og:image:type\" content=\"image\/webp\" \/>\n<meta name=\"author\" content=\"Eduardo Koetz\" \/>\n<meta name=\"twitter:card\" content=\"summary_large_image\" \/>\n<meta name=\"twitter:creator\" content=\"@advbox2\" \/>\n<meta name=\"twitter:site\" content=\"@advbox2\" \/>\n<script type=\"application\/ld+json\" class=\"yoast-schema-graph\">{\"@context\":\"https:\/\/schema.org\",\"@graph\":[{\"@type\":\"Article\",\"@id\":\"https:\/\/advbox.com.br\/blog\/advocacia-previdenciaria-tendencias-para-2022\/#article\",\"isPartOf\":{\"@id\":\"https:\/\/advbox.com.br\/blog\/advocacia-previdenciaria-tendencias-para-2022\/\"},\"author\":{\"name\":\"Eduardo Koetz\",\"@id\":\"https:\/\/advbox.com.br\/blog\/#\/schema\/person\/029674387a95515a227f2dd7f49b8dfa\"},\"headline\":\"Advocacia previdenci\u00e1ria: um guia abrangente para entender a sua import\u00e2ncia\",\"datePublished\":\"2024-03-19T17:19:37+00:00\",\"dateModified\":\"2024-03-20T13:27:06+00:00\",\"mainEntityOfPage\":{\"@id\":\"https:\/\/advbox.com.br\/blog\/advocacia-previdenciaria-tendencias-para-2022\/\"},\"wordCount\":1888,\"publisher\":{\"@id\":\"https:\/\/advbox.com.br\/blog\/#organization\"},\"image\":{\"@id\":\"https:\/\/advbox.com.br\/blog\/advocacia-previdenciaria-tendencias-para-2022\/#primaryimage\"},\"thumbnailUrl\":\"https:\/\/advbox.com.br\/blog\/wp-content\/uploads\/2023\/06\/CAPA-Quanto-tempo-demora-um-processo-previdenciario_.webp\",\"articleSection\":[\"Direito\"],\"inLanguage\":\"pt-BR\"},{\"@type\":\"WebPage\",\"@id\":\"https:\/\/advbox.com.br\/blog\/advocacia-previdenciaria-tendencias-para-2022\/\",\"url\":\"https:\/\/advbox.com.br\/blog\/advocacia-previdenciaria-tendencias-para-2022\/\",\"name\":\"Advocacia Previdenci\u00e1ria: saiba as principais informa\u00e7\u00f5es\",\"isPartOf\":{\"@id\":\"https:\/\/advbox.com.br\/blog\/#website\"},\"primaryImageOfPage\":{\"@id\":\"https:\/\/advbox.com.br\/blog\/advocacia-previdenciaria-tendencias-para-2022\/#primaryimage\"},\"image\":{\"@id\":\"https:\/\/advbox.com.br\/blog\/advocacia-previdenciaria-tendencias-para-2022\/#primaryimage\"},\"thumbnailUrl\":\"https:\/\/advbox.com.br\/blog\/wp-content\/uploads\/2023\/06\/CAPA-Quanto-tempo-demora-um-processo-previdenciario_.webp\",\"datePublished\":\"2024-03-19T17:19:37+00:00\",\"dateModified\":\"2024-03-20T13:27:06+00:00\",\"description\":\"Descubra tudo sobre a Advocacia Previdenci\u00e1ria, saiba as principais informa\u00e7\u00f5es acerca do tema. Leia mais aqui!\",\"breadcrumb\":{\"@id\":\"https:\/\/advbox.com.br\/blog\/advocacia-previdenciaria-tendencias-para-2022\/#breadcrumb\"},\"inLanguage\":\"pt-BR\",\"potentialAction\":[{\"@type\":\"ReadAction\",\"target\":[\"https:\/\/advbox.com.br\/blog\/advocacia-previdenciaria-tendencias-para-2022\/\"]}]},{\"@type\":\"ImageObject\",\"inLanguage\":\"pt-BR\",\"@id\":\"https:\/\/advbox.com.br\/blog\/advocacia-previdenciaria-tendencias-para-2022\/#primaryimage\",\"url\":\"https:\/\/advbox.com.br\/blog\/wp-content\/uploads\/2023\/06\/CAPA-Quanto-tempo-demora-um-processo-previdenciario_.webp\",\"contentUrl\":\"https:\/\/advbox.com.br\/blog\/wp-content\/uploads\/2023\/06\/CAPA-Quanto-tempo-demora-um-processo-previdenciario_.webp\",\"width\":1024,\"height\":576,\"caption\":\"processo previdenci\u00e1rio\"},{\"@type\":\"BreadcrumbList\",\"@id\":\"https:\/\/advbox.com.br\/blog\/advocacia-previdenciaria-tendencias-para-2022\/#breadcrumb\",\"itemListElement\":[{\"@type\":\"ListItem\",\"position\":1,\"name\":\"In\u00edcio\",\"item\":\"https:\/\/advbox.com.br\/blog\/\"},{\"@type\":\"ListItem\",\"position\":2,\"name\":\"Direito\",\"item\":\"https:\/\/advbox.com.br\/blog\/direito\/\"},{\"@type\":\"ListItem\",\"position\":3,\"name\":\"Advocacia previdenci\u00e1ria: um guia abrangente para entender a sua import\u00e2ncia\"}]},{\"@type\":\"WebSite\",\"@id\":\"https:\/\/advbox.com.br\/blog\/#website\",\"url\":\"https:\/\/advbox.com.br\/blog\/\",\"name\":\"Software Jur\u00eddico Completo - ADVBOX\",\"description\":\"Plataforma para Advocacia Digital\",\"publisher\":{\"@id\":\"https:\/\/advbox.com.br\/blog\/#organization\"},\"potentialAction\":[{\"@type\":\"SearchAction\",\"target\":{\"@type\":\"EntryPoint\",\"urlTemplate\":\"https:\/\/advbox.com.br\/blog\/?s={search_term_string}\"},\"query-input\":{\"@type\":\"PropertyValueSpecification\",\"valueRequired\":true,\"valueName\":\"search_term_string\"}}],\"inLanguage\":\"pt-BR\"},{\"@type\":\"Organization\",\"@id\":\"https:\/\/advbox.com.br\/blog\/#organization\",\"name\":\"ADVBOX Blog - Software jur\u00eddico da advocacia digital\",\"url\":\"https:\/\/advbox.com.br\/blog\/\",\"logo\":{\"@type\":\"ImageObject\",\"inLanguage\":\"pt-BR\",\"@id\":\"https:\/\/advbox.com.br\/blog\/#\/schema\/logo\/image\/\",\"url\":\"https:\/\/advbox.com.br\/blog\/wp-content\/uploads\/2019\/12\/Como-aumentar-a-produtividade_.jpg\",\"contentUrl\":\"https:\/\/advbox.com.br\/blog\/wp-content\/uploads\/2019\/12\/Como-aumentar-a-produtividade_.jpg\",\"width\":320,\"height\":213,\"caption\":\"ADVBOX Blog - Software jur\u00eddico da advocacia digital\"},\"image\":{\"@id\":\"https:\/\/advbox.com.br\/blog\/#\/schema\/logo\/image\/\"},\"sameAs\":[\"https:\/\/www.facebook.com\/advbox\/\",\"https:\/\/x.com\/advbox2\"]},{\"@type\":\"Person\",\"@id\":\"https:\/\/advbox.com.br\/blog\/#\/schema\/person\/029674387a95515a227f2dd7f49b8dfa\",\"name\":\"Eduardo Koetz\",\"description\":\"Eduardo Koetz \u00e9 advogado, escritor, s\u00f3cio e fundador da Koetz Advocacia e CEO da empresa de software jur\u00eddico Advbox. Possui bacharel em Direito pela Universidade do Vale do Rio dos Sinos (Unisinos). Possui tanto registros na Ordem dos Advogados do Brasil - OAB (OAB\/SC 42.934, OAB\/RS 73.409, OAB\/PR 72.951, OAB\/SP 435.266, OAB\/MG 204.531, OAB\/MG 204.531), como na Ordem dos Advogados de Portugal - OA ( OA\/Portugal 69.512L).swdsasdw \u00c9 p\u00f3s-graduado em Direito do Trabalho pela Universidade Federal do Rio Grande do Sul (2011- 2012) e em Direito Tribut\u00e1rio pela Escola Superior da Magistratura Federal ESMAFE (2013 - 2014). Atua como um dos principais gestores da Koetz Advocacia realizando a supervis\u00e3o e lideran\u00e7a em todos os setores do escrit\u00f3rio. Em 2021, Eduardo publicou o livro intitulado: Otimizado - O escrit\u00f3rio como empresa escal\u00e1vel pela editora Viseu.\",\"url\":\"https:\/\/advbox.com.br\/blog\/autor\/comunicacao\/\"}]}<\/script>\n<!-- \/ Yoast SEO plugin. -->","yoast_head_json":{"title":"Advocacia Previdenci\u00e1ria: saiba as principais informa\u00e7\u00f5es","description":"Descubra tudo sobre a Advocacia Previdenci\u00e1ria, saiba as principais informa\u00e7\u00f5es acerca do tema. Leia mais aqui!","robots":{"index":"index","follow":"follow","max-snippet":"max-snippet:-1","max-image-preview":"max-image-preview:large","max-video-preview":"max-video-preview:-1"},"canonical":"https:\/\/advbox.com.br\/blog\/advocacia-previdenciaria-tendencias-para-2022\/","og_locale":"pt_BR","og_type":"article","og_title":"Advocacia Previdenci\u00e1ria: saiba as principais informa\u00e7\u00f5es","og_description":"Descubra tudo sobre a Advocacia Previdenci\u00e1ria, saiba as principais informa\u00e7\u00f5es acerca do tema. Leia mais aqui!","og_url":"https:\/\/advbox.com.br\/blog\/advocacia-previdenciaria-tendencias-para-2022\/","og_site_name":"Software Jur\u00eddico Completo - ADVBOX","article_publisher":"https:\/\/www.facebook.com\/advbox\/","article_published_time":"2024-03-19T17:19:37+00:00","article_modified_time":"2024-03-20T13:27:06+00:00","og_image":[{"width":1024,"height":576,"url":"https:\/\/advbox.com.br\/blog\/wp-content\/uploads\/2023\/06\/CAPA-Quanto-tempo-demora-um-processo-previdenciario_.webp","type":"image\/webp"}],"author":"Eduardo Koetz","twitter_card":"summary_large_image","twitter_creator":"@advbox2","twitter_site":"@advbox2","schema":{"@context":"https:\/\/schema.org","@graph":[{"@type":"Article","@id":"https:\/\/advbox.com.br\/blog\/advocacia-previdenciaria-tendencias-para-2022\/#article","isPartOf":{"@id":"https:\/\/advbox.com.br\/blog\/advocacia-previdenciaria-tendencias-para-2022\/"},"author":{"name":"Eduardo Koetz","@id":"https:\/\/advbox.com.br\/blog\/#\/schema\/person\/029674387a95515a227f2dd7f49b8dfa"},"headline":"Advocacia previdenci\u00e1ria: um guia abrangente para entender a sua import\u00e2ncia","datePublished":"2024-03-19T17:19:37+00:00","dateModified":"2024-03-20T13:27:06+00:00","mainEntityOfPage":{"@id":"https:\/\/advbox.com.br\/blog\/advocacia-previdenciaria-tendencias-para-2022\/"},"wordCount":1888,"publisher":{"@id":"https:\/\/advbox.com.br\/blog\/#organization"},"image":{"@id":"https:\/\/advbox.com.br\/blog\/advocacia-previdenciaria-tendencias-para-2022\/#primaryimage"},"thumbnailUrl":"https:\/\/advbox.com.br\/blog\/wp-content\/uploads\/2023\/06\/CAPA-Quanto-tempo-demora-um-processo-previdenciario_.webp","articleSection":["Direito"],"inLanguage":"pt-BR"},{"@type":"WebPage","@id":"https:\/\/advbox.com.br\/blog\/advocacia-previdenciaria-tendencias-para-2022\/","url":"https:\/\/advbox.com.br\/blog\/advocacia-previdenciaria-tendencias-para-2022\/","name":"Advocacia Previdenci\u00e1ria: saiba as principais informa\u00e7\u00f5es","isPartOf":{"@id":"https:\/\/advbox.com.br\/blog\/#website"},"primaryImageOfPage":{"@id":"https:\/\/advbox.com.br\/blog\/advocacia-previdenciaria-tendencias-para-2022\/#primaryimage"},"image":{"@id":"https:\/\/advbox.com.br\/blog\/advocacia-previdenciaria-tendencias-para-2022\/#primaryimage"},"thumbnailUrl":"https:\/\/advbox.com.br\/blog\/wp-content\/uploads\/2023\/06\/CAPA-Quanto-tempo-demora-um-processo-previdenciario_.webp","datePublished":"2024-03-19T17:19:37+00:00","dateModified":"2024-03-20T13:27:06+00:00","description":"Descubra tudo sobre a Advocacia Previdenci\u00e1ria, saiba as principais informa\u00e7\u00f5es acerca do tema. Leia mais aqui!","breadcrumb":{"@id":"https:\/\/advbox.com.br\/blog\/advocacia-previdenciaria-tendencias-para-2022\/#breadcrumb"},"inLanguage":"pt-BR","potentialAction":[{"@type":"ReadAction","target":["https:\/\/advbox.com.br\/blog\/advocacia-previdenciaria-tendencias-para-2022\/"]}]},{"@type":"ImageObject","inLanguage":"pt-BR","@id":"https:\/\/advbox.com.br\/blog\/advocacia-previdenciaria-tendencias-para-2022\/#primaryimage","url":"https:\/\/advbox.com.br\/blog\/wp-content\/uploads\/2023\/06\/CAPA-Quanto-tempo-demora-um-processo-previdenciario_.webp","contentUrl":"https:\/\/advbox.com.br\/blog\/wp-content\/uploads\/2023\/06\/CAPA-Quanto-tempo-demora-um-processo-previdenciario_.webp","width":1024,"height":576,"caption":"processo previdenci\u00e1rio"},{"@type":"BreadcrumbList","@id":"https:\/\/advbox.com.br\/blog\/advocacia-previdenciaria-tendencias-para-2022\/#breadcrumb","itemListElement":[{"@type":"ListItem","position":1,"name":"In\u00edcio","item":"https:\/\/advbox.com.br\/blog\/"},{"@type":"ListItem","position":2,"name":"Direito","item":"https:\/\/advbox.com.br\/blog\/direito\/"},{"@type":"ListItem","position":3,"name":"Advocacia previdenci\u00e1ria: um guia abrangente para entender a sua import\u00e2ncia"}]},{"@type":"WebSite","@id":"https:\/\/advbox.com.br\/blog\/#website","url":"https:\/\/advbox.com.br\/blog\/","name":"Software Jur\u00eddico Completo - ADVBOX","description":"Plataforma para Advocacia Digital","publisher":{"@id":"https:\/\/advbox.com.br\/blog\/#organization"},"potentialAction":[{"@type":"SearchAction","target":{"@type":"EntryPoint","urlTemplate":"https:\/\/advbox.com.br\/blog\/?s={search_term_string}"},"query-input":{"@type":"PropertyValueSpecification","valueRequired":true,"valueName":"search_term_string"}}],"inLanguage":"pt-BR"},{"@type":"Organization","@id":"https:\/\/advbox.com.br\/blog\/#organization","name":"ADVBOX Blog - Software jur\u00eddico da advocacia digital","url":"https:\/\/advbox.com.br\/blog\/","logo":{"@type":"ImageObject","inLanguage":"pt-BR","@id":"https:\/\/advbox.com.br\/blog\/#\/schema\/logo\/image\/","url":"https:\/\/advbox.com.br\/blog\/wp-content\/uploads\/2019\/12\/Como-aumentar-a-produtividade_.jpg","contentUrl":"https:\/\/advbox.com.br\/blog\/wp-content\/uploads\/2019\/12\/Como-aumentar-a-produtividade_.jpg","width":320,"height":213,"caption":"ADVBOX Blog - Software jur\u00eddico da advocacia digital"},"image":{"@id":"https:\/\/advbox.com.br\/blog\/#\/schema\/logo\/image\/"},"sameAs":["https:\/\/www.facebook.com\/advbox\/","https:\/\/x.com\/advbox2"]},{"@type":"Person","@id":"https:\/\/advbox.com.br\/blog\/#\/schema\/person\/029674387a95515a227f2dd7f49b8dfa","name":"Eduardo Koetz","description":"Eduardo Koetz \u00e9 advogado, escritor, s\u00f3cio e fundador da Koetz Advocacia e CEO da empresa de software jur\u00eddico Advbox. Possui bacharel em Direito pela Universidade do Vale do Rio dos Sinos (Unisinos). Possui tanto registros na Ordem dos Advogados do Brasil - OAB (OAB\/SC 42.934, OAB\/RS 73.409, OAB\/PR 72.951, OAB\/SP 435.266, OAB\/MG 204.531, OAB\/MG 204.531), como na Ordem dos Advogados de Portugal - OA ( OA\/Portugal 69.512L).swdsasdw \u00c9 p\u00f3s-graduado em Direito do Trabalho pela Universidade Federal do Rio Grande do Sul (2011- 2012) e em Direito Tribut\u00e1rio pela Escola Superior da Magistratura Federal ESMAFE (2013 - 2014). Atua como um dos principais gestores da Koetz Advocacia realizando a supervis\u00e3o e lideran\u00e7a em todos os setores do escrit\u00f3rio. Em 2021, Eduardo publicou o livro intitulado: Otimizado - O escrit\u00f3rio como empresa escal\u00e1vel pela editora Viseu.","url":"https:\/\/advbox.com.br\/blog\/autor\/comunicacao\/"}]}},"_links":{"self":[{"href":"https:\/\/advbox.com.br\/blog\/wp-json\/wp\/v2\/posts\/38975","targetHints":{"allow":["GET"]}}],"collection":[{"href":"https:\/\/advbox.com.br\/blog\/wp-json\/wp\/v2\/posts"}],"about":[{"href":"https:\/\/advbox.com.br\/blog\/wp-json\/wp\/v2\/types\/post"}],"author":[{"embeddable":true,"href":"https:\/\/advbox.com.br\/blog\/wp-json\/wp\/v2\/users\/43"}],"replies":[{"embeddable":true,"href":"https:\/\/advbox.com.br\/blog\/wp-json\/wp\/v2\/comments?post=38975"}],"version-history":[{"count":8,"href":"https:\/\/advbox.com.br\/blog\/wp-json\/wp\/v2\/posts\/38975\/revisions"}],"predecessor-version":[{"id":62318,"href":"https:\/\/advbox.com.br\/blog\/wp-json\/wp\/v2\/posts\/38975\/revisions\/62318"}],"wp:featuredmedia":[{"embeddable":true,"href":"https:\/\/advbox.com.br\/blog\/wp-json\/wp\/v2\/media\/54990"}],"wp:attachment":[{"href":"https:\/\/advbox.com.br\/blog\/wp-json\/wp\/v2\/media?parent=38975"}],"wp:term":[{"taxonomy":"category","embeddable":true,"href":"https:\/\/advbox.com.br\/blog\/wp-json\/wp\/v2\/categories?post=38975"},{"taxonomy":"post_tag","embeddable":true,"href":"https:\/\/advbox.com.br\/blog\/wp-json\/wp\/v2\/tags?post=38975"}],"curies":[{"name":"wp","href":"https:\/\/api.w.org\/{rel}","templated":true}]}}