{"id":39417,"date":"2024-01-22T15:12:08","date_gmt":"2024-01-22T18:12:08","guid":{"rendered":"https:\/\/advbox.com.br\/blog\/?p=39417"},"modified":"2024-02-21T13:56:23","modified_gmt":"2024-02-21T16:56:23","slug":"geracao-x-e-y-na-advocacia","status":"publish","type":"post","link":"https:\/\/advbox.com.br\/blog\/geracao-x-e-y-na-advocacia\/","title":{"rendered":"As diferen\u00e7as entre as gera\u00e7\u00f5es X e Y na advocacia digital"},"content":{"rendered":"<p>Gera\u00e7\u00e3o X e Y s\u00e3o as novas gera\u00e7\u00f5es, que est\u00e3o dominando a <a href=\"https:\/\/advbox.com.br\/blog\/advocacia-digital-e-evolucao-da-advocacia\/\" target=\"_blank\">advocacia digital<\/a>. Ali\u00e1s, voc\u00ea entende exatamente do que ela se trata?<\/p><p>Explico: Nesta fase atual do Direito, os escrit\u00f3rios atuam com ajuda de equipes de alta performance e adotam a fragmenta\u00e7\u00e3o do trabalho, para diminuir a sobrecarga, aumentar a qualidade do atendimento e a produtividade.<\/p><p>Al\u00e9m disso, nesta era, a prospec\u00e7\u00e3o de clientes \u00e9 feita com o\u00a0marketing jur\u00eddico digital, atrav\u00e9s\u00a0de conte\u00fado rico e org\u00e2nico. Inclusive, os escrit\u00f3rios s\u00e3o baseados em plataformas digitais autogerenci\u00e1veis e sistemas que automatizam o atendimento aos clientes.<\/p><p>S\u00e3o muitas as mudan\u00e7as em rela\u00e7\u00e3o \u00e0s eras passadas, fato que traz \u00e0 tona a import\u00e2ncia de entender quem \u00e9 esse p\u00fablico que atua nos escrit\u00f3rios de hoje e quais s\u00e3o suas diferen\u00e7as para aprimorar a gest\u00e3o e os resultados do neg\u00f3cio.<\/p><div class=\"wp-block-image\"><figure class=\"aligncenter size-full\"><a href=\"https:\/\/materiais.advbox.com.br\/lp-gt-p3-advocacia-digital\" target=\"_blank\"><img fetchpriority=\"high\" decoding=\"async\" width=\"1024\" height=\"262\" src=\"https:\/\/advbox.com.br\/blog\/wp-content\/uploads\/2023\/01\/Capa-Email-4.png\" alt=\"arte de ebook de meios de produ\u00e7\u00e3o na advocacia\" class=\"wp-image-51045\" srcset=\"https:\/\/advbox.com.br\/blog\/wp-content\/uploads\/2023\/01\/Capa-Email-4.png 1024w, https:\/\/advbox.com.br\/blog\/wp-content\/uploads\/2023\/01\/Capa-Email-4-500x128.png 500w, https:\/\/advbox.com.br\/blog\/wp-content\/uploads\/2023\/01\/Capa-Email-4-768x197.png 768w\" sizes=\"(max-width: 1024px) 100vw, 1024px\" \/><\/a><\/figure><\/div><h2 class=\"wp-block-heading\">Quais s\u00e3o as gera\u00e7\u00f5es XYZ?\u00a0<\/h2><p>As gera\u00e7\u00f5es XYZ representam uma era de <a href=\"https:\/\/rockcontent.com\/br\/blog\/transformacao-digital\/\" target=\"_blank\">transforma\u00e7\u00e3o digital<\/a> e pensamento globalizado. Primeiro, sobre a gera\u00e7\u00e3o X e Y:<\/p><p>A gera\u00e7\u00e3o X, ao contr\u00e1rio de sua gera\u00e7\u00e3o anterior (boomer), possui um pensamento complexo, que foge da dualidade (rico e pobre, certo e errado). \u00c9 mais aberta a mudan\u00e7as e inova\u00e7\u00f5es, possui entre 40 e 60 anos \u2013 e representa mais de 40% da advocacia brasileira.<\/p><p>E a gera\u00e7\u00e3o Y, tamb\u00e9m conhecida como Millennials, \u00e9 totalmente livre do pensamento dualista, \u00e9 nativa digital e compreende indiv\u00edduos de 25 a 40 anos, somando 50% dos advogados ativos no pa\u00eds.\u00a0<\/p><p>J\u00e1 a gera\u00e7\u00e3o Z compreende indiv\u00edduos entre 18 a 25 anos, tamb\u00e9m \u00e9 nativa digital (ainda mais \u00edntima da tecnologia), \u00e9 impaciente e possui comportamento individualizado, se isolando com maior frequ\u00eancia.<\/p><h2 class=\"wp-block-heading\">As gera\u00e7\u00f5es na advocacia digital<\/h2><p>Para voc\u00ea entender como as <a href=\"https:\/\/publica.ciar.ufg.br\/ebooks\/invencoes\/livros\/3\/capitulos\/c07.html\" target=\"_blank\">gera\u00e7\u00f5es<\/a> se comportam na advocacia digital e conhecer suas principais caracter\u00edsticas, separamos os pontos principais delas abaixo.\u00a0<\/p><p>Lembrando que as <a href=\"https:\/\/www1.folha.uol.com.br\/sobretudo\/carreiras\/2023\/12\/geracoes-x-y-e-z-como-ter-diversidade-de-idade-ajuda-no-trabalho.shtml\" target=\"_blank\">rela\u00e7\u00f5es entre gera\u00e7\u00f5es (intergeracionais)<\/a> dentro dos escrit\u00f3rios, apesar de n\u00e3o ocorrerem em todos eles, podem gerar bons frutos de conhecimento e experi\u00eancias compartilhadas.<\/p><p>Portanto, \u00e9 importante que voc\u00ea incentive e tenha mais de uma gera\u00e7\u00e3o trabalhando juntas em seu escrit\u00f3rio, seja a gera\u00e7\u00e3o X e Y, seja uma combina\u00e7\u00e3o de outras gera\u00e7\u00f5es.<\/p><p>Continue a leitura!<\/p><h3 class=\"wp-block-heading\">1. Boomer &#8211; gera\u00e7\u00e3o gloriosa<\/h3><p>A advocacia da gera\u00e7\u00e3o Boomer \u00e9 estruturada na reten\u00e7\u00e3o do conhecimento jur\u00eddico. Por isso, s\u00e3o resistentes ao marketing jur\u00eddico e \u00e0 socializa\u00e7\u00e3o da informa\u00e7\u00e3o. No entanto, como consumidores, costumam contratar servi\u00e7os jur\u00eddicos pela internet.<\/p><p>Eles possuem mais de 60 anos e representam 15% da advocacia brasileira. Inclusive, seus valores s\u00e3o: Lealdade, respeito \u00e0 hierarquia e \u00e0s regras \u2013 e eles devem ser considerados.\u00a0<\/p><p>Al\u00e9m disso, outros pontos importantes s\u00e3o: Tend\u00eancia a serem conservadores; pensamento dualista e cren\u00e7a de que \u201cmanda quem tem poder\u201d.\u00a0<\/p><p>Visualize abaixo outras caracter\u00edsticas importantes desta gera\u00e7\u00e3o:<\/p><ul class=\"wp-block-list\">\n<li class=\"has-small-font-size\">Caracter\u00edsticas principais: Confian\u00e7a, seguran\u00e7a, e forte \u00e9tica de trabalho;<\/li>\n\n\n\n<li class=\"has-small-font-size\">Desempenhou papel crucial na constru\u00e7\u00e3o das cidades no p\u00f3s-guerra;<\/li>\n\n\n\n<li class=\"has-small-font-size\">Valores centrados no trabalho, riqueza e lazer agendado;<\/li>\n\n\n\n<li class=\"has-small-font-size\">Estrutura familiar tradicional: Pai trabalha, m\u00e3e cuida do lar, filhos estudam;<\/li>\n\n\n\n<li class=\"has-small-font-size\">Percep\u00e7\u00e3o da tecnologia como algo sofisticado e desej\u00e1vel; nem sempre acess\u00edvel, mas vista como s\u00edmbolo de progresso.<\/li>\n<\/ul><h4 class=\"wp-block-heading\">Pontos importantes:<\/h4><p>Apesar de eles serem resistentes ao marketing jur\u00eddico, veem a tecnologia como algo sofisticado, desej\u00e1vel e s\u00edmbolo de progresso.<\/p><p>Nesse sentido, algo que pode encantar esta gera\u00e7\u00e3o \u00e9 o uso de um bom software jur\u00eddico, o que tamb\u00e9m pode proporcionar seguran\u00e7a, confian\u00e7a e maior valoriza\u00e7\u00e3o do trabalho \u2013 estas, que s\u00e3o algumas das bases do Boomer.\u00a0<\/p><p>Inclusive, um software jur\u00eddico completo traz organiza\u00e7\u00e3o, clareza e agilidade para o trabalho, entregando exatamente o que os clientes e os colaboradores precisam.<\/p><p>Agora, a gera\u00e7\u00e3o X e Y!<\/p><h3 class=\"wp-block-heading\">2. Gera\u00e7\u00e3o X<\/h3><p>Esta \u00e9 uma gera\u00e7\u00e3o mais aberta a mudan\u00e7as e inova\u00e7\u00f5es. Eles possuem entre 40 e 60 anos e representam mais de 40% da advocacia brasileira.\u00a0<\/p><p>A gera\u00e7\u00e3o X pensa de forma mais complexa; sabe que existem v\u00e1rios interessados e n\u00e3o apenas dois p\u00f3los \u2013 e aceita melhor a diversidade.\u00a0<\/p><p>Al\u00e9m disso, \u00e9 leal \u00e0 empresa, veste a camisa, entrando para a empresa sem pensar em sair. Isso sem falar que \u00e9 uma gera\u00e7\u00e3o workaholic com orgulho.\u00a0<\/p><p>Ademais, s\u00e3o competitivos, cautelosos com mudan\u00e7a e abertos \u00e0 inova\u00e7\u00e3o, desde que seja de forma segura e planejada. Afinal, buscam estabilidade do status e da condi\u00e7\u00e3o financeira conquistada.\u00a0<\/p><ul class=\"wp-block-list\">\n<li class=\"has-small-font-size\">Heran\u00e7a de valores de trabalho dos baby boomers, mas com \u00eanfase na compet\u00eancia, independentemente da hierarquia;<\/li>\n\n\n\n<li class=\"has-small-font-size\">Possui tend\u00eancias idealistas e familiaridade com incertezas e mudan\u00e7as;<\/li>\n\n\n\n<li class=\"has-small-font-size\">Vivenciou a transi\u00e7\u00e3o da m\u00eddia TV para a internet e a populariza\u00e7\u00e3o do celular;<\/li>\n\n\n\n<li class=\"has-small-font-size\">Testemunhou eventos como a Guerra Fria, a queda do Muro de Berlim e a chegada da AIDS;<\/li>\n\n\n\n<li class=\"has-small-font-size\">Valoriza\u00e7\u00e3o do status social e financeiro como indicadores de sucesso;<\/li>\n\n\n\n<li class=\"has-small-font-size\">Coloca\u00e7\u00e3o da fam\u00edlia como ponto central, apesar da experi\u00eancia de div\u00f3rcio dos pais;<\/li>\n\n\n\n<li class=\"has-small-font-size\">Enxerga a tecnologia como agente de transforma\u00e7\u00e3o e mudan\u00e7a na sociedade;<\/li>\n\n\n\n<li class=\"has-small-font-size\">Destaque para a ativa participa\u00e7\u00e3o feminina no mercado de trabalho.<\/li>\n<\/ul><h4 class=\"wp-block-heading\">Pontos importantes:<\/h4><p>Algo que pode encantar esta gera\u00e7\u00e3o competitiva por natureza, ainda no assunto \u201cadvocacia digital\u201d, \u00e9 implementar o <a href=\"https:\/\/advbox.com.br\/blog\/taskscore-sistema-de-pontuacao-por-tarefas\/\" target=\"_blank\">Taskscore<\/a> \u2013 a pontua\u00e7\u00e3o por tarefas.<\/p><p>Afinal, o Taskscore permite atribuirmos pontos a cada tarefa realizada. E, como cada tarefa possui pesos diferentes, os pontos variam, gerando maior motiva\u00e7\u00e3o para realizar o trabalho.<\/p><p>Vale ressaltar que, tanto na gera\u00e7\u00e3o Boomer quanto na gera\u00e7\u00e3o X, h\u00e1 o trabalho \u00e1rduo como um valor pessoal.\u00a0<\/p><p>No entanto, as pr\u00f3ximas gera\u00e7\u00f5es, Y e Z consideram que n\u00e3o \u00e9 preciso sofrer para realizar uma meta e \u00e9 poss\u00edvel conciliar prazer e trabalho.<\/p><h3 class=\"wp-block-heading\">3. Gera\u00e7\u00e3o Y \u2013 Millennials<\/h3><p>Totalmente adeptos e nativos digitais, est\u00e3o acostumados com a informa\u00e7\u00e3o compartilhada. S\u00e3o livres daquele pensamento dualista, possuem de 25 a 40 anos \u2013 e representam 50% da advocacia brasileira.\u00a0<\/p><p>\u00c9 preciso falar com o Millennial de igual para igual. Ent\u00e3o, se voc\u00ea quiser a colabora\u00e7\u00e3o dele, precisa ouvi-lo e considerar sua opini\u00e3o. Inclusive, ele aprende r\u00e1pido, mas tamb\u00e9m quer crescer r\u00e1pido e ser reconhecido a cada entrega de qualidade.\u00a0<\/p><p>Al\u00e9m disso, busca liberdade e prop\u00f3sito, e, mesmo jovem, passa por crises existenciais de ficar se perguntando por que faz o que faz (crise semiexistencial precoce).\u00a0<\/p><p>Se voc\u00ea deseja manter um bom relacionamento com as pessoas dessa gera\u00e7\u00e3o, esteja presente, estabele\u00e7a escuta ativa e d\u00ea conselhos, incentivando-os ao autoconhecimento.\u00a0<\/p><ul class=\"wp-block-list\">\n<li class=\"has-small-font-size\">Assumem as facilidades proporcionadas pelo dinheiro e consumo, mas n\u00e3o valorizam tanto o trabalho \u00e1rduo dos pais;<\/li>\n\n\n\n<li class=\"has-small-font-size\">T\u00eam envolvimento significativo com o consumo e a ampla gama de possibilidades oferecidas pela internet;<\/li>\n\n\n\n<li class=\"has-small-font-size\">Vinculam o trabalho ao prazer, onde dinheiro e satisfa\u00e7\u00e3o s\u00e3o integrados na mesma fase da vida;<\/li>\n\n\n\n<li class=\"has-small-font-size\">Diferentemente da gera\u00e7\u00e3o anterior, n\u00e3o esperam acumular dinheiro para usufruir na velhice, valorizam o presente e o prazer imediato;<\/li>\n\n\n\n<li class=\"has-small-font-size\">Fam\u00edlias distintas, frequentemente lideradas por mulheres independentes financeira e emocionalmente;<\/li>\n\n\n\n<li class=\"has-small-font-size\">Conviv\u00eancia com pais separados, irm\u00e3os de outros casamentos e namorados dos pais;<\/li>\n\n\n\n<li class=\"has-small-font-size\">Tecnologia e m\u00eddia s\u00e3o vistos como meios de acesso, n\u00e3o necessariamente de conhecimento ou aprofundamento;<\/li>\n\n\n\n<li class=\"has-small-font-size\">Tend\u00eancia de &#8220;tudo posso&#8221; (acesso) em detrimento do &#8220;tudo sei&#8221; (aprofundamento no uso).<\/li>\n<\/ul><h4 class=\"wp-block-heading\">Pontos de destaque:<\/h4><p>Aqui, o prop\u00f3sito e a liberdade importam. Ent\u00e3o, se isso tamb\u00e9m importa para voc\u00ea, pode demonstrar o quanto o seu escrit\u00f3rio tamb\u00e9m valoriza isso.<\/p><p>E uma forma de faz\u00ea-lo \u00e9 digitalizando seus processos, suas atividades e seu modelo de neg\u00f3cios. Afinal, daqui para a frente, as empresas precisar\u00e3o diminuir o impacto negativo no meio ambiente e na sociedade.\u00a0<\/p><p>E, ao colocar o digital no centro do seu modelo de neg\u00f3cios, voc\u00ea tamb\u00e9m pode implementar uma gest\u00e3o baseada em resultados \u2013 sem precisar ser r\u00edgido quanto ao local de trabalho ou <a href=\"https:\/\/advbox.com.br\/blog\/time-sheet-ou-pontuacao-por-tarefas\/\" target=\"_blank\">aos hor\u00e1rios<\/a>.<\/p><p>Ali\u00e1s, n\u00e3o quero que soe repetitivo, mas um bom software tamb\u00e9m pode te ajudar nisso. J\u00e1 pensou?<\/p><p>Aproveite e confira neste v\u00eddeo como se comportam as diferentes gera\u00e7\u00f5es nos escrit\u00f3rios jur\u00eddicos do Brasil:<\/p><figure class=\"wp-block-embed is-type-video is-provider-youtube wp-block-embed-youtube wp-embed-aspect-16-9 wp-has-aspect-ratio\"><div class=\"wp-block-embed__wrapper\">\n<iframe title=\"Gera\u00e7\u00f5es X e Y na Advocacia\" width=\"750\" height=\"422\" src=\"https:\/\/www.youtube.com\/embed\/IgFXGLAXRaw?feature=oembed\" frameborder=\"0\" allow=\"accelerometer; autoplay; clipboard-write; encrypted-media; gyroscope; picture-in-picture; web-share\" allowfullscreen loading=\"lazy\"><\/iframe>\n<\/div><\/figure><h2 class=\"wp-block-heading\">Qual \u00e9 a gera\u00e7\u00e3o X?<\/h2><p>A gera\u00e7\u00e3o X compreende os nascidos entre 1965 e 1981.<\/p><p>E, diferente das gera\u00e7\u00f5es anteriores, os membros da gera\u00e7\u00e3o X s\u00e3o indiv\u00edduos abertos a mudan\u00e7as e inova\u00e7\u00f5es. Eles entendem a complexidade dos interesses em jogo e aceitam a diversidade de pensamentos.\u00a0<\/p><p>Inclusive, essa gera\u00e7\u00e3o valoriza a lealdade \u00e0 empresa, sendo conhecida por &#8220;vestir a camisa&#8221; e por seu comprometimento. No entanto, s\u00e3o cautelosos em rela\u00e7\u00e3o a mudan\u00e7as, buscando inova\u00e7\u00e3o de forma segura e planejada.\u00a0<\/p><h2 class=\"wp-block-heading\">Quem s\u00e3o a gera\u00e7\u00e3o Y?\u00a0<\/h2><p>A gera\u00e7\u00e3o Y, ou Millennials, compreende os nascidos entre 1982 e 1994.\u00a0<\/p><p>E, diferente das gera\u00e7\u00f5es anteriores, os Millennials s\u00e3o nativos digitais, caracterizados por um pensamento n\u00e3o dualista, reconhecendo a diversidade de classes e culturas, por exemplo.\u00a0<\/p><p>Al\u00e9m disso, eles valorizam liberdade e prop\u00f3sito, como j\u00e1 mencionamos, al\u00e9m do respeito entre colegas de diferentes n\u00edveis hier\u00e1rquicos.<\/p><h2 class=\"wp-block-heading\">Qual \u00e9 a idade da gera\u00e7\u00e3o Z?\u00a0<\/h2><p>A <a href=\"https:\/\/mittechreview.com.br\/a-mudanca-no-comportamento-das-geracoes-tecnologia-de-a-a-z\/\" target=\"_blank\">gera\u00e7\u00e3o Z<\/a> engloba os indiv\u00edduos que, atualmente, est\u00e3o na faixa et\u00e1ria de 18 a 25 anos.\u00a0<\/p><p>Eles s\u00e3o nativos digitais, assim como os Millennials, mas trazem consigo uma perspectiva ainda mais centrada na tecnologia.\u00a0<\/p><p>Inclusive, outras caracter\u00edsticas importantes s\u00e3o:<\/p><ul class=\"wp-block-list\">\n<li class=\"has-small-font-size\">Cresceram em uma sociedade fortemente influenciada pela tecnologia;<\/li>\n\n\n\n<li class=\"has-small-font-size\">Incorpora\u00e7\u00e3o do conceito de virtualidade na vida di\u00e1ria, com destaque para o uso constante de celulares, jogos e m\u00eddia onipresente;<\/li>\n\n\n\n<li class=\"has-small-font-size\">Possuem tend\u00eancia ao isolamento, sendo conhecida como a gera\u00e7\u00e3o do &#8220;fone de ouvido&#8221;;<\/li>\n\n\n\n<li class=\"has-small-font-size\">Valorizam a individualidade, mantendo rela\u00e7\u00f5es vinculadas principalmente \u00e0s intera\u00e7\u00f5es virtuais por meio de plataformas como Facebook e WhatsApp;<\/li>\n\n\n\n<li class=\"has-small-font-size\">Compartilham a impaci\u00eancia da gera\u00e7\u00e3o anterior, mas demonstram uma afinidade ainda mais forte com a tecnologia;<\/li>\n\n\n\n<li class=\"has-small-font-size\">T\u00eam conhecimento mais aprofundado e amig\u00e1vel em rela\u00e7\u00e3o \u00e0 tecnologia \u2013 esta que determinou a mudan\u00e7a de valores desta e das outras duas gera\u00e7\u00f5es;<\/li>\n\n\n\n<li class=\"has-small-font-size\">O ciberespa\u00e7o \u00e9 visto como um local desterritorializado, propiciando diferentes relacionamentos e sendo considerado mais livre e seguro para os jovens, em compara\u00e7\u00e3o com as ruas das grandes cidades.<\/li>\n<\/ul><p>Inclusive, a tecnologia de forma geral realmente encanta esta gera\u00e7\u00e3o. E, caso voc\u00ea queira trazer agilidade para o dia a dia de trabalho, isso \u00e9 com ela.<\/p><h2 class=\"wp-block-heading\">Prepare-se para os desafios e obtenha maiores resultados<\/h2><p>Em um mundo jur\u00eddico em constante evolu\u00e7\u00e3o, compreender e se adaptar \u00e0s diferentes gera\u00e7\u00f5es \u00e9 decisivo para o sucesso.\u00a0<\/p><p>E os gestores de escrit\u00f3rios que sabem lidar com a gera\u00e7\u00e3o X e Y, al\u00e9m de Z e Boomer estar\u00e3o preparados para enfrentar desafios e ir em busca de melhores resultados.\u00a0<\/p><p>Inclusive, o Software ADVBOX \u00e9 uma solu\u00e7\u00e3o inovadora que se adapta ao estilo de trabalho de cada gera\u00e7\u00e3o \u2013 e pode ser a pe\u00e7a fundamental para a efici\u00eancia e o crescimento sustent\u00e1vel no ambiente atual.<br>Voc\u00ea j\u00e1 conhece essa solu\u00e7\u00e3o? Aproveite e leia <a href=\"https:\/\/advbox.com.br\/blog\/software-de-gestao-advbox\/\" target=\"_blank\">este artigo<\/a> sobre os problemas que o Software ADVBOX resolve.<\/p><h2 class=\"wp-block-heading\">Mais conhecimento para voc\u00ea!<\/h2><p>Por aqui estamos sempre abordando assuntos quentes e relevantes para os profissionais do Direito. Confira outros textos que tamb\u00e9m podem te interessar:<\/p><figure class=\"wp-block-table\"><table><tbody><tr><td><a href=\"https:\/\/advbox.com.br\/blog\/alta-produtividade-na-advocacia\/\" target=\"_blank\" rel=\"noreferrer noopener\" target=\"_blank\">Alta produtividade na advocacia<\/a><\/td><\/tr><tr><td><a href=\"https:\/\/advbox.com.br\/blog\/como-criar-o-setor-comercial\/\" target=\"_blank\" rel=\"noreferrer noopener\" target=\"_blank\">Como criar o setor comercial do seu escrit\u00f3rio de advocacia? Confira 7 dicas!<\/a><\/td><\/tr><tr><td><a href=\"https:\/\/advbox.com.br\/blog\/5-recursos-mais-eficientes-nos-softwares-juridicos-do-mercado\/\" target=\"_blank\" rel=\"noreferrer noopener\" target=\"_blank\">Software Jur\u00eddico: 17 crit\u00e9rios fundamentais para encontrar o melhor!<\/a><\/td><\/tr><tr><td><a href=\"https:\/\/advbox.com.br\/blog\/controladoria-juridica\/\" target=\"_blank\" rel=\"noreferrer noopener\" target=\"_blank\">O que \u00e9 a Controladoria Jur\u00eddica e como funciona<\/a><\/td><\/tr><tr><td><a href=\"https:\/\/advbox.com.br\/blog\/sistema-de-filiais\/\" target=\"_blank\" rel=\"noreferrer noopener\" target=\"_blank\">Escrit\u00f3rios com filiais, correspondentes e parceiros fixos<\/a><\/td><\/tr><tr><td><a href=\"https:\/\/advbox.com.br\/blog\/avaliacao-de-dados\/\" target=\"_blank\" rel=\"noreferrer noopener\" target=\"_blank\">Advocacia baseada em dados<\/a><\/td><\/tr><\/tbody><\/table><\/figure><div class=\"wp-block-image\"><figure class=\"aligncenter size-full\"><a href=\"https:\/\/advbox.com.br\/cadastro\" target=\"_blank\"><img decoding=\"async\" width=\"760\" height=\"200\" src=\"https:\/\/advbox.com.br\/blog\/wp-content\/uploads\/2022\/03\/CTA-Email-5.jpg\" alt=\"CTA CADASTRO ADVBOX 05\" class=\"wp-image-56932\" srcset=\"https:\/\/advbox.com.br\/blog\/wp-content\/uploads\/2022\/03\/CTA-Email-5.jpg 760w, https:\/\/advbox.com.br\/blog\/wp-content\/uploads\/2022\/03\/CTA-Email-5-500x132.jpg 500w\" sizes=\"(max-width: 760px) 100vw, 760px\" loading=\"lazy\" \/><\/a><\/figure><\/div>\n","protected":false},"excerpt":{"rendered":"<p>Gera\u00e7\u00e3o X e Y s\u00e3o as novas gera\u00e7\u00f5es, que est\u00e3o dominando a advocacia digital. Ali\u00e1s, voc\u00ea entende exatamente do que ela se trata? Explico: Nesta fase atual do Direito, os escrit\u00f3rios atuam com ajuda de equipes de alta performance e adotam a fragmenta\u00e7\u00e3o do trabalho, para diminuir a sobrecarga, aumentar [&hellip;]<\/p>\n","protected":false},"author":44,"featured_media":60024,"comment_status":"closed","ping_status":"closed","sticky":false,"template":"","format":"standard","meta":{"_acf_changed":false,"om_disable_all_campaigns":false,"footnotes":""},"categories":[710,649],"tags":[1289,1290,1287,1288,1227,187],"class_list":["post-39417","post","type-post","status-publish","format-standard","has-post-thumbnail","hentry","category-advocacia","category-advocacia-digital","tag-geracao-advocacia","tag-geracao-na-advocacia","tag-geracao-x-e-y-na-advocacia","tag-geracoes-na-advocacia","tag-gestor-de-escritorio","tag-marketing-digital"],"acf":[],"yoast_head":"<!-- This site is optimized with the Yoast SEO plugin v26.9 - https:\/\/yoast.com\/product\/yoast-seo-wordpress\/ -->\n<title>Gera\u00e7\u00e3o X e Y e suas diferen\u00e7as na advocacia digital<\/title>\n<meta name=\"description\" content=\"Gera\u00e7\u00e3o X e Y: Entenda quem s\u00e3o e quais as diferen\u00e7as das gera\u00e7\u00f5es atuantes nos escrit\u00f3rios - e aprimore a gest\u00e3o do seu neg\u00f3cio jur\u00eddico.\" \/>\n<meta name=\"robots\" content=\"index, follow, max-snippet:-1, max-image-preview:large, max-video-preview:-1\" \/>\n<link rel=\"canonical\" href=\"https:\/\/advbox.com.br\/blog\/geracao-x-e-y-na-advocacia\/\" \/>\n<meta property=\"og:locale\" content=\"pt_BR\" \/>\n<meta property=\"og:type\" content=\"article\" \/>\n<meta property=\"og:title\" content=\"Gera\u00e7\u00e3o X e Y e suas diferen\u00e7as na advocacia digital\" \/>\n<meta property=\"og:description\" content=\"Gera\u00e7\u00e3o X e Y: Entenda quem s\u00e3o e quais as diferen\u00e7as das gera\u00e7\u00f5es atuantes nos escrit\u00f3rios - e aprimore a gest\u00e3o do seu neg\u00f3cio jur\u00eddico.\" \/>\n<meta property=\"og:url\" content=\"https:\/\/advbox.com.br\/blog\/geracao-x-e-y-na-advocacia\/\" \/>\n<meta property=\"og:site_name\" content=\"Software Jur\u00eddico Completo - ADVBOX\" \/>\n<meta property=\"article:publisher\" content=\"https:\/\/www.facebook.com\/advbox\/\" \/>\n<meta property=\"article:author\" content=\"AndressaS\" \/>\n<meta property=\"article:published_time\" content=\"2024-01-22T18:12:08+00:00\" \/>\n<meta property=\"article:modified_time\" content=\"2024-02-21T16:56:23+00:00\" \/>\n<meta property=\"og:image\" content=\"https:\/\/advbox.com.br\/blog\/wp-content\/uploads\/2023\/10\/CAPA-Como-aumentar-a-satisfacao-do-cliente.webp\" \/>\n\t<meta property=\"og:image:width\" content=\"1024\" \/>\n\t<meta property=\"og:image:height\" content=\"576\" \/>\n\t<meta property=\"og:image:type\" content=\"image\/webp\" \/>\n<meta name=\"author\" content=\"Eduardo Koetz\" \/>\n<meta name=\"twitter:card\" content=\"summary_large_image\" \/>\n<meta name=\"twitter:creator\" content=\"@advbox2\" \/>\n<meta name=\"twitter:site\" content=\"@advbox2\" \/>\n<script type=\"application\/ld+json\" class=\"yoast-schema-graph\">{\"@context\":\"https:\/\/schema.org\",\"@graph\":[{\"@type\":\"Article\",\"@id\":\"https:\/\/advbox.com.br\/blog\/geracao-x-e-y-na-advocacia\/#article\",\"isPartOf\":{\"@id\":\"https:\/\/advbox.com.br\/blog\/geracao-x-e-y-na-advocacia\/\"},\"author\":{\"name\":\"Eduardo Koetz\",\"@id\":\"https:\/\/advbox.com.br\/blog\/#\/schema\/person\/4ef50b2b0ea5bb84f2a6091dad36558a\"},\"headline\":\"As diferen\u00e7as entre as gera\u00e7\u00f5es X e Y na advocacia digital\",\"datePublished\":\"2024-01-22T18:12:08+00:00\",\"dateModified\":\"2024-02-21T16:56:23+00:00\",\"mainEntityOfPage\":{\"@id\":\"https:\/\/advbox.com.br\/blog\/geracao-x-e-y-na-advocacia\/\"},\"wordCount\":1988,\"publisher\":{\"@id\":\"https:\/\/advbox.com.br\/blog\/#organization\"},\"image\":{\"@id\":\"https:\/\/advbox.com.br\/blog\/geracao-x-e-y-na-advocacia\/#primaryimage\"},\"thumbnailUrl\":\"https:\/\/advbox.com.br\/blog\/wp-content\/uploads\/2023\/10\/CAPA-Como-aumentar-a-satisfacao-do-cliente.webp\",\"keywords\":[\"gera\u00e7\u00e3o advocacia\",\"gera\u00e7\u00e3o na advocacia\",\"gera\u00e7\u00e3o x e y na advocacia\",\"gera\u00e7\u00f5es na advocacia\",\"gestor de escrit\u00f3rio\",\"marketing digital\"],\"articleSection\":[\"Advocacia\",\"Tecnologia e Advocacia digital\"],\"inLanguage\":\"pt-BR\"},{\"@type\":\"WebPage\",\"@id\":\"https:\/\/advbox.com.br\/blog\/geracao-x-e-y-na-advocacia\/\",\"url\":\"https:\/\/advbox.com.br\/blog\/geracao-x-e-y-na-advocacia\/\",\"name\":\"Gera\u00e7\u00e3o X e Y e suas diferen\u00e7as na advocacia digital\",\"isPartOf\":{\"@id\":\"https:\/\/advbox.com.br\/blog\/#website\"},\"primaryImageOfPage\":{\"@id\":\"https:\/\/advbox.com.br\/blog\/geracao-x-e-y-na-advocacia\/#primaryimage\"},\"image\":{\"@id\":\"https:\/\/advbox.com.br\/blog\/geracao-x-e-y-na-advocacia\/#primaryimage\"},\"thumbnailUrl\":\"https:\/\/advbox.com.br\/blog\/wp-content\/uploads\/2023\/10\/CAPA-Como-aumentar-a-satisfacao-do-cliente.webp\",\"datePublished\":\"2024-01-22T18:12:08+00:00\",\"dateModified\":\"2024-02-21T16:56:23+00:00\",\"description\":\"Gera\u00e7\u00e3o X e Y: Entenda quem s\u00e3o e quais as diferen\u00e7as das gera\u00e7\u00f5es atuantes nos escrit\u00f3rios - e aprimore a gest\u00e3o do seu neg\u00f3cio jur\u00eddico.\",\"breadcrumb\":{\"@id\":\"https:\/\/advbox.com.br\/blog\/geracao-x-e-y-na-advocacia\/#breadcrumb\"},\"inLanguage\":\"pt-BR\",\"potentialAction\":[{\"@type\":\"ReadAction\",\"target\":[\"https:\/\/advbox.com.br\/blog\/geracao-x-e-y-na-advocacia\/\"]}]},{\"@type\":\"ImageObject\",\"inLanguage\":\"pt-BR\",\"@id\":\"https:\/\/advbox.com.br\/blog\/geracao-x-e-y-na-advocacia\/#primaryimage\",\"url\":\"https:\/\/advbox.com.br\/blog\/wp-content\/uploads\/2023\/10\/CAPA-Como-aumentar-a-satisfacao-do-cliente.webp\",\"contentUrl\":\"https:\/\/advbox.com.br\/blog\/wp-content\/uploads\/2023\/10\/CAPA-Como-aumentar-a-satisfacao-do-cliente.webp\",\"width\":1024,\"height\":576,\"caption\":\"Como fazer marketing digital para advogado?\"},{\"@type\":\"BreadcrumbList\",\"@id\":\"https:\/\/advbox.com.br\/blog\/geracao-x-e-y-na-advocacia\/#breadcrumb\",\"itemListElement\":[{\"@type\":\"ListItem\",\"position\":1,\"name\":\"In\u00edcio\",\"item\":\"https:\/\/advbox.com.br\/blog\/\"},{\"@type\":\"ListItem\",\"position\":2,\"name\":\"Tecnologia e Advocacia digital\",\"item\":\"https:\/\/advbox.com.br\/blog\/advocacia-digital\/\"},{\"@type\":\"ListItem\",\"position\":3,\"name\":\"Advocacia\",\"item\":\"https:\/\/advbox.com.br\/blog\/advocacia-digital\/advocacia\/\"},{\"@type\":\"ListItem\",\"position\":4,\"name\":\"As diferen\u00e7as entre as gera\u00e7\u00f5es X e Y na advocacia digital\"}]},{\"@type\":\"WebSite\",\"@id\":\"https:\/\/advbox.com.br\/blog\/#website\",\"url\":\"https:\/\/advbox.com.br\/blog\/\",\"name\":\"Software Jur\u00eddico Completo - ADVBOX\",\"description\":\"Plataforma para Advocacia Digital\",\"publisher\":{\"@id\":\"https:\/\/advbox.com.br\/blog\/#organization\"},\"potentialAction\":[{\"@type\":\"SearchAction\",\"target\":{\"@type\":\"EntryPoint\",\"urlTemplate\":\"https:\/\/advbox.com.br\/blog\/?s={search_term_string}\"},\"query-input\":{\"@type\":\"PropertyValueSpecification\",\"valueRequired\":true,\"valueName\":\"search_term_string\"}}],\"inLanguage\":\"pt-BR\"},{\"@type\":\"Organization\",\"@id\":\"https:\/\/advbox.com.br\/blog\/#organization\",\"name\":\"ADVBOX Blog - Software jur\u00eddico da advocacia digital\",\"url\":\"https:\/\/advbox.com.br\/blog\/\",\"logo\":{\"@type\":\"ImageObject\",\"inLanguage\":\"pt-BR\",\"@id\":\"https:\/\/advbox.com.br\/blog\/#\/schema\/logo\/image\/\",\"url\":\"https:\/\/advbox.com.br\/blog\/wp-content\/uploads\/2019\/12\/Como-aumentar-a-produtividade_.jpg\",\"contentUrl\":\"https:\/\/advbox.com.br\/blog\/wp-content\/uploads\/2019\/12\/Como-aumentar-a-produtividade_.jpg\",\"width\":320,\"height\":213,\"caption\":\"ADVBOX Blog - Software jur\u00eddico da advocacia digital\"},\"image\":{\"@id\":\"https:\/\/advbox.com.br\/blog\/#\/schema\/logo\/image\/\"},\"sameAs\":[\"https:\/\/www.facebook.com\/advbox\/\",\"https:\/\/x.com\/advbox2\"]},{\"@type\":\"Person\",\"@id\":\"https:\/\/advbox.com.br\/blog\/#\/schema\/person\/4ef50b2b0ea5bb84f2a6091dad36558a\",\"name\":\"Eduardo Koetz\",\"description\":\"A ADVBOX conta com os maiores especialistas do mercado para produzir os conte\u00fado mais completos sobre o mercado jur\u00eddico, tecnologia e advocacia.\",\"sameAs\":[\"AndressaS\"],\"url\":\"https:\/\/advbox.com.br\/blog\/autor\/juridico-advbox\/\"}]}<\/script>\n<!-- \/ Yoast SEO plugin. -->","yoast_head_json":{"title":"Gera\u00e7\u00e3o X e Y e suas diferen\u00e7as na advocacia digital","description":"Gera\u00e7\u00e3o X e Y: Entenda quem s\u00e3o e quais as diferen\u00e7as das gera\u00e7\u00f5es atuantes nos escrit\u00f3rios - e aprimore a gest\u00e3o do seu neg\u00f3cio jur\u00eddico.","robots":{"index":"index","follow":"follow","max-snippet":"max-snippet:-1","max-image-preview":"max-image-preview:large","max-video-preview":"max-video-preview:-1"},"canonical":"https:\/\/advbox.com.br\/blog\/geracao-x-e-y-na-advocacia\/","og_locale":"pt_BR","og_type":"article","og_title":"Gera\u00e7\u00e3o X e Y e suas diferen\u00e7as na advocacia digital","og_description":"Gera\u00e7\u00e3o X e Y: Entenda quem s\u00e3o e quais as diferen\u00e7as das gera\u00e7\u00f5es atuantes nos escrit\u00f3rios - e aprimore a gest\u00e3o do seu neg\u00f3cio jur\u00eddico.","og_url":"https:\/\/advbox.com.br\/blog\/geracao-x-e-y-na-advocacia\/","og_site_name":"Software Jur\u00eddico Completo - ADVBOX","article_publisher":"https:\/\/www.facebook.com\/advbox\/","article_author":"AndressaS","article_published_time":"2024-01-22T18:12:08+00:00","article_modified_time":"2024-02-21T16:56:23+00:00","og_image":[{"width":1024,"height":576,"url":"https:\/\/advbox.com.br\/blog\/wp-content\/uploads\/2023\/10\/CAPA-Como-aumentar-a-satisfacao-do-cliente.webp","type":"image\/webp"}],"author":"Eduardo Koetz","twitter_card":"summary_large_image","twitter_creator":"@advbox2","twitter_site":"@advbox2","schema":{"@context":"https:\/\/schema.org","@graph":[{"@type":"Article","@id":"https:\/\/advbox.com.br\/blog\/geracao-x-e-y-na-advocacia\/#article","isPartOf":{"@id":"https:\/\/advbox.com.br\/blog\/geracao-x-e-y-na-advocacia\/"},"author":{"name":"Eduardo Koetz","@id":"https:\/\/advbox.com.br\/blog\/#\/schema\/person\/4ef50b2b0ea5bb84f2a6091dad36558a"},"headline":"As diferen\u00e7as entre as gera\u00e7\u00f5es X e Y na advocacia digital","datePublished":"2024-01-22T18:12:08+00:00","dateModified":"2024-02-21T16:56:23+00:00","mainEntityOfPage":{"@id":"https:\/\/advbox.com.br\/blog\/geracao-x-e-y-na-advocacia\/"},"wordCount":1988,"publisher":{"@id":"https:\/\/advbox.com.br\/blog\/#organization"},"image":{"@id":"https:\/\/advbox.com.br\/blog\/geracao-x-e-y-na-advocacia\/#primaryimage"},"thumbnailUrl":"https:\/\/advbox.com.br\/blog\/wp-content\/uploads\/2023\/10\/CAPA-Como-aumentar-a-satisfacao-do-cliente.webp","keywords":["gera\u00e7\u00e3o advocacia","gera\u00e7\u00e3o na advocacia","gera\u00e7\u00e3o x e y na advocacia","gera\u00e7\u00f5es na advocacia","gestor de escrit\u00f3rio","marketing digital"],"articleSection":["Advocacia","Tecnologia e Advocacia digital"],"inLanguage":"pt-BR"},{"@type":"WebPage","@id":"https:\/\/advbox.com.br\/blog\/geracao-x-e-y-na-advocacia\/","url":"https:\/\/advbox.com.br\/blog\/geracao-x-e-y-na-advocacia\/","name":"Gera\u00e7\u00e3o X e Y e suas diferen\u00e7as na advocacia digital","isPartOf":{"@id":"https:\/\/advbox.com.br\/blog\/#website"},"primaryImageOfPage":{"@id":"https:\/\/advbox.com.br\/blog\/geracao-x-e-y-na-advocacia\/#primaryimage"},"image":{"@id":"https:\/\/advbox.com.br\/blog\/geracao-x-e-y-na-advocacia\/#primaryimage"},"thumbnailUrl":"https:\/\/advbox.com.br\/blog\/wp-content\/uploads\/2023\/10\/CAPA-Como-aumentar-a-satisfacao-do-cliente.webp","datePublished":"2024-01-22T18:12:08+00:00","dateModified":"2024-02-21T16:56:23+00:00","description":"Gera\u00e7\u00e3o X e Y: Entenda quem s\u00e3o e quais as diferen\u00e7as das gera\u00e7\u00f5es atuantes nos escrit\u00f3rios - e aprimore a gest\u00e3o do seu neg\u00f3cio jur\u00eddico.","breadcrumb":{"@id":"https:\/\/advbox.com.br\/blog\/geracao-x-e-y-na-advocacia\/#breadcrumb"},"inLanguage":"pt-BR","potentialAction":[{"@type":"ReadAction","target":["https:\/\/advbox.com.br\/blog\/geracao-x-e-y-na-advocacia\/"]}]},{"@type":"ImageObject","inLanguage":"pt-BR","@id":"https:\/\/advbox.com.br\/blog\/geracao-x-e-y-na-advocacia\/#primaryimage","url":"https:\/\/advbox.com.br\/blog\/wp-content\/uploads\/2023\/10\/CAPA-Como-aumentar-a-satisfacao-do-cliente.webp","contentUrl":"https:\/\/advbox.com.br\/blog\/wp-content\/uploads\/2023\/10\/CAPA-Como-aumentar-a-satisfacao-do-cliente.webp","width":1024,"height":576,"caption":"Como fazer marketing digital para advogado?"},{"@type":"BreadcrumbList","@id":"https:\/\/advbox.com.br\/blog\/geracao-x-e-y-na-advocacia\/#breadcrumb","itemListElement":[{"@type":"ListItem","position":1,"name":"In\u00edcio","item":"https:\/\/advbox.com.br\/blog\/"},{"@type":"ListItem","position":2,"name":"Tecnologia e Advocacia digital","item":"https:\/\/advbox.com.br\/blog\/advocacia-digital\/"},{"@type":"ListItem","position":3,"name":"Advocacia","item":"https:\/\/advbox.com.br\/blog\/advocacia-digital\/advocacia\/"},{"@type":"ListItem","position":4,"name":"As diferen\u00e7as entre as gera\u00e7\u00f5es X e Y na advocacia digital"}]},{"@type":"WebSite","@id":"https:\/\/advbox.com.br\/blog\/#website","url":"https:\/\/advbox.com.br\/blog\/","name":"Software Jur\u00eddico Completo - ADVBOX","description":"Plataforma para Advocacia Digital","publisher":{"@id":"https:\/\/advbox.com.br\/blog\/#organization"},"potentialAction":[{"@type":"SearchAction","target":{"@type":"EntryPoint","urlTemplate":"https:\/\/advbox.com.br\/blog\/?s={search_term_string}"},"query-input":{"@type":"PropertyValueSpecification","valueRequired":true,"valueName":"search_term_string"}}],"inLanguage":"pt-BR"},{"@type":"Organization","@id":"https:\/\/advbox.com.br\/blog\/#organization","name":"ADVBOX Blog - Software jur\u00eddico da advocacia digital","url":"https:\/\/advbox.com.br\/blog\/","logo":{"@type":"ImageObject","inLanguage":"pt-BR","@id":"https:\/\/advbox.com.br\/blog\/#\/schema\/logo\/image\/","url":"https:\/\/advbox.com.br\/blog\/wp-content\/uploads\/2019\/12\/Como-aumentar-a-produtividade_.jpg","contentUrl":"https:\/\/advbox.com.br\/blog\/wp-content\/uploads\/2019\/12\/Como-aumentar-a-produtividade_.jpg","width":320,"height":213,"caption":"ADVBOX Blog - Software jur\u00eddico da advocacia digital"},"image":{"@id":"https:\/\/advbox.com.br\/blog\/#\/schema\/logo\/image\/"},"sameAs":["https:\/\/www.facebook.com\/advbox\/","https:\/\/x.com\/advbox2"]},{"@type":"Person","@id":"https:\/\/advbox.com.br\/blog\/#\/schema\/person\/4ef50b2b0ea5bb84f2a6091dad36558a","name":"Eduardo Koetz","description":"A ADVBOX conta com os maiores especialistas do mercado para produzir os conte\u00fado mais completos sobre o mercado jur\u00eddico, tecnologia e advocacia.","sameAs":["AndressaS"],"url":"https:\/\/advbox.com.br\/blog\/autor\/juridico-advbox\/"}]}},"_links":{"self":[{"href":"https:\/\/advbox.com.br\/blog\/wp-json\/wp\/v2\/posts\/39417","targetHints":{"allow":["GET"]}}],"collection":[{"href":"https:\/\/advbox.com.br\/blog\/wp-json\/wp\/v2\/posts"}],"about":[{"href":"https:\/\/advbox.com.br\/blog\/wp-json\/wp\/v2\/types\/post"}],"author":[{"embeddable":true,"href":"https:\/\/advbox.com.br\/blog\/wp-json\/wp\/v2\/users\/44"}],"replies":[{"embeddable":true,"href":"https:\/\/advbox.com.br\/blog\/wp-json\/wp\/v2\/comments?post=39417"}],"version-history":[{"count":8,"href":"https:\/\/advbox.com.br\/blog\/wp-json\/wp\/v2\/posts\/39417\/revisions"}],"predecessor-version":[{"id":61810,"href":"https:\/\/advbox.com.br\/blog\/wp-json\/wp\/v2\/posts\/39417\/revisions\/61810"}],"wp:featuredmedia":[{"embeddable":true,"href":"https:\/\/advbox.com.br\/blog\/wp-json\/wp\/v2\/media\/60024"}],"wp:attachment":[{"href":"https:\/\/advbox.com.br\/blog\/wp-json\/wp\/v2\/media?parent=39417"}],"wp:term":[{"taxonomy":"category","embeddable":true,"href":"https:\/\/advbox.com.br\/blog\/wp-json\/wp\/v2\/categories?post=39417"},{"taxonomy":"post_tag","embeddable":true,"href":"https:\/\/advbox.com.br\/blog\/wp-json\/wp\/v2\/tags?post=39417"}],"curies":[{"name":"wp","href":"https:\/\/api.w.org\/{rel}","templated":true}]}}