{"id":50633,"date":"2024-03-21T09:45:59","date_gmt":"2024-03-21T12:45:59","guid":{"rendered":"https:\/\/advbox.com.br\/blog\/?p=50633"},"modified":"2024-03-21T15:43:42","modified_gmt":"2024-03-21T18:43:42","slug":"usucapiao-urbano","status":"publish","type":"post","link":"https:\/\/advbox.com.br\/blog\/usucapiao-urbano\/","title":{"rendered":"Confira os principais detalhes do Usucapi\u00e3o Urbano"},"content":{"rendered":"<p>O instituto da usucapi\u00e3o urbano \u00e9 uma ferramenta jur\u00eddica que permite ao possuidor de um im\u00f3vel adquirir a propriedade por meio da posse mansa e pac\u00edfica, durante um determinado per\u00edodo.<\/p><p>Tamb\u00e9m conhecida como usucapi\u00e3o especial urbano, esse mecanismo tem como objetivo regularizar a situa\u00e7\u00e3o de ocupa\u00e7\u00e3o de \u00e1reas urbanas sem a devida titularidade do im\u00f3vel.<\/p><p>Com isso, neste texto, iremos explorar os principais aspectos da usucapi\u00e3o urbano, destacando suas caracter\u00edsticas, requisitos e benef\u00edcios para a sociedade.<\/p><figure class=\"wp-block-embed is-type-video is-provider-youtube wp-block-embed-youtube wp-embed-aspect-16-9 wp-has-aspect-ratio\"><div class=\"wp-block-embed__wrapper\">\n<iframe title=\"Como funciona o Mercado Jur\u00eddico\" width=\"750\" height=\"422\" src=\"https:\/\/www.youtube.com\/embed\/cLoXoieB7_8?start=3&#038;feature=oembed\" frameborder=\"0\" allow=\"accelerometer; autoplay; clipboard-write; encrypted-media; gyroscope; picture-in-picture; web-share\" allowfullscreen loading=\"lazy\"><\/iframe>\n<\/div><\/figure><h2 class=\"wp-block-heading\">Quais s\u00e3o os fundamentos da usucapi\u00e3o?<\/h2><p>A usucapi\u00e3o urbano tem como base o princ\u00edpio da fun\u00e7\u00e3o social da propriedade, consagrado na Constitui\u00e7\u00e3o Federal. Esse princ\u00edpio estabelece que a propriedade deve cumprir uma fun\u00e7\u00e3o social, ou seja, atender aos interesses coletivos da comunidade onde est\u00e1 inserida.\u00a0<\/p><p>A usucapi\u00e3o urbano busca assegurar o direito \u00e0 moradia e combater a especula\u00e7\u00e3o imobili\u00e1ria, promovendo a regulariza\u00e7\u00e3o de \u00e1reas urbanas ocupadas por pessoas de baixa renda.<\/p><p>Dessa forma, sua previs\u00e3o encontra respaldo no <a href=\"https:\/\/www.planalto.gov.br\/ccivil_03\/leis\/2002\/l10406compilada.htm\" target=\"_blank\">C\u00f3digo Civil brasileiro<\/a>, em seu art. 1.239 e seguintes, veja abaixo:<\/p><blockquote class=\"wp-block-quote is-layout-flow wp-block-quote-is-layout-flow\">\n<p><em>Art. 1.239, CC. Aquele que, n\u00e3o sendo propriet\u00e1rio de im\u00f3vel rural ou urbano, possua como sua, por cinco anos ininterruptos, sem oposi\u00e7\u00e3o, \u00e1rea de terra em zona rural n\u00e3o superior a cinq\u00fcenta hectares, tornando-a produtiva por seu trabalho ou de sua fam\u00edlia, tendo nela sua moradia, adquirir-lhe-\u00e1 a propriedad<\/em>e.<br><em>Art. 1.240, CC. Aquele que possuir, como sua, \u00e1rea urbana de at\u00e9 duzentos e cinq\u00fcenta metros quadrados, por cinco anos ininterruptamente e sem oposi\u00e7\u00e3o, utilizando-a para sua moradia ou de sua fam\u00edlia, adquirir-lhe-\u00e1 o dom\u00ednio, desde que n\u00e3o seja propriet\u00e1rio de outro im\u00f3vel urbano ou rural.<\/em><\/p>\n<\/blockquote><h2 class=\"wp-block-heading\">Quais s\u00e3o os requisitos para usucapi\u00e3o urbano?<\/h2><p>Para que seja poss\u00edvel pleitear a usucapi\u00e3o urbano, \u00e9 necess\u00e1rio preencher alguns requisitos legais. Dentre eles, destacam-se:<\/p><ul class=\"wp-block-list\">\n<li class=\"has-small-font-size\"><strong>Posse mansa e pac\u00edfica<\/strong>: o possuidor deve exercer a posse de forma ininterrupta, sem oposi\u00e7\u00e3o do propriet\u00e1rio e qualquer tipo de viol\u00eancia ou clandestinidade. A posse deve ocorrer de maneira cont\u00ednua e duradoura, demonstrando a inten\u00e7\u00e3o de ter a propriedade do im\u00f3vel;<\/li>\n\n\n\n<li class=\"has-small-font-size\"><strong>Prazo de posse<\/strong>: o per\u00edodo m\u00ednimo de posse exigido para a usucapi\u00e3o urbano varia de acordo com a legisla\u00e7\u00e3o de cada pa\u00eds, estado ou munic\u00edpio. Em geral, esse prazo \u00e9 de 5 anos, contados a partir da data em que o possuidor passou a ocupar o im\u00f3vel de forma mansa e pac\u00edfica;<\/li>\n\n\n\n<li class=\"has-small-font-size\"><strong>Finalidade residencial<\/strong>: a ocupa\u00e7\u00e3o do im\u00f3vel deve ter como finalidade a moradia do possuidor ou de sua fam\u00edlia. A moradia n\u00e3o precisa ser exclusiva, ou seja, o im\u00f3vel pode ser compartilhado com outras pessoas desde que todas preencham os requisitos para a usucapir;<\/li>\n\n\n\n<li class=\"has-small-font-size\"><strong>\u00c1rea urbana<\/strong>: se aplica apenas a im\u00f3veis localizados em \u00e1reas urbanas, ou seja, em cidades ou regi\u00f5es urbanizadas. Im\u00f3veis localizados em \u00e1reas rurais n\u00e3o podem ser objeto de usucapi\u00e3o urbano, devendo ser observadas as regras espec\u00edficas.<\/li>\n<\/ul><h2 class=\"wp-block-heading\">Como funciona o processo de usucapi\u00e3o urbano?<\/h2><p>O procedimento para a obten\u00e7\u00e3o da usucapi\u00e3o urbano pode variar de acordo com a legisla\u00e7\u00e3o de cada pa\u00eds, estado ou munic\u00edpio. Assim, veja abaixo os principais passos:<\/p><ul class=\"wp-block-list\">\n<li class=\"has-small-font-size\"><strong>Levantamento documental<\/strong>: o primeiro passo \u00e9 reunir toda a documenta\u00e7\u00e3o necess\u00e1ria, como comprovantes de posse, documentos pessoais do possuidor e eventuais contratos de compra e venda ou cess\u00e3o de direitos;<\/li>\n\n\n\n<li class=\"has-small-font-size\"><strong>A\u00e7\u00e3o judicial<\/strong>: em seguida, \u00e9 necess\u00e1rio entrar com uma a\u00e7\u00e3o judicial, por meio de um advogado, requerendo o reconhecimento da usucapi\u00e3o urbano. Nessa a\u00e7\u00e3o, o possuidor deve apresentar as provas da posse mansa e pac\u00edfica do im\u00f3vel, bem como cumprir os requisitos legais estabelecidos;<\/li>\n\n\n\n<li class=\"has-small-font-size\"><strong>Cita\u00e7\u00e3o do propriet\u00e1rio<\/strong>: ap\u00f3s o protocolo da a\u00e7\u00e3o, o propriet\u00e1rio do im\u00f3vel ser\u00e1 citado para manifesta\u00e7\u00e3o do pedido de usucapi\u00e3o urbano. Caso seja reconhecida a posse e a usucapiente e concordar com a regulariza\u00e7\u00e3o da propriedade, o processo pode ser simplificado e mais r\u00e1pido;<\/li>\n\n\n\n<li class=\"has-small-font-size\"><strong>Per\u00edcia judicial<\/strong>: em alguns casos, pode ser necess\u00e1ria a realiza\u00e7\u00e3o de uma per\u00edcia judicial para comprovar a posse e a exist\u00eancia de melhorias no im\u00f3vel, a ser realizado por um perito designado pelo juiz respons\u00e1vel pelo caso;<\/li>\n\n\n\n<li class=\"has-small-font-size\"><strong>Audi\u00eancia de instru\u00e7\u00e3o e julgamento<\/strong>: ap\u00f3s a fase de produ\u00e7\u00e3o de provas, o juiz marcar\u00e1 uma audi\u00eancia de instru\u00e7\u00e3o e julgamento, na qual as partes envolvidas e as testemunhas apresentadas ser\u00e3o ouvidas. Nessa audi\u00eancia, o juiz analisar\u00e1 as provas e argumentos apresentados para tomar uma decis\u00e3o;<\/li>\n\n\n\n<li class=\"has-small-font-size\"><strong>Senten\u00e7a judicial<\/strong>: ap\u00f3s a audi\u00eancia, o juiz proferir\u00e1 uma senten\u00e7a, reconhecendo ou n\u00e3o a usucapi\u00e3o urbano. Em caso de reconhecimento, ocorrer\u00e1 a regulariza\u00e7\u00e3o da propriedade em nome do possuidor.<\/li>\n<\/ul><h2 class=\"wp-block-heading\">Quais os benef\u00edcios do usucapi\u00e3o?<\/h2><p>A usucapi\u00e3o urbano traz diversos benef\u00edcios tanto para os possuidores dos im\u00f3veis quanto para a sociedade como um todo. Alguns desses benef\u00edcios s\u00e3o:<\/p><ul class=\"wp-block-list\">\n<li class=\"has-small-font-size\"><strong>Regulariza\u00e7\u00e3o da propriedade<\/strong>: o principal benef\u00edcio da usucapi\u00e3o urbano \u00e9 a regulariza\u00e7\u00e3o da propriedade, conferindo ao possuidor a titularidade formal do im\u00f3vel. Isso traz seguran\u00e7a jur\u00eddica e possibilita o acesso a servi\u00e7os p\u00fablicos, como \u00e1gua, energia el\u00e9trica e esgoto;<\/li>\n\n\n\n<li class=\"has-small-font-size\"><strong>Combate \u00e0 especula\u00e7\u00e3o imobili\u00e1ria<\/strong>: a usucapi\u00e3o urbano contribui para o combate \u00e0 especula\u00e7\u00e3o imobili\u00e1ria, uma vez que promove a ocupa\u00e7\u00e3o e a utiliza\u00e7\u00e3o efetiva de \u00e1reas urbanas que estavam ociosas;<\/li>\n\n\n\n<li class=\"has-small-font-size\"><strong>Incentivo \u00e0 moradia digna<\/strong>: ao assegurar o direito \u00e0 moradia, a usucapi\u00e3o urbano contribui para proporcionar condi\u00e7\u00f5es de vida mais dignas aos possuidores dos im\u00f3veis e suas fam\u00edlias;<\/li>\n\n\n\n<li class=\"has-small-font-size\"><strong>Desenvolvimento urbano sustent\u00e1vel<\/strong>: a regulariza\u00e7\u00e3o dos im\u00f3veis por meio da usucapi\u00e3o urbano tamb\u00e9m contribui para o desenvolvimento urbano sustent\u00e1vel, uma vez que promove a ocupa\u00e7\u00e3o de \u00e1reas j\u00e1 urbanizadas, evitando a expans\u00e3o desordenada das cidades.<\/li>\n<\/ul><h2 class=\"wp-block-heading\">Quais as diferen\u00e7as de usucapi\u00e3o?<\/h2><ol class=\"has-small-font-size wp-block-list\">\n<li><strong>Localiza\u00e7\u00e3o:<\/strong>\u00a0<\/li>\n<\/ol><ul class=\"has-small-font-size wp-block-list\">\n<li><strong>Usucapi\u00e3o Rural<\/strong>: refere-se \u00e0 aquisi\u00e7\u00e3o de propriedade de \u00e1reas rurais, geralmente destinadas \u00e0 atividade agr\u00edcola, pecu\u00e1ria, extrativista ou preserva\u00e7\u00e3o ambiental;<\/li>\n\n\n\n<li><strong>Usucapi\u00e3o Urbana<\/strong>: aplica-se a \u00e1reas urbanas, como terrenos em zonas residenciais, comerciais ou industriais.<\/li>\n<\/ul><ol start=\"2\" class=\"has-small-font-size wp-block-list\">\n<li><strong>Finalidade e Caracter\u00edsticas:<\/strong>\u00a0<\/li>\n<\/ol><ul class=\"has-small-font-size wp-block-list\">\n<li><strong>Usucapi\u00e3o Rural<\/strong>: destina-se a regularizar a posse de terras rurais ocupadas por pequenos agricultores, posseiros, agricultura familiar e comunidades tradicionais. Geralmente envolve atividades agr\u00edcolas, pecu\u00e1rias e extrativistas;<\/li>\n\n\n\n<li><strong>Usucapi\u00e3o Urbana<\/strong>: visa regularizar a posse de im\u00f3veis urbanos, como casas, apartamentos, lotes e estabelecimentos comerciais, mais comum em \u00e1reas urbanizadas e povoadas.<\/li>\n<\/ul><ol start=\"3\" class=\"has-small-font-size wp-block-list\">\n<li><strong>Requisitos e Prazos:<\/strong>\u00a0<\/li>\n<\/ol><ul class=\"has-small-font-size wp-block-list\">\n<li><strong>Usucapi\u00e3o Rural<\/strong>: o prazo m\u00ednimo de posse para requerer \u00e9 de 5 anos, conforme estabelecido pelo C\u00f3digo Civil brasileiro. Al\u00e9m disso, \u00e9 necess\u00e1rio comprovar a posse mansa, pac\u00edfica, cont\u00ednua e com justo t\u00edtulo;<\/li>\n\n\n\n<li><strong>Usucapi\u00e3o Urbana<\/strong>: o prazo m\u00ednimo de posse varia de acordo com a legisla\u00e7\u00e3o de cada pa\u00eds ou estado, mas geralmente \u00e9 mais longo que a usucapi\u00e3o rural. Tamb\u00e9m \u00e9 necess\u00e1rio comprovar a posse pac\u00edfica, cont\u00ednua, sem oposi\u00e7\u00e3o, e de boa-f\u00e9.<\/li>\n<\/ul><ol start=\"4\" class=\"has-small-font-size wp-block-list\">\n<li><strong>Procedimentos e Documenta\u00e7\u00e3o:<\/strong>\u00a0<\/li>\n<\/ol><ul class=\"has-small-font-size wp-block-list\">\n<li><strong>Usucapi\u00e3o Rural<\/strong>: o processo pode exigir a apresenta\u00e7\u00e3o de laudo t\u00e9cnico que comprove a ocupa\u00e7\u00e3o da terra, bem como, assim, a documenta\u00e7\u00e3o que ateste a posse mansa, pac\u00edfica e com justo t\u00edtulo;<\/li>\n\n\n\n<li><strong>Usucapi\u00e3o Urbana<\/strong>: o processo pode envolver a apresenta\u00e7\u00e3o de documentos como comprovantes de pagamento de impostos, contas de servi\u00e7os p\u00fablicos, registros de moradia, entre outros, para comprovar a posse e a ocupa\u00e7\u00e3o do im\u00f3vel.<\/li>\n<\/ul><ol start=\"5\" class=\"has-small-font-size wp-block-list\">\n<li><strong>Impacto Socioecon\u00f4mico:<\/strong>\u00a0<\/li>\n<\/ol><ul class=\"has-small-font-size wp-block-list\">\n<li><strong>Usucapi\u00e3o Rural<\/strong>: contribui para a regulariza\u00e7\u00e3o fundi\u00e1ria e o desenvolvimento rural, assim, promovendo a seguran\u00e7a jur\u00eddica dos pequenos agricultores, posseiros e comunidades tradicionais;<\/li>\n\n\n\n<li><strong>Usucapi\u00e3o Urbana<\/strong>: ajuda a reduzir o d\u00e9ficit habitacional, promove a inclus\u00e3o social e estimula o desenvolvimento urbano, especialmente em \u00e1reas de ocupa\u00e7\u00e3o irregular e favelas.<\/li>\n<\/ul><h2 class=\"wp-block-heading\">Em suma<\/h2><p>A usucapi\u00e3o urbano \u00e9 um instrumento jur\u00eddico que busca regularizar im\u00f3veis ocupados por pessoas de baixa renda, assegurando o direito \u00e0 moradia.<\/p><p>Por meio da posse mansa e pac\u00edfica exercida ao longo do tempo, assim, \u00e9 poss\u00edvel adquirir a propriedade do im\u00f3vel e obter todos os seus benef\u00edcios.<\/p><p>No entanto, \u00e9 fundamental cumprir os requisitos legais e seguir o procedimento adequado para garantir o sucesso do pedido de usucapi\u00e3o urbano. <\/p><p>Dessa forma, a usucapi\u00e3o urbano se configura como uma importante ferramenta para a busca da justi\u00e7a social e a promo\u00e7\u00e3o do desenvolvimento urbano sustent\u00e1vel.<\/p><p>Por fim, sabemos que se organizar com qualidade \u00e9 primordial para os <a href=\"https:\/\/advbox.com.br\/software-juridico\" target=\"_blank\">advogados<\/a>. \u00c9 a\u00ed que entra a ADVBOX, um <a href=\"https:\/\/advbox.com.br\/blog\/5-recursos-mais-eficientes-nos-softwares-juridicos-do-mercado\/\" target=\"_blank\">software jur\u00eddico<\/a> que oferece solu\u00e7\u00f5es para a gest\u00e3o de <a href=\"https:\/\/advbox.com.br\/blog\/categoria-gestao-na-advocacia\/\" target=\"_blank\">escrit\u00f3rios<\/a> de advocacia e para a automa\u00e7\u00e3o de tarefas.<\/p><p>Em s\u00edntese, com a <a href=\"https:\/\/advbox.com.br\/elite-juridica\" target=\"_blank\">ADVBOX<\/a>, voc\u00ea pode organizar informa\u00e7\u00f5es do caso de forma clara e objetiva, evitando perder documentos ou deixar passar informa\u00e7\u00f5es importantes. Basta acessar nosso blog e conferir todos os detalhes que preparamos.<\/p><h2 class=\"wp-block-heading\">Mais conhecimento para voc\u00ea!<\/h2><p>Por aqui estamos sempre abordando assuntos quentes e relevantes para os profissionais do Direito. Confira outros textos que tamb\u00e9m podem te interessar:<\/p><figure class=\"wp-block-table\"><table><tbody><tr><td><a href=\"https:\/\/advbox.com.br\/blog\/alta-produtividade-na-advocacia\/\" target=\"_blank\" rel=\"noreferrer noopener\" target=\"_blank\">Alta produtividade na advocacia<\/a><\/td><\/tr><tr><td><a href=\"https:\/\/advbox.com.br\/blog\/como-criar-o-setor-comercial\/\" target=\"_blank\" rel=\"noreferrer noopener\" target=\"_blank\">Como criar o setor comercial do seu escrit\u00f3rio de advocacia? Confira 7 dicas!<\/a><\/td><\/tr><tr><td><a href=\"https:\/\/advbox.com.br\/blog\/5-recursos-mais-eficientes-nos-softwares-juridicos-do-mercado\/\" target=\"_blank\" rel=\"noreferrer noopener\" target=\"_blank\">Software Jur\u00eddico: 17 crit\u00e9rios fundamentais para encontrar o melhor!<\/a><\/td><\/tr><tr><td><a href=\"https:\/\/advbox.com.br\/blog\/controladoria-juridica\/\" target=\"_blank\" rel=\"noreferrer noopener\" target=\"_blank\">O que \u00e9 a Controladoria Jur\u00eddica e como funciona<\/a><\/td><\/tr><tr><td><a href=\"https:\/\/advbox.com.br\/blog\/sistema-de-filiais\/\" target=\"_blank\" rel=\"noreferrer noopener\" target=\"_blank\">Escrit\u00f3rios com filiais, correspondentes e parceiros fixos<\/a><\/td><\/tr><tr><td><a href=\"https:\/\/advbox.com.br\/blog\/avaliacao-de-dados\/\" target=\"_blank\" rel=\"noreferrer noopener\" target=\"_blank\">Advocacia baseada em dados<\/a><\/td><\/tr><\/tbody><\/table><\/figure><figure class=\"wp-block-image size-full\"><a href=\"https:\/\/advbox.com.br\/blog\/como-automatizar-seus-modelos-de-peticoes\/\" target=\"_blank\"><img decoding=\"async\" src=\"https:\/\/advbox.com.br\/blog\/wp-content\/uploads\/2019\/05\/automatize_a_produ%C3%A7%C3%A3o_de_suas_peti%C3%A7%C3%B5es.png\" alt=\"automatiza\u00e7\u00e3o de peti\u00e7\u00f5es\" class=\"wp-image-11456\" loading=\"lazy\"><\/a><\/figure>\n","protected":false},"excerpt":{"rendered":"<p>O instituto da usucapi\u00e3o urbano \u00e9 uma ferramenta jur\u00eddica que permite ao possuidor de um im\u00f3vel adquirir a propriedade por meio da posse mansa e pac\u00edfica, durante um determinado per\u00edodo. Tamb\u00e9m conhecida como usucapi\u00e3o especial urbano, esse mecanismo tem como objetivo regularizar a situa\u00e7\u00e3o de ocupa\u00e7\u00e3o de \u00e1reas urbanas sem [&hellip;]<\/p>\n","protected":false},"author":43,"featured_media":38175,"comment_status":"closed","ping_status":"closed","sticky":false,"template":"","format":"standard","meta":{"_acf_changed":false,"om_disable_all_campaigns":false,"footnotes":""},"categories":[717],"tags":[],"class_list":["post-50633","post","type-post","status-publish","format-standard","has-post-thumbnail","hentry","category-direito"],"acf":[],"yoast_head":"<!-- This site is optimized with the Yoast SEO plugin v26.9 - https:\/\/yoast.com\/product\/yoast-seo-wordpress\/ -->\n<title>Usucapi\u00e3o urbano: confira os principais detalhes!<\/title>\n<meta name=\"description\" content=\"Usucapi\u00e3o urbano: entenda os principais detalhes do instituto neste artigo preparado pelo blog ADVBOX especialmente para voc\u00ea!\" \/>\n<meta name=\"robots\" content=\"index, follow, max-snippet:-1, max-image-preview:large, max-video-preview:-1\" \/>\n<link rel=\"canonical\" href=\"https:\/\/advbox.com.br\/blog\/usucapiao-urbano\/\" \/>\n<meta property=\"og:locale\" content=\"pt_BR\" \/>\n<meta property=\"og:type\" content=\"article\" \/>\n<meta property=\"og:title\" content=\"Usucapi\u00e3o urbano: confira os principais detalhes!\" \/>\n<meta property=\"og:description\" content=\"Usucapi\u00e3o urbano: entenda os principais detalhes do instituto neste artigo preparado pelo blog ADVBOX especialmente para voc\u00ea!\" \/>\n<meta property=\"og:url\" content=\"https:\/\/advbox.com.br\/blog\/usucapiao-urbano\/\" \/>\n<meta property=\"og:site_name\" content=\"Software Jur\u00eddico Completo - ADVBOX\" \/>\n<meta property=\"article:publisher\" content=\"https:\/\/www.facebook.com\/advbox\/\" \/>\n<meta property=\"article:published_time\" content=\"2024-03-21T12:45:59+00:00\" \/>\n<meta property=\"article:modified_time\" content=\"2024-03-21T18:43:42+00:00\" \/>\n<meta property=\"og:image\" content=\"https:\/\/advbox.com.br\/blog\/wp-content\/uploads\/2021\/10\/usucapiao-extraordinaria.jpg\" \/>\n\t<meta property=\"og:image:width\" content=\"640\" \/>\n\t<meta property=\"og:image:height\" content=\"426\" \/>\n\t<meta property=\"og:image:type\" content=\"image\/jpeg\" \/>\n<meta name=\"author\" content=\"Eduardo Koetz\" \/>\n<meta name=\"twitter:card\" content=\"summary_large_image\" \/>\n<meta name=\"twitter:creator\" content=\"@advbox2\" \/>\n<meta name=\"twitter:site\" content=\"@advbox2\" \/>\n<script type=\"application\/ld+json\" class=\"yoast-schema-graph\">{\"@context\":\"https:\/\/schema.org\",\"@graph\":[{\"@type\":\"Article\",\"@id\":\"https:\/\/advbox.com.br\/blog\/usucapiao-urbano\/#article\",\"isPartOf\":{\"@id\":\"https:\/\/advbox.com.br\/blog\/usucapiao-urbano\/\"},\"author\":{\"name\":\"Eduardo Koetz\",\"@id\":\"https:\/\/advbox.com.br\/blog\/#\/schema\/person\/029674387a95515a227f2dd7f49b8dfa\"},\"headline\":\"Confira os principais detalhes do Usucapi\u00e3o Urbano\",\"datePublished\":\"2024-03-21T12:45:59+00:00\",\"dateModified\":\"2024-03-21T18:43:42+00:00\",\"mainEntityOfPage\":{\"@id\":\"https:\/\/advbox.com.br\/blog\/usucapiao-urbano\/\"},\"wordCount\":1636,\"publisher\":{\"@id\":\"https:\/\/advbox.com.br\/blog\/#organization\"},\"image\":{\"@id\":\"https:\/\/advbox.com.br\/blog\/usucapiao-urbano\/#primaryimage\"},\"thumbnailUrl\":\"https:\/\/advbox.com.br\/blog\/wp-content\/uploads\/2021\/10\/usucapiao-extraordinaria.jpg\",\"articleSection\":[\"Direito\"],\"inLanguage\":\"pt-BR\"},{\"@type\":\"WebPage\",\"@id\":\"https:\/\/advbox.com.br\/blog\/usucapiao-urbano\/\",\"url\":\"https:\/\/advbox.com.br\/blog\/usucapiao-urbano\/\",\"name\":\"Usucapi\u00e3o urbano: confira os principais detalhes!\",\"isPartOf\":{\"@id\":\"https:\/\/advbox.com.br\/blog\/#website\"},\"primaryImageOfPage\":{\"@id\":\"https:\/\/advbox.com.br\/blog\/usucapiao-urbano\/#primaryimage\"},\"image\":{\"@id\":\"https:\/\/advbox.com.br\/blog\/usucapiao-urbano\/#primaryimage\"},\"thumbnailUrl\":\"https:\/\/advbox.com.br\/blog\/wp-content\/uploads\/2021\/10\/usucapiao-extraordinaria.jpg\",\"datePublished\":\"2024-03-21T12:45:59+00:00\",\"dateModified\":\"2024-03-21T18:43:42+00:00\",\"description\":\"Usucapi\u00e3o urbano: entenda os principais detalhes do instituto neste artigo preparado pelo blog ADVBOX especialmente para voc\u00ea!\",\"breadcrumb\":{\"@id\":\"https:\/\/advbox.com.br\/blog\/usucapiao-urbano\/#breadcrumb\"},\"inLanguage\":\"pt-BR\",\"potentialAction\":[{\"@type\":\"ReadAction\",\"target\":[\"https:\/\/advbox.com.br\/blog\/usucapiao-urbano\/\"]}]},{\"@type\":\"ImageObject\",\"inLanguage\":\"pt-BR\",\"@id\":\"https:\/\/advbox.com.br\/blog\/usucapiao-urbano\/#primaryimage\",\"url\":\"https:\/\/advbox.com.br\/blog\/wp-content\/uploads\/2021\/10\/usucapiao-extraordinaria.jpg\",\"contentUrl\":\"https:\/\/advbox.com.br\/blog\/wp-content\/uploads\/2021\/10\/usucapiao-extraordinaria.jpg\",\"width\":640,\"height\":426,\"caption\":\"Usucapi\u00e3o extraordin\u00e1ria - posse de bem im\u00f3vel\"},{\"@type\":\"BreadcrumbList\",\"@id\":\"https:\/\/advbox.com.br\/blog\/usucapiao-urbano\/#breadcrumb\",\"itemListElement\":[{\"@type\":\"ListItem\",\"position\":1,\"name\":\"In\u00edcio\",\"item\":\"https:\/\/advbox.com.br\/blog\/\"},{\"@type\":\"ListItem\",\"position\":2,\"name\":\"Direito\",\"item\":\"https:\/\/advbox.com.br\/blog\/direito\/\"},{\"@type\":\"ListItem\",\"position\":3,\"name\":\"Confira os principais detalhes do Usucapi\u00e3o Urbano\"}]},{\"@type\":\"WebSite\",\"@id\":\"https:\/\/advbox.com.br\/blog\/#website\",\"url\":\"https:\/\/advbox.com.br\/blog\/\",\"name\":\"Software Jur\u00eddico Completo - ADVBOX\",\"description\":\"Plataforma para Advocacia Digital\",\"publisher\":{\"@id\":\"https:\/\/advbox.com.br\/blog\/#organization\"},\"potentialAction\":[{\"@type\":\"SearchAction\",\"target\":{\"@type\":\"EntryPoint\",\"urlTemplate\":\"https:\/\/advbox.com.br\/blog\/?s={search_term_string}\"},\"query-input\":{\"@type\":\"PropertyValueSpecification\",\"valueRequired\":true,\"valueName\":\"search_term_string\"}}],\"inLanguage\":\"pt-BR\"},{\"@type\":\"Organization\",\"@id\":\"https:\/\/advbox.com.br\/blog\/#organization\",\"name\":\"ADVBOX Blog - Software jur\u00eddico da advocacia digital\",\"url\":\"https:\/\/advbox.com.br\/blog\/\",\"logo\":{\"@type\":\"ImageObject\",\"inLanguage\":\"pt-BR\",\"@id\":\"https:\/\/advbox.com.br\/blog\/#\/schema\/logo\/image\/\",\"url\":\"https:\/\/advbox.com.br\/blog\/wp-content\/uploads\/2019\/12\/Como-aumentar-a-produtividade_.jpg\",\"contentUrl\":\"https:\/\/advbox.com.br\/blog\/wp-content\/uploads\/2019\/12\/Como-aumentar-a-produtividade_.jpg\",\"width\":320,\"height\":213,\"caption\":\"ADVBOX Blog - Software jur\u00eddico da advocacia digital\"},\"image\":{\"@id\":\"https:\/\/advbox.com.br\/blog\/#\/schema\/logo\/image\/\"},\"sameAs\":[\"https:\/\/www.facebook.com\/advbox\/\",\"https:\/\/x.com\/advbox2\"]},{\"@type\":\"Person\",\"@id\":\"https:\/\/advbox.com.br\/blog\/#\/schema\/person\/029674387a95515a227f2dd7f49b8dfa\",\"name\":\"Eduardo Koetz\",\"description\":\"Eduardo Koetz \u00e9 advogado, escritor, s\u00f3cio e fundador da Koetz Advocacia e CEO da empresa de software jur\u00eddico Advbox. Possui bacharel em Direito pela Universidade do Vale do Rio dos Sinos (Unisinos). Possui tanto registros na Ordem dos Advogados do Brasil - OAB (OAB\/SC 42.934, OAB\/RS 73.409, OAB\/PR 72.951, OAB\/SP 435.266, OAB\/MG 204.531, OAB\/MG 204.531), como na Ordem dos Advogados de Portugal - OA ( OA\/Portugal 69.512L).swdsasdw \u00c9 p\u00f3s-graduado em Direito do Trabalho pela Universidade Federal do Rio Grande do Sul (2011- 2012) e em Direito Tribut\u00e1rio pela Escola Superior da Magistratura Federal ESMAFE (2013 - 2014). Atua como um dos principais gestores da Koetz Advocacia realizando a supervis\u00e3o e lideran\u00e7a em todos os setores do escrit\u00f3rio. Em 2021, Eduardo publicou o livro intitulado: Otimizado - O escrit\u00f3rio como empresa escal\u00e1vel pela editora Viseu.\",\"url\":\"https:\/\/advbox.com.br\/blog\/autor\/comunicacao\/\"}]}<\/script>\n<!-- \/ Yoast SEO plugin. -->","yoast_head_json":{"title":"Usucapi\u00e3o urbano: confira os principais detalhes!","description":"Usucapi\u00e3o urbano: entenda os principais detalhes do instituto neste artigo preparado pelo blog ADVBOX especialmente para voc\u00ea!","robots":{"index":"index","follow":"follow","max-snippet":"max-snippet:-1","max-image-preview":"max-image-preview:large","max-video-preview":"max-video-preview:-1"},"canonical":"https:\/\/advbox.com.br\/blog\/usucapiao-urbano\/","og_locale":"pt_BR","og_type":"article","og_title":"Usucapi\u00e3o urbano: confira os principais detalhes!","og_description":"Usucapi\u00e3o urbano: entenda os principais detalhes do instituto neste artigo preparado pelo blog ADVBOX especialmente para voc\u00ea!","og_url":"https:\/\/advbox.com.br\/blog\/usucapiao-urbano\/","og_site_name":"Software Jur\u00eddico Completo - ADVBOX","article_publisher":"https:\/\/www.facebook.com\/advbox\/","article_published_time":"2024-03-21T12:45:59+00:00","article_modified_time":"2024-03-21T18:43:42+00:00","og_image":[{"width":640,"height":426,"url":"https:\/\/advbox.com.br\/blog\/wp-content\/uploads\/2021\/10\/usucapiao-extraordinaria.jpg","type":"image\/jpeg"}],"author":"Eduardo Koetz","twitter_card":"summary_large_image","twitter_creator":"@advbox2","twitter_site":"@advbox2","schema":{"@context":"https:\/\/schema.org","@graph":[{"@type":"Article","@id":"https:\/\/advbox.com.br\/blog\/usucapiao-urbano\/#article","isPartOf":{"@id":"https:\/\/advbox.com.br\/blog\/usucapiao-urbano\/"},"author":{"name":"Eduardo Koetz","@id":"https:\/\/advbox.com.br\/blog\/#\/schema\/person\/029674387a95515a227f2dd7f49b8dfa"},"headline":"Confira os principais detalhes do Usucapi\u00e3o Urbano","datePublished":"2024-03-21T12:45:59+00:00","dateModified":"2024-03-21T18:43:42+00:00","mainEntityOfPage":{"@id":"https:\/\/advbox.com.br\/blog\/usucapiao-urbano\/"},"wordCount":1636,"publisher":{"@id":"https:\/\/advbox.com.br\/blog\/#organization"},"image":{"@id":"https:\/\/advbox.com.br\/blog\/usucapiao-urbano\/#primaryimage"},"thumbnailUrl":"https:\/\/advbox.com.br\/blog\/wp-content\/uploads\/2021\/10\/usucapiao-extraordinaria.jpg","articleSection":["Direito"],"inLanguage":"pt-BR"},{"@type":"WebPage","@id":"https:\/\/advbox.com.br\/blog\/usucapiao-urbano\/","url":"https:\/\/advbox.com.br\/blog\/usucapiao-urbano\/","name":"Usucapi\u00e3o urbano: confira os principais detalhes!","isPartOf":{"@id":"https:\/\/advbox.com.br\/blog\/#website"},"primaryImageOfPage":{"@id":"https:\/\/advbox.com.br\/blog\/usucapiao-urbano\/#primaryimage"},"image":{"@id":"https:\/\/advbox.com.br\/blog\/usucapiao-urbano\/#primaryimage"},"thumbnailUrl":"https:\/\/advbox.com.br\/blog\/wp-content\/uploads\/2021\/10\/usucapiao-extraordinaria.jpg","datePublished":"2024-03-21T12:45:59+00:00","dateModified":"2024-03-21T18:43:42+00:00","description":"Usucapi\u00e3o urbano: entenda os principais detalhes do instituto neste artigo preparado pelo blog ADVBOX especialmente para voc\u00ea!","breadcrumb":{"@id":"https:\/\/advbox.com.br\/blog\/usucapiao-urbano\/#breadcrumb"},"inLanguage":"pt-BR","potentialAction":[{"@type":"ReadAction","target":["https:\/\/advbox.com.br\/blog\/usucapiao-urbano\/"]}]},{"@type":"ImageObject","inLanguage":"pt-BR","@id":"https:\/\/advbox.com.br\/blog\/usucapiao-urbano\/#primaryimage","url":"https:\/\/advbox.com.br\/blog\/wp-content\/uploads\/2021\/10\/usucapiao-extraordinaria.jpg","contentUrl":"https:\/\/advbox.com.br\/blog\/wp-content\/uploads\/2021\/10\/usucapiao-extraordinaria.jpg","width":640,"height":426,"caption":"Usucapi\u00e3o extraordin\u00e1ria - posse de bem im\u00f3vel"},{"@type":"BreadcrumbList","@id":"https:\/\/advbox.com.br\/blog\/usucapiao-urbano\/#breadcrumb","itemListElement":[{"@type":"ListItem","position":1,"name":"In\u00edcio","item":"https:\/\/advbox.com.br\/blog\/"},{"@type":"ListItem","position":2,"name":"Direito","item":"https:\/\/advbox.com.br\/blog\/direito\/"},{"@type":"ListItem","position":3,"name":"Confira os principais detalhes do Usucapi\u00e3o Urbano"}]},{"@type":"WebSite","@id":"https:\/\/advbox.com.br\/blog\/#website","url":"https:\/\/advbox.com.br\/blog\/","name":"Software Jur\u00eddico Completo - ADVBOX","description":"Plataforma para Advocacia Digital","publisher":{"@id":"https:\/\/advbox.com.br\/blog\/#organization"},"potentialAction":[{"@type":"SearchAction","target":{"@type":"EntryPoint","urlTemplate":"https:\/\/advbox.com.br\/blog\/?s={search_term_string}"},"query-input":{"@type":"PropertyValueSpecification","valueRequired":true,"valueName":"search_term_string"}}],"inLanguage":"pt-BR"},{"@type":"Organization","@id":"https:\/\/advbox.com.br\/blog\/#organization","name":"ADVBOX Blog - Software jur\u00eddico da advocacia digital","url":"https:\/\/advbox.com.br\/blog\/","logo":{"@type":"ImageObject","inLanguage":"pt-BR","@id":"https:\/\/advbox.com.br\/blog\/#\/schema\/logo\/image\/","url":"https:\/\/advbox.com.br\/blog\/wp-content\/uploads\/2019\/12\/Como-aumentar-a-produtividade_.jpg","contentUrl":"https:\/\/advbox.com.br\/blog\/wp-content\/uploads\/2019\/12\/Como-aumentar-a-produtividade_.jpg","width":320,"height":213,"caption":"ADVBOX Blog - Software jur\u00eddico da advocacia digital"},"image":{"@id":"https:\/\/advbox.com.br\/blog\/#\/schema\/logo\/image\/"},"sameAs":["https:\/\/www.facebook.com\/advbox\/","https:\/\/x.com\/advbox2"]},{"@type":"Person","@id":"https:\/\/advbox.com.br\/blog\/#\/schema\/person\/029674387a95515a227f2dd7f49b8dfa","name":"Eduardo Koetz","description":"Eduardo Koetz \u00e9 advogado, escritor, s\u00f3cio e fundador da Koetz Advocacia e CEO da empresa de software jur\u00eddico Advbox. Possui bacharel em Direito pela Universidade do Vale do Rio dos Sinos (Unisinos). Possui tanto registros na Ordem dos Advogados do Brasil - OAB (OAB\/SC 42.934, OAB\/RS 73.409, OAB\/PR 72.951, OAB\/SP 435.266, OAB\/MG 204.531, OAB\/MG 204.531), como na Ordem dos Advogados de Portugal - OA ( OA\/Portugal 69.512L).swdsasdw \u00c9 p\u00f3s-graduado em Direito do Trabalho pela Universidade Federal do Rio Grande do Sul (2011- 2012) e em Direito Tribut\u00e1rio pela Escola Superior da Magistratura Federal ESMAFE (2013 - 2014). Atua como um dos principais gestores da Koetz Advocacia realizando a supervis\u00e3o e lideran\u00e7a em todos os setores do escrit\u00f3rio. Em 2021, Eduardo publicou o livro intitulado: Otimizado - O escrit\u00f3rio como empresa escal\u00e1vel pela editora Viseu.","url":"https:\/\/advbox.com.br\/blog\/autor\/comunicacao\/"}]}},"_links":{"self":[{"href":"https:\/\/advbox.com.br\/blog\/wp-json\/wp\/v2\/posts\/50633","targetHints":{"allow":["GET"]}}],"collection":[{"href":"https:\/\/advbox.com.br\/blog\/wp-json\/wp\/v2\/posts"}],"about":[{"href":"https:\/\/advbox.com.br\/blog\/wp-json\/wp\/v2\/types\/post"}],"author":[{"embeddable":true,"href":"https:\/\/advbox.com.br\/blog\/wp-json\/wp\/v2\/users\/43"}],"replies":[{"embeddable":true,"href":"https:\/\/advbox.com.br\/blog\/wp-json\/wp\/v2\/comments?post=50633"}],"version-history":[{"count":7,"href":"https:\/\/advbox.com.br\/blog\/wp-json\/wp\/v2\/posts\/50633\/revisions"}],"predecessor-version":[{"id":62354,"href":"https:\/\/advbox.com.br\/blog\/wp-json\/wp\/v2\/posts\/50633\/revisions\/62354"}],"wp:featuredmedia":[{"embeddable":true,"href":"https:\/\/advbox.com.br\/blog\/wp-json\/wp\/v2\/media\/38175"}],"wp:attachment":[{"href":"https:\/\/advbox.com.br\/blog\/wp-json\/wp\/v2\/media?parent=50633"}],"wp:term":[{"taxonomy":"category","embeddable":true,"href":"https:\/\/advbox.com.br\/blog\/wp-json\/wp\/v2\/categories?post=50633"},{"taxonomy":"post_tag","embeddable":true,"href":"https:\/\/advbox.com.br\/blog\/wp-json\/wp\/v2\/tags?post=50633"}],"curies":[{"name":"wp","href":"https:\/\/api.w.org\/{rel}","templated":true}]}}