{"id":535,"date":"2019-10-09T10:11:41","date_gmt":"2019-10-09T13:11:41","guid":{"rendered":"http:\/\/advbox.com.br\/blog\/?p=535"},"modified":"2023-10-11T15:38:26","modified_gmt":"2023-10-11T18:38:26","slug":"advbox-entrevista-estudante-de-direito-em-formacao","status":"publish","type":"post","link":"https:\/\/advbox.com.br\/blog\/advbox-entrevista-estudante-de-direito-em-formacao\/","title":{"rendered":"Confira a entrevista com estudante de Direito em forma\u00e7\u00e3o!"},"content":{"rendered":"<p><span style=\"font-weight: 400;\">A AdvBox est\u00e1 de olho na nova gera\u00e7\u00e3o de advogados que est\u00e1 surgindo no mercado. Estudantes no final de sua gradua\u00e7\u00e3o<span style=\"font-weight: 400;\"> j\u00e1 est\u00e3o acompanhando as mudan\u00e7as que estamos vivendo, ligados no mundo digital e na import\u00e2ncia de um bom posicionamento.<\/span><span style=\"font-weight: 400;\">\u00c9 por isso que decidimos entrevistar periodicamente estudantes e jovens advogados que v\u00eam se destacando no mundo do direito atrav\u00e9s de not\u00edcias, humor, teorias e atualiza\u00e7\u00f5es da lei. Esse \u00e9 o in\u00edcio da nossa s\u00e9rie <strong>AdvBox entrevista<\/strong>!<\/span><span style=\"font-weight: 400;\">Nosso primeiro entrevistado \u00e9 o <\/span><b>Landsteiner Ventura Filho<\/b><span style=\"font-weight: 400;\">, de 24 anos, que mora em Arapiraca (AL). Atualmente, Landsteiner cursa o 10\u00b0 per\u00edodo de Direito e trabalha no setor administrativo do SENAI. Entre seus hobbies est\u00e3o tocar m\u00fasica e pedalar trilhas de Mountain Bike.<\/span><span style=\"font-weight: 400;\">Confira abaixo nossa conversa!<\/span><img fetchpriority=\"high\" decoding=\"async\" class=\"alignnone size-full wp-image-551\" src=\"https:\/\/advbox.com.br\/blog\/wp-content\/uploads\/2017\/11\/advbox-entrevista-landsteiner-ventura-filho.jpg\" alt=\"AdvBox entrevista estudante de Direito em forma\u00e7\u00e3o\" width=\"825\" height=\"542\" srcset=\"https:\/\/advbox.com.br\/blog\/wp-content\/uploads\/2017\/11\/advbox-entrevista-landsteiner-ventura-filho.jpg 825w, https:\/\/advbox.com.br\/blog\/wp-content\/uploads\/2017\/11\/advbox-entrevista-landsteiner-ventura-filho-350x230.jpg 350w, https:\/\/advbox.com.br\/blog\/wp-content\/uploads\/2017\/11\/advbox-entrevista-landsteiner-ventura-filho-300x197.jpg 300w, https:\/\/advbox.com.br\/blog\/wp-content\/uploads\/2017\/11\/advbox-entrevista-landsteiner-ventura-filho-768x505.jpg 768w, https:\/\/advbox.com.br\/blog\/wp-content\/uploads\/2017\/11\/advbox-entrevista-landsteiner-ventura-filho-380x249.jpg 380w, https:\/\/advbox.com.br\/blog\/wp-content\/uploads\/2017\/11\/advbox-entrevista-landsteiner-ventura-filho-650x427.jpg 650w\" sizes=\"(max-width: 825px) 100vw, 825px\" \/><\/p>\n<h2><span style=\"font-weight: 400;\">Por que voc\u00ea quis ser advogado?<\/span><\/h2>\n<blockquote><p><span style=\"font-weight: 400;\">Sempre tive o conceito de que o advogado \u00e9 aquela pessoa que ajuda a resolver um problema que voc\u00ea n\u00e3o conseguiria [resolver] t\u00e3o facilmente sozinho. Esse conceito trazia consigo o poder de transforma\u00e7\u00e3o que o profissional causa na vida das pessoas, al\u00e9m de todo o \u201cstatus\u201d que era e ainda \u00e9 direcionado a profiss\u00e3o. Na minha vis\u00e3o, \u00e0 \u00e9poca do col\u00e9gio ainda, esse conceito me causava uma grande admira\u00e7\u00e3o e fazia crescer a minha vontade de tamb\u00e9m ser um advogado.<\/span><\/p>\n<p><span style=\"font-weight: 400;\">Com o passar do tempo e mais perto do vestibular, fui conhecendo outras opini\u00f5es e outros conceitos n\u00e3o t\u00e3o nobres sobre a profiss\u00e3o, os quais n\u00e3o eram atrativos ou causadores de \u201cstatus\u201d. Al\u00e9m disso, tamb\u00e9m me deparei com uma realidade n\u00e3o t\u00e3o animadora: por exemplo, o grande n\u00famero de profissionais no mercado e as intemp\u00e9ries e os percal\u00e7os da profiss\u00e3o. Mesmo assim, n\u00e3o me fizeram desistir da escolha e do \u201csonho\u201d, por assim dizer, de ser advogado.<\/span><\/p><\/blockquote>\n<h2><span style=\"font-weight: 400;\">Quais \u00e1reas do Direito mais te atraem?<\/span><\/h2>\n<blockquote><p><span style=\"font-weight: 400;\">O Direito Penal me conquistou, por assim dizer, no in\u00edcio do curso. Entretanto, ap\u00f3s a metade da gradua\u00e7\u00e3o, fui deixando de lado o \u201camor\u201d pelo Direito Penal e fui me apaixonando pelo Direito Trabalhista &#8211; que inclusive foi a mat\u00e9ria escolhida por mim para realiza\u00e7\u00e3o da 2\u00aa fase da OAB. Nos \u00faltimos meses, venho dedicando uma maior aten\u00e7\u00e3o para a \u00e1rea de Marketing Jur\u00eddico Digital, assim como de <\/span><a href=\"https:\/\/advbox.com.br\/blog\/advocacia-digital-e-evolucao-da-advocacia\/\" target=\"_blank\"><span style=\"font-weight: 400;\">Direito Digital<\/span><\/a><span style=\"font-weight: 400;\"> tamb\u00e9m.<\/span><\/p><\/blockquote>\n<h2><span style=\"font-weight: 400;\">Quando voc\u00ea se ligou \u00e0s redes sociais e por qu\u00ea?<\/span><\/h2>\n<blockquote><p><span style=\"font-weight: 400;\">Inicialmente, criei o <\/span><a href=\"https:\/\/pt-br.facebook.com\/advogadoindispensavel\/\" target=\"_blank\"><span style=\"font-weight: 400;\">@advogadoindispensavel<\/span><\/a><span style=\"font-weight: 400;\"> no Facebook em outubro de 2015, apenas com o intuito de entender um pouco melhor como funcionava a rede social. Aos poucos, fui observando e aprendendo a lidar com essa m\u00eddia, ao passo em que fui desenvolvendo habilidades e estrat\u00e9gias de crescimento dentro da rede.<\/span><\/p>\n<p><span style=\"font-weight: 400;\">Em alguns meses, percebi o alcance e o \u201cpoder\u201d que temos nas redes sociais. Ent\u00e3o entendi que, para criar e consolidar uma marca ou um conceito, temos que nos fazer presentes em todas as plataformas sociais dispon\u00edveis. Foi nesse momento que iniciei os trabalhos com o Instagram, mais precisamente em julho de 2016, e da\u00ed em diante com outras m\u00eddias sociais.<\/span><\/p><\/blockquote>\n<h2><span style=\"font-weight: 400;\">Como voc\u00ea imagina que a atua\u00e7\u00e3o nas redes sociais poder\u00e1 ajudar no desenvolvimento de sua carreira?<\/span><\/h2>\n<blockquote><p><span style=\"font-weight: 400;\">Estamos iniciando uma nova fase no <\/span><a href=\"https:\/\/pt-br.facebook.com\/advogadoindispensavel\/\" target=\"_blank\"><span style=\"font-weight: 400;\">@advogadoindispensavel<\/span><\/a><span style=\"font-weight: 400;\">, na qual investiremos mais em conte\u00fado. Percebo que a cria\u00e7\u00e3o de conte\u00fado focado e especializado trar\u00e1 para seu criador, com o tempo, uma imagem de autoridade no assunto tratado. Isso servir\u00e1 de apoio para a consolida\u00e7\u00e3o do profissional como \u00edcone em determinada mat\u00e9ria. N\u00e3o se esquecendo, \u00e9 claro, de desenvolver suas pr\u00f3prias redes sociais profissionais, algo que \u00e9 extremamente importante.<\/span><\/p><\/blockquote>\n<h2><span style=\"font-weight: 400;\">Quais s\u00e3o os principais perfis de seguidores do \u201cAdvogado Indispens\u00e1vel\u201d?<\/span><\/h2>\n<blockquote><p><span style=\"font-weight: 400;\">O principal p\u00fablico do <\/span><a href=\"https:\/\/pt-br.facebook.com\/advogadoindispensavel\/\" target=\"_blank\"><span style=\"font-weight: 400;\">@advogadoindispensavel<\/span><\/a><span style=\"font-weight: 400;\"> se concentra nas faixas et\u00e1rias de 18-24 anos e 25-34 anos. S\u00e3o advogados rec\u00e9m-formados, em in\u00edcio de carreira ou ainda nos primeiros anos de profiss\u00e3o, al\u00e9m de estudantes que est\u00e3o concluindo a gradua\u00e7\u00e3o. Eu diria que temos um p\u00fablico privilegiado: s\u00e3o seguidores que interagem com as publica\u00e7\u00f5es e participam de lives e eventos que criamos, al\u00e9m de estarem acompanhando o momento de <\/span><a href=\"https:\/\/transformacaodigital.com\/advogados-digitais\/\" target=\"_blank\"><span style=\"font-weight: 400;\">transforma\u00e7\u00e3o digital da advocacia<\/span><\/a><span style=\"font-weight: 400;\"> em que vivemos.<\/span><\/p><\/blockquote>\n<p><\/span><\/p>\n","protected":false},"excerpt":{"rendered":"<p>A AdvBox est\u00e1 de olho na nova gera\u00e7\u00e3o de advogados que est\u00e1 surgindo no mercado. Estudantes no final de sua gradua\u00e7\u00e3o j\u00e1 est\u00e3o acompanhando as mudan\u00e7as que estamos vivendo, ligados no mundo digital e na import\u00e2ncia de um bom posicionamento.\u00c9 por isso que decidimos entrevistar periodicamente estudantes e jovens advogados [&hellip;]<\/p>\n","protected":false},"author":11,"featured_media":557,"comment_status":"closed","ping_status":"closed","sticky":false,"template":"","format":"standard","meta":{"_acf_changed":false,"om_disable_all_campaigns":false,"footnotes":""},"categories":[1],"tags":[187,68],"class_list":["post-535","post","type-post","status-publish","format-standard","has-post-thumbnail","hentry","category-advbox","tag-marketing-digital","tag-transformacao-digital"],"acf":[],"yoast_head":"<!-- This site is optimized with the Yoast SEO plugin v26.9 - https:\/\/yoast.com\/product\/yoast-seo-wordpress\/ -->\n<title>AdvBox entrevista estudante de Direito em forma\u00e7\u00e3o<\/title>\n<meta name=\"description\" content=\"Confira nossa conversa com Landsteiner Ventura Filho, criador da p\u00e1gina @advogadoindispensavel. Primeira entrevista da s\u00e9rie AdvBox entrevista!\" \/>\n<meta name=\"robots\" content=\"index, follow, max-snippet:-1, max-image-preview:large, max-video-preview:-1\" \/>\n<link rel=\"canonical\" href=\"https:\/\/advbox.com.br\/blog\/advbox-entrevista-estudante-de-direito-em-formacao\/\" \/>\n<meta property=\"og:locale\" content=\"pt_BR\" \/>\n<meta property=\"og:type\" content=\"article\" \/>\n<meta property=\"og:title\" content=\"AdvBox entrevista estudante de Direito em forma\u00e7\u00e3o\" \/>\n<meta property=\"og:description\" content=\"Confira nossa conversa com Landsteiner Ventura Filho, criador da p\u00e1gina @advogadoindispensavel. Primeira entrevista da s\u00e9rie AdvBox entrevista!\" \/>\n<meta property=\"og:url\" content=\"https:\/\/advbox.com.br\/blog\/advbox-entrevista-estudante-de-direito-em-formacao\/\" \/>\n<meta property=\"og:site_name\" content=\"Software Jur\u00eddico Completo - ADVBOX\" \/>\n<meta property=\"article:publisher\" content=\"https:\/\/www.facebook.com\/advbox\/\" \/>\n<meta property=\"article:published_time\" content=\"2019-10-09T13:11:41+00:00\" \/>\n<meta property=\"article:modified_time\" content=\"2023-10-11T18:38:26+00:00\" \/>\n<meta property=\"og:image\" content=\"https:\/\/advbox.com.br\/blog\/wp-content\/uploads\/2017\/11\/advbox-entrevista.jpg\" \/>\n\t<meta property=\"og:image:width\" content=\"1000\" \/>\n\t<meta property=\"og:image:height\" content=\"478\" \/>\n\t<meta property=\"og:image:type\" content=\"image\/jpeg\" \/>\n<meta name=\"author\" content=\"Alan vital\" \/>\n<meta name=\"twitter:card\" content=\"summary_large_image\" \/>\n<meta name=\"twitter:creator\" content=\"@advbox2\" \/>\n<meta name=\"twitter:site\" content=\"@advbox2\" \/>\n<script type=\"application\/ld+json\" class=\"yoast-schema-graph\">{\"@context\":\"https:\/\/schema.org\",\"@graph\":[{\"@type\":\"Article\",\"@id\":\"https:\/\/advbox.com.br\/blog\/advbox-entrevista-estudante-de-direito-em-formacao\/#article\",\"isPartOf\":{\"@id\":\"https:\/\/advbox.com.br\/blog\/advbox-entrevista-estudante-de-direito-em-formacao\/\"},\"author\":{\"name\":\"Alan vital\",\"@id\":\"https:\/\/advbox.com.br\/blog\/#\/schema\/person\/57a0fd0f02f900f4cdff28e3a147739a\"},\"headline\":\"Confira a entrevista com estudante de Direito em forma\u00e7\u00e3o!\",\"datePublished\":\"2019-10-09T13:11:41+00:00\",\"dateModified\":\"2023-10-11T18:38:26+00:00\",\"mainEntityOfPage\":{\"@id\":\"https:\/\/advbox.com.br\/blog\/advbox-entrevista-estudante-de-direito-em-formacao\/\"},\"wordCount\":723,\"publisher\":{\"@id\":\"https:\/\/advbox.com.br\/blog\/#organization\"},\"image\":{\"@id\":\"https:\/\/advbox.com.br\/blog\/advbox-entrevista-estudante-de-direito-em-formacao\/#primaryimage\"},\"thumbnailUrl\":\"https:\/\/advbox.com.br\/blog\/wp-content\/uploads\/2017\/11\/advbox-entrevista.jpg\",\"keywords\":[\"marketing digital\",\"Transforma\u00e7\u00e3o digital na advocacia\"],\"articleSection\":[\"ADVBOX\"],\"inLanguage\":\"pt-BR\"},{\"@type\":\"WebPage\",\"@id\":\"https:\/\/advbox.com.br\/blog\/advbox-entrevista-estudante-de-direito-em-formacao\/\",\"url\":\"https:\/\/advbox.com.br\/blog\/advbox-entrevista-estudante-de-direito-em-formacao\/\",\"name\":\"AdvBox entrevista estudante de Direito em forma\u00e7\u00e3o\",\"isPartOf\":{\"@id\":\"https:\/\/advbox.com.br\/blog\/#website\"},\"primaryImageOfPage\":{\"@id\":\"https:\/\/advbox.com.br\/blog\/advbox-entrevista-estudante-de-direito-em-formacao\/#primaryimage\"},\"image\":{\"@id\":\"https:\/\/advbox.com.br\/blog\/advbox-entrevista-estudante-de-direito-em-formacao\/#primaryimage\"},\"thumbnailUrl\":\"https:\/\/advbox.com.br\/blog\/wp-content\/uploads\/2017\/11\/advbox-entrevista.jpg\",\"datePublished\":\"2019-10-09T13:11:41+00:00\",\"dateModified\":\"2023-10-11T18:38:26+00:00\",\"description\":\"Confira nossa conversa com Landsteiner Ventura Filho, criador da p\u00e1gina @advogadoindispensavel. Primeira entrevista da s\u00e9rie AdvBox entrevista!\",\"breadcrumb\":{\"@id\":\"https:\/\/advbox.com.br\/blog\/advbox-entrevista-estudante-de-direito-em-formacao\/#breadcrumb\"},\"inLanguage\":\"pt-BR\",\"potentialAction\":[{\"@type\":\"ReadAction\",\"target\":[\"https:\/\/advbox.com.br\/blog\/advbox-entrevista-estudante-de-direito-em-formacao\/\"]}]},{\"@type\":\"ImageObject\",\"inLanguage\":\"pt-BR\",\"@id\":\"https:\/\/advbox.com.br\/blog\/advbox-entrevista-estudante-de-direito-em-formacao\/#primaryimage\",\"url\":\"https:\/\/advbox.com.br\/blog\/wp-content\/uploads\/2017\/11\/advbox-entrevista.jpg\",\"contentUrl\":\"https:\/\/advbox.com.br\/blog\/wp-content\/uploads\/2017\/11\/advbox-entrevista.jpg\",\"width\":1000,\"height\":478,\"caption\":\"AdvBox entrevista estudante de Direito em forma\u00e7\u00e3o\"},{\"@type\":\"BreadcrumbList\",\"@id\":\"https:\/\/advbox.com.br\/blog\/advbox-entrevista-estudante-de-direito-em-formacao\/#breadcrumb\",\"itemListElement\":[{\"@type\":\"ListItem\",\"position\":1,\"name\":\"In\u00edcio\",\"item\":\"https:\/\/advbox.com.br\/blog\/\"},{\"@type\":\"ListItem\",\"position\":2,\"name\":\"ADVBOX\",\"item\":\"https:\/\/advbox.com.br\/blog\/advbox\/\"},{\"@type\":\"ListItem\",\"position\":3,\"name\":\"Confira a entrevista com estudante de Direito em forma\u00e7\u00e3o!\"}]},{\"@type\":\"WebSite\",\"@id\":\"https:\/\/advbox.com.br\/blog\/#website\",\"url\":\"https:\/\/advbox.com.br\/blog\/\",\"name\":\"Software Jur\u00eddico Completo - ADVBOX\",\"description\":\"Plataforma para Advocacia Digital\",\"publisher\":{\"@id\":\"https:\/\/advbox.com.br\/blog\/#organization\"},\"potentialAction\":[{\"@type\":\"SearchAction\",\"target\":{\"@type\":\"EntryPoint\",\"urlTemplate\":\"https:\/\/advbox.com.br\/blog\/?s={search_term_string}\"},\"query-input\":{\"@type\":\"PropertyValueSpecification\",\"valueRequired\":true,\"valueName\":\"search_term_string\"}}],\"inLanguage\":\"pt-BR\"},{\"@type\":\"Organization\",\"@id\":\"https:\/\/advbox.com.br\/blog\/#organization\",\"name\":\"ADVBOX Blog - Software jur\u00eddico da advocacia digital\",\"url\":\"https:\/\/advbox.com.br\/blog\/\",\"logo\":{\"@type\":\"ImageObject\",\"inLanguage\":\"pt-BR\",\"@id\":\"https:\/\/advbox.com.br\/blog\/#\/schema\/logo\/image\/\",\"url\":\"https:\/\/advbox.com.br\/blog\/wp-content\/uploads\/2019\/12\/Como-aumentar-a-produtividade_.jpg\",\"contentUrl\":\"https:\/\/advbox.com.br\/blog\/wp-content\/uploads\/2019\/12\/Como-aumentar-a-produtividade_.jpg\",\"width\":320,\"height\":213,\"caption\":\"ADVBOX Blog - Software jur\u00eddico da advocacia digital\"},\"image\":{\"@id\":\"https:\/\/advbox.com.br\/blog\/#\/schema\/logo\/image\/\"},\"sameAs\":[\"https:\/\/www.facebook.com\/advbox\/\",\"https:\/\/x.com\/advbox2\"]},{\"@type\":\"Person\",\"@id\":\"https:\/\/advbox.com.br\/blog\/#\/schema\/person\/57a0fd0f02f900f4cdff28e3a147739a\",\"name\":\"Alan vital\",\"description\":\"Alan Vital \u00e9 Advogado e Programador Front End, com P\u00f3s gradua\u00e7\u00e3o em Direito Digital e Compliance, especialista em Marketing Jur\u00eddico e Gest\u00e3o de Escrit\u00f3rios Digitais, al\u00e9m de membro de comiss\u00f5es da OAB e da Jovem Advocacia. Consultor da ADVBOX.\",\"url\":\"https:\/\/advbox.com.br\/blog\/autor\/alan-vital\/\"}]}<\/script>\n<!-- \/ Yoast SEO plugin. -->","yoast_head_json":{"title":"AdvBox entrevista estudante de Direito em forma\u00e7\u00e3o","description":"Confira nossa conversa com Landsteiner Ventura Filho, criador da p\u00e1gina @advogadoindispensavel. Primeira entrevista da s\u00e9rie AdvBox entrevista!","robots":{"index":"index","follow":"follow","max-snippet":"max-snippet:-1","max-image-preview":"max-image-preview:large","max-video-preview":"max-video-preview:-1"},"canonical":"https:\/\/advbox.com.br\/blog\/advbox-entrevista-estudante-de-direito-em-formacao\/","og_locale":"pt_BR","og_type":"article","og_title":"AdvBox entrevista estudante de Direito em forma\u00e7\u00e3o","og_description":"Confira nossa conversa com Landsteiner Ventura Filho, criador da p\u00e1gina @advogadoindispensavel. Primeira entrevista da s\u00e9rie AdvBox entrevista!","og_url":"https:\/\/advbox.com.br\/blog\/advbox-entrevista-estudante-de-direito-em-formacao\/","og_site_name":"Software Jur\u00eddico Completo - ADVBOX","article_publisher":"https:\/\/www.facebook.com\/advbox\/","article_published_time":"2019-10-09T13:11:41+00:00","article_modified_time":"2023-10-11T18:38:26+00:00","og_image":[{"width":1000,"height":478,"url":"https:\/\/advbox.com.br\/blog\/wp-content\/uploads\/2017\/11\/advbox-entrevista.jpg","type":"image\/jpeg"}],"author":"Alan vital","twitter_card":"summary_large_image","twitter_creator":"@advbox2","twitter_site":"@advbox2","schema":{"@context":"https:\/\/schema.org","@graph":[{"@type":"Article","@id":"https:\/\/advbox.com.br\/blog\/advbox-entrevista-estudante-de-direito-em-formacao\/#article","isPartOf":{"@id":"https:\/\/advbox.com.br\/blog\/advbox-entrevista-estudante-de-direito-em-formacao\/"},"author":{"name":"Alan vital","@id":"https:\/\/advbox.com.br\/blog\/#\/schema\/person\/57a0fd0f02f900f4cdff28e3a147739a"},"headline":"Confira a entrevista com estudante de Direito em forma\u00e7\u00e3o!","datePublished":"2019-10-09T13:11:41+00:00","dateModified":"2023-10-11T18:38:26+00:00","mainEntityOfPage":{"@id":"https:\/\/advbox.com.br\/blog\/advbox-entrevista-estudante-de-direito-em-formacao\/"},"wordCount":723,"publisher":{"@id":"https:\/\/advbox.com.br\/blog\/#organization"},"image":{"@id":"https:\/\/advbox.com.br\/blog\/advbox-entrevista-estudante-de-direito-em-formacao\/#primaryimage"},"thumbnailUrl":"https:\/\/advbox.com.br\/blog\/wp-content\/uploads\/2017\/11\/advbox-entrevista.jpg","keywords":["marketing digital","Transforma\u00e7\u00e3o digital na advocacia"],"articleSection":["ADVBOX"],"inLanguage":"pt-BR"},{"@type":"WebPage","@id":"https:\/\/advbox.com.br\/blog\/advbox-entrevista-estudante-de-direito-em-formacao\/","url":"https:\/\/advbox.com.br\/blog\/advbox-entrevista-estudante-de-direito-em-formacao\/","name":"AdvBox entrevista estudante de Direito em forma\u00e7\u00e3o","isPartOf":{"@id":"https:\/\/advbox.com.br\/blog\/#website"},"primaryImageOfPage":{"@id":"https:\/\/advbox.com.br\/blog\/advbox-entrevista-estudante-de-direito-em-formacao\/#primaryimage"},"image":{"@id":"https:\/\/advbox.com.br\/blog\/advbox-entrevista-estudante-de-direito-em-formacao\/#primaryimage"},"thumbnailUrl":"https:\/\/advbox.com.br\/blog\/wp-content\/uploads\/2017\/11\/advbox-entrevista.jpg","datePublished":"2019-10-09T13:11:41+00:00","dateModified":"2023-10-11T18:38:26+00:00","description":"Confira nossa conversa com Landsteiner Ventura Filho, criador da p\u00e1gina @advogadoindispensavel. Primeira entrevista da s\u00e9rie AdvBox entrevista!","breadcrumb":{"@id":"https:\/\/advbox.com.br\/blog\/advbox-entrevista-estudante-de-direito-em-formacao\/#breadcrumb"},"inLanguage":"pt-BR","potentialAction":[{"@type":"ReadAction","target":["https:\/\/advbox.com.br\/blog\/advbox-entrevista-estudante-de-direito-em-formacao\/"]}]},{"@type":"ImageObject","inLanguage":"pt-BR","@id":"https:\/\/advbox.com.br\/blog\/advbox-entrevista-estudante-de-direito-em-formacao\/#primaryimage","url":"https:\/\/advbox.com.br\/blog\/wp-content\/uploads\/2017\/11\/advbox-entrevista.jpg","contentUrl":"https:\/\/advbox.com.br\/blog\/wp-content\/uploads\/2017\/11\/advbox-entrevista.jpg","width":1000,"height":478,"caption":"AdvBox entrevista estudante de Direito em forma\u00e7\u00e3o"},{"@type":"BreadcrumbList","@id":"https:\/\/advbox.com.br\/blog\/advbox-entrevista-estudante-de-direito-em-formacao\/#breadcrumb","itemListElement":[{"@type":"ListItem","position":1,"name":"In\u00edcio","item":"https:\/\/advbox.com.br\/blog\/"},{"@type":"ListItem","position":2,"name":"ADVBOX","item":"https:\/\/advbox.com.br\/blog\/advbox\/"},{"@type":"ListItem","position":3,"name":"Confira a entrevista com estudante de Direito em forma\u00e7\u00e3o!"}]},{"@type":"WebSite","@id":"https:\/\/advbox.com.br\/blog\/#website","url":"https:\/\/advbox.com.br\/blog\/","name":"Software Jur\u00eddico Completo - ADVBOX","description":"Plataforma para Advocacia Digital","publisher":{"@id":"https:\/\/advbox.com.br\/blog\/#organization"},"potentialAction":[{"@type":"SearchAction","target":{"@type":"EntryPoint","urlTemplate":"https:\/\/advbox.com.br\/blog\/?s={search_term_string}"},"query-input":{"@type":"PropertyValueSpecification","valueRequired":true,"valueName":"search_term_string"}}],"inLanguage":"pt-BR"},{"@type":"Organization","@id":"https:\/\/advbox.com.br\/blog\/#organization","name":"ADVBOX Blog - Software jur\u00eddico da advocacia digital","url":"https:\/\/advbox.com.br\/blog\/","logo":{"@type":"ImageObject","inLanguage":"pt-BR","@id":"https:\/\/advbox.com.br\/blog\/#\/schema\/logo\/image\/","url":"https:\/\/advbox.com.br\/blog\/wp-content\/uploads\/2019\/12\/Como-aumentar-a-produtividade_.jpg","contentUrl":"https:\/\/advbox.com.br\/blog\/wp-content\/uploads\/2019\/12\/Como-aumentar-a-produtividade_.jpg","width":320,"height":213,"caption":"ADVBOX Blog - Software jur\u00eddico da advocacia digital"},"image":{"@id":"https:\/\/advbox.com.br\/blog\/#\/schema\/logo\/image\/"},"sameAs":["https:\/\/www.facebook.com\/advbox\/","https:\/\/x.com\/advbox2"]},{"@type":"Person","@id":"https:\/\/advbox.com.br\/blog\/#\/schema\/person\/57a0fd0f02f900f4cdff28e3a147739a","name":"Alan vital","description":"Alan Vital \u00e9 Advogado e Programador Front End, com P\u00f3s gradua\u00e7\u00e3o em Direito Digital e Compliance, especialista em Marketing Jur\u00eddico e Gest\u00e3o de Escrit\u00f3rios Digitais, al\u00e9m de membro de comiss\u00f5es da OAB e da Jovem Advocacia. Consultor da ADVBOX.","url":"https:\/\/advbox.com.br\/blog\/autor\/alan-vital\/"}]}},"_links":{"self":[{"href":"https:\/\/advbox.com.br\/blog\/wp-json\/wp\/v2\/posts\/535","targetHints":{"allow":["GET"]}}],"collection":[{"href":"https:\/\/advbox.com.br\/blog\/wp-json\/wp\/v2\/posts"}],"about":[{"href":"https:\/\/advbox.com.br\/blog\/wp-json\/wp\/v2\/types\/post"}],"author":[{"embeddable":true,"href":"https:\/\/advbox.com.br\/blog\/wp-json\/wp\/v2\/users\/11"}],"replies":[{"embeddable":true,"href":"https:\/\/advbox.com.br\/blog\/wp-json\/wp\/v2\/comments?post=535"}],"version-history":[{"count":3,"href":"https:\/\/advbox.com.br\/blog\/wp-json\/wp\/v2\/posts\/535\/revisions"}],"predecessor-version":[{"id":57576,"href":"https:\/\/advbox.com.br\/blog\/wp-json\/wp\/v2\/posts\/535\/revisions\/57576"}],"wp:featuredmedia":[{"embeddable":true,"href":"https:\/\/advbox.com.br\/blog\/wp-json\/wp\/v2\/media\/557"}],"wp:attachment":[{"href":"https:\/\/advbox.com.br\/blog\/wp-json\/wp\/v2\/media?parent=535"}],"wp:term":[{"taxonomy":"category","embeddable":true,"href":"https:\/\/advbox.com.br\/blog\/wp-json\/wp\/v2\/categories?post=535"},{"taxonomy":"post_tag","embeddable":true,"href":"https:\/\/advbox.com.br\/blog\/wp-json\/wp\/v2\/tags?post=535"}],"curies":[{"name":"wp","href":"https:\/\/api.w.org\/{rel}","templated":true}]}}