{"id":62245,"date":"2024-03-14T16:14:37","date_gmt":"2024-03-14T19:14:37","guid":{"rendered":"https:\/\/advbox.com.br\/blog\/?p=62245"},"modified":"2024-03-15T11:16:45","modified_gmt":"2024-03-15T14:16:45","slug":"direito-de-personalidade","status":"publish","type":"post","link":"https:\/\/advbox.com.br\/blog\/direito-de-personalidade\/","title":{"rendered":"Os Direitos de Personalidade em prol da prote\u00e7\u00e3o da dignidade humana"},"content":{"rendered":"<p>Os Direitos de Personalidade conferem prote\u00e7\u00e3o \u00e0 dignidade, liberdade e integridade de cada indiv\u00edduo. A personalidade de uma pessoa \u00e9 o que define a sua individualidade. Ela compreende os padr\u00f5es de caracter\u00edsticas que a distinguem em seu modo de pensar, sentir e agir.<\/p><p>No setor jur\u00eddico, os Direitos de Personalidade referem-se \u00e0s prerrogativas inerentes \u00e0 pr\u00f3pria ess\u00eancia de cada indiv\u00edduo. Eles garantem a prote\u00e7\u00e3o de sua integridade f\u00edsica e moral, bem como a salvaguarda de sua liberdade e autonomia.\u00a0<\/p><p>A Declara\u00e7\u00e3o Universal dos Direitos Humanos, adotada pela Assembleia Geral das Na\u00e7\u00f5es Unidas em 1948, inicia sua introdu\u00e7\u00e3o com a seguinte declara\u00e7\u00e3o:<\/p><blockquote class=\"wp-block-quote is-layout-flow wp-block-quote-is-layout-flow\">\n<p><em>O reconhecimento da dignidade inerente a todos os membros da fam\u00edlia humana e de seus direitos iguais e inalien\u00e1veis \u00e9 o fundamento da liberdade, da justi\u00e7a e da paz no mundo.<\/em><\/p>\n<\/blockquote><p>Dessa forma, entendemos que consideramos esses direitos como fundamentais e irrenunci\u00e1veis, visando assegurar especialmente o respeito \u00e0 dignidade humana e \u00e0 autodetermina\u00e7\u00e3o de cada pessoa.<\/p><figure class=\"wp-block-embed is-type-video is-provider-youtube wp-block-embed-youtube wp-embed-aspect-16-9 wp-has-aspect-ratio\"><div class=\"wp-block-embed__wrapper\">\n<iframe title=\"Como funciona o Mercado Jur\u00eddico\" width=\"750\" height=\"422\" src=\"https:\/\/www.youtube.com\/embed\/cLoXoieB7_8?start=3&#038;feature=oembed\" frameborder=\"0\" allow=\"accelerometer; autoplay; clipboard-write; encrypted-media; gyroscope; picture-in-picture; web-share\" allowfullscreen loading=\"lazy\"><\/iframe>\n<\/div><\/figure><h2 class=\"wp-block-heading\">Quais s\u00e3o os direitos da personalidade?<\/h2><p>No <a href=\"https:\/\/www2.senado.leg.br\/bdsf\/bitstream\/handle\/id\/70327\/C%C3%B3digo%20Civil%202%20ed.pdf\" target=\"_blank\">C\u00f3digo Civil<\/a> brasileiro, do 11\u00ba artigo ao 20\u00ba, os direitos da personalidade s\u00e3o abordados como forma de assegurar a prote\u00e7\u00e3o do indiv\u00edduo em ser quem ele \u00e9. Geralmente, o direito classifica tais direitos em tr\u00eas grupos: referentes \u00e0 integridade f\u00edsica, ps\u00edquica e moral. <\/p><p>Ambos abrangem aspectos f\u00edsicos da pessoa, sua privacidade e liberdade, e a intimidade e a honra, respectivamente.<\/p><p>Alguns Direitos de Personalidade se destacam:<\/p><ol class=\"wp-block-list\">\n<li class=\"has-small-font-size\">Direito \u00e0 vida;<\/li>\n\n\n\n<li class=\"has-small-font-size\">Integridade f\u00edsica e moral;<\/li>\n\n\n\n<li class=\"has-small-font-size\">Direito \u00e0 privacidade;<\/li>\n\n\n\n<li class=\"has-small-font-size\">Direito \u00e0 intimidade;<\/li>\n\n\n\n<li class=\"has-small-font-size\">Direito ao nome;<\/li>\n\n\n\n<li class=\"has-small-font-size\">Direito \u00e0 imagem;<\/li>\n\n\n\n<li class=\"has-small-font-size\">Direito \u00e0 honra e \u00e0 reputa\u00e7\u00e3o;<\/li>\n\n\n\n<li class=\"has-small-font-size\">Direito \u00e0 liberdade de express\u00e3o.<\/li>\n<\/ol><h3 class=\"wp-block-heading\">1. Direito \u00e0 vida<\/h3><p>O direito \u00e0 vida \u00e9 um dos direitos fundamentais mais b\u00e1sicos e essenciais reconhecidos em praticamente todos os sistemas jur\u00eddicos ao redor do mundo. Assim, ele garante a cada indiv\u00edduo o direito de existir e o direito \u00e0 preserva\u00e7\u00e3o da pr\u00f3pria vida.\u00a0<\/p><p>No Brasil, esse direito est\u00e1 expressamente previsto no artigo 5\u00ba da Constitui\u00e7\u00e3o Federal de 1988, que estabelece que <\/p><blockquote class=\"wp-block-quote is-layout-flow wp-block-quote-is-layout-flow\">\n<p>&#8220;a vida \u00e9 inviol\u00e1vel, (&#8230;)&#8221;.<\/p>\n<\/blockquote><p>Al\u00e9m disso, o C\u00f3digo Civil brasileiro tamb\u00e9m trata desse direito. O artigo 12 do C\u00f3digo Civil disp\u00f5e que <\/p><blockquote class=\"wp-block-quote is-layout-flow wp-block-quote-is-layout-flow\">\n<p>&#8220;<em>pode-se exigir que cesse a amea\u00e7a, ou a les\u00e3o, a direito da personalidade, e reclamar perdas e danos, sem preju\u00edzo de outras san\u00e7\u00f5es previstas em lei<\/em>&#8220;.<\/p>\n<\/blockquote><p>Essa disposi\u00e7\u00e3o legal refor\u00e7a a prote\u00e7\u00e3o da vida como um direito da personalidade. Ela permite que o indiv\u00edduo exija a cessa\u00e7\u00e3o de qualquer amea\u00e7a ou les\u00e3o \u00e0 sua vida e reclame indeniza\u00e7\u00f5es por danos sofridos.<\/p><p>Assim, \u00e9 importante ressaltar que o direito \u00e0 vida n\u00e3o se limita apenas \u00e0 aus\u00eancia de interven\u00e7\u00f5es diretas que possam levar \u00e0 morte. Al\u00e9m disso, tamb\u00e9m abrange o direito a condi\u00e7\u00f5es adequadas para uma vida digna, incluindo acesso a cuidados m\u00e9dicos, alimenta\u00e7\u00e3o, moradia e seguran\u00e7a.<\/p><h3 class=\"wp-block-heading\">2. Integridade f\u00edsica e moral<\/h3><p>O direito \u00e0 integridade f\u00edsica e moral abrange prote\u00e7\u00e3o ao corpo e \u00e0 mente da pessoa contra qualquer viol\u00eancia, agress\u00e3o, dano ou tratamento degradante.\u00a0 Esse direito est\u00e1 ligado \u00e0 dignidade humana e \u00e0 garantia de uma vida digna e livre de abusos.<\/p><p>A integridade f\u00edsica refere-se \u00e0 prote\u00e7\u00e3o do corpo humano contra agress\u00f5es, les\u00f5es e atos que possam causar danos f\u00edsicos. <\/p><p>Por outro lado, a integridade moral abrange a prote\u00e7\u00e3o da dignidade, honra, reputa\u00e7\u00e3o e imagem da pessoa contra difama\u00e7\u00e3o, cal\u00fania, inj\u00faria e qualquer viol\u00eancia psicol\u00f3gica ou moral.<\/p><p>No contexto brasileiro, o C\u00f3digo Civil tamb\u00e9m trata desse direito. O artigo 11 estabelece que <\/p><blockquote class=\"wp-block-quote is-layout-flow wp-block-quote-is-layout-flow\">\n<p>&#8220;<em>com exce\u00e7\u00e3o dos casos previstos em lei, os direitos da personalidade s\u00e3o intransmiss\u00edveis e irrenunci\u00e1veis, n\u00e3o podendo o seu exerc\u00edcio sofrer limita\u00e7\u00e3o volunt\u00e1ria<\/em>&#8220;.<\/p>\n<\/blockquote><p>A lei reconhece que n\u00e3o devemos desrespeitar ou infringir esses direitos, incluindo o direito \u00e0 integridade f\u00edsica e moral, e ressalta que n\u00e3o podemos transferir ou renunciar esses direitos, exceto nos casos expressamente previstos em lei.<\/p><p>Al\u00e9m disso, o artigo 12 do C\u00f3digo Civil, j\u00e1 mencionado anteriormente, tamb\u00e9m contribui para essa prote\u00e7\u00e3o. <\/p><p>Ele estabelece que \u00e9 poss\u00edvel exigir a cessa\u00e7\u00e3o de amea\u00e7as ou les\u00f5es a direitos da personalidade e reclamar perdas e danos decorrentes dessas viola\u00e7\u00f5es, amea\u00e7as ou les\u00f5es a direitos da personalidade e reclamar perdas e danos decorrentes dessas viola\u00e7\u00f5es.<\/p><p>Portanto, a garantia de ambas \u00e9 essencial para assegurar o respeito \u00e0 dignidade humana. Isso promove uma conviv\u00eancia social justa e harmoniosa, onde cada indiv\u00edduo possa desenvolver-se plenamente e expressar-se livremente, sem temer por sua seguran\u00e7a f\u00edsica ou moral.<\/p><h3 class=\"wp-block-heading\">3. Direito \u00e0 privacidade<\/h3><p>O direito \u00e0 privacidade\u00a0 ganhou mais visibilidade com o avan\u00e7o da tecnologia e a crescente exposi\u00e7\u00e3o da vida das pessoas em diversos meios, como a internet e as redes sociais.\u00a0<\/p><p>Esse direito assegura a cada indiv\u00edduo o controle sobre suas informa\u00e7\u00f5es pessoais e capacidade de decidir quais aspectos de sua vida pode compartilhar com terceiros.<\/p><p>No ordenamento jur\u00eddico brasileiro, o direito \u00e0 privacidade \u00e9 protegido por diversos regulamentos, incluindo o artigo 5\u00ba da Constitui\u00e7\u00e3o Federal, que estabelece que <\/p><blockquote class=\"wp-block-quote is-layout-flow wp-block-quote-is-layout-flow\">\n<p>&#8220;<em>s\u00e3o inviol\u00e1veis a intimidade, a vida privada, a honra e a imagem das pessoas, (&#8230;)<\/em>&#8220;.<\/p>\n<\/blockquote><p>Al\u00e9m disso, o C\u00f3digo Civil tamb\u00e9m aborda o direito \u00e0 privacidade. O artigo 21 estabelece que <\/p><blockquote class=\"wp-block-quote is-layout-flow wp-block-quote-is-layout-flow\">\n<p>&#8220;<em>a vida privada da pessoa natural \u00e9 inviol\u00e1vel, e o juiz, a requerimento do interessado, adotar\u00e1 as provid\u00eancias necess\u00e1rias para impedir ou fazer cessar ato contr\u00e1rio a esta norma&#8221;<\/em>.\u00a0<\/p>\n<\/blockquote><p>Dessa forma, a lei reconhece a inviolabilidade da vida privada das pessoas e prev\u00ea a possibilidade de interven\u00e7\u00e3o judicial para proteger esse direito quando amea\u00e7ado ou violado.<\/p><p>O direito \u00e0 privacidade abrange diversos aspectos da vida das pessoas, como correspond\u00eancias, comunica\u00e7\u00f5es telef\u00f4nicas, domic\u00edlio, dados pessoais, informa\u00e7\u00f5es m\u00e9dicas, entre outros.\u00a0<\/p><p>Ele tamb\u00e9m se estende ao ambiente virtual, protegendo dados pessoais armazenados em computadores, smartphones e outros dispositivos eletr\u00f4nicos, bem como informa\u00e7\u00f5es compartilhadas em redes sociais e outras plataformas online.<\/p><h3 class=\"wp-block-heading\">4. Direito \u00e0 intimidade<\/h3><p>Esse direito protege a esfera mais \u00edntima da vida de uma pessoa. O mesmo garante o controle sobre informa\u00e7\u00f5es pessoais, pensamentos, sentimentos, rela\u00e7\u00f5es familiares, comunica\u00e7\u00f5es privadas e outros aspectos que dizem respeito \u00e0 sua vida privada.<\/p><p>O 5\u00ba artigo da <a href=\"https:\/\/www2.senado.leg.br\/bdsf\/bitstream\/handle\/id\/518231\/CF88_Livro_EC91_2016.pdf\" target=\"_blank\">Constitui\u00e7\u00e3o Federal <\/a>\u00e9 um dos mais importantes ao prever esse direito. Ele assegura a prote\u00e7\u00e3o da intimidade como um direito fundamental do indiv\u00edduo, protegendo-o contra invas\u00f5es, viola\u00e7\u00f5es e exposi\u00e7\u00f5es n\u00e3o autorizadas de sua vida privada.<\/p><p>Al\u00e9m disso, o C\u00f3digo Civil brasileiro tamb\u00e9m aborda o direito \u00e0 intimidade. De acordo com o artigo 21, refor\u00e7a-se a prote\u00e7\u00e3o da intimidade e prev\u00ea-se a interven\u00e7\u00e3o judicial para proteg\u00ea-la quando amea\u00e7ada ou violada.<\/p><p>O direito \u00e0 intimidade tamb\u00e9m est\u00e1 relacionado \u00e0 prote\u00e7\u00e3o de dados pessoais, especialmente no contexto atual, em que as informa\u00e7\u00f5es digitais tem ganhado cada vez mais espa\u00e7o em nossas vidas.<\/p><h3 class=\"wp-block-heading\">5. Direito ao nome<\/h3><p>Esse direito garante a cada pessoa o controle sobre seu pr\u00f3prio nome, protegendo-o contra o uso indevido por terceiros e assegurando sua identidade e individualidade.<\/p><p>O artigo 16 disp\u00f5e que<em> <\/em><\/p><blockquote class=\"wp-block-quote is-layout-flow wp-block-quote-is-layout-flow\">\n<p><em>&#8220;toda pessoa tem direito ao nome, nele compreendido o prenome e o sobrenome&#8221;.<\/em> <\/p>\n<\/blockquote><p>O mesmo reconhece o direito fundamental de cada indiv\u00edduo de ser identificado por um nome pr\u00f3prio. Ele estabelece que esse direito abrange tanto o prenome (nome dado no registro de nascimento) quanto o sobrenome (nome de fam\u00edlia).<\/p><p>Al\u00e9m disso, o C\u00f3digo Civil tamb\u00e9m estabelece regras para a prote\u00e7\u00e3o do nome contra o uso indevido por terceiros. O artigo 17 determina que<em> <\/em><\/p><blockquote class=\"wp-block-quote is-layout-flow wp-block-quote-is-layout-flow\">\n<p><em>&#8220;o nome da pessoa n\u00e3o pode ser empregado por outrem em publica\u00e7\u00f5es ou representa\u00e7\u00f5es que a exponham ao desprezo p\u00fablico, ainda quando n\u00e3o haja inten\u00e7\u00e3o difamat\u00f3ria&#8221;<\/em>.\u00a0<\/p>\n<\/blockquote><p>Essa norma visa proteger a reputa\u00e7\u00e3o e a honra das pessoas, evitando que outras pessoas usem seus nomes de maneira inadequada ou prejudicial.<\/p><p>Outra quest\u00e3o importante relacionada ao direito ao nome \u00e9 a possibilidade de altera\u00e7\u00e3o ou retifica\u00e7\u00e3o do nome civil. O artigo 56 do C\u00f3digo Civil estabelece que <\/p><blockquote class=\"wp-block-quote is-layout-flow wp-block-quote-is-layout-flow\">\n<p><em>&#8220;o interessado, no primeiro ano ap\u00f3s ter atingido a maioridade civil, poder\u00e1, pessoalmente ou por procurador bastante, alterar o nome, desde que n\u00e3o prejudique os apelidos de fam\u00edlia, averbando-se a altera\u00e7\u00e3o que ser\u00e1 publicada pela imprensa&#8221;<\/em>.\u00a0<\/p>\n<\/blockquote><p>Dessa forma, a regulamenta\u00e7\u00e3o concede o direito das pessoas de modificar seus nomes, desde que isso n\u00e3o prejudique os sobrenomes de fam\u00edlia, e estabelece um procedimento espec\u00edfico para a realiza\u00e7\u00e3o dessa altera\u00e7\u00e3o.<\/p><p>O direito ao nome \u00e9 essencial para a identidade e a individualidade. Ele garante o controle sobre seu pr\u00f3prio nome e protege contra o uso indevido por terceiros. \u00c9 um direito fundamental que contribui para a dignidade e o respeito \u00e0 pessoa humana.<\/p><h3 class=\"wp-block-heading\">6. Direito \u00e0 imagem<\/h3><p>O direito \u00e0 imagem protege a representa\u00e7\u00e3o visual do indiv\u00edduo, ou seja, sua apar\u00eancia f\u00edsica, express\u00e3o facial, gestos e qualquer caracter\u00edstica que a identifique visualmente.<\/p><p>O artigo 20, do C\u00f3digo Civil, determina que<em> <\/em><\/p><blockquote class=\"wp-block-quote is-layout-flow wp-block-quote-is-layout-flow\">\n<p><em>&#8220;salvo se autorizadas, ou se necess\u00e1rias \u00e0 administra\u00e7\u00e3o da justi\u00e7a ou \u00e0 manuten\u00e7\u00e3o da ordem p\u00fablica, a divulga\u00e7\u00e3o de escritos, a transmiss\u00e3o da palavra, ou a publica\u00e7\u00e3o, a exposi\u00e7\u00e3o ou a utiliza\u00e7\u00e3o da imagem de uma pessoa poder\u00e3o ser proibidas, a seu requerimento e sem preju\u00edzo da indeniza\u00e7\u00e3o que couber, se lhe atingirem a honra, a boa fama ou a respeitabilidade, ou se se destinarem a fins comerciais&#8221;<\/em>.\u00a0<\/p>\n<\/blockquote><p>A regra legal confirma que as pessoas t\u00eam o direito de controlar o uso de sua imagem e estabelece que elas n\u00e3o podem divulg\u00e1-la ou utiliz\u00e1-la sem autoriza\u00e7\u00e3o, exceto em casos espec\u00edficos previstos em lei.<\/p><p>Al\u00e9m disso, o direito \u00e0 imagem tamb\u00e9m est\u00e1 relacionado \u00e0 prote\u00e7\u00e3o dos <a href=\"https:\/\/advbox.com.br\/blog\/direitos-autorais\/\" target=\"_blank\">direitos autorais.<\/a> <\/p><p>No Brasil, a Lei de Direitos Autorais (Lei n.\u00ba 9.610\/1998) estabelece que a reprodu\u00e7\u00e3o, publica\u00e7\u00e3o ou utiliza\u00e7\u00e3o da imagem de uma pessoa sem sua autoriza\u00e7\u00e3o pode configurar viola\u00e7\u00e3o de direitos autorais. Isso sujeita o infrator a san\u00e7\u00f5es legais, incluindo o pagamento de indeniza\u00e7\u00e3o por danos morais e materiais.<\/p><p>O direito \u00e0 imagem \u00e9 especialmente importante na <a href=\"https:\/\/advbox.com.br\/blog\/gerenciamento-do-relacionamento-com-o-cliente\/\" target=\"_blank\">era digital<\/a>, onde a dissemina\u00e7\u00e3o r\u00e1pida e ampla de imagens atrav\u00e9s da internet e das redes sociais pode resultar em s\u00e9rias viola\u00e7\u00f5es dos direitos das pessoas.\u00a0<\/p><p>Portanto, \u00e9 essencial uma legisla\u00e7\u00e3o clara e eficaz para proteger esse direito e garantir respeito \u00e0 dignidade e \u00e0 privacidade das pessoas em diferentes contextos.<\/p><h3 class=\"wp-block-heading\">7. Direito \u00e0 honra e \u00e0 reputa\u00e7\u00e3o<\/h3><p>Dentre os Direitos de Personalidade, \u00e9 reconhecido o direito \u00e0 honra e \u00e0 reputa\u00e7\u00e3o.\u00a0 Ele protege a dignidade, a reputa\u00e7\u00e3o e a boa imagem de uma pessoa contra ofensas, cal\u00fanias, difama\u00e7\u00f5es e qualquer tipo de ataque que possa prejudicar sua reputa\u00e7\u00e3o e integridade moral.<\/p><p>De acordo o C\u00f3digo Civil, em seu artigo 11: <\/p><blockquote class=\"wp-block-quote is-layout-flow wp-block-quote-is-layout-flow\">\n<p><em>&#8220;com exce\u00e7\u00e3o dos casos previstos em lei, os direitos da personalidade s\u00e3o intransmiss\u00edveis e irrenunci\u00e1veis, n\u00e3o podendo o seu exerc\u00edcio sofrer limita\u00e7\u00e3o volunt\u00e1ria&#8221;.<\/em><\/p>\n<\/blockquote><p>Embora esse artigo n\u00e3o cite diretamente a honra e a reputa\u00e7\u00e3o, ele reconhece a intangibilidade dos direitos da personalidade, o que inclui esses direitos.<\/p><p>Al\u00e9m disso, o C\u00f3digo Civil tamb\u00e9m prev\u00ea san\u00e7\u00f5es para aqueles que ofenderem a honra ou a reputa\u00e7\u00e3o de outrem. O artigo 12 estabelece que <\/p><blockquote class=\"wp-block-quote is-layout-flow wp-block-quote-is-layout-flow\">\n<p><em>&#8220;pode-se exigir que cesse a amea\u00e7a, ou a les\u00e3o, a direito da personalidade, e reclamar perdas e danos, sem preju\u00edzo de outras san\u00e7\u00f5es previstas em lei&#8221;.<\/em><\/p>\n<\/blockquote><p>Isso significa que uma pessoa que sofrer danos \u00e0 sua honra ou reputa\u00e7\u00e3o pode exigir que a ofensa cesse e ainda requerer uma compensa\u00e7\u00e3o financeira pelos danos morais sofridos.<\/p><p>Ainda mais, o C\u00f3digo Penal brasileiro tamb\u00e9m prev\u00ea puni\u00e7\u00f5es para crimes contra a honra, como a cal\u00fania, a difama\u00e7\u00e3o e a inj\u00faria. Os artigos 138 a 140 do C\u00f3digo Penal definem esses crimes, e os infratores podem receber penas de pris\u00e3o e pagamento de multas.<\/p><h3 class=\"wp-block-heading\">8. Direito \u00e0 liberdade de express\u00e3o<\/h3><p>O direito \u00e0 liberdade de express\u00e3o \u00e9 fundamental em sociedades democr\u00e1ticas, garantindo a cada indiv\u00edduo o direito de expressar suas opini\u00f5es, ideias e sentimentos sem censura ou interfer\u00eancia do Estado, ou de terceiros.\u00a0<\/p><p>Assim, esse direito \u00e9 essencial para o funcionamento saud\u00e1vel da democracia, promovendo o debate p\u00fablico, a diversidade de opini\u00f5es e o livre interc\u00e2mbio de ideias.<\/p><p>No Brasil, o direito \u00e0 liberdade de express\u00e3o est\u00e1 previsto na Constitui\u00e7\u00e3o Federal. O artigo 5\u00ba, inciso IV, estabelece que<em> <\/em><\/p><blockquote class=\"wp-block-quote is-layout-flow wp-block-quote-is-layout-flow\">\n<p><em>&#8220;\u00e9 livre a manifesta\u00e7\u00e3o do pensamento, sendo vedado o anonimato&#8221;<\/em>.\u00a0<\/p>\n<\/blockquote><p>Esse estatuto garante a todos os cidad\u00e3os o direito de se expressar livremente, seja de forma oral, escrita, visual ou qualquer outra forma de comunica\u00e7\u00e3o. Isso \u00e9 v\u00e1lido desde que n\u00e3o violem outros direitos fundamentais ou incorram em pr\u00e1ticas consideradas ilegais, como difama\u00e7\u00e3o, inj\u00faria ou incita\u00e7\u00e3o ao \u00f3dio.<\/p><p>Al\u00e9m disso, o Marco Civil da Internet (Lei n.\u00ba 12.965\/2014) estabelece princ\u00edpios, garantias, direitos e deveres para o uso da internet no Brasil, incluindo a prote\u00e7\u00e3o da liberdade de express\u00e3o online.<\/p><p>No entanto, embora o direito \u00e0 liberdade de express\u00e3o seja fundamental, ele n\u00e3o \u00e9 absoluto e pode estar sujeito a limita\u00e7\u00f5es. A lei estabelece essas limita\u00e7\u00f5es e visa proteger outros direitos igualmente importantes, como a honra, a <a href=\"https:\/\/advbox.com.br\/blog\/dignidade-humana\/\" target=\"_blank\">dignidade humana<\/a>, a seguran\u00e7a nacional e a ordem p\u00fablica.<\/p><p>Portanto, as pessoas devem exercer a liberdade de express\u00e3o de forma respons\u00e1vel e respeitar os limites legais e os direitos das outras pessoas.<\/p><h2 class=\"wp-block-heading\">Quais s\u00e3o as caracter\u00edsticas desses direitos?<\/h2><p>Esses Direitos de Personalidade possuem diversas caracter\u00edsticas que os distinguem de outros direitos e que s\u00e3o essenciais para sua compreens\u00e3o e aplica\u00e7\u00e3o.<\/p><p>\u00a0Algumas das caracter\u00edsticas mais relevantes desses direitos incluem:<\/p><ul class=\"wp-block-list\">\n<li class=\"has-small-font-size\"><strong>Inalienabilidade<\/strong>: n\u00e3o podem ser transferidos;<\/li>\n\n\n\n<li class=\"has-small-font-size\"><strong>Irrenunciabilidade<\/strong>: n\u00e3o podem ser voluntariamente renunciados;<\/li>\n\n\n\n<li class=\"has-small-font-size\"><strong>Imprescritibilidade<\/strong>: n\u00e3o t\u00eam prazo para serem exercidos;<\/li>\n\n\n\n<li class=\"has-small-font-size\"><strong>Intransmissibilidade<\/strong>: n\u00e3o podem ser herdados ou transmitidos;<\/li>\n\n\n\n<li class=\"has-small-font-size\"><strong>Absolutismo<\/strong>: s\u00e3o opon\u00edveis contra todos;<\/li>\n\n\n\n<li class=\"has-small-font-size\"><strong>Relatividade<\/strong>: podem ser relativizados em conflitos com outros direitos fundamentais.<\/li>\n<\/ul><h2 class=\"wp-block-heading\">O que \u00e9 um direito personal\u00edssimo?<\/h2><p>Um direito personal\u00edssimo \u00e9 aquele que a pessoa em si exerce, n\u00e3o podendo outra pessoa exerc\u00ea-lo em seu lugar. Esses direitos pertencem \u00e0 personalidade de cada indiv\u00edduo e consideram-se exclusivos e intransfer\u00edveis.<\/p><p>Os direitos personal\u00edssimos s\u00e3o essenciais para garantir a dignidade e a autonomia das pessoas, protegendo aspectos essenciais de sua identidade e individualidade. <\/p><p>Eles abrangem uma variedade de prerrogativas, que v\u00e3o desde o direito \u00e0 vida e \u00e0 integridade f\u00edsica at\u00e9 o direito \u00e0 privacidade e \u00e0 liberdade de express\u00e3o.<\/p><p>Para isso, o ordenamento jur\u00eddico de diferentes pa\u00edses, incluindo o Brasil, protege esses direitos e os prev\u00ea em diversas normas legais, como o C\u00f3digo Civil, a Constitui\u00e7\u00e3o Federal e tratados internacionais de <a href=\"https:\/\/advbox.com.br\/blog\/direitos-humanos-internacional\/\" target=\"_blank\">direitos humanos.<\/a><\/p><p>No entanto, o titular n\u00e3o pode renunciar voluntariamente a tais direitos, exceto nos casos expressamente previstos em lei. Aqueles que os infringem podem enfrentar responsabilidade civil e at\u00e9 mesmo penal.<\/p><p>Ademais, os direitos personal\u00edssimos desempenham uma fun\u00e7\u00e3o importante na prote\u00e7\u00e3o da dignidade e da autonomia das pessoas. Dessa forma, garantem o respeito e a prote\u00e7\u00e3o de sua identidade e individualidade.<\/p><h2 class=\"wp-block-heading\">Quando come\u00e7am os direitos da personalidade?<\/h2><p>Os direitos da personalidade come\u00e7am a ser reconhecidos desde o nascimento da pessoa. Eles s\u00e3o pr\u00f3prios \u00e0 condi\u00e7\u00e3o humana e est\u00e3o vinculados \u00e0 exist\u00eancia do indiv\u00edduo. Portanto, desde o momento em que uma pessoa nasce, ela j\u00e1 \u00e9 detentora desses direitos.<\/p><p>No contexto legal, o ordenamento jur\u00eddico protege os direitos da personalidade desde o nascimento, garantindo a dignidade, a integridade e a autonomia das pessoas ao longo de suas vidas.<\/p><p>No entanto, apesar de come\u00e7arem no momento do nascimento, os direitos da personalidade continuam sendo protegidos mesmo ap\u00f3s a morte da pessoa, em alguns casos.\u00a0<\/p><p>Por exemplo, mesmo ap\u00f3s o falecimento do titular, podemos proteger direitos como o direito ao nome, \u00e0 imagem e \u00e0 reputa\u00e7\u00e3o, visando preservar a mem\u00f3ria e a dignidade da pessoa falecida e proteger os interesses de seus herdeiros.<\/p><h2 class=\"wp-block-heading\">Mais conhecimento para voc\u00ea!<\/h2><p>Por aqui estamos sempre abordando assuntos quentes e relevantes para os profissionais do Direito. Confira outros textos que tamb\u00e9m podem te interessar:<\/p><figure class=\"wp-block-table\"><table><tbody><tr><td><a href=\"https:\/\/advbox.com.br\/blog\/alta-produtividade-na-advocacia\/\" target=\"_blank\" rel=\"noreferrer noopener\" target=\"_blank\">Alta produtividade na advocacia<\/a><\/td><\/tr><tr><td><a href=\"https:\/\/advbox.com.br\/blog\/como-criar-o-setor-comercial\/\" target=\"_blank\" rel=\"noreferrer noopener\" target=\"_blank\">Como criar o setor comercial do seu escrit\u00f3rio de advocacia? Confira 7 dicas!<\/a><\/td><\/tr><tr><td><a href=\"https:\/\/advbox.com.br\/blog\/5-recursos-mais-eficientes-nos-softwares-juridicos-do-mercado\/\" target=\"_blank\" rel=\"noreferrer noopener\" target=\"_blank\">Software Jur\u00eddico: 17 crit\u00e9rios fundamentais para encontrar o melhor!<\/a><\/td><\/tr><tr><td><a href=\"https:\/\/advbox.com.br\/blog\/controladoria-juridica\/\" target=\"_blank\" rel=\"noreferrer noopener\" target=\"_blank\">O que \u00e9 a Controladoria Jur\u00eddica e como funciona<\/a><\/td><\/tr><tr><td><a href=\"https:\/\/advbox.com.br\/blog\/sistema-de-filiais\/\" target=\"_blank\" rel=\"noreferrer noopener\" target=\"_blank\">Escrit\u00f3rios com filiais, correspondentes e parceiros fixos<\/a><\/td><\/tr><tr><td><a href=\"https:\/\/advbox.com.br\/blog\/avaliacao-de-dados\/\" target=\"_blank\" rel=\"noreferrer noopener\" target=\"_blank\">Advocacia baseada em dados<\/a><\/td><\/tr><\/tbody><\/table><\/figure><figure class=\"wp-block-image size-full\"><a href=\"https:\/\/advbox.com.br\/blog\/como-automatizar-seus-modelos-de-peticoes\/\" target=\"_blank\"><img decoding=\"async\" src=\"https:\/\/advbox.com.br\/blog\/wp-content\/uploads\/2019\/05\/automatize_a_produ%C3%A7%C3%A3o_de_suas_peti%C3%A7%C3%B5es.png\" alt=\"automatiza\u00e7\u00e3o de peti\u00e7\u00f5es\" class=\"wp-image-11456\" loading=\"lazy\"><\/a><\/figure>\n","protected":false},"excerpt":{"rendered":"<p>Os Direitos de Personalidade conferem prote\u00e7\u00e3o \u00e0 dignidade, liberdade e integridade de cada indiv\u00edduo. A personalidade de uma pessoa \u00e9 o que define a sua individualidade. Ela compreende os padr\u00f5es de caracter\u00edsticas que a distinguem em seu modo de pensar, sentir e agir. No setor jur\u00eddico, os Direitos de Personalidade [&hellip;]<\/p>\n","protected":false},"author":43,"featured_media":62246,"comment_status":"closed","ping_status":"closed","sticky":false,"template":"","format":"standard","meta":{"_acf_changed":false,"om_disable_all_campaigns":false,"footnotes":""},"categories":[717],"tags":[],"class_list":["post-62245","post","type-post","status-publish","format-standard","has-post-thumbnail","hentry","category-direito"],"acf":[],"yoast_head":"<!-- This site is optimized with the Yoast SEO plugin v26.9 - https:\/\/yoast.com\/product\/yoast-seo-wordpress\/ -->\n<title>Direitos de Personalidade: protegendo a dignidade humana<\/title>\n<meta name=\"description\" content=\"Direitos de personalidade: prote\u00e7\u00e3o, integridade e liberdade. Aprenda sobre as leis que garantem os direitos de personalidade de cada pessoa.\" \/>\n<meta name=\"robots\" content=\"index, follow, max-snippet:-1, max-image-preview:large, max-video-preview:-1\" \/>\n<link rel=\"canonical\" href=\"https:\/\/advbox.com.br\/blog\/direito-de-personalidade\/\" \/>\n<meta property=\"og:locale\" content=\"pt_BR\" \/>\n<meta property=\"og:type\" content=\"article\" \/>\n<meta property=\"og:title\" content=\"Direitos de Personalidade: protegendo a dignidade humana\" \/>\n<meta property=\"og:description\" content=\"Direitos de personalidade: prote\u00e7\u00e3o, integridade e liberdade. Aprenda sobre as leis que garantem os direitos de personalidade de cada pessoa.\" \/>\n<meta property=\"og:url\" content=\"https:\/\/advbox.com.br\/blog\/direito-de-personalidade\/\" \/>\n<meta property=\"og:site_name\" content=\"Software Jur\u00eddico Completo - ADVBOX\" \/>\n<meta property=\"article:publisher\" content=\"https:\/\/www.facebook.com\/advbox\/\" \/>\n<meta property=\"article:published_time\" content=\"2024-03-14T19:14:37+00:00\" \/>\n<meta property=\"article:modified_time\" content=\"2024-03-15T14:16:45+00:00\" \/>\n<meta property=\"og:image\" content=\"https:\/\/advbox.com.br\/blog\/wp-content\/uploads\/2024\/03\/CAPA-Direito-4.0-1-2.webp\" \/>\n\t<meta property=\"og:image:width\" content=\"1024\" \/>\n\t<meta property=\"og:image:height\" content=\"576\" \/>\n\t<meta property=\"og:image:type\" content=\"image\/webp\" \/>\n<meta name=\"author\" content=\"Eduardo Koetz\" \/>\n<meta name=\"twitter:card\" content=\"summary_large_image\" \/>\n<meta name=\"twitter:creator\" content=\"@advbox2\" \/>\n<meta name=\"twitter:site\" content=\"@advbox2\" \/>\n<script type=\"application\/ld+json\" class=\"yoast-schema-graph\">{\"@context\":\"https:\/\/schema.org\",\"@graph\":[{\"@type\":\"Article\",\"@id\":\"https:\/\/advbox.com.br\/blog\/direito-de-personalidade\/#article\",\"isPartOf\":{\"@id\":\"https:\/\/advbox.com.br\/blog\/direito-de-personalidade\/\"},\"author\":{\"name\":\"Eduardo Koetz\",\"@id\":\"https:\/\/advbox.com.br\/blog\/#\/schema\/person\/029674387a95515a227f2dd7f49b8dfa\"},\"headline\":\"Os Direitos de Personalidade em prol da prote\u00e7\u00e3o da dignidade humana\",\"datePublished\":\"2024-03-14T19:14:37+00:00\",\"dateModified\":\"2024-03-15T14:16:45+00:00\",\"mainEntityOfPage\":{\"@id\":\"https:\/\/advbox.com.br\/blog\/direito-de-personalidade\/\"},\"wordCount\":2825,\"publisher\":{\"@id\":\"https:\/\/advbox.com.br\/blog\/#organization\"},\"image\":{\"@id\":\"https:\/\/advbox.com.br\/blog\/direito-de-personalidade\/#primaryimage\"},\"thumbnailUrl\":\"https:\/\/advbox.com.br\/blog\/wp-content\/uploads\/2024\/03\/CAPA-Direito-4.0-1-2.webp\",\"articleSection\":[\"Direito\"],\"inLanguage\":\"pt-BR\"},{\"@type\":\"WebPage\",\"@id\":\"https:\/\/advbox.com.br\/blog\/direito-de-personalidade\/\",\"url\":\"https:\/\/advbox.com.br\/blog\/direito-de-personalidade\/\",\"name\":\"Direitos de Personalidade: protegendo a dignidade humana\",\"isPartOf\":{\"@id\":\"https:\/\/advbox.com.br\/blog\/#website\"},\"primaryImageOfPage\":{\"@id\":\"https:\/\/advbox.com.br\/blog\/direito-de-personalidade\/#primaryimage\"},\"image\":{\"@id\":\"https:\/\/advbox.com.br\/blog\/direito-de-personalidade\/#primaryimage\"},\"thumbnailUrl\":\"https:\/\/advbox.com.br\/blog\/wp-content\/uploads\/2024\/03\/CAPA-Direito-4.0-1-2.webp\",\"datePublished\":\"2024-03-14T19:14:37+00:00\",\"dateModified\":\"2024-03-15T14:16:45+00:00\",\"description\":\"Direitos de personalidade: prote\u00e7\u00e3o, integridade e liberdade. Aprenda sobre as leis que garantem os direitos de personalidade de cada pessoa.\",\"breadcrumb\":{\"@id\":\"https:\/\/advbox.com.br\/blog\/direito-de-personalidade\/#breadcrumb\"},\"inLanguage\":\"pt-BR\",\"potentialAction\":[{\"@type\":\"ReadAction\",\"target\":[\"https:\/\/advbox.com.br\/blog\/direito-de-personalidade\/\"]}]},{\"@type\":\"ImageObject\",\"inLanguage\":\"pt-BR\",\"@id\":\"https:\/\/advbox.com.br\/blog\/direito-de-personalidade\/#primaryimage\",\"url\":\"https:\/\/advbox.com.br\/blog\/wp-content\/uploads\/2024\/03\/CAPA-Direito-4.0-1-2.webp\",\"contentUrl\":\"https:\/\/advbox.com.br\/blog\/wp-content\/uploads\/2024\/03\/CAPA-Direito-4.0-1-2.webp\",\"width\":1024,\"height\":576,\"caption\":\"martelo de juiz sobre fundo escuro em post sobre Direitos de personalidade\"},{\"@type\":\"BreadcrumbList\",\"@id\":\"https:\/\/advbox.com.br\/blog\/direito-de-personalidade\/#breadcrumb\",\"itemListElement\":[{\"@type\":\"ListItem\",\"position\":1,\"name\":\"In\u00edcio\",\"item\":\"https:\/\/advbox.com.br\/blog\/\"},{\"@type\":\"ListItem\",\"position\":2,\"name\":\"Direito\",\"item\":\"https:\/\/advbox.com.br\/blog\/direito\/\"},{\"@type\":\"ListItem\",\"position\":3,\"name\":\"Os Direitos de Personalidade em prol da prote\u00e7\u00e3o da dignidade humana\"}]},{\"@type\":\"WebSite\",\"@id\":\"https:\/\/advbox.com.br\/blog\/#website\",\"url\":\"https:\/\/advbox.com.br\/blog\/\",\"name\":\"Software Jur\u00eddico Completo - ADVBOX\",\"description\":\"Plataforma para Advocacia Digital\",\"publisher\":{\"@id\":\"https:\/\/advbox.com.br\/blog\/#organization\"},\"potentialAction\":[{\"@type\":\"SearchAction\",\"target\":{\"@type\":\"EntryPoint\",\"urlTemplate\":\"https:\/\/advbox.com.br\/blog\/?s={search_term_string}\"},\"query-input\":{\"@type\":\"PropertyValueSpecification\",\"valueRequired\":true,\"valueName\":\"search_term_string\"}}],\"inLanguage\":\"pt-BR\"},{\"@type\":\"Organization\",\"@id\":\"https:\/\/advbox.com.br\/blog\/#organization\",\"name\":\"ADVBOX Blog - Software jur\u00eddico da advocacia digital\",\"url\":\"https:\/\/advbox.com.br\/blog\/\",\"logo\":{\"@type\":\"ImageObject\",\"inLanguage\":\"pt-BR\",\"@id\":\"https:\/\/advbox.com.br\/blog\/#\/schema\/logo\/image\/\",\"url\":\"https:\/\/advbox.com.br\/blog\/wp-content\/uploads\/2019\/12\/Como-aumentar-a-produtividade_.jpg\",\"contentUrl\":\"https:\/\/advbox.com.br\/blog\/wp-content\/uploads\/2019\/12\/Como-aumentar-a-produtividade_.jpg\",\"width\":320,\"height\":213,\"caption\":\"ADVBOX Blog - Software jur\u00eddico da advocacia digital\"},\"image\":{\"@id\":\"https:\/\/advbox.com.br\/blog\/#\/schema\/logo\/image\/\"},\"sameAs\":[\"https:\/\/www.facebook.com\/advbox\/\",\"https:\/\/x.com\/advbox2\"]},{\"@type\":\"Person\",\"@id\":\"https:\/\/advbox.com.br\/blog\/#\/schema\/person\/029674387a95515a227f2dd7f49b8dfa\",\"name\":\"Eduardo Koetz\",\"description\":\"Eduardo Koetz \u00e9 advogado, escritor, s\u00f3cio e fundador da Koetz Advocacia e CEO da empresa de software jur\u00eddico Advbox. Possui bacharel em Direito pela Universidade do Vale do Rio dos Sinos (Unisinos). Possui tanto registros na Ordem dos Advogados do Brasil - OAB (OAB\/SC 42.934, OAB\/RS 73.409, OAB\/PR 72.951, OAB\/SP 435.266, OAB\/MG 204.531, OAB\/MG 204.531), como na Ordem dos Advogados de Portugal - OA ( OA\/Portugal 69.512L).swdsasdw \u00c9 p\u00f3s-graduado em Direito do Trabalho pela Universidade Federal do Rio Grande do Sul (2011- 2012) e em Direito Tribut\u00e1rio pela Escola Superior da Magistratura Federal ESMAFE (2013 - 2014). Atua como um dos principais gestores da Koetz Advocacia realizando a supervis\u00e3o e lideran\u00e7a em todos os setores do escrit\u00f3rio. Em 2021, Eduardo publicou o livro intitulado: Otimizado - O escrit\u00f3rio como empresa escal\u00e1vel pela editora Viseu.\",\"url\":\"https:\/\/advbox.com.br\/blog\/autor\/comunicacao\/\"}]}<\/script>\n<!-- \/ Yoast SEO plugin. -->","yoast_head_json":{"title":"Direitos de Personalidade: protegendo a dignidade humana","description":"Direitos de personalidade: prote\u00e7\u00e3o, integridade e liberdade. Aprenda sobre as leis que garantem os direitos de personalidade de cada pessoa.","robots":{"index":"index","follow":"follow","max-snippet":"max-snippet:-1","max-image-preview":"max-image-preview:large","max-video-preview":"max-video-preview:-1"},"canonical":"https:\/\/advbox.com.br\/blog\/direito-de-personalidade\/","og_locale":"pt_BR","og_type":"article","og_title":"Direitos de Personalidade: protegendo a dignidade humana","og_description":"Direitos de personalidade: prote\u00e7\u00e3o, integridade e liberdade. Aprenda sobre as leis que garantem os direitos de personalidade de cada pessoa.","og_url":"https:\/\/advbox.com.br\/blog\/direito-de-personalidade\/","og_site_name":"Software Jur\u00eddico Completo - ADVBOX","article_publisher":"https:\/\/www.facebook.com\/advbox\/","article_published_time":"2024-03-14T19:14:37+00:00","article_modified_time":"2024-03-15T14:16:45+00:00","og_image":[{"width":1024,"height":576,"url":"https:\/\/advbox.com.br\/blog\/wp-content\/uploads\/2024\/03\/CAPA-Direito-4.0-1-2.webp","type":"image\/webp"}],"author":"Eduardo Koetz","twitter_card":"summary_large_image","twitter_creator":"@advbox2","twitter_site":"@advbox2","schema":{"@context":"https:\/\/schema.org","@graph":[{"@type":"Article","@id":"https:\/\/advbox.com.br\/blog\/direito-de-personalidade\/#article","isPartOf":{"@id":"https:\/\/advbox.com.br\/blog\/direito-de-personalidade\/"},"author":{"name":"Eduardo Koetz","@id":"https:\/\/advbox.com.br\/blog\/#\/schema\/person\/029674387a95515a227f2dd7f49b8dfa"},"headline":"Os Direitos de Personalidade em prol da prote\u00e7\u00e3o da dignidade humana","datePublished":"2024-03-14T19:14:37+00:00","dateModified":"2024-03-15T14:16:45+00:00","mainEntityOfPage":{"@id":"https:\/\/advbox.com.br\/blog\/direito-de-personalidade\/"},"wordCount":2825,"publisher":{"@id":"https:\/\/advbox.com.br\/blog\/#organization"},"image":{"@id":"https:\/\/advbox.com.br\/blog\/direito-de-personalidade\/#primaryimage"},"thumbnailUrl":"https:\/\/advbox.com.br\/blog\/wp-content\/uploads\/2024\/03\/CAPA-Direito-4.0-1-2.webp","articleSection":["Direito"],"inLanguage":"pt-BR"},{"@type":"WebPage","@id":"https:\/\/advbox.com.br\/blog\/direito-de-personalidade\/","url":"https:\/\/advbox.com.br\/blog\/direito-de-personalidade\/","name":"Direitos de Personalidade: protegendo a dignidade humana","isPartOf":{"@id":"https:\/\/advbox.com.br\/blog\/#website"},"primaryImageOfPage":{"@id":"https:\/\/advbox.com.br\/blog\/direito-de-personalidade\/#primaryimage"},"image":{"@id":"https:\/\/advbox.com.br\/blog\/direito-de-personalidade\/#primaryimage"},"thumbnailUrl":"https:\/\/advbox.com.br\/blog\/wp-content\/uploads\/2024\/03\/CAPA-Direito-4.0-1-2.webp","datePublished":"2024-03-14T19:14:37+00:00","dateModified":"2024-03-15T14:16:45+00:00","description":"Direitos de personalidade: prote\u00e7\u00e3o, integridade e liberdade. Aprenda sobre as leis que garantem os direitos de personalidade de cada pessoa.","breadcrumb":{"@id":"https:\/\/advbox.com.br\/blog\/direito-de-personalidade\/#breadcrumb"},"inLanguage":"pt-BR","potentialAction":[{"@type":"ReadAction","target":["https:\/\/advbox.com.br\/blog\/direito-de-personalidade\/"]}]},{"@type":"ImageObject","inLanguage":"pt-BR","@id":"https:\/\/advbox.com.br\/blog\/direito-de-personalidade\/#primaryimage","url":"https:\/\/advbox.com.br\/blog\/wp-content\/uploads\/2024\/03\/CAPA-Direito-4.0-1-2.webp","contentUrl":"https:\/\/advbox.com.br\/blog\/wp-content\/uploads\/2024\/03\/CAPA-Direito-4.0-1-2.webp","width":1024,"height":576,"caption":"martelo de juiz sobre fundo escuro em post sobre Direitos de personalidade"},{"@type":"BreadcrumbList","@id":"https:\/\/advbox.com.br\/blog\/direito-de-personalidade\/#breadcrumb","itemListElement":[{"@type":"ListItem","position":1,"name":"In\u00edcio","item":"https:\/\/advbox.com.br\/blog\/"},{"@type":"ListItem","position":2,"name":"Direito","item":"https:\/\/advbox.com.br\/blog\/direito\/"},{"@type":"ListItem","position":3,"name":"Os Direitos de Personalidade em prol da prote\u00e7\u00e3o da dignidade humana"}]},{"@type":"WebSite","@id":"https:\/\/advbox.com.br\/blog\/#website","url":"https:\/\/advbox.com.br\/blog\/","name":"Software Jur\u00eddico Completo - ADVBOX","description":"Plataforma para Advocacia Digital","publisher":{"@id":"https:\/\/advbox.com.br\/blog\/#organization"},"potentialAction":[{"@type":"SearchAction","target":{"@type":"EntryPoint","urlTemplate":"https:\/\/advbox.com.br\/blog\/?s={search_term_string}"},"query-input":{"@type":"PropertyValueSpecification","valueRequired":true,"valueName":"search_term_string"}}],"inLanguage":"pt-BR"},{"@type":"Organization","@id":"https:\/\/advbox.com.br\/blog\/#organization","name":"ADVBOX Blog - Software jur\u00eddico da advocacia digital","url":"https:\/\/advbox.com.br\/blog\/","logo":{"@type":"ImageObject","inLanguage":"pt-BR","@id":"https:\/\/advbox.com.br\/blog\/#\/schema\/logo\/image\/","url":"https:\/\/advbox.com.br\/blog\/wp-content\/uploads\/2019\/12\/Como-aumentar-a-produtividade_.jpg","contentUrl":"https:\/\/advbox.com.br\/blog\/wp-content\/uploads\/2019\/12\/Como-aumentar-a-produtividade_.jpg","width":320,"height":213,"caption":"ADVBOX Blog - Software jur\u00eddico da advocacia digital"},"image":{"@id":"https:\/\/advbox.com.br\/blog\/#\/schema\/logo\/image\/"},"sameAs":["https:\/\/www.facebook.com\/advbox\/","https:\/\/x.com\/advbox2"]},{"@type":"Person","@id":"https:\/\/advbox.com.br\/blog\/#\/schema\/person\/029674387a95515a227f2dd7f49b8dfa","name":"Eduardo Koetz","description":"Eduardo Koetz \u00e9 advogado, escritor, s\u00f3cio e fundador da Koetz Advocacia e CEO da empresa de software jur\u00eddico Advbox. Possui bacharel em Direito pela Universidade do Vale do Rio dos Sinos (Unisinos). Possui tanto registros na Ordem dos Advogados do Brasil - OAB (OAB\/SC 42.934, OAB\/RS 73.409, OAB\/PR 72.951, OAB\/SP 435.266, OAB\/MG 204.531, OAB\/MG 204.531), como na Ordem dos Advogados de Portugal - OA ( OA\/Portugal 69.512L).swdsasdw \u00c9 p\u00f3s-graduado em Direito do Trabalho pela Universidade Federal do Rio Grande do Sul (2011- 2012) e em Direito Tribut\u00e1rio pela Escola Superior da Magistratura Federal ESMAFE (2013 - 2014). Atua como um dos principais gestores da Koetz Advocacia realizando a supervis\u00e3o e lideran\u00e7a em todos os setores do escrit\u00f3rio. Em 2021, Eduardo publicou o livro intitulado: Otimizado - O escrit\u00f3rio como empresa escal\u00e1vel pela editora Viseu.","url":"https:\/\/advbox.com.br\/blog\/autor\/comunicacao\/"}]}},"_links":{"self":[{"href":"https:\/\/advbox.com.br\/blog\/wp-json\/wp\/v2\/posts\/62245","targetHints":{"allow":["GET"]}}],"collection":[{"href":"https:\/\/advbox.com.br\/blog\/wp-json\/wp\/v2\/posts"}],"about":[{"href":"https:\/\/advbox.com.br\/blog\/wp-json\/wp\/v2\/types\/post"}],"author":[{"embeddable":true,"href":"https:\/\/advbox.com.br\/blog\/wp-json\/wp\/v2\/users\/43"}],"replies":[{"embeddable":true,"href":"https:\/\/advbox.com.br\/blog\/wp-json\/wp\/v2\/comments?post=62245"}],"version-history":[{"count":2,"href":"https:\/\/advbox.com.br\/blog\/wp-json\/wp\/v2\/posts\/62245\/revisions"}],"predecessor-version":[{"id":62265,"href":"https:\/\/advbox.com.br\/blog\/wp-json\/wp\/v2\/posts\/62245\/revisions\/62265"}],"wp:featuredmedia":[{"embeddable":true,"href":"https:\/\/advbox.com.br\/blog\/wp-json\/wp\/v2\/media\/62246"}],"wp:attachment":[{"href":"https:\/\/advbox.com.br\/blog\/wp-json\/wp\/v2\/media?parent=62245"}],"wp:term":[{"taxonomy":"category","embeddable":true,"href":"https:\/\/advbox.com.br\/blog\/wp-json\/wp\/v2\/categories?post=62245"},{"taxonomy":"post_tag","embeddable":true,"href":"https:\/\/advbox.com.br\/blog\/wp-json\/wp\/v2\/tags?post=62245"}],"curies":[{"name":"wp","href":"https:\/\/api.w.org\/{rel}","templated":true}]}}