{"id":62840,"date":"2024-05-26T15:51:09","date_gmt":"2024-05-26T18:51:09","guid":{"rendered":"https:\/\/advbox.com.br\/blog\/?p=62840"},"modified":"2026-02-25T20:22:27","modified_gmt":"2026-02-25T23:22:27","slug":"apelacao-no-processo-penal","status":"publish","type":"post","link":"https:\/\/advbox.com.br\/blog\/apelacao-no-processo-penal\/","title":{"rendered":"Saiba tudo sobre apela\u00e7\u00e3o no processo penal!"},"content":{"rendered":"\n<p>A apela\u00e7\u00e3o no processo penal, um recurso dispon\u00edvel no \u00e2mbito do Processo Penal, oferece a oportunidade de revis\u00e3o abrangente tanto dos fatos quanto do direito e se regulamenta pelo artigo 593 do C\u00f3digo de Processo Penal.<\/p>\n\n\n\n<p>\u00c9 o recurso mais frequente no contexto do processo penal, pois reflete a insatisfa\u00e7\u00e3o de uma das partes com a senten\u00e7a proferida pelo Juiz singular.<\/p>\n\n\n\n<p>Por meio desse recurso, o apelante tem a possibilidade de contestar toda a decis\u00e3o ou parte dela, com o Tribunal incumbido de examinar apenas a mat\u00e9ria impugnada, conforme estabelecido pelo artigo 599 do CPP.<\/p>\n\n\n\n<h2 class=\"wp-block-heading\">Quando cabe apela\u00e7\u00e3o no Processo Penal?<\/h2>\n\n\n\n<p>Antes de tudo, \u00e9 v\u00e1lido que se ressalte que se pode utilizar a <a href=\"https:\/\/advbox.com.br\/blog\/modelos\/tributario-apelacao-responsabilidade-do-estado-em-policiamento\/\" target=\"_blank\">apela\u00e7\u00e3o<\/a> no processo penal tanto para recorrer de toda a decis\u00e3o, como tamb\u00e9m para recorrer somente de uma parte.&nbsp;<\/p>\n\n\n\n<p>Por exemplo, o juiz fixou a dosimetria da pena incorretamente, pode-se recorrer somente da dosimetria, sem alterar outras partes da decis\u00e3o.<\/p>\n\n\n\n<h3 class=\"wp-block-heading\">1. No CPP&nbsp;<\/h3>\n\n\n\n<p>O querelante, que \u00e9 o indiv\u00edduo ofendido e autor da queixa-crime (documento inicial em certas a\u00e7\u00f5es), contrasta com o querelado, que \u00e9 o respons\u00e1vel pela ofensa.<\/p>\n\n\n\n<p>Em processos de a\u00e7\u00e3o penal privada, a titularidade \u00e9 do ofendido, enquanto na a\u00e7\u00e3o penal privada subsidi\u00e1ria da p\u00fablica, a titularidade \u00e9 do Estado.&nbsp;<\/p>\n\n\n\n<p>No entanto, se o Minist\u00e9rio P\u00fablico permanecer inativo, o ofendido pode iniciar a a\u00e7\u00e3o por meio da queixa-crime subsidi\u00e1ria.<\/p>\n\n\n\n<p>E ainda, em qualquer caso, o querelante tem o direito de recorrer por meio da apela\u00e7\u00e3o criminal.<\/p>\n\n\n\n<p>Por outro lado, os assistentes podem ser o pr\u00f3prio ofendido, seu representante legal ou, na aus\u00eancia de ambos, seu c\u00f4njuge, ascendente, descendente ou irm\u00e3o, de acordo com os artigos 268 e 31 do CPP.&nbsp;<\/p>\n\n\n\n<p>Al\u00e9m disso, o ofendido pode designar um advogado para atuar como assistente de acusa\u00e7\u00e3o.<\/p>\n\n\n\n<p>\u00c9 importante ressaltar que o Minist\u00e9rio P\u00fablico n\u00e3o se restringe \u00e0 acusa\u00e7\u00e3o; ele tamb\u00e9m pode recorrer em favor do r\u00e9u, como fiscal da lei, se este n\u00e3o recorrer oportunamente contra uma senten\u00e7a condenat\u00f3ria.<\/p>\n\n\n\n<h3 class=\"wp-block-heading\">2. Efeitos do recurso<\/h3>\n\n\n\n<p>No que tange aos efeitos do recurso, a apela\u00e7\u00e3o criminal n\u00e3o suspende a decis\u00e3o quando resulta em absolvi\u00e7\u00e3o do r\u00e9u, conforme o artigo 596 do CPP. Nesse caso, se deve ser imediamente o r\u00e9u.&nbsp;<\/p>\n\n\n\n<p>No entanto, em caso de condena\u00e7\u00e3o, a <a href=\"https:\/\/advbox.com.br\/blog\/criminal-apelacao-juri-por-infanticidio\/\" target=\"_blank\">apela\u00e7\u00e3o<\/a> tem efeito suspensivo, conforme o artigo 597 do CPP. Se o r\u00e9u estiver em liberdade, s\u00f3 se pode executar a pena de pris\u00e3o ap\u00f3s o esgotamento de todos os recursos.<\/p>\n\n\n\n<p>Em suma, a apela\u00e7\u00e3o tem efeito devolutivo e suspensivo, exceto em absolvi\u00e7\u00f5es, que permitem a liberta\u00e7\u00e3o imediata do acusado.<\/p>\n\n\n\n<p>Bem como, em certos casos de condena\u00e7\u00e3o, nos quais n\u00e3o se impede a progress\u00e3o de regime, de acordo com a S\u00famula 716 do STF.&nbsp;<\/p>\n\n\n\n<blockquote class=\"wp-block-quote is-layout-flow wp-block-quote-is-layout-flow\">\n<p>S\u00daMULA 716<\/p>\n\n\n\n<p>Admite-se a progress\u00e3o de regime de cumprimento da pena ou a aplica\u00e7\u00e3o imediata de regime menos severo nela determinada, antes do tr\u00e2nsito em julgado da senten\u00e7a condenat\u00f3ria.<\/p>\n\n\n\n<p>N\u00e3o h\u00e1 efeito regressivo na apela\u00e7\u00e3o, mas pode haver efeito extensivo, pois o recurso interposto por um r\u00e9u em um caso de coautoria beneficia os outros r\u00e9us, a menos que haja raz\u00f5es exclusivamente pessoais para n\u00e3o benefici\u00e1-los.<\/p>\n<\/blockquote>\n\n\n\n<h3 class=\"wp-block-heading\">3. Na Lei 9.099<\/h3>\n\n\n\n<p>A Lei dos Juizados Especiais (Lei 9.099) tem como objetivo tornar os processos mais c\u00e9leres, e portanto trouxe consigo o rito do procedimento sumar\u00edssimo, que \u00e9 aquele cujo <a href=\"https:\/\/advbox.com.br\/blog\/art-115-cp\/\" target=\"_blank\">prazos<\/a> s\u00e3o mais curtos e dispensa-se as formalidades.&nbsp;<\/p>\n\n\n\n<p>A Lei 9.099\/95 estabelece tr\u00eas situa\u00e7\u00f5es em que a apela\u00e7\u00e3o \u00e9 cab\u00edvel:<\/p>\n\n\n\n<ul class=\"wp-block-list\">\n<li class=\"has-small-font-size\">Quando h\u00e1 uma decis\u00e3o que homologa ou n\u00e3o a transa\u00e7\u00e3o penal (art. 76, \u00a75\u00ba);<\/li>\n\n\n\n<li class=\"has-small-font-size\">Quando a decis\u00e3o rejeita a den\u00fancia ou queixa (art. 82, caput);<\/li>\n\n\n\n<li class=\"has-small-font-size\">Quando profere-se uma senten\u00e7a definitiva de condena\u00e7\u00e3o ou absolvi\u00e7\u00e3o (art. 82, caput).<\/li>\n<\/ul>\n\n\n\n<p>Deve-se apresentar a <a href=\"https:\/\/www.tjdft.jus.br\/consultas\/jurisprudencia\/jurisprudencia-em-temas\/jurisprudencia-em-detalhes\/prazos\/apelacao-criminal-2013-apresentacao-extemporanea-apenas-das-razoes-2013-mera-irregularidade\" target=\"_blank\">apela\u00e7\u00e3o<\/a> perante o ju\u00edzo que emitiu a decis\u00e3o contestada, que realizar\u00e1 uma an\u00e1lise preliminar para verificar se o recurso atende aos requisitos necess\u00e1rios.<\/p>\n\n\n\n<p>O juz do Juizado Especial Criminal realiza a interposi\u00e7\u00e3o da apela\u00e7\u00e3o, enquanto as raz\u00f5es s\u00e3o submetidas \u00e0 Turma Recursal.<\/p>\n\n\n\n<p>Deve-se formalizar o recurso por meio de uma peti\u00e7\u00e3o escrita, na qual se expoem as raz\u00f5es e o pedido do recorrente.<\/p>\n\n\n\n<h2 class=\"wp-block-heading\">O que pode se alegar em apela\u00e7\u00e3o criminal?<\/h2>\n\n\n\n<p>Nesse sentido, a apela\u00e7\u00e3o no processo penal, um recurso previsto no C\u00f3digo de Processo Penal, visa revisar, de maneira geral, as quest\u00f5es j\u00e1 decididas em uma senten\u00e7a final ou equiparada de primeira inst\u00e2ncia.<\/p>\n\n\n\n<p>Assim, a parte que se considera prejudicada pela decis\u00e3o recorre ao princ\u00edpio do duplo grau de jurisdi\u00e7\u00e3o, buscando uma nova an\u00e1lise do caso.<\/p>\n\n\n\n<p>No contexto do Processo Penal, existem cinco atores que t\u00eam o direito de interpor um recurso de <a href=\"https:\/\/www.estrategiaconcursos.com.br\/blog\/apelacao-criminal\/#:~:text=A%20apela%C3%A7%C3%A3o%20criminal%20%C3%A9%20um,a%20senten%C3%A7a%20do%20Juiz%20singular.\" target=\"_blank\">apela\u00e7\u00e3o<\/a> criminal: o Minist\u00e9rio P\u00fablico, o assistente de acusa\u00e7\u00e3o, o defensor dativo, o r\u00e9u e o curador.<\/p>\n\n\n\n<h2 class=\"wp-block-heading\">Quem julga apela\u00e7\u00e3o CPP?<\/h2>\n\n\n\n<p>Nesse aspecto, deve-se direcionar a apela\u00e7\u00e3o no processo penal ao tribunal competente (ju\u00edzo ad quem). Embora interponha-se inicialmente perante o ju\u00edzo de primeira inst\u00e2ncia, contra a decis\u00e3o do juiz prolator da senten\u00e7a,&nbsp;<\/p>\n\n\n\n<p>Isso porque, a apela\u00e7\u00e3o n\u00e3o possibilita o ju\u00edzo de retrata\u00e7\u00e3o, diferentemente do recurso em sentido estrito. Isso significa que o juiz respons\u00e1vel pela decis\u00e3o inicial n\u00e3o pode reanalisar o caso ao receber a apela\u00e7\u00e3o.<\/p>\n\n\n\n<h2 class=\"wp-block-heading\">Qual o prazo para interposi\u00e7\u00e3o do recurso?<\/h2>\n\n\n\n<p>De acordo com o que est\u00e1 estabelecido no artigo 593 do C\u00f3digo de Processo Penal, os prazos para interposi\u00e7\u00e3o da apela\u00e7\u00e3o criminal pelo querelante s\u00e3o:<\/p>\n\n\n\n<p>O prazo para apresentar a apela\u00e7\u00e3o criminal \u00e9 de 5 dias, e a parte ter\u00e1 mais 8 dias para arrazoar. Ou seja, 5 dias para interpor a peti\u00e7\u00e3o e mais 8 para arranjar o recurso.<\/p>\n\n\n\n<p>Diferentemente da regra no Processo civil, no processo penal o Minist\u00e9rio P\u00fablico n\u00e3o ter\u00e1 prazo em dobro para apresentar o recurso de apela\u00e7\u00e3o no processo penal, de acordo com a jurisprud\u00eancia pacificada do STF (HC 120.275).<\/p>\n\n\n\n<h3 class=\"wp-block-heading\">1. No JECRIM<\/h3>\n\n\n\n<p>E ainda, no sistema dos Juizados Especiais Criminais, a Apela\u00e7\u00e3o no processo penal segue um prazo \u00fanico de dez (10) dias para &#8220;recorrer e arrazoar&#8221;, conforme destacado no Informativo STF n\u00ba 191.<\/p>\n\n\n\n<p>Esse prazo come\u00e7a a correr a partir da ci\u00eancia da senten\u00e7a e se pode utilizar tanto pelo Minist\u00e9rio P\u00fablico quanto pelo r\u00e9u e seu defensor para interpor o recurso.<\/p>\n\n\n\n<p>Qualquer parte insatisfeita com a decis\u00e3o do Juiz tem o direito de apresentar recurso dentro do prazo de 10 dias, contados a partir da audi\u00eancia ou da publica\u00e7\u00e3o da senten\u00e7a.&nbsp;<\/p>\n\n\n\n<p>Diferentemente do tribunal no processo penal, aqui o julgamento do recurso \u00e9 de responsabilidade de uma Turma Recursal do <a href=\"https:\/\/advbox.com.br\/blog\/modelos\/execucao-cumprimento-de-sentenca-juizado-especial\/\" target=\"_blank\">juizado especial<\/a> criminal.<\/p>\n\n\n\n<p>Nos Juizados Criminais, geralmente n\u00e3o se perme apresentar a peti\u00e7\u00e3o de interposi\u00e7\u00e3o e as raz\u00f5es do recurso separadamente, conforme previsto no artigo 82 da Lei 9.099\/95.&nbsp;<\/p>\n\n\n\n<p>No entanto, \u00e9 necess\u00e1rio que a apela\u00e7\u00e3o no processo penal seja acompanhada das raz\u00f5es recursais.&nbsp;<\/p>\n\n\n\n<p>Isso porque, se a apela\u00e7\u00e3o for apresentada sem raz\u00f5es recursais, estas podem ser fornecidas antes do t\u00e9rmino do prazo de 10 dias, sem necessidade de nova intima\u00e7\u00e3o.&nbsp;<\/p>\n\n\n\n<p>E por fim, o STF considera essa falha como uma mera irregularidade que n\u00e3o impede o conhecimento do recurso.<\/p>\n\n\n\n<h2 class=\"wp-block-heading\">Apela\u00e7\u00e3o ou recurso em sentido estrito<\/h2>\n\n\n\n<p>Entre os recursos penais dispon\u00edveis, a apela\u00e7\u00e3o no processo penal e o recurso em sentido estrito (RESE) s\u00e3o frequentemente confundidos pelos profissionais do Direito.<\/p>\n\n\n\n<p>Apesar da exig\u00eancia de adequa\u00e7\u00e3o e do princ\u00edpio da unirrecorribilidade no direito processual penal, \u00e9 comum que advogados, por vezes, optem pelo recurso equivocado.<\/p>\n\n\n\n<p>\u00c9 importante lembrar que o \u00a74 do artigo 593 do CPP estabelece que a <a href=\"https:\/\/www.direitopenalbrasileiro.com.br\/quais-as-hipoteses-de-cabimento-do-recurso-de-apelacao-no-processo-penal\/\" target=\"_blank\">apela\u00e7\u00e3o<\/a>, quando cab\u00edvel, impede a interposi\u00e7\u00e3o do recurso em sentido estrito. Isso porque, via de regra, h\u00e1 somente um recurso dispon\u00edvel para determinada decis\u00e3o.<\/p>\n\n\n\n<p>Nesse contexto, o Superior Tribunal de Justi\u00e7a (STJ) j\u00e1 estabeleceu uma tese que permite a aplica\u00e7\u00e3o do princ\u00edpio da fungibilidade, desde que n\u00e3o haja m\u00e1-f\u00e9 ou erros grosseiros, conforme o artigo 579 do CPP:<\/p>\n\n\n\n<blockquote class=\"wp-block-quote is-layout-flow wp-block-quote-is-layout-flow\">\n<p>&#8220;A apela\u00e7\u00e3o interposta quando cab\u00edvel o recurso em sentido estrito pode ser admitida, desde que n\u00e3o haja m\u00e1-f\u00e9, erro grosseiro e que seja apresentada dentro do prazo estipulado.&#8221;<\/p>\n<\/blockquote>\n\n\n\n<p>De modo que, o erro grosseiro ou a m\u00e1-f\u00e9 seriam aplic\u00e1veis aos casos em que a lei diz expressamente qual recurso deve ser interposto na decis\u00e3o em quest\u00e3o, e ainda assim, o advogado interp\u00f4s o outro recurso.<\/p>\n\n\n\n<p>Em termos gerais, a principal distin\u00e7\u00e3o entre esses recursos est\u00e1 na sua hip\u00f3tese de cabimento.<br>Enquanto o <a href=\"https:\/\/advbox.com.br\/blog\/artigo-609-cpp\/\" target=\"_blank\">RESE<\/a> possui um rol taxativo de situa\u00e7\u00f5es em que \u00e9 cab\u00edvel (conforme o artigo 581 do CPP), a apela\u00e7\u00e3o, que \u00e9 residual, \u00e9 interposta em decis\u00f5es que encerram o processo e n\u00e3o permitem a utiliza\u00e7\u00e3o do RESE.<\/p>\n\n\n\n<h2 class=\"wp-block-heading\">Mais conhecimento para voc\u00ea!<\/h2>\n\n\n\n<p>Por aqui estamos sempre abordando assuntos relevantes para os profissionais do Direito. Confira outros textos que tamb\u00e9m podem te interessar:<\/p>\n\n\n\n<figure class=\"wp-block-table\"><table><tbody><tr><td><a href=\"https:\/\/advbox.com.br\/blog\/alta-produtividade-na-advocacia\/\" target=\"_blank\" rel=\"noreferrer noopener\" target=\"_blank\">Alta produtividade na advocacia<\/a><\/td><\/tr><tr><td><a href=\"https:\/\/advbox.com.br\/blog\/como-criar-o-setor-comercial\/\" target=\"_blank\" rel=\"noreferrer noopener\" target=\"_blank\">Como criar o setor comercial do seu escrit\u00f3rio de advocacia? Confira 7 dicas!<\/a><\/td><\/tr><tr><td><a href=\"https:\/\/advbox.com.br\/blog\/5-recursos-mais-eficientes-nos-softwares-juridicos-do-mercado\/\" target=\"_blank\" rel=\"noreferrer noopener\" target=\"_blank\">Software Jur\u00eddico: 17 crit\u00e9rios fundamentais para encontrar o melhor!<\/a><\/td><\/tr><tr><td><a href=\"https:\/\/advbox.com.br\/blog\/controladoria-juridica\/\" target=\"_blank\" rel=\"noreferrer noopener\" target=\"_blank\">O que \u00e9 a Controladoria Jur\u00eddica e como funciona<\/a><\/td><\/tr><tr><td><a href=\"https:\/\/advbox.com.br\/blog\/sistema-de-filiais\/\" target=\"_blank\" rel=\"noreferrer noopener\" target=\"_blank\">Escrit\u00f3rios com filiais, correspondentes e parceiros fixos<\/a><\/td><\/tr><tr><td><a href=\"https:\/\/advbox.com.br\/blog\/avaliacao-de-dados\/\" target=\"_blank\" rel=\"noreferrer noopener\" target=\"_blank\">Advocacia baseada em dados<\/a><\/td><\/tr><\/tbody><\/table><\/figure>\n\n\n\n<figure class=\"wp-block-image size-full\"><a href=\"https:\/\/advbox.com.br\/blog\/como-automatizar-seus-modelos-de-peticoes\/\" target=\"_blank\"><img fetchpriority=\"high\" decoding=\"async\" width=\"1024\" height=\"270\" src=\"https:\/\/advbox.com.br\/blog\/wp-content\/uploads\/2025\/12\/CTA-REBRANDING-17.webp\" alt=\"Banner com imagem ilustrativa de peti\u00e7\u00f5es automatizadas, destacando redu\u00e7\u00e3o de erros e ganho de escala na automa\u00e7\u00e3o jur\u00eddica para advogados\" class=\"wp-image-79760\" srcset=\"https:\/\/advbox.com.br\/blog\/wp-content\/uploads\/2025\/12\/CTA-REBRANDING-17.webp 1024w, https:\/\/advbox.com.br\/blog\/wp-content\/uploads\/2025\/12\/CTA-REBRANDING-17-500x132.webp 500w, https:\/\/advbox.com.br\/blog\/wp-content\/uploads\/2025\/12\/CTA-REBRANDING-17-768x203.webp 768w, https:\/\/advbox.com.br\/blog\/wp-content\/uploads\/2025\/12\/CTA-REBRANDING-17-150x40.webp 150w\" sizes=\"(max-width: 1024px) 100vw, 1024px\" \/><\/a><\/figure>\n","protected":false},"excerpt":{"rendered":"<p>A apela\u00e7\u00e3o no processo penal, um recurso dispon\u00edvel no \u00e2mbito do Processo Penal, oferece a oportunidade de revis\u00e3o abrangente tanto dos fatos quanto do direito e se regulamenta pelo artigo 593 do C\u00f3digo de Processo Penal. \u00c9 o recurso mais frequente no contexto do processo penal, pois reflete a insatisfa\u00e7\u00e3o [&hellip;]<\/p>\n","protected":false},"author":43,"featured_media":79776,"comment_status":"closed","ping_status":"closed","sticky":false,"template":"","format":"standard","meta":{"_acf_changed":false,"om_disable_all_campaigns":false,"footnotes":""},"categories":[717],"tags":[],"class_list":["post-62840","post","type-post","status-publish","format-standard","has-post-thumbnail","hentry","category-direito"],"acf":[],"yoast_head":"<!-- This site is optimized with the Yoast SEO plugin v26.9 - https:\/\/yoast.com\/product\/yoast-seo-wordpress\/ -->\n<title>Apela\u00e7\u00e3o no processo penal: saiba tudo!<\/title>\n<meta name=\"description\" content=\"Aqui voc\u00ea descobre tudo sobre apela\u00e7\u00e3o no processo penal, quando cabe apela\u00e7\u00e3o, o que pode ser alegado e quem julga este recurso!\" \/>\n<meta name=\"robots\" content=\"index, follow, max-snippet:-1, max-image-preview:large, max-video-preview:-1\" \/>\n<link rel=\"canonical\" href=\"https:\/\/advbox.com.br\/blog\/apelacao-no-processo-penal\/\" \/>\n<meta property=\"og:locale\" content=\"pt_BR\" \/>\n<meta property=\"og:type\" content=\"article\" \/>\n<meta property=\"og:title\" content=\"Apela\u00e7\u00e3o no processo penal: saiba tudo!\" \/>\n<meta property=\"og:description\" content=\"Aqui voc\u00ea descobre tudo sobre apela\u00e7\u00e3o no processo penal, quando cabe apela\u00e7\u00e3o, o que pode ser alegado e quem julga este recurso!\" \/>\n<meta property=\"og:url\" content=\"https:\/\/advbox.com.br\/blog\/apelacao-no-processo-penal\/\" \/>\n<meta property=\"og:site_name\" content=\"Software Jur\u00eddico Completo - ADVBOX\" \/>\n<meta property=\"article:publisher\" content=\"https:\/\/www.facebook.com\/advbox\/\" \/>\n<meta property=\"article:published_time\" content=\"2024-05-26T18:51:09+00:00\" \/>\n<meta property=\"article:modified_time\" content=\"2026-02-25T23:22:27+00:00\" \/>\n<meta property=\"og:image\" content=\"https:\/\/advbox.com.br\/blog\/wp-content\/uploads\/2025\/12\/sobrestamento-1.jpg\" \/>\n\t<meta property=\"og:image:width\" content=\"1024\" \/>\n\t<meta property=\"og:image:height\" content=\"576\" \/>\n\t<meta property=\"og:image:type\" content=\"image\/jpeg\" \/>\n<meta name=\"author\" content=\"Eduardo Koetz\" \/>\n<meta name=\"twitter:card\" content=\"summary_large_image\" \/>\n<meta name=\"twitter:creator\" content=\"@advbox2\" \/>\n<meta name=\"twitter:site\" content=\"@advbox2\" \/>\n<script type=\"application\/ld+json\" class=\"yoast-schema-graph\">{\"@context\":\"https:\/\/schema.org\",\"@graph\":[{\"@type\":\"Article\",\"@id\":\"https:\/\/advbox.com.br\/blog\/apelacao-no-processo-penal\/#article\",\"isPartOf\":{\"@id\":\"https:\/\/advbox.com.br\/blog\/apelacao-no-processo-penal\/\"},\"author\":{\"name\":\"Eduardo Koetz\",\"@id\":\"https:\/\/advbox.com.br\/blog\/#\/schema\/person\/029674387a95515a227f2dd7f49b8dfa\"},\"headline\":\"Saiba tudo sobre apela\u00e7\u00e3o no processo penal!\",\"datePublished\":\"2024-05-26T18:51:09+00:00\",\"dateModified\":\"2026-02-25T23:22:27+00:00\",\"mainEntityOfPage\":{\"@id\":\"https:\/\/advbox.com.br\/blog\/apelacao-no-processo-penal\/\"},\"wordCount\":1620,\"publisher\":{\"@id\":\"https:\/\/advbox.com.br\/blog\/#organization\"},\"image\":{\"@id\":\"https:\/\/advbox.com.br\/blog\/apelacao-no-processo-penal\/#primaryimage\"},\"thumbnailUrl\":\"https:\/\/advbox.com.br\/blog\/wp-content\/uploads\/2025\/12\/sobrestamento-1.jpg\",\"articleSection\":[\"Direito\"],\"inLanguage\":\"pt-BR\"},{\"@type\":\"WebPage\",\"@id\":\"https:\/\/advbox.com.br\/blog\/apelacao-no-processo-penal\/\",\"url\":\"https:\/\/advbox.com.br\/blog\/apelacao-no-processo-penal\/\",\"name\":\"Apela\u00e7\u00e3o no processo penal: saiba tudo!\",\"isPartOf\":{\"@id\":\"https:\/\/advbox.com.br\/blog\/#website\"},\"primaryImageOfPage\":{\"@id\":\"https:\/\/advbox.com.br\/blog\/apelacao-no-processo-penal\/#primaryimage\"},\"image\":{\"@id\":\"https:\/\/advbox.com.br\/blog\/apelacao-no-processo-penal\/#primaryimage\"},\"thumbnailUrl\":\"https:\/\/advbox.com.br\/blog\/wp-content\/uploads\/2025\/12\/sobrestamento-1.jpg\",\"datePublished\":\"2024-05-26T18:51:09+00:00\",\"dateModified\":\"2026-02-25T23:22:27+00:00\",\"description\":\"Aqui voc\u00ea descobre tudo sobre apela\u00e7\u00e3o no processo penal, quando cabe apela\u00e7\u00e3o, o que pode ser alegado e quem julga este recurso!\",\"breadcrumb\":{\"@id\":\"https:\/\/advbox.com.br\/blog\/apelacao-no-processo-penal\/#breadcrumb\"},\"inLanguage\":\"pt-BR\",\"potentialAction\":[{\"@type\":\"ReadAction\",\"target\":[\"https:\/\/advbox.com.br\/blog\/apelacao-no-processo-penal\/\"]}]},{\"@type\":\"ImageObject\",\"inLanguage\":\"pt-BR\",\"@id\":\"https:\/\/advbox.com.br\/blog\/apelacao-no-processo-penal\/#primaryimage\",\"url\":\"https:\/\/advbox.com.br\/blog\/wp-content\/uploads\/2025\/12\/sobrestamento-1.jpg\",\"contentUrl\":\"https:\/\/advbox.com.br\/blog\/wp-content\/uploads\/2025\/12\/sobrestamento-1.jpg\",\"width\":1024,\"height\":576,\"caption\":\"Banner institucional da ADVBOX com elemento visual abstrato em tons de azul, representando estrutura, tecnologia e identidade visual da marca\"},{\"@type\":\"BreadcrumbList\",\"@id\":\"https:\/\/advbox.com.br\/blog\/apelacao-no-processo-penal\/#breadcrumb\",\"itemListElement\":[{\"@type\":\"ListItem\",\"position\":1,\"name\":\"In\u00edcio\",\"item\":\"https:\/\/advbox.com.br\/blog\/\"},{\"@type\":\"ListItem\",\"position\":2,\"name\":\"Direito\",\"item\":\"https:\/\/advbox.com.br\/blog\/direito\/\"},{\"@type\":\"ListItem\",\"position\":3,\"name\":\"Saiba tudo sobre apela\u00e7\u00e3o no processo penal!\"}]},{\"@type\":\"WebSite\",\"@id\":\"https:\/\/advbox.com.br\/blog\/#website\",\"url\":\"https:\/\/advbox.com.br\/blog\/\",\"name\":\"Software Jur\u00eddico Completo - ADVBOX\",\"description\":\"Plataforma para Advocacia Digital\",\"publisher\":{\"@id\":\"https:\/\/advbox.com.br\/blog\/#organization\"},\"potentialAction\":[{\"@type\":\"SearchAction\",\"target\":{\"@type\":\"EntryPoint\",\"urlTemplate\":\"https:\/\/advbox.com.br\/blog\/?s={search_term_string}\"},\"query-input\":{\"@type\":\"PropertyValueSpecification\",\"valueRequired\":true,\"valueName\":\"search_term_string\"}}],\"inLanguage\":\"pt-BR\"},{\"@type\":\"Organization\",\"@id\":\"https:\/\/advbox.com.br\/blog\/#organization\",\"name\":\"ADVBOX Blog - Software jur\u00eddico da advocacia digital\",\"url\":\"https:\/\/advbox.com.br\/blog\/\",\"logo\":{\"@type\":\"ImageObject\",\"inLanguage\":\"pt-BR\",\"@id\":\"https:\/\/advbox.com.br\/blog\/#\/schema\/logo\/image\/\",\"url\":\"https:\/\/advbox.com.br\/blog\/wp-content\/uploads\/2019\/12\/Como-aumentar-a-produtividade_.jpg\",\"contentUrl\":\"https:\/\/advbox.com.br\/blog\/wp-content\/uploads\/2019\/12\/Como-aumentar-a-produtividade_.jpg\",\"width\":320,\"height\":213,\"caption\":\"ADVBOX Blog - Software jur\u00eddico da advocacia digital\"},\"image\":{\"@id\":\"https:\/\/advbox.com.br\/blog\/#\/schema\/logo\/image\/\"},\"sameAs\":[\"https:\/\/www.facebook.com\/advbox\/\",\"https:\/\/x.com\/advbox2\"]},{\"@type\":\"Person\",\"@id\":\"https:\/\/advbox.com.br\/blog\/#\/schema\/person\/029674387a95515a227f2dd7f49b8dfa\",\"name\":\"Eduardo Koetz\",\"description\":\"Eduardo Koetz \u00e9 advogado, escritor, s\u00f3cio e fundador da Koetz Advocacia e CEO da empresa de software jur\u00eddico Advbox. Possui bacharel em Direito pela Universidade do Vale do Rio dos Sinos (Unisinos). Possui tanto registros na Ordem dos Advogados do Brasil - OAB (OAB\/SC 42.934, OAB\/RS 73.409, OAB\/PR 72.951, OAB\/SP 435.266, OAB\/MG 204.531, OAB\/MG 204.531), como na Ordem dos Advogados de Portugal - OA ( OA\/Portugal 69.512L).swdsasdw \u00c9 p\u00f3s-graduado em Direito do Trabalho pela Universidade Federal do Rio Grande do Sul (2011- 2012) e em Direito Tribut\u00e1rio pela Escola Superior da Magistratura Federal ESMAFE (2013 - 2014). Atua como um dos principais gestores da Koetz Advocacia realizando a supervis\u00e3o e lideran\u00e7a em todos os setores do escrit\u00f3rio. Em 2021, Eduardo publicou o livro intitulado: Otimizado - O escrit\u00f3rio como empresa escal\u00e1vel pela editora Viseu.\",\"url\":\"https:\/\/advbox.com.br\/blog\/autor\/comunicacao\/\"}]}<\/script>\n<!-- \/ Yoast SEO plugin. -->","yoast_head_json":{"title":"Apela\u00e7\u00e3o no processo penal: saiba tudo!","description":"Aqui voc\u00ea descobre tudo sobre apela\u00e7\u00e3o no processo penal, quando cabe apela\u00e7\u00e3o, o que pode ser alegado e quem julga este recurso!","robots":{"index":"index","follow":"follow","max-snippet":"max-snippet:-1","max-image-preview":"max-image-preview:large","max-video-preview":"max-video-preview:-1"},"canonical":"https:\/\/advbox.com.br\/blog\/apelacao-no-processo-penal\/","og_locale":"pt_BR","og_type":"article","og_title":"Apela\u00e7\u00e3o no processo penal: saiba tudo!","og_description":"Aqui voc\u00ea descobre tudo sobre apela\u00e7\u00e3o no processo penal, quando cabe apela\u00e7\u00e3o, o que pode ser alegado e quem julga este recurso!","og_url":"https:\/\/advbox.com.br\/blog\/apelacao-no-processo-penal\/","og_site_name":"Software Jur\u00eddico Completo - ADVBOX","article_publisher":"https:\/\/www.facebook.com\/advbox\/","article_published_time":"2024-05-26T18:51:09+00:00","article_modified_time":"2026-02-25T23:22:27+00:00","og_image":[{"width":1024,"height":576,"url":"https:\/\/advbox.com.br\/blog\/wp-content\/uploads\/2025\/12\/sobrestamento-1.jpg","type":"image\/jpeg"}],"author":"Eduardo Koetz","twitter_card":"summary_large_image","twitter_creator":"@advbox2","twitter_site":"@advbox2","schema":{"@context":"https:\/\/schema.org","@graph":[{"@type":"Article","@id":"https:\/\/advbox.com.br\/blog\/apelacao-no-processo-penal\/#article","isPartOf":{"@id":"https:\/\/advbox.com.br\/blog\/apelacao-no-processo-penal\/"},"author":{"name":"Eduardo Koetz","@id":"https:\/\/advbox.com.br\/blog\/#\/schema\/person\/029674387a95515a227f2dd7f49b8dfa"},"headline":"Saiba tudo sobre apela\u00e7\u00e3o no processo penal!","datePublished":"2024-05-26T18:51:09+00:00","dateModified":"2026-02-25T23:22:27+00:00","mainEntityOfPage":{"@id":"https:\/\/advbox.com.br\/blog\/apelacao-no-processo-penal\/"},"wordCount":1620,"publisher":{"@id":"https:\/\/advbox.com.br\/blog\/#organization"},"image":{"@id":"https:\/\/advbox.com.br\/blog\/apelacao-no-processo-penal\/#primaryimage"},"thumbnailUrl":"https:\/\/advbox.com.br\/blog\/wp-content\/uploads\/2025\/12\/sobrestamento-1.jpg","articleSection":["Direito"],"inLanguage":"pt-BR"},{"@type":"WebPage","@id":"https:\/\/advbox.com.br\/blog\/apelacao-no-processo-penal\/","url":"https:\/\/advbox.com.br\/blog\/apelacao-no-processo-penal\/","name":"Apela\u00e7\u00e3o no processo penal: saiba tudo!","isPartOf":{"@id":"https:\/\/advbox.com.br\/blog\/#website"},"primaryImageOfPage":{"@id":"https:\/\/advbox.com.br\/blog\/apelacao-no-processo-penal\/#primaryimage"},"image":{"@id":"https:\/\/advbox.com.br\/blog\/apelacao-no-processo-penal\/#primaryimage"},"thumbnailUrl":"https:\/\/advbox.com.br\/blog\/wp-content\/uploads\/2025\/12\/sobrestamento-1.jpg","datePublished":"2024-05-26T18:51:09+00:00","dateModified":"2026-02-25T23:22:27+00:00","description":"Aqui voc\u00ea descobre tudo sobre apela\u00e7\u00e3o no processo penal, quando cabe apela\u00e7\u00e3o, o que pode ser alegado e quem julga este recurso!","breadcrumb":{"@id":"https:\/\/advbox.com.br\/blog\/apelacao-no-processo-penal\/#breadcrumb"},"inLanguage":"pt-BR","potentialAction":[{"@type":"ReadAction","target":["https:\/\/advbox.com.br\/blog\/apelacao-no-processo-penal\/"]}]},{"@type":"ImageObject","inLanguage":"pt-BR","@id":"https:\/\/advbox.com.br\/blog\/apelacao-no-processo-penal\/#primaryimage","url":"https:\/\/advbox.com.br\/blog\/wp-content\/uploads\/2025\/12\/sobrestamento-1.jpg","contentUrl":"https:\/\/advbox.com.br\/blog\/wp-content\/uploads\/2025\/12\/sobrestamento-1.jpg","width":1024,"height":576,"caption":"Banner institucional da ADVBOX com elemento visual abstrato em tons de azul, representando estrutura, tecnologia e identidade visual da marca"},{"@type":"BreadcrumbList","@id":"https:\/\/advbox.com.br\/blog\/apelacao-no-processo-penal\/#breadcrumb","itemListElement":[{"@type":"ListItem","position":1,"name":"In\u00edcio","item":"https:\/\/advbox.com.br\/blog\/"},{"@type":"ListItem","position":2,"name":"Direito","item":"https:\/\/advbox.com.br\/blog\/direito\/"},{"@type":"ListItem","position":3,"name":"Saiba tudo sobre apela\u00e7\u00e3o no processo penal!"}]},{"@type":"WebSite","@id":"https:\/\/advbox.com.br\/blog\/#website","url":"https:\/\/advbox.com.br\/blog\/","name":"Software Jur\u00eddico Completo - ADVBOX","description":"Plataforma para Advocacia Digital","publisher":{"@id":"https:\/\/advbox.com.br\/blog\/#organization"},"potentialAction":[{"@type":"SearchAction","target":{"@type":"EntryPoint","urlTemplate":"https:\/\/advbox.com.br\/blog\/?s={search_term_string}"},"query-input":{"@type":"PropertyValueSpecification","valueRequired":true,"valueName":"search_term_string"}}],"inLanguage":"pt-BR"},{"@type":"Organization","@id":"https:\/\/advbox.com.br\/blog\/#organization","name":"ADVBOX Blog - Software jur\u00eddico da advocacia digital","url":"https:\/\/advbox.com.br\/blog\/","logo":{"@type":"ImageObject","inLanguage":"pt-BR","@id":"https:\/\/advbox.com.br\/blog\/#\/schema\/logo\/image\/","url":"https:\/\/advbox.com.br\/blog\/wp-content\/uploads\/2019\/12\/Como-aumentar-a-produtividade_.jpg","contentUrl":"https:\/\/advbox.com.br\/blog\/wp-content\/uploads\/2019\/12\/Como-aumentar-a-produtividade_.jpg","width":320,"height":213,"caption":"ADVBOX Blog - Software jur\u00eddico da advocacia digital"},"image":{"@id":"https:\/\/advbox.com.br\/blog\/#\/schema\/logo\/image\/"},"sameAs":["https:\/\/www.facebook.com\/advbox\/","https:\/\/x.com\/advbox2"]},{"@type":"Person","@id":"https:\/\/advbox.com.br\/blog\/#\/schema\/person\/029674387a95515a227f2dd7f49b8dfa","name":"Eduardo Koetz","description":"Eduardo Koetz \u00e9 advogado, escritor, s\u00f3cio e fundador da Koetz Advocacia e CEO da empresa de software jur\u00eddico Advbox. Possui bacharel em Direito pela Universidade do Vale do Rio dos Sinos (Unisinos). Possui tanto registros na Ordem dos Advogados do Brasil - OAB (OAB\/SC 42.934, OAB\/RS 73.409, OAB\/PR 72.951, OAB\/SP 435.266, OAB\/MG 204.531, OAB\/MG 204.531), como na Ordem dos Advogados de Portugal - OA ( OA\/Portugal 69.512L).swdsasdw \u00c9 p\u00f3s-graduado em Direito do Trabalho pela Universidade Federal do Rio Grande do Sul (2011- 2012) e em Direito Tribut\u00e1rio pela Escola Superior da Magistratura Federal ESMAFE (2013 - 2014). Atua como um dos principais gestores da Koetz Advocacia realizando a supervis\u00e3o e lideran\u00e7a em todos os setores do escrit\u00f3rio. Em 2021, Eduardo publicou o livro intitulado: Otimizado - O escrit\u00f3rio como empresa escal\u00e1vel pela editora Viseu.","url":"https:\/\/advbox.com.br\/blog\/autor\/comunicacao\/"}]}},"_links":{"self":[{"href":"https:\/\/advbox.com.br\/blog\/wp-json\/wp\/v2\/posts\/62840","targetHints":{"allow":["GET"]}}],"collection":[{"href":"https:\/\/advbox.com.br\/blog\/wp-json\/wp\/v2\/posts"}],"about":[{"href":"https:\/\/advbox.com.br\/blog\/wp-json\/wp\/v2\/types\/post"}],"author":[{"embeddable":true,"href":"https:\/\/advbox.com.br\/blog\/wp-json\/wp\/v2\/users\/43"}],"replies":[{"embeddable":true,"href":"https:\/\/advbox.com.br\/blog\/wp-json\/wp\/v2\/comments?post=62840"}],"version-history":[{"count":4,"href":"https:\/\/advbox.com.br\/blog\/wp-json\/wp\/v2\/posts\/62840\/revisions"}],"predecessor-version":[{"id":82171,"href":"https:\/\/advbox.com.br\/blog\/wp-json\/wp\/v2\/posts\/62840\/revisions\/82171"}],"wp:featuredmedia":[{"embeddable":true,"href":"https:\/\/advbox.com.br\/blog\/wp-json\/wp\/v2\/media\/79776"}],"wp:attachment":[{"href":"https:\/\/advbox.com.br\/blog\/wp-json\/wp\/v2\/media?parent=62840"}],"wp:term":[{"taxonomy":"category","embeddable":true,"href":"https:\/\/advbox.com.br\/blog\/wp-json\/wp\/v2\/categories?post=62840"},{"taxonomy":"post_tag","embeddable":true,"href":"https:\/\/advbox.com.br\/blog\/wp-json\/wp\/v2\/tags?post=62840"}],"curies":[{"name":"wp","href":"https:\/\/api.w.org\/{rel}","templated":true}]}}