{"id":63397,"date":"2024-07-30T13:30:35","date_gmt":"2024-07-30T16:30:35","guid":{"rendered":"https:\/\/advbox.com.br\/blog\/?p=63397"},"modified":"2026-02-25T20:26:16","modified_gmt":"2026-02-25T23:26:16","slug":"contar-dias","status":"publish","type":"post","link":"https:\/\/advbox.com.br\/blog\/contar-dias\/","title":{"rendered":"Contar dias no direito trabalhista: dias \u00fateis, prazos e exce\u00e7\u00f5es"},"content":{"rendered":"\n<p>Contar dias no direito trabalhista refere-se ao c\u00e1lculo dos prazos para a pr\u00e1tica de atos processuais ou administrativos relacionados a quest\u00f5es trabalhistas.&nbsp;<\/p>\n\n\n\n<p>Dessa forma, esses prazos podem ser para apresentar defesas, interpor <a href=\"https:\/\/advbox.com.br\/blog\/prazos-recursos-trabalhistas\/\" target=\"_blank\">recursos trabalhistas<\/a>, realizar pagamentos, entre outros. Sendo assim, a contagem de dias \u00e9 essencial para garantir que os direitos e deveres das partes envolvidas sejam respeitados dentro do prazo legal.<\/p>\n\n\n\n<p>Sendo assim, a seguir voc\u00ea saber\u00e1 como s\u00e3o contados os dias na justi\u00e7a do trabalho e quando come\u00e7ar a contar. Continue a leitura e saiba mais!&nbsp;<\/p>\n\n\n\n<h2 class=\"wp-block-heading\">Como s\u00e3o contados os dias na Justi\u00e7a do Trabalho?<\/h2>\n\n\n\n<p>Na Justi\u00e7a do Trabalho, para contar dias \u00e9 preciso seguir as <a href=\"https:\/\/advbox.com.br\/blog\/art-775-clt\/\" target=\"_blank\">regras espec\u00edficas que foram modificadas pela Reforma Trabalhista (Lei 13.467\/2017)<\/a>.&nbsp;<\/p>\n\n\n\n<p>Desse modo, a partir dessa reforma, os prazos processuais na Justi\u00e7a do Trabalho passaram a ser contados em dias \u00fateis, excluindo s\u00e1bados, domingos e feriados.&nbsp;<\/p>\n\n\n\n<p>Aqui est\u00e3o os principais pontos sobre como s\u00e3o contados os dias na Justi\u00e7a do Trabalho:<\/p>\n\n\n\n<h3 class=\"wp-block-heading\">Dias \u00dateis<\/h3>\n\n\n\n<p>Os prazos s\u00e3o contados em dias \u00fateis, o que significa que apenas os dias em que h\u00e1 expediente forense s\u00e3o contabilizados.<\/p>\n\n\n\n<p>Logo, se um prazo \u00e9 de 5 dias \u00fateis e come\u00e7a na segunda-feira, ele termina na sexta-feira, desde que n\u00e3o haja feriados no meio.<\/p>\n\n\n\n<h3 class=\"wp-block-heading\">In\u00edcio da Contagem<\/h3>\n\n\n\n<p>A contagem do prazo come\u00e7a no primeiro dia \u00fatil seguinte ao da intima\u00e7\u00e3o, cita\u00e7\u00e3o ou notifica\u00e7\u00e3o.<\/p>\n\n\n\n<p>Caso a intima\u00e7\u00e3o ocorre em uma sexta-feira, a contagem do prazo come\u00e7a na segunda-feira seguinte, desde que seja um dia \u00fatil.<\/p>\n\n\n\n<h3 class=\"wp-block-heading\">Suspens\u00e3o e Interrup\u00e7\u00e3o de Prazos<\/h3>\n\n\n\n<p>A contagem do prazo \u00e9 pausada durante a suspens\u00e3o e retomada de onde parou ap\u00f3s a cessa\u00e7\u00e3o do motivo que causou a suspens\u00e3o. Sendo assim, a suspens\u00e3o incluem greves dos servidores ou suspens\u00e3o de expediente forense por motivos espec\u00edficos.<\/p>\n\n\n\n<p>Desse modo, quando um prazo \u00e9 interrompido, ele recome\u00e7a do zero ap\u00f3s a cessa\u00e7\u00e3o do motivo interruptivo.<\/p>\n\n\n\n<h3 class=\"wp-block-heading\">Prorroga\u00e7\u00e3o de Prazos<\/h3>\n\n\n\n<p>Se o prazo final cair em um dia n\u00e3o \u00fatil (s\u00e1bado, domingo ou feriado), ele \u00e9 automaticamente prorrogado para o pr\u00f3ximo dia \u00fatil.<\/p>\n\n\n\n<p>Nesse contexto, se um prazo de 8 dias \u00fateis termina no s\u00e1bado, ele ser\u00e1 prorrogado para a segunda-feira seguinte, desde que seja um dia \u00fatil.<\/p>\n\n\n\n<p>Assim sendo, a contagem de dias na Justi\u00e7a do Trabalho segue regras espec\u00edficas que garantem que os prazos processuais sejam justos e compat\u00edveis com os dias de expediente forense.&nbsp;<\/p>\n\n\n\n<h2 class=\"wp-block-heading\">Quando come\u00e7a a contar o prazo para contesta\u00e7\u00e3o trabalhista?<\/h2>\n\n\n\n<p>O prazo para a contesta\u00e7\u00e3o de direitos trabalhistas come\u00e7a a ser contado a partir da data da audi\u00eancia inicial. A contesta\u00e7\u00e3o \u00e9 a defesa do r\u00e9u (empregador) na a\u00e7\u00e3o trabalhista.<\/p>\n\n\n\n<p>De acordo com o <a href=\"https:\/\/www.planalto.gov.br\/ccivil_03\/Decreto-Lei\/Del5452.htm#art847\" target=\"_blank\">artigo 847 da Consolida\u00e7\u00e3o das Leis do Trabalho (CLT)<\/a>, o empregador deve apresentar a contesta\u00e7\u00e3o na pr\u00f3pria audi\u00eancia inicial. A seguir, voc\u00ea ficar\u00e1 por dentro das principais regras e etapas relacionadas \u00e0 contesta\u00e7\u00e3o, confira!&nbsp;<\/p>\n\n\n\n<h3 class=\"wp-block-heading\">Audi\u00eancia Inicial<\/h3>\n\n\n\n<p>O prazo para apresentar a contesta\u00e7\u00e3o \u00e9 na audi\u00eancia inicial. Na pr\u00e1tica, isso significa que o empregador deve comparecer \u00e0 audi\u00eancia inicial j\u00e1 preparado para apresentar sua defesa.<\/p>\n\n\n\n<h3 class=\"wp-block-heading\">In\u00edcio da Contagem do Prazo<\/h3>\n\n\n\n<p>A contagem do prazo para a contesta\u00e7\u00e3o n\u00e3o \u00e9 aplicada da mesma forma que outros prazos processuais, pois a defesa deve ser apresentada na audi\u00eancia inicial.<\/p>\n\n\n\n<h3 class=\"wp-block-heading\">Cita\u00e7\u00e3o e Notifica\u00e7\u00e3o<\/h3>\n\n\n\n<p>O empregador \u00e9 citado e notificado para comparecer \u00e0 audi\u00eancia inicial. Essa notifica\u00e7\u00e3o j\u00e1 deve conter a data, hora e local da audi\u00eancia.<\/p>\n\n\n\n<h3 class=\"wp-block-heading\">Apresenta\u00e7\u00e3o da Contesta\u00e7\u00e3o<\/h3>\n\n\n\n<p>Durante a audi\u00eancia inicial, o empregador (ou seu advogado) deve apresentar a contesta\u00e7\u00e3o. Assim, a CLT permite que a defesa seja feita de forma oral ou escrita.<\/p>\n\n\n\n<p>Se a defesa for feita oralmente, ela ser\u00e1 reduzida a termo (registrada por escrito) pelo juiz.<\/p>\n\n\n\n<h3 class=\"wp-block-heading\">Exce\u00e7\u00f5es e Observa\u00e7\u00f5es<\/h3>\n\n\n\n<ul class=\"wp-block-list has-small-font-size\">\n<li><strong>Revelia e Confiss\u00e3o:<\/strong> Se o empregador n\u00e3o comparecer \u00e0 audi\u00eancia inicial, ser\u00e1 considerado revel, implicando na presun\u00e7\u00e3o de veracidade dos fatos alegados pelo reclamante, salvo se houver prova em contr\u00e1rio. Al\u00e9m disso, ser\u00e1 decretada a confiss\u00e3o quanto \u00e0 mat\u00e9ria de fato.<\/li>\n\n\n\n<li><strong>Adiamento da Audi\u00eancia:<\/strong> Em casos excepcionais, a audi\u00eancia inicial pode ser adiada. Nesses casos, o prazo para a apresenta\u00e7\u00e3o da contesta\u00e7\u00e3o ser\u00e1 na nova data marcada.<\/li>\n<\/ul>\n\n\n\n<p>Sendo assim, \u00e9 essencial que o empregador esteja preparado para apresentar sua defesa na data marcada para a audi\u00eancia inicial, evitando assim a revelia e a confiss\u00e3o quanto aos fatos alegados pelo reclamante.<\/p>\n\n\n\n<h2 class=\"wp-block-heading\">Quais s\u00e3o os dias \u00fateis CLT?<\/h2>\n\n\n\n<p>No contexto da <a href=\"https:\/\/advbox.com.br\/blog\/o-que-e-clt\/\" target=\"_blank\">Consolida\u00e7\u00e3o das Leis do Trabalho (CLT)<\/a> e do direito trabalhista no Brasil, os dias \u00fateis s\u00e3o aqueles em que h\u00e1 expediente forense, ou seja, os dias em que os tribunais e \u00f3rg\u00e3os administrativos est\u00e3o abertos e funcionando.&nbsp;<\/p>\n\n\n\n<p>Dessa forma, confira os principais aspectos a considerar sobre os dias \u00fateis na CLT:<\/p>\n\n\n\n<h3 class=\"wp-block-heading\">Defini\u00e7\u00e3o de Dias \u00dateis na CLT<\/h3>\n\n\n\n<ul class=\"wp-block-list\">\n<li class=\"has-small-font-size\">Exclus\u00e3o de S\u00e1bados, Domingos e Feriados;<\/li>\n<\/ul>\n\n\n\n<ul class=\"wp-block-list has-small-font-size\">\n<li>Dias \u00dateis: De segunda a sexta-feira, exceto feriados nacionais, estaduais e municipais;<\/li>\n\n\n\n<li>S\u00e1bados e Domingos: N\u00e3o s\u00e3o considerados dias \u00fateis para a contagem de prazos processuais na Justi\u00e7a do Trabalho;<\/li>\n\n\n\n<li>Feriados: Os feriados nacionais, estaduais e municipais tamb\u00e9m n\u00e3o s\u00e3o considerados dias \u00fateis.<\/li>\n<\/ul>\n\n\n\n<h3 class=\"wp-block-heading\">In\u00edcio da Contagem dos Prazos<\/h3>\n\n\n\n<p>A contagem de um prazo processual come\u00e7a no primeiro dia \u00fatil seguinte ao da intima\u00e7\u00e3o, notifica\u00e7\u00e3o ou cita\u00e7\u00e3o. Por exemplo, se uma intima\u00e7\u00e3o ocorre na sexta-feira, a contagem come\u00e7a na segunda-feira, caso seja um dia \u00fatil.<\/p>\n\n\n\n<h3 class=\"wp-block-heading\">Prorroga\u00e7\u00e3o dos Prazos<\/h3>\n\n\n\n<p>Se o prazo final cair em um dia n\u00e3o \u00fatil, ele \u00e9 prorrogado para o pr\u00f3ximo dia \u00fatil. Por exemplo, se um prazo de 5 dias \u00fateis termina em um s\u00e1bado, ele ser\u00e1 prorrogado para a segunda-feira seguinte, desde que seja um dia \u00fatil.<\/p>\n\n\n\n<h3 class=\"wp-block-heading\">Feriados Considerados na Contagem de Dias \u00dateis<\/h3>\n\n\n\n<p>Pensando em ajud\u00e1-lo, a ADVBOX separou uma lista de feriados considerados durante a contagem de dias \u00fateis.Assim, voc\u00ea poder\u00e1 tirar todas as suas d\u00favidas a respeito do assunto. Leia!&nbsp;<\/p>\n\n\n\n<h4 class=\"wp-block-heading\">Feriados Nacionais<\/h4>\n\n\n\n<ul class=\"wp-block-list has-small-font-size\">\n<li>Ano Novo: 1\u00ba de janeiro;<\/li>\n\n\n\n<li>Carnaval: Data m\u00f3vel (normalmente, segunda e ter\u00e7a-feira de Carnaval n\u00e3o s\u00e3o considerados dias \u00fateis);<\/li>\n\n\n\n<li>Sexta-feira Santa: Data m\u00f3vel (sexta-feira da Semana Santa);<\/li>\n\n\n\n<li>Tiradentes: 21 de abril;<\/li>\n\n\n\n<li>Dia do Trabalho: 1\u00ba de maio;<\/li>\n\n\n\n<li>Independ\u00eancia do Brasil: 7 de setembro;<\/li>\n\n\n\n<li>Nossa Senhora Aparecida: 12 de outubro;<\/li>\n\n\n\n<li>Finados: 2 de novembro;<\/li>\n\n\n\n<li>Proclama\u00e7\u00e3o da Rep\u00fablica: 15 de novembro;<\/li>\n\n\n\n<li>Natal: 25 de dezembro.<\/li>\n<\/ul>\n\n\n\n<h4 class=\"wp-block-heading\">Feriados Estaduais e Municipais<\/h4>\n\n\n\n<p>De acordo com os feriados espec\u00edficos de cada estado e munic\u00edpio devem ser considerados na contagem dos prazos.&nbsp;<\/p>\n\n\n\n<h2 class=\"wp-block-heading\">Quando come\u00e7a a contar o prazo de 48 horas?<\/h2>\n\n\n\n<p>No direito trabalhista, assim como em outros ramos do direito, a contagem de <a href=\"https:\/\/advbox.com.br\/blog\/prazos-cpc\/\" target=\"_blank\">prazos processuais<\/a> seguem regras espec\u00edficas. Dessa forma, quando se fala em um prazo de 48 horas, estamos lidando com prazos curtos e, por isso, \u00e9 importante entender como a contagem se inicia e se conclui. Confira!&nbsp;<\/p>\n\n\n\n<h3 class=\"wp-block-heading\">Data do Ato que Inicia a Contagem<\/h3>\n\n\n\n<p>O prazo de 48 horas come\u00e7a a contar a partir do momento da notifica\u00e7\u00e3o, cita\u00e7\u00e3o ou intima\u00e7\u00e3o, dependendo do contexto espec\u00edfico.<\/p>\n\n\n\n<h3 class=\"wp-block-heading\">Regra Geral do Prazo de 48 Horas<\/h3>\n\n\n\n<p>O prazo come\u00e7a a contar no momento em que o ato \u00e9 praticado, ou seja, se a notifica\u00e7\u00e3o for feita em um determinado dia, esse dia conta como o in\u00edcio da contagem das 48 horas.<\/p>\n\n\n\n<h3 class=\"wp-block-heading\">Considera\u00e7\u00e3o de Hor\u00e1rios e Dias \u00dateis<\/h3>\n\n\n\n<p>Em prazos de 48 horas, os dias \u00fateis ou n\u00e3o \u00fateis n\u00e3o t\u00eam tanta relev\u00e2ncia, j\u00e1 que estamos lidando com um per\u00edodo curto, contado em horas corridas.<\/p>\n\n\n\n<p>A contagem de um prazo de 48 horas geralmente come\u00e7a no momento em que a notifica\u00e7\u00e3o ou intima\u00e7\u00e3o \u00e9 recebida e segue de forma cont\u00ednua at\u00e9 o final do per\u00edodo de 48 horas, independentemente de fins de semana ou feriados.<\/p>\n\n\n\n<p>Al\u00e9m do mais, \u00e9 preciso ressaltar que em contextos judiciais ou administrativos, \u00e9 essencial estar atento \u00e0s especificidades do ato que deu in\u00edcio ao prazo e \u00e0s regras do \u00f3rg\u00e3o competente.<\/p>\n\n\n\n<h2 class=\"wp-block-heading\">Conclus\u00e3o<\/h2>\n\n\n\n<p>Como vimos, a contagem de dias no direito trabalhista requer muita aten\u00e7\u00e3o e cuidado, tendo em vista os diversos aspectos a serem considerados durante o processo. Assim, \u00e9 preciso ficar atento aos prazos, feriados e regras para iniciar a contagem.&nbsp;<\/p>\n\n\n\n<p>Portanto, saber como contar dias no direito trabalhista \u00e9 essencial, pois existe uma elevada demanda no mercado e diversos profissionais n\u00e3o est\u00e3o preparados para essas necessidades. Logo, <a href=\"https:\/\/advbox.com.br\/register\" type=\"link\" id=\"https:\/\/advbox.com.br\/register\" target=\"_blank\">com a ADVBOX \u00e9 poss\u00edvel otimizar o processo e, consequentemente, garantir a satisfa\u00e7\u00e3o dos clientes<\/a>.<\/p>\n\n\n<div class=\"wp-block-image\">\n<figure class=\"aligncenter size-full\"><a href=\"https:\/\/advbox.com.br\/blog\/como-automatizar-seus-modelos-de-peticoes\/\" target=\"_blank\"><img fetchpriority=\"high\" decoding=\"async\" width=\"1024\" height=\"270\" src=\"https:\/\/advbox.com.br\/blog\/wp-content\/uploads\/2025\/12\/CTA-REBRANDING-17.webp\" alt=\"Banner com imagem ilustrativa de peti\u00e7\u00f5es automatizadas, destacando redu\u00e7\u00e3o de erros e ganho de escala na automa\u00e7\u00e3o jur\u00eddica para advogados\" class=\"wp-image-79760\" srcset=\"https:\/\/advbox.com.br\/blog\/wp-content\/uploads\/2025\/12\/CTA-REBRANDING-17.webp 1024w, https:\/\/advbox.com.br\/blog\/wp-content\/uploads\/2025\/12\/CTA-REBRANDING-17-500x132.webp 500w, https:\/\/advbox.com.br\/blog\/wp-content\/uploads\/2025\/12\/CTA-REBRANDING-17-768x203.webp 768w, https:\/\/advbox.com.br\/blog\/wp-content\/uploads\/2025\/12\/CTA-REBRANDING-17-150x40.webp 150w\" sizes=\"(max-width: 1024px) 100vw, 1024px\" \/><\/a><\/figure>\n<\/div>","protected":false},"excerpt":{"rendered":"<p>Contar dias no direito trabalhista refere-se ao c\u00e1lculo dos prazos para a pr\u00e1tica de atos processuais ou administrativos relacionados a quest\u00f5es trabalhistas.&nbsp; Dessa forma, esses prazos podem ser para apresentar defesas, interpor recursos trabalhistas, realizar pagamentos, entre outros. Sendo assim, a contagem de dias \u00e9 essencial para garantir que os [&hellip;]<\/p>\n","protected":false},"author":43,"featured_media":79776,"comment_status":"closed","ping_status":"closed","sticky":false,"template":"","format":"standard","meta":{"_acf_changed":false,"om_disable_all_campaigns":false,"footnotes":""},"categories":[717],"tags":[],"class_list":["post-63397","post","type-post","status-publish","format-standard","has-post-thumbnail","hentry","category-direito"],"acf":[],"yoast_head":"<!-- This site is optimized with the Yoast SEO plugin v26.9 - https:\/\/yoast.com\/product\/yoast-seo-wordpress\/ -->\n<title>Contar dias no direito trabalhista: dias \u00fateis, prazos e exce\u00e7\u00f5es<\/title>\n<meta name=\"description\" content=\"Saiba como s\u00e3o contados os dias na Justi\u00e7a do Trabalho, prazo para contesta\u00e7\u00e3o e de 48h. Entenda in\u00edcio de contagem, regras gerais e exce\u00e7\u00f5es.\" \/>\n<meta name=\"robots\" content=\"index, follow, max-snippet:-1, max-image-preview:large, max-video-preview:-1\" \/>\n<link rel=\"canonical\" href=\"https:\/\/advbox.com.br\/blog\/contar-dias\/\" \/>\n<meta property=\"og:locale\" content=\"pt_BR\" \/>\n<meta property=\"og:type\" content=\"article\" \/>\n<meta property=\"og:title\" content=\"Contar dias no direito trabalhista: dias \u00fateis, prazos e exce\u00e7\u00f5es\" \/>\n<meta property=\"og:description\" content=\"Saiba como s\u00e3o contados os dias na Justi\u00e7a do Trabalho, prazo para contesta\u00e7\u00e3o e de 48h. Entenda in\u00edcio de contagem, regras gerais e exce\u00e7\u00f5es.\" \/>\n<meta property=\"og:url\" content=\"https:\/\/advbox.com.br\/blog\/contar-dias\/\" \/>\n<meta property=\"og:site_name\" content=\"Software Jur\u00eddico Completo - ADVBOX\" \/>\n<meta property=\"article:publisher\" content=\"https:\/\/www.facebook.com\/advbox\/\" \/>\n<meta property=\"article:published_time\" content=\"2024-07-30T16:30:35+00:00\" \/>\n<meta property=\"article:modified_time\" content=\"2026-02-25T23:26:16+00:00\" \/>\n<meta property=\"og:image\" content=\"https:\/\/advbox.com.br\/blog\/wp-content\/uploads\/2025\/12\/sobrestamento-1.jpg\" \/>\n\t<meta property=\"og:image:width\" content=\"1024\" \/>\n\t<meta property=\"og:image:height\" content=\"576\" \/>\n\t<meta property=\"og:image:type\" content=\"image\/jpeg\" \/>\n<meta name=\"author\" content=\"Eduardo Koetz\" \/>\n<meta name=\"twitter:card\" content=\"summary_large_image\" \/>\n<meta name=\"twitter:creator\" content=\"@advbox2\" \/>\n<meta name=\"twitter:site\" content=\"@advbox2\" \/>\n<script type=\"application\/ld+json\" class=\"yoast-schema-graph\">{\"@context\":\"https:\/\/schema.org\",\"@graph\":[{\"@type\":\"Article\",\"@id\":\"https:\/\/advbox.com.br\/blog\/contar-dias\/#article\",\"isPartOf\":{\"@id\":\"https:\/\/advbox.com.br\/blog\/contar-dias\/\"},\"author\":{\"name\":\"Eduardo Koetz\",\"@id\":\"https:\/\/advbox.com.br\/blog\/#\/schema\/person\/029674387a95515a227f2dd7f49b8dfa\"},\"headline\":\"Contar dias no direito trabalhista: dias \u00fateis, prazos e exce\u00e7\u00f5es\",\"datePublished\":\"2024-07-30T16:30:35+00:00\",\"dateModified\":\"2026-02-25T23:26:16+00:00\",\"mainEntityOfPage\":{\"@id\":\"https:\/\/advbox.com.br\/blog\/contar-dias\/\"},\"wordCount\":1479,\"publisher\":{\"@id\":\"https:\/\/advbox.com.br\/blog\/#organization\"},\"image\":{\"@id\":\"https:\/\/advbox.com.br\/blog\/contar-dias\/#primaryimage\"},\"thumbnailUrl\":\"https:\/\/advbox.com.br\/blog\/wp-content\/uploads\/2025\/12\/sobrestamento-1.jpg\",\"articleSection\":[\"Direito\"],\"inLanguage\":\"pt-BR\"},{\"@type\":\"WebPage\",\"@id\":\"https:\/\/advbox.com.br\/blog\/contar-dias\/\",\"url\":\"https:\/\/advbox.com.br\/blog\/contar-dias\/\",\"name\":\"Contar dias no direito trabalhista: dias \u00fateis, prazos e exce\u00e7\u00f5es\",\"isPartOf\":{\"@id\":\"https:\/\/advbox.com.br\/blog\/#website\"},\"primaryImageOfPage\":{\"@id\":\"https:\/\/advbox.com.br\/blog\/contar-dias\/#primaryimage\"},\"image\":{\"@id\":\"https:\/\/advbox.com.br\/blog\/contar-dias\/#primaryimage\"},\"thumbnailUrl\":\"https:\/\/advbox.com.br\/blog\/wp-content\/uploads\/2025\/12\/sobrestamento-1.jpg\",\"datePublished\":\"2024-07-30T16:30:35+00:00\",\"dateModified\":\"2026-02-25T23:26:16+00:00\",\"description\":\"Saiba como s\u00e3o contados os dias na Justi\u00e7a do Trabalho, prazo para contesta\u00e7\u00e3o e de 48h. Entenda in\u00edcio de contagem, regras gerais e exce\u00e7\u00f5es.\",\"breadcrumb\":{\"@id\":\"https:\/\/advbox.com.br\/blog\/contar-dias\/#breadcrumb\"},\"inLanguage\":\"pt-BR\",\"potentialAction\":[{\"@type\":\"ReadAction\",\"target\":[\"https:\/\/advbox.com.br\/blog\/contar-dias\/\"]}]},{\"@type\":\"ImageObject\",\"inLanguage\":\"pt-BR\",\"@id\":\"https:\/\/advbox.com.br\/blog\/contar-dias\/#primaryimage\",\"url\":\"https:\/\/advbox.com.br\/blog\/wp-content\/uploads\/2025\/12\/sobrestamento-1.jpg\",\"contentUrl\":\"https:\/\/advbox.com.br\/blog\/wp-content\/uploads\/2025\/12\/sobrestamento-1.jpg\",\"width\":1024,\"height\":576,\"caption\":\"Banner institucional da ADVBOX com elemento visual abstrato em tons de azul, representando estrutura, tecnologia e identidade visual da marca\"},{\"@type\":\"BreadcrumbList\",\"@id\":\"https:\/\/advbox.com.br\/blog\/contar-dias\/#breadcrumb\",\"itemListElement\":[{\"@type\":\"ListItem\",\"position\":1,\"name\":\"In\u00edcio\",\"item\":\"https:\/\/advbox.com.br\/blog\/\"},{\"@type\":\"ListItem\",\"position\":2,\"name\":\"Direito\",\"item\":\"https:\/\/advbox.com.br\/blog\/direito\/\"},{\"@type\":\"ListItem\",\"position\":3,\"name\":\"Contar dias no direito trabalhista: dias \u00fateis, prazos e exce\u00e7\u00f5es\"}]},{\"@type\":\"WebSite\",\"@id\":\"https:\/\/advbox.com.br\/blog\/#website\",\"url\":\"https:\/\/advbox.com.br\/blog\/\",\"name\":\"Software Jur\u00eddico Completo - ADVBOX\",\"description\":\"Plataforma para Advocacia Digital\",\"publisher\":{\"@id\":\"https:\/\/advbox.com.br\/blog\/#organization\"},\"potentialAction\":[{\"@type\":\"SearchAction\",\"target\":{\"@type\":\"EntryPoint\",\"urlTemplate\":\"https:\/\/advbox.com.br\/blog\/?s={search_term_string}\"},\"query-input\":{\"@type\":\"PropertyValueSpecification\",\"valueRequired\":true,\"valueName\":\"search_term_string\"}}],\"inLanguage\":\"pt-BR\"},{\"@type\":\"Organization\",\"@id\":\"https:\/\/advbox.com.br\/blog\/#organization\",\"name\":\"ADVBOX Blog - Software jur\u00eddico da advocacia digital\",\"url\":\"https:\/\/advbox.com.br\/blog\/\",\"logo\":{\"@type\":\"ImageObject\",\"inLanguage\":\"pt-BR\",\"@id\":\"https:\/\/advbox.com.br\/blog\/#\/schema\/logo\/image\/\",\"url\":\"https:\/\/advbox.com.br\/blog\/wp-content\/uploads\/2019\/12\/Como-aumentar-a-produtividade_.jpg\",\"contentUrl\":\"https:\/\/advbox.com.br\/blog\/wp-content\/uploads\/2019\/12\/Como-aumentar-a-produtividade_.jpg\",\"width\":320,\"height\":213,\"caption\":\"ADVBOX Blog - Software jur\u00eddico da advocacia digital\"},\"image\":{\"@id\":\"https:\/\/advbox.com.br\/blog\/#\/schema\/logo\/image\/\"},\"sameAs\":[\"https:\/\/www.facebook.com\/advbox\/\",\"https:\/\/x.com\/advbox2\"]},{\"@type\":\"Person\",\"@id\":\"https:\/\/advbox.com.br\/blog\/#\/schema\/person\/029674387a95515a227f2dd7f49b8dfa\",\"name\":\"Eduardo Koetz\",\"description\":\"Eduardo Koetz \u00e9 advogado, escritor, s\u00f3cio e fundador da Koetz Advocacia e CEO da empresa de software jur\u00eddico Advbox. Possui bacharel em Direito pela Universidade do Vale do Rio dos Sinos (Unisinos). Possui tanto registros na Ordem dos Advogados do Brasil - OAB (OAB\/SC 42.934, OAB\/RS 73.409, OAB\/PR 72.951, OAB\/SP 435.266, OAB\/MG 204.531, OAB\/MG 204.531), como na Ordem dos Advogados de Portugal - OA ( OA\/Portugal 69.512L).swdsasdw \u00c9 p\u00f3s-graduado em Direito do Trabalho pela Universidade Federal do Rio Grande do Sul (2011- 2012) e em Direito Tribut\u00e1rio pela Escola Superior da Magistratura Federal ESMAFE (2013 - 2014). Atua como um dos principais gestores da Koetz Advocacia realizando a supervis\u00e3o e lideran\u00e7a em todos os setores do escrit\u00f3rio. Em 2021, Eduardo publicou o livro intitulado: Otimizado - O escrit\u00f3rio como empresa escal\u00e1vel pela editora Viseu.\",\"url\":\"https:\/\/advbox.com.br\/blog\/autor\/comunicacao\/\"}]}<\/script>\n<!-- \/ Yoast SEO plugin. -->","yoast_head_json":{"title":"Contar dias no direito trabalhista: dias \u00fateis, prazos e exce\u00e7\u00f5es","description":"Saiba como s\u00e3o contados os dias na Justi\u00e7a do Trabalho, prazo para contesta\u00e7\u00e3o e de 48h. Entenda in\u00edcio de contagem, regras gerais e exce\u00e7\u00f5es.","robots":{"index":"index","follow":"follow","max-snippet":"max-snippet:-1","max-image-preview":"max-image-preview:large","max-video-preview":"max-video-preview:-1"},"canonical":"https:\/\/advbox.com.br\/blog\/contar-dias\/","og_locale":"pt_BR","og_type":"article","og_title":"Contar dias no direito trabalhista: dias \u00fateis, prazos e exce\u00e7\u00f5es","og_description":"Saiba como s\u00e3o contados os dias na Justi\u00e7a do Trabalho, prazo para contesta\u00e7\u00e3o e de 48h. Entenda in\u00edcio de contagem, regras gerais e exce\u00e7\u00f5es.","og_url":"https:\/\/advbox.com.br\/blog\/contar-dias\/","og_site_name":"Software Jur\u00eddico Completo - ADVBOX","article_publisher":"https:\/\/www.facebook.com\/advbox\/","article_published_time":"2024-07-30T16:30:35+00:00","article_modified_time":"2026-02-25T23:26:16+00:00","og_image":[{"width":1024,"height":576,"url":"https:\/\/advbox.com.br\/blog\/wp-content\/uploads\/2025\/12\/sobrestamento-1.jpg","type":"image\/jpeg"}],"author":"Eduardo Koetz","twitter_card":"summary_large_image","twitter_creator":"@advbox2","twitter_site":"@advbox2","schema":{"@context":"https:\/\/schema.org","@graph":[{"@type":"Article","@id":"https:\/\/advbox.com.br\/blog\/contar-dias\/#article","isPartOf":{"@id":"https:\/\/advbox.com.br\/blog\/contar-dias\/"},"author":{"name":"Eduardo Koetz","@id":"https:\/\/advbox.com.br\/blog\/#\/schema\/person\/029674387a95515a227f2dd7f49b8dfa"},"headline":"Contar dias no direito trabalhista: dias \u00fateis, prazos e exce\u00e7\u00f5es","datePublished":"2024-07-30T16:30:35+00:00","dateModified":"2026-02-25T23:26:16+00:00","mainEntityOfPage":{"@id":"https:\/\/advbox.com.br\/blog\/contar-dias\/"},"wordCount":1479,"publisher":{"@id":"https:\/\/advbox.com.br\/blog\/#organization"},"image":{"@id":"https:\/\/advbox.com.br\/blog\/contar-dias\/#primaryimage"},"thumbnailUrl":"https:\/\/advbox.com.br\/blog\/wp-content\/uploads\/2025\/12\/sobrestamento-1.jpg","articleSection":["Direito"],"inLanguage":"pt-BR"},{"@type":"WebPage","@id":"https:\/\/advbox.com.br\/blog\/contar-dias\/","url":"https:\/\/advbox.com.br\/blog\/contar-dias\/","name":"Contar dias no direito trabalhista: dias \u00fateis, prazos e exce\u00e7\u00f5es","isPartOf":{"@id":"https:\/\/advbox.com.br\/blog\/#website"},"primaryImageOfPage":{"@id":"https:\/\/advbox.com.br\/blog\/contar-dias\/#primaryimage"},"image":{"@id":"https:\/\/advbox.com.br\/blog\/contar-dias\/#primaryimage"},"thumbnailUrl":"https:\/\/advbox.com.br\/blog\/wp-content\/uploads\/2025\/12\/sobrestamento-1.jpg","datePublished":"2024-07-30T16:30:35+00:00","dateModified":"2026-02-25T23:26:16+00:00","description":"Saiba como s\u00e3o contados os dias na Justi\u00e7a do Trabalho, prazo para contesta\u00e7\u00e3o e de 48h. Entenda in\u00edcio de contagem, regras gerais e exce\u00e7\u00f5es.","breadcrumb":{"@id":"https:\/\/advbox.com.br\/blog\/contar-dias\/#breadcrumb"},"inLanguage":"pt-BR","potentialAction":[{"@type":"ReadAction","target":["https:\/\/advbox.com.br\/blog\/contar-dias\/"]}]},{"@type":"ImageObject","inLanguage":"pt-BR","@id":"https:\/\/advbox.com.br\/blog\/contar-dias\/#primaryimage","url":"https:\/\/advbox.com.br\/blog\/wp-content\/uploads\/2025\/12\/sobrestamento-1.jpg","contentUrl":"https:\/\/advbox.com.br\/blog\/wp-content\/uploads\/2025\/12\/sobrestamento-1.jpg","width":1024,"height":576,"caption":"Banner institucional da ADVBOX com elemento visual abstrato em tons de azul, representando estrutura, tecnologia e identidade visual da marca"},{"@type":"BreadcrumbList","@id":"https:\/\/advbox.com.br\/blog\/contar-dias\/#breadcrumb","itemListElement":[{"@type":"ListItem","position":1,"name":"In\u00edcio","item":"https:\/\/advbox.com.br\/blog\/"},{"@type":"ListItem","position":2,"name":"Direito","item":"https:\/\/advbox.com.br\/blog\/direito\/"},{"@type":"ListItem","position":3,"name":"Contar dias no direito trabalhista: dias \u00fateis, prazos e exce\u00e7\u00f5es"}]},{"@type":"WebSite","@id":"https:\/\/advbox.com.br\/blog\/#website","url":"https:\/\/advbox.com.br\/blog\/","name":"Software Jur\u00eddico Completo - ADVBOX","description":"Plataforma para Advocacia Digital","publisher":{"@id":"https:\/\/advbox.com.br\/blog\/#organization"},"potentialAction":[{"@type":"SearchAction","target":{"@type":"EntryPoint","urlTemplate":"https:\/\/advbox.com.br\/blog\/?s={search_term_string}"},"query-input":{"@type":"PropertyValueSpecification","valueRequired":true,"valueName":"search_term_string"}}],"inLanguage":"pt-BR"},{"@type":"Organization","@id":"https:\/\/advbox.com.br\/blog\/#organization","name":"ADVBOX Blog - Software jur\u00eddico da advocacia digital","url":"https:\/\/advbox.com.br\/blog\/","logo":{"@type":"ImageObject","inLanguage":"pt-BR","@id":"https:\/\/advbox.com.br\/blog\/#\/schema\/logo\/image\/","url":"https:\/\/advbox.com.br\/blog\/wp-content\/uploads\/2019\/12\/Como-aumentar-a-produtividade_.jpg","contentUrl":"https:\/\/advbox.com.br\/blog\/wp-content\/uploads\/2019\/12\/Como-aumentar-a-produtividade_.jpg","width":320,"height":213,"caption":"ADVBOX Blog - Software jur\u00eddico da advocacia digital"},"image":{"@id":"https:\/\/advbox.com.br\/blog\/#\/schema\/logo\/image\/"},"sameAs":["https:\/\/www.facebook.com\/advbox\/","https:\/\/x.com\/advbox2"]},{"@type":"Person","@id":"https:\/\/advbox.com.br\/blog\/#\/schema\/person\/029674387a95515a227f2dd7f49b8dfa","name":"Eduardo Koetz","description":"Eduardo Koetz \u00e9 advogado, escritor, s\u00f3cio e fundador da Koetz Advocacia e CEO da empresa de software jur\u00eddico Advbox. Possui bacharel em Direito pela Universidade do Vale do Rio dos Sinos (Unisinos). Possui tanto registros na Ordem dos Advogados do Brasil - OAB (OAB\/SC 42.934, OAB\/RS 73.409, OAB\/PR 72.951, OAB\/SP 435.266, OAB\/MG 204.531, OAB\/MG 204.531), como na Ordem dos Advogados de Portugal - OA ( OA\/Portugal 69.512L).swdsasdw \u00c9 p\u00f3s-graduado em Direito do Trabalho pela Universidade Federal do Rio Grande do Sul (2011- 2012) e em Direito Tribut\u00e1rio pela Escola Superior da Magistratura Federal ESMAFE (2013 - 2014). Atua como um dos principais gestores da Koetz Advocacia realizando a supervis\u00e3o e lideran\u00e7a em todos os setores do escrit\u00f3rio. Em 2021, Eduardo publicou o livro intitulado: Otimizado - O escrit\u00f3rio como empresa escal\u00e1vel pela editora Viseu.","url":"https:\/\/advbox.com.br\/blog\/autor\/comunicacao\/"}]}},"_links":{"self":[{"href":"https:\/\/advbox.com.br\/blog\/wp-json\/wp\/v2\/posts\/63397","targetHints":{"allow":["GET"]}}],"collection":[{"href":"https:\/\/advbox.com.br\/blog\/wp-json\/wp\/v2\/posts"}],"about":[{"href":"https:\/\/advbox.com.br\/blog\/wp-json\/wp\/v2\/types\/post"}],"author":[{"embeddable":true,"href":"https:\/\/advbox.com.br\/blog\/wp-json\/wp\/v2\/users\/43"}],"replies":[{"embeddable":true,"href":"https:\/\/advbox.com.br\/blog\/wp-json\/wp\/v2\/comments?post=63397"}],"version-history":[{"count":5,"href":"https:\/\/advbox.com.br\/blog\/wp-json\/wp\/v2\/posts\/63397\/revisions"}],"predecessor-version":[{"id":82175,"href":"https:\/\/advbox.com.br\/blog\/wp-json\/wp\/v2\/posts\/63397\/revisions\/82175"}],"wp:featuredmedia":[{"embeddable":true,"href":"https:\/\/advbox.com.br\/blog\/wp-json\/wp\/v2\/media\/79776"}],"wp:attachment":[{"href":"https:\/\/advbox.com.br\/blog\/wp-json\/wp\/v2\/media?parent=63397"}],"wp:term":[{"taxonomy":"category","embeddable":true,"href":"https:\/\/advbox.com.br\/blog\/wp-json\/wp\/v2\/categories?post=63397"},{"taxonomy":"post_tag","embeddable":true,"href":"https:\/\/advbox.com.br\/blog\/wp-json\/wp\/v2\/tags?post=63397"}],"curies":[{"name":"wp","href":"https:\/\/api.w.org\/{rel}","templated":true}]}}