{"id":65183,"date":"2024-08-22T14:05:59","date_gmt":"2024-08-22T17:05:59","guid":{"rendered":"https:\/\/advbox.com.br\/blog\/?p=65183"},"modified":"2024-08-22T14:06:00","modified_gmt":"2024-08-22T17:06:00","slug":"meio-ambiente-e-advbox","status":"publish","type":"post","link":"https:\/\/advbox.com.br\/blog\/meio-ambiente-e-advbox\/","title":{"rendered":"Como a ADVBOX contribui para o meio ambiente?"},"content":{"rendered":"<p>Em 2021, a ADVBOX\u00a0 passou a integrar a Rede<strong> Brasil do Pacto Global, iniciativa da Na\u00e7\u00f5es Unidas (ONU)<\/strong>. O objetivo \u00e9 mobilizar a comunidade empresarial na ado\u00e7\u00e3o de 10 princ\u00edpios nas \u00e1reas de direitos humanos, trabalho, meio ambiente e combate \u00e0 corrup\u00e7\u00e3o.<\/p><p>A iniciativa foi volunt\u00e1ria e fornece diretrizes para a promo\u00e7\u00e3o do crescimento sustent\u00e1vel e da cidadania, por meio, assim, de lideran\u00e7as corporativas comprometidas e inovadoras.<\/p><h2 class=\"wp-block-heading\">O que \u00e9 o Pacto Global da ONU?<\/h2><p>Criado no ano 2000, o Pacto Global foi idealizado pelo ex-secret\u00e1rio-geral da ONU, Kofi Annan. Ele acreditava a pobreza, a degrada\u00e7\u00e3o ambiental e, al\u00e9m disso, outros desafios n\u00e3o poderiam ser resolvidas sem o setor privado se envolver.<\/p><p>Assim, o Pacto Global da ONU re\u00fane empresas de todo o mundo para adotar pr\u00e1ticas respons\u00e1veis em suas opera\u00e7\u00f5es, promovendo valores como direitos humanos, trabalho digno, prote\u00e7\u00e3o ambiental e combate \u00e0 corrup\u00e7\u00e3o.\u00a0<\/p><p>Com seus Dez Princ\u00edpios, o Pacto desafia as empresas a n\u00e3o apenas se comprometerem com essas causas, mas tamb\u00e9m a incorporarem a sustentabilidade em suas estrat\u00e9gias e opera\u00e7\u00f5es di\u00e1rias, tornando-se for\u00e7as ativas na constru\u00e7\u00e3o de um futuro mais justo e sustent\u00e1vel. Confira a seguir os Dez Princ\u00edpios!<\/p><h3 class=\"wp-block-heading\">Direitos Humanos<\/h3><ul class=\"wp-block-list\">\n<li class=\"has-small-font-size\"><strong>1.<\/strong> As empresas devem apoiar e respeitar a prote\u00e7\u00e3o de direitos humanos reconhecidos internacionalmente; e<\/li>\n\n\n\n<li class=\"has-small-font-size\"><strong>2.<\/strong> Assegurar-se de sua n\u00e3o participa\u00e7\u00e3o em viola\u00e7\u00f5es destes direitos.<\/li>\n<\/ul><h3 class=\"wp-block-heading\">Trabalho<\/h3><ul class=\"wp-block-list\">\n<li class=\"has-small-font-size\"><strong>3.<\/strong> As empresas devem apoiar a liberdade de associa\u00e7\u00e3o e o reconhecimento efetivo do direito \u00e0 negocia\u00e7\u00e3o coletiva;<\/li>\n\n\n\n<li class=\"has-small-font-size\"><strong>4.<\/strong> A elimina\u00e7\u00e3o de todas as formas de trabalho for\u00e7ado ou compuls\u00f3rio;<\/li>\n\n\n\n<li class=\"has-small-font-size\"><strong>5.<\/strong> A aboli\u00e7\u00e3o efetiva do trabalho infantil; e<\/li>\n\n\n\n<li class=\"has-small-font-size\"><strong>6.<\/strong> Eliminar a discrimina\u00e7\u00e3o no emprego.<\/li>\n<\/ul><h3 class=\"wp-block-heading\">Meio Ambiente<\/h3><ul class=\"wp-block-list\">\n<li class=\"has-small-font-size\"><strong>7.<\/strong> As empresas devem apoiar uma abordagem preventiva aos desafios ambientais;<\/li>\n\n\n\n<li class=\"has-small-font-size\"><strong>8.<\/strong> Desenvolver iniciativas para promover maior responsabilidade ambiental; e<\/li>\n\n\n\n<li class=\"has-small-font-size\"><strong>9.<\/strong> Incentivar o desenvolvimento e difus\u00e3o de tecnologias ambientalmente amig\u00e1veis.<\/li>\n<\/ul><h3 class=\"wp-block-heading\">Contra a Corrup\u00e7\u00e3o<\/h3><ul class=\"wp-block-list\">\n<li class=\"has-small-font-size\"><strong>10.<\/strong> As empresas devem combater a corrup\u00e7\u00e3o em todas as suas formas, inclusive extors\u00e3o e propina.<\/li>\n<\/ul><p>Al\u00e9m disso, o Pacto Global incentiva a colabora\u00e7\u00e3o entre empresas, governos e sociedade civil, reconhecendo que a solu\u00e7\u00e3o para os grandes problemas globais s\u00f3 pode ser alcan\u00e7ada atrav\u00e9s de esfor\u00e7os conjuntos. <\/p><p>Ao aderir a essa iniciativa, as empresas n\u00e3o apenas contribuem para um mundo melhor, mas tamb\u00e9m fortalecem sua reputa\u00e7\u00e3o e competitividade, alinhando seus neg\u00f3cios \u00e0s demandas de um mercado cada vez mais consciente e exigente.<\/p><h2 class=\"wp-block-heading\">Escrit\u00f3rios h\u00edbridos contribuem mais para o meio ambiente<\/h2><p>De acordo com um estudo conduzido por pesquisadores da Universidade Cornell e da Microsoft, trabalhar remotamente pode trazer grandes benef\u00edcios ambientais, entre eles, reduzir as emiss\u00f5es de carbono da empresa.\u00a0<\/p><p>Em compara\u00e7\u00e3o com aqueles que se deslocam para o escrit\u00f3rio, quem trabalha de forma remota pode reduzir as suas emiss\u00f5es de gases com efeito de estufa em 54%. Por outro lado, no caso de um esquema h\u00edbrido, a redu\u00e7\u00e3o \u00e9 de 11% quando trabalham remotamente dois dias por semana e em 29% quando passam quatro dias a trabalhar a partir de casa.<\/p><div class=\"wp-block-image\"><figure class=\"aligncenter\"><img decoding=\"async\" src=\"https:\/\/lh7-rt.googleusercontent.com\/docsz\/AD_4nXeYw0zvZMWRT3FpcxhKjHzXw1rzr3NGeeJzdeckQmjwzqImIIYUJjN7qdgQw-Ec37W3NYSX_kTupl2zJnxWL9KE3C8BP54zy_WxAKiRnOGBs3ZxyZQFlGPJ2cryn-zTio8b2iVmj6CkAo7G5bGJN4miQrMX?key=8tsJwZkvDTzeW70ThYmmjA\" alt=\"\" loading=\"lazy\"><\/figure><\/div><p>Nesse sentido, para empresas que desejam estar de acordo com esse pacto global, o ideal \u00e9 adotar novas formas de trabalho. Ou seja, o trabalho h\u00edbrido j\u00e1 \u00e9 um \u00f3timo come\u00e7o para os escrit\u00f3rios.<\/p><h2 class=\"wp-block-heading\">Os avan\u00e7os tecnol\u00f3gicos contribuem para boas pr\u00e1ticas a favor do meio ambiente<\/h2><p>Nos \u00faltimos anos, os avan\u00e7os tecnol\u00f3gicos t\u00eam transformado profundamente a pr\u00e1tica jur\u00eddica, trazendo novas ferramentas que n\u00e3o apenas otimizam processos, mas tamb\u00e9m aprimoram a entrega de servi\u00e7os aos clientes. <\/p><p>Entretanto, a digitaliza\u00e7\u00e3o de documentos, a automa\u00e7\u00e3o de tarefas rotineiras e a Intelig\u00eancia Artificial s\u00e3o apenas alguns exemplos de como a tecnologia est\u00e1 redefinindo a atua\u00e7\u00e3o dos profissionais do Direito.\u00a0<\/p><p>Assim, com solu\u00e7\u00f5es como plataformas de gest\u00e3o jur\u00eddica, software jur\u00eddico e Intelig\u00eancia Artificial, os advogados agora podem acessar informa\u00e7\u00f5es e dados relevantes de forma mais r\u00e1pida e eficiente, permitindo que se concentrem em atividades mais estrat\u00e9gicas e consultivas.<\/p><h3 class=\"wp-block-heading\">Taskscore<\/h3><p>Al\u00e9m disso, um aspecto significativo dessa transforma\u00e7\u00e3o \u00e9 o Sistema Taskscore. Ele foi criado pelo Software Jur\u00eddico ADVBOX, e se refere a um sistema de avalia\u00e7\u00e3o de produtividade baseado na execu\u00e7\u00e3o de tarefas. <\/p><p>Afinal, com a implementa\u00e7\u00e3o de ferramentas que monitoram e avaliam o desempenho das equipes jur\u00eddicas, \u00e9 poss\u00edvel identificar \u00e1reas de melhoria, otimizar processos e aumentar a efici\u00eancia geral do escrit\u00f3rio.\u00a0<\/p><p>Esse enfoque n\u00e3o s\u00f3 promove uma cultura de responsabilidade e transpar\u00eancia, mas tamb\u00e9m resulta em uma gest\u00e3o mais eficaz do tempo e dos recursos, permitindo que os advogados atendam melhor \u00e0s necessidades dos clientes e maximizem os resultados.<\/p><p>Nesse contexto de inova\u00e7\u00e3o, a ADVBOX se destaca ao alinhar suas pr\u00e1ticas com os Objetivos de Desenvolvimento Sustent\u00e1vel (ODS) estabelecidos pela ONU. <\/p><p>Esses objetivos incluem a erradica\u00e7\u00e3o da pobreza, a promo\u00e7\u00e3o de trabalho digno e crescimento econ\u00f4mico, a constru\u00e7\u00e3o de cidades e comunidades sustent\u00e1veis, entre outros.\u00a0<\/p><p>Ao oferecer solu\u00e7\u00f5es tecnol\u00f3gicas que melhoram a efici\u00eancia e a sustentabilidade dos escrit\u00f3rios de advocacia, a ADVBOX contribui diretamente para esses ODS, ajudando os profissionais do Direito a atuarem de maneira mais respons\u00e1vel e sustent\u00e1vel. <\/p><p>Por meio de sua plataforma, a ADVBOX incentiva a ado\u00e7\u00e3o de pr\u00e1ticas que n\u00e3o apenas atendem \u00e0s demandas do mercado, mas tamb\u00e9m promovem um impacto social positivo, reafirmando seu compromisso com a responsabilidade social e o desenvolvimento sustent\u00e1vel na advocacia.<\/p><h2 class=\"wp-block-heading\">Promover pr\u00e1ticas sustent\u00e1veis \u00e9 importante nas empresas<\/h2><p>\u00c9 de extrema import\u00e2ncia integrar pr\u00e1ticas sustent\u00e1veis e respons\u00e1veis no ambiente empresarial, especialmente no setor jur\u00eddico. <\/p><p>Desde a ades\u00e3o ao Pacto Global da ONU at\u00e9 a implementa\u00e7\u00e3o de escrit\u00f3rios h\u00edbridos e o uso de tecnologias avan\u00e7adas, ficou evidente que empresas como a ADVBOX est\u00e3o na vanguarda dessa transforma\u00e7\u00e3o.\u00a0<\/p><p>Ao promover a responsabilidade social e ambiental, essas iniciativas n\u00e3o apenas fortalecem a reputa\u00e7\u00e3o das empresas, mas tamb\u00e9m contribuem de maneira significativa para os Objetivos de Desenvolvimento Sustent\u00e1vel (ODS).<\/p><p>Demonstrando, assim, que o sucesso nos neg\u00f3cios pode, e deve, caminhar lado a lado com a preserva\u00e7\u00e3o do meio ambiente e a promo\u00e7\u00e3o de um futuro mais justo e sustent\u00e1vel para todos.\u00a0<\/p><p>Nesse sentido, a combina\u00e7\u00e3o de tecnologia e compromisso social pode gerar impactos positivos tanto para as empresas quanto para a sociedade. <\/p><p>A digitaliza\u00e7\u00e3o e a automa\u00e7\u00e3o, exemplificadas pelo Sistema Taskscore, mostram que \u00e9 poss\u00edvel otimizar a produtividade e, ao mesmo tempo, reduzir a pegada de carbono, promovendo uma pr\u00e1tica jur\u00eddica mais eficiente e ambientalmente respons\u00e1vel.<\/p><p>Ou seja, a ado\u00e7\u00e3o de pr\u00e1ticas sustent\u00e1veis \u00e9 n\u00e3o apenas uma necessidade urgente, mas tamb\u00e9m uma oportunidade para as empresas se destacarem e liderarem um movimento em prol de um mundo melhor.<\/p><h2 class=\"wp-block-heading\">Mais conhecimento para voc\u00ea!<\/h2><p>Por aqui estamos sempre abordando assuntos quentes e relevantes para os profissionais do Direito. Confira outros textos que tamb\u00e9m podem te interessar:<\/p><figure class=\"wp-block-table\"><table><tbody><tr><td><a href=\"https:\/\/advbox.com.br\/blog\/alta-produtividade-na-advocacia\/\" target=\"_blank\" rel=\"noreferrer noopener\" target=\"_blank\">Alta produtividade na advocacia<\/a><\/td><\/tr><tr><td><a href=\"https:\/\/advbox.com.br\/blog\/como-criar-o-setor-comercial\/\" target=\"_blank\" rel=\"noreferrer noopener\" target=\"_blank\">Como criar o setor comercial do seu escrit\u00f3rio de advocacia? Confira 7 dicas!<\/a><\/td><\/tr><tr><td><a href=\"https:\/\/advbox.com.br\/blog\/5-recursos-mais-eficientes-nos-softwares-juridicos-do-mercado\/\" target=\"_blank\" rel=\"noreferrer noopener\" target=\"_blank\">Software Jur\u00eddico: 17 crit\u00e9rios fundamentais para encontrar o melhor!<\/a><\/td><\/tr><tr><td><a href=\"https:\/\/advbox.com.br\/blog\/controladoria-juridica\/\" target=\"_blank\" rel=\"noreferrer noopener\" target=\"_blank\">O que \u00e9 a Controladoria Jur\u00eddica e como funciona<\/a><\/td><\/tr><tr><td><a href=\"https:\/\/advbox.com.br\/blog\/sistema-de-filiais\/\" target=\"_blank\" rel=\"noreferrer noopener\" target=\"_blank\">Escrit\u00f3rios com filiais, correspondentes e parceiros fixos<\/a><\/td><\/tr><tr><td><a href=\"https:\/\/advbox.com.br\/blog\/avaliacao-de-dados\/\" target=\"_blank\" rel=\"noreferrer noopener\" target=\"_blank\">Advocacia baseada em dados<\/a><\/td><\/tr><\/tbody><\/table><\/figure><div class=\"wp-block-image\"><figure class=\"aligncenter size-full\"><a href=\"https:\/\/advbox.com.br\/cadastro\" target=\"_blank\"><img fetchpriority=\"high\" decoding=\"async\" width=\"760\" height=\"200\" src=\"https:\/\/advbox.com.br\/blog\/wp-content\/uploads\/2019\/05\/CTA-Email-6.jpg\" alt=\"CTA ADVBOX CADASTRO 06\" class=\"wp-image-56943\" srcset=\"https:\/\/advbox.com.br\/blog\/wp-content\/uploads\/2019\/05\/CTA-Email-6.jpg 760w, https:\/\/advbox.com.br\/blog\/wp-content\/uploads\/2019\/05\/CTA-Email-6-500x132.jpg 500w\" sizes=\"(max-width: 760px) 100vw, 760px\" \/><\/a><\/figure><\/div>\n","protected":false},"excerpt":{"rendered":"<p>Em 2021, a ADVBOX\u00a0 passou a integrar a Rede Brasil do Pacto Global, iniciativa da Na\u00e7\u00f5es Unidas (ONU). O objetivo \u00e9 mobilizar a comunidade empresarial na ado\u00e7\u00e3o de 10 princ\u00edpios nas \u00e1reas de direitos humanos, trabalho, meio ambiente e combate \u00e0 corrup\u00e7\u00e3o. A iniciativa foi volunt\u00e1ria e fornece diretrizes para [&hellip;]<\/p>\n","protected":false},"author":43,"featured_media":63089,"comment_status":"closed","ping_status":"closed","sticky":false,"template":"","format":"standard","meta":{"_acf_changed":false,"om_disable_all_campaigns":false,"footnotes":""},"categories":[1],"tags":[],"class_list":["post-65183","post","type-post","status-publish","format-standard","has-post-thumbnail","hentry","category-advbox"],"acf":[],"yoast_head":"<!-- This site is optimized with the Yoast SEO plugin v26.9 - https:\/\/yoast.com\/product\/yoast-seo-wordpress\/ -->\n<title>Meio ambiente e ADVBOX: qual a contribui\u00e7\u00e3o?<\/title>\n<meta name=\"description\" content=\"Entenda como a utiliza\u00e7\u00e3o de um software jur\u00eddico eficaz como a ADVBOX \u00e9 capaz de inmpactar positivamente o meio ambiente!\" \/>\n<meta name=\"robots\" content=\"index, follow, max-snippet:-1, max-image-preview:large, max-video-preview:-1\" \/>\n<link rel=\"canonical\" href=\"https:\/\/advbox.com.br\/blog\/meio-ambiente-e-advbox\/\" \/>\n<meta property=\"og:locale\" content=\"pt_BR\" \/>\n<meta property=\"og:type\" content=\"article\" \/>\n<meta property=\"og:title\" content=\"Meio ambiente e ADVBOX: qual a contribui\u00e7\u00e3o?\" \/>\n<meta property=\"og:description\" content=\"Entenda como a utiliza\u00e7\u00e3o de um software jur\u00eddico eficaz como a ADVBOX \u00e9 capaz de inmpactar positivamente o meio ambiente!\" \/>\n<meta property=\"og:url\" content=\"https:\/\/advbox.com.br\/blog\/meio-ambiente-e-advbox\/\" \/>\n<meta property=\"og:site_name\" content=\"Software Jur\u00eddico Completo - ADVBOX\" \/>\n<meta property=\"article:publisher\" content=\"https:\/\/www.facebook.com\/advbox\/\" \/>\n<meta property=\"article:published_time\" content=\"2024-08-22T17:05:59+00:00\" \/>\n<meta property=\"article:modified_time\" content=\"2024-08-22T17:06:00+00:00\" \/>\n<meta property=\"og:image\" content=\"https:\/\/advbox.com.br\/blog\/wp-content\/uploads\/2023\/11\/O-diferencial-da-ADVBOX.webp\" \/>\n\t<meta property=\"og:image:width\" content=\"1000\" \/>\n\t<meta property=\"og:image:height\" content=\"668\" \/>\n\t<meta property=\"og:image:type\" content=\"image\/webp\" \/>\n<meta name=\"author\" content=\"Eduardo Koetz\" \/>\n<meta name=\"twitter:card\" content=\"summary_large_image\" \/>\n<meta name=\"twitter:creator\" content=\"@advbox2\" \/>\n<meta name=\"twitter:site\" content=\"@advbox2\" \/>\n<script type=\"application\/ld+json\" class=\"yoast-schema-graph\">{\"@context\":\"https:\/\/schema.org\",\"@graph\":[{\"@type\":\"Article\",\"@id\":\"https:\/\/advbox.com.br\/blog\/meio-ambiente-e-advbox\/#article\",\"isPartOf\":{\"@id\":\"https:\/\/advbox.com.br\/blog\/meio-ambiente-e-advbox\/\"},\"author\":{\"name\":\"Eduardo Koetz\",\"@id\":\"https:\/\/advbox.com.br\/blog\/#\/schema\/person\/029674387a95515a227f2dd7f49b8dfa\"},\"headline\":\"Como a ADVBOX contribui para o meio ambiente?\",\"datePublished\":\"2024-08-22T17:05:59+00:00\",\"dateModified\":\"2024-08-22T17:06:00+00:00\",\"mainEntityOfPage\":{\"@id\":\"https:\/\/advbox.com.br\/blog\/meio-ambiente-e-advbox\/\"},\"wordCount\":1259,\"publisher\":{\"@id\":\"https:\/\/advbox.com.br\/blog\/#organization\"},\"image\":{\"@id\":\"https:\/\/advbox.com.br\/blog\/meio-ambiente-e-advbox\/#primaryimage\"},\"thumbnailUrl\":\"https:\/\/advbox.com.br\/blog\/wp-content\/uploads\/2023\/11\/O-diferencial-da-ADVBOX.webp\",\"articleSection\":[\"ADVBOX\"],\"inLanguage\":\"pt-BR\"},{\"@type\":\"WebPage\",\"@id\":\"https:\/\/advbox.com.br\/blog\/meio-ambiente-e-advbox\/\",\"url\":\"https:\/\/advbox.com.br\/blog\/meio-ambiente-e-advbox\/\",\"name\":\"Meio ambiente e ADVBOX: qual a contribui\u00e7\u00e3o?\",\"isPartOf\":{\"@id\":\"https:\/\/advbox.com.br\/blog\/#website\"},\"primaryImageOfPage\":{\"@id\":\"https:\/\/advbox.com.br\/blog\/meio-ambiente-e-advbox\/#primaryimage\"},\"image\":{\"@id\":\"https:\/\/advbox.com.br\/blog\/meio-ambiente-e-advbox\/#primaryimage\"},\"thumbnailUrl\":\"https:\/\/advbox.com.br\/blog\/wp-content\/uploads\/2023\/11\/O-diferencial-da-ADVBOX.webp\",\"datePublished\":\"2024-08-22T17:05:59+00:00\",\"dateModified\":\"2024-08-22T17:06:00+00:00\",\"description\":\"Entenda como a utiliza\u00e7\u00e3o de um software jur\u00eddico eficaz como a ADVBOX \u00e9 capaz de inmpactar positivamente o meio ambiente!\",\"breadcrumb\":{\"@id\":\"https:\/\/advbox.com.br\/blog\/meio-ambiente-e-advbox\/#breadcrumb\"},\"inLanguage\":\"pt-BR\",\"potentialAction\":[{\"@type\":\"ReadAction\",\"target\":[\"https:\/\/advbox.com.br\/blog\/meio-ambiente-e-advbox\/\"]}]},{\"@type\":\"ImageObject\",\"inLanguage\":\"pt-BR\",\"@id\":\"https:\/\/advbox.com.br\/blog\/meio-ambiente-e-advbox\/#primaryimage\",\"url\":\"https:\/\/advbox.com.br\/blog\/wp-content\/uploads\/2023\/11\/O-diferencial-da-ADVBOX.webp\",\"contentUrl\":\"https:\/\/advbox.com.br\/blog\/wp-content\/uploads\/2023\/11\/O-diferencial-da-ADVBOX.webp\",\"width\":1000,\"height\":668,\"caption\":\"diversas telas da v3 da advbox\"},{\"@type\":\"BreadcrumbList\",\"@id\":\"https:\/\/advbox.com.br\/blog\/meio-ambiente-e-advbox\/#breadcrumb\",\"itemListElement\":[{\"@type\":\"ListItem\",\"position\":1,\"name\":\"In\u00edcio\",\"item\":\"https:\/\/advbox.com.br\/blog\/\"},{\"@type\":\"ListItem\",\"position\":2,\"name\":\"ADVBOX\",\"item\":\"https:\/\/advbox.com.br\/blog\/advbox\/\"},{\"@type\":\"ListItem\",\"position\":3,\"name\":\"Como a ADVBOX contribui para o meio ambiente?\"}]},{\"@type\":\"WebSite\",\"@id\":\"https:\/\/advbox.com.br\/blog\/#website\",\"url\":\"https:\/\/advbox.com.br\/blog\/\",\"name\":\"Software Jur\u00eddico Completo - ADVBOX\",\"description\":\"Plataforma para Advocacia Digital\",\"publisher\":{\"@id\":\"https:\/\/advbox.com.br\/blog\/#organization\"},\"potentialAction\":[{\"@type\":\"SearchAction\",\"target\":{\"@type\":\"EntryPoint\",\"urlTemplate\":\"https:\/\/advbox.com.br\/blog\/?s={search_term_string}\"},\"query-input\":{\"@type\":\"PropertyValueSpecification\",\"valueRequired\":true,\"valueName\":\"search_term_string\"}}],\"inLanguage\":\"pt-BR\"},{\"@type\":\"Organization\",\"@id\":\"https:\/\/advbox.com.br\/blog\/#organization\",\"name\":\"ADVBOX Blog - Software jur\u00eddico da advocacia digital\",\"url\":\"https:\/\/advbox.com.br\/blog\/\",\"logo\":{\"@type\":\"ImageObject\",\"inLanguage\":\"pt-BR\",\"@id\":\"https:\/\/advbox.com.br\/blog\/#\/schema\/logo\/image\/\",\"url\":\"https:\/\/advbox.com.br\/blog\/wp-content\/uploads\/2019\/12\/Como-aumentar-a-produtividade_.jpg\",\"contentUrl\":\"https:\/\/advbox.com.br\/blog\/wp-content\/uploads\/2019\/12\/Como-aumentar-a-produtividade_.jpg\",\"width\":320,\"height\":213,\"caption\":\"ADVBOX Blog - Software jur\u00eddico da advocacia digital\"},\"image\":{\"@id\":\"https:\/\/advbox.com.br\/blog\/#\/schema\/logo\/image\/\"},\"sameAs\":[\"https:\/\/www.facebook.com\/advbox\/\",\"https:\/\/x.com\/advbox2\"]},{\"@type\":\"Person\",\"@id\":\"https:\/\/advbox.com.br\/blog\/#\/schema\/person\/029674387a95515a227f2dd7f49b8dfa\",\"name\":\"Eduardo Koetz\",\"description\":\"Eduardo Koetz \u00e9 advogado, escritor, s\u00f3cio e fundador da Koetz Advocacia e CEO da empresa de software jur\u00eddico Advbox. Possui bacharel em Direito pela Universidade do Vale do Rio dos Sinos (Unisinos). Possui tanto registros na Ordem dos Advogados do Brasil - OAB (OAB\/SC 42.934, OAB\/RS 73.409, OAB\/PR 72.951, OAB\/SP 435.266, OAB\/MG 204.531, OAB\/MG 204.531), como na Ordem dos Advogados de Portugal - OA ( OA\/Portugal 69.512L).swdsasdw \u00c9 p\u00f3s-graduado em Direito do Trabalho pela Universidade Federal do Rio Grande do Sul (2011- 2012) e em Direito Tribut\u00e1rio pela Escola Superior da Magistratura Federal ESMAFE (2013 - 2014). Atua como um dos principais gestores da Koetz Advocacia realizando a supervis\u00e3o e lideran\u00e7a em todos os setores do escrit\u00f3rio. Em 2021, Eduardo publicou o livro intitulado: Otimizado - O escrit\u00f3rio como empresa escal\u00e1vel pela editora Viseu.\",\"url\":\"https:\/\/advbox.com.br\/blog\/autor\/comunicacao\/\"}]}<\/script>\n<!-- \/ Yoast SEO plugin. -->","yoast_head_json":{"title":"Meio ambiente e ADVBOX: qual a contribui\u00e7\u00e3o?","description":"Entenda como a utiliza\u00e7\u00e3o de um software jur\u00eddico eficaz como a ADVBOX \u00e9 capaz de inmpactar positivamente o meio ambiente!","robots":{"index":"index","follow":"follow","max-snippet":"max-snippet:-1","max-image-preview":"max-image-preview:large","max-video-preview":"max-video-preview:-1"},"canonical":"https:\/\/advbox.com.br\/blog\/meio-ambiente-e-advbox\/","og_locale":"pt_BR","og_type":"article","og_title":"Meio ambiente e ADVBOX: qual a contribui\u00e7\u00e3o?","og_description":"Entenda como a utiliza\u00e7\u00e3o de um software jur\u00eddico eficaz como a ADVBOX \u00e9 capaz de inmpactar positivamente o meio ambiente!","og_url":"https:\/\/advbox.com.br\/blog\/meio-ambiente-e-advbox\/","og_site_name":"Software Jur\u00eddico Completo - ADVBOX","article_publisher":"https:\/\/www.facebook.com\/advbox\/","article_published_time":"2024-08-22T17:05:59+00:00","article_modified_time":"2024-08-22T17:06:00+00:00","og_image":[{"width":1000,"height":668,"url":"https:\/\/advbox.com.br\/blog\/wp-content\/uploads\/2023\/11\/O-diferencial-da-ADVBOX.webp","type":"image\/webp"}],"author":"Eduardo Koetz","twitter_card":"summary_large_image","twitter_creator":"@advbox2","twitter_site":"@advbox2","schema":{"@context":"https:\/\/schema.org","@graph":[{"@type":"Article","@id":"https:\/\/advbox.com.br\/blog\/meio-ambiente-e-advbox\/#article","isPartOf":{"@id":"https:\/\/advbox.com.br\/blog\/meio-ambiente-e-advbox\/"},"author":{"name":"Eduardo Koetz","@id":"https:\/\/advbox.com.br\/blog\/#\/schema\/person\/029674387a95515a227f2dd7f49b8dfa"},"headline":"Como a ADVBOX contribui para o meio ambiente?","datePublished":"2024-08-22T17:05:59+00:00","dateModified":"2024-08-22T17:06:00+00:00","mainEntityOfPage":{"@id":"https:\/\/advbox.com.br\/blog\/meio-ambiente-e-advbox\/"},"wordCount":1259,"publisher":{"@id":"https:\/\/advbox.com.br\/blog\/#organization"},"image":{"@id":"https:\/\/advbox.com.br\/blog\/meio-ambiente-e-advbox\/#primaryimage"},"thumbnailUrl":"https:\/\/advbox.com.br\/blog\/wp-content\/uploads\/2023\/11\/O-diferencial-da-ADVBOX.webp","articleSection":["ADVBOX"],"inLanguage":"pt-BR"},{"@type":"WebPage","@id":"https:\/\/advbox.com.br\/blog\/meio-ambiente-e-advbox\/","url":"https:\/\/advbox.com.br\/blog\/meio-ambiente-e-advbox\/","name":"Meio ambiente e ADVBOX: qual a contribui\u00e7\u00e3o?","isPartOf":{"@id":"https:\/\/advbox.com.br\/blog\/#website"},"primaryImageOfPage":{"@id":"https:\/\/advbox.com.br\/blog\/meio-ambiente-e-advbox\/#primaryimage"},"image":{"@id":"https:\/\/advbox.com.br\/blog\/meio-ambiente-e-advbox\/#primaryimage"},"thumbnailUrl":"https:\/\/advbox.com.br\/blog\/wp-content\/uploads\/2023\/11\/O-diferencial-da-ADVBOX.webp","datePublished":"2024-08-22T17:05:59+00:00","dateModified":"2024-08-22T17:06:00+00:00","description":"Entenda como a utiliza\u00e7\u00e3o de um software jur\u00eddico eficaz como a ADVBOX \u00e9 capaz de inmpactar positivamente o meio ambiente!","breadcrumb":{"@id":"https:\/\/advbox.com.br\/blog\/meio-ambiente-e-advbox\/#breadcrumb"},"inLanguage":"pt-BR","potentialAction":[{"@type":"ReadAction","target":["https:\/\/advbox.com.br\/blog\/meio-ambiente-e-advbox\/"]}]},{"@type":"ImageObject","inLanguage":"pt-BR","@id":"https:\/\/advbox.com.br\/blog\/meio-ambiente-e-advbox\/#primaryimage","url":"https:\/\/advbox.com.br\/blog\/wp-content\/uploads\/2023\/11\/O-diferencial-da-ADVBOX.webp","contentUrl":"https:\/\/advbox.com.br\/blog\/wp-content\/uploads\/2023\/11\/O-diferencial-da-ADVBOX.webp","width":1000,"height":668,"caption":"diversas telas da v3 da advbox"},{"@type":"BreadcrumbList","@id":"https:\/\/advbox.com.br\/blog\/meio-ambiente-e-advbox\/#breadcrumb","itemListElement":[{"@type":"ListItem","position":1,"name":"In\u00edcio","item":"https:\/\/advbox.com.br\/blog\/"},{"@type":"ListItem","position":2,"name":"ADVBOX","item":"https:\/\/advbox.com.br\/blog\/advbox\/"},{"@type":"ListItem","position":3,"name":"Como a ADVBOX contribui para o meio ambiente?"}]},{"@type":"WebSite","@id":"https:\/\/advbox.com.br\/blog\/#website","url":"https:\/\/advbox.com.br\/blog\/","name":"Software Jur\u00eddico Completo - ADVBOX","description":"Plataforma para Advocacia Digital","publisher":{"@id":"https:\/\/advbox.com.br\/blog\/#organization"},"potentialAction":[{"@type":"SearchAction","target":{"@type":"EntryPoint","urlTemplate":"https:\/\/advbox.com.br\/blog\/?s={search_term_string}"},"query-input":{"@type":"PropertyValueSpecification","valueRequired":true,"valueName":"search_term_string"}}],"inLanguage":"pt-BR"},{"@type":"Organization","@id":"https:\/\/advbox.com.br\/blog\/#organization","name":"ADVBOX Blog - Software jur\u00eddico da advocacia digital","url":"https:\/\/advbox.com.br\/blog\/","logo":{"@type":"ImageObject","inLanguage":"pt-BR","@id":"https:\/\/advbox.com.br\/blog\/#\/schema\/logo\/image\/","url":"https:\/\/advbox.com.br\/blog\/wp-content\/uploads\/2019\/12\/Como-aumentar-a-produtividade_.jpg","contentUrl":"https:\/\/advbox.com.br\/blog\/wp-content\/uploads\/2019\/12\/Como-aumentar-a-produtividade_.jpg","width":320,"height":213,"caption":"ADVBOX Blog - Software jur\u00eddico da advocacia digital"},"image":{"@id":"https:\/\/advbox.com.br\/blog\/#\/schema\/logo\/image\/"},"sameAs":["https:\/\/www.facebook.com\/advbox\/","https:\/\/x.com\/advbox2"]},{"@type":"Person","@id":"https:\/\/advbox.com.br\/blog\/#\/schema\/person\/029674387a95515a227f2dd7f49b8dfa","name":"Eduardo Koetz","description":"Eduardo Koetz \u00e9 advogado, escritor, s\u00f3cio e fundador da Koetz Advocacia e CEO da empresa de software jur\u00eddico Advbox. Possui bacharel em Direito pela Universidade do Vale do Rio dos Sinos (Unisinos). Possui tanto registros na Ordem dos Advogados do Brasil - OAB (OAB\/SC 42.934, OAB\/RS 73.409, OAB\/PR 72.951, OAB\/SP 435.266, OAB\/MG 204.531, OAB\/MG 204.531), como na Ordem dos Advogados de Portugal - OA ( OA\/Portugal 69.512L).swdsasdw \u00c9 p\u00f3s-graduado em Direito do Trabalho pela Universidade Federal do Rio Grande do Sul (2011- 2012) e em Direito Tribut\u00e1rio pela Escola Superior da Magistratura Federal ESMAFE (2013 - 2014). Atua como um dos principais gestores da Koetz Advocacia realizando a supervis\u00e3o e lideran\u00e7a em todos os setores do escrit\u00f3rio. Em 2021, Eduardo publicou o livro intitulado: Otimizado - O escrit\u00f3rio como empresa escal\u00e1vel pela editora Viseu.","url":"https:\/\/advbox.com.br\/blog\/autor\/comunicacao\/"}]}},"_links":{"self":[{"href":"https:\/\/advbox.com.br\/blog\/wp-json\/wp\/v2\/posts\/65183","targetHints":{"allow":["GET"]}}],"collection":[{"href":"https:\/\/advbox.com.br\/blog\/wp-json\/wp\/v2\/posts"}],"about":[{"href":"https:\/\/advbox.com.br\/blog\/wp-json\/wp\/v2\/types\/post"}],"author":[{"embeddable":true,"href":"https:\/\/advbox.com.br\/blog\/wp-json\/wp\/v2\/users\/43"}],"replies":[{"embeddable":true,"href":"https:\/\/advbox.com.br\/blog\/wp-json\/wp\/v2\/comments?post=65183"}],"version-history":[{"count":4,"href":"https:\/\/advbox.com.br\/blog\/wp-json\/wp\/v2\/posts\/65183\/revisions"}],"predecessor-version":[{"id":65191,"href":"https:\/\/advbox.com.br\/blog\/wp-json\/wp\/v2\/posts\/65183\/revisions\/65191"}],"wp:featuredmedia":[{"embeddable":true,"href":"https:\/\/advbox.com.br\/blog\/wp-json\/wp\/v2\/media\/63089"}],"wp:attachment":[{"href":"https:\/\/advbox.com.br\/blog\/wp-json\/wp\/v2\/media?parent=65183"}],"wp:term":[{"taxonomy":"category","embeddable":true,"href":"https:\/\/advbox.com.br\/blog\/wp-json\/wp\/v2\/categories?post=65183"},{"taxonomy":"post_tag","embeddable":true,"href":"https:\/\/advbox.com.br\/blog\/wp-json\/wp\/v2\/tags?post=65183"}],"curies":[{"name":"wp","href":"https:\/\/api.w.org\/{rel}","templated":true}]}}