{"id":72582,"date":"2025-03-14T16:48:10","date_gmt":"2025-03-14T19:48:10","guid":{"rendered":"https:\/\/advbox.com.br\/blog\/?p=72582"},"modified":"2026-01-09T16:04:53","modified_gmt":"2026-01-09T19:04:53","slug":"mudancas-eproc","status":"publish","type":"post","link":"https:\/\/advbox.com.br\/blog\/mudancas-eproc\/","title":{"rendered":"Mudan\u00e7as do eproc: quais s\u00e3o e os impactos para os advogados"},"content":{"rendered":"\n<p>Antes da era digital, o tr\u00e2mite dos casos judiciais no Brasil era inteiramente f\u00edsico. Pilhas de papel, pastas volumosas e carimbos eram elementos comuns nos cart\u00f3rios e gabinetes dos tribunais.&nbsp;<\/p>\n\n\n\n<p>Esse modelo tradicional, al\u00e9m de ser lento e burocr\u00e1tico, resultava em diversos desafios, como perda de documentos, dificuldade de acesso \u00e0s informa\u00e7\u00f5es e morosidade na tramita\u00e7\u00e3o. A necessidade de deslocamento f\u00edsico para protocolar peti\u00e7\u00f5es e consultar autos tamb\u00e9m representava um obst\u00e1culo para advogados e partes.<\/p>\n\n\n\n<p>Diante desses desafios, o <a href=\"https:\/\/advbox.com.br\/blog\/fim-do-processo-eletronico\/\" target=\"_blank\">Poder Judici\u00e1rio brasileiro<\/a> come\u00e7ou a investir na digitaliza\u00e7\u00e3o dos processos a partir dos anos 2000. O objetivo era criar plataformas que garantissem maior celeridade, transpar\u00eancia e acessibilidade, al\u00e9m de <a href=\"https:\/\/advbox.com.br\/blog\/advbox-reduz-custos-no-escritorio\/\" target=\"_blank\">reduzir custos operacionais<\/a>.<\/p>\n\n\n\n<p>Nesse contexto, tornou-se evidente a urg\u00eancia de uma solu\u00e7\u00e3o mais \u00e1gil, intuitiva e est\u00e1vel, que superasse as limita\u00e7\u00f5es das solu\u00e7\u00f5es dispon\u00edveis na \u00e9poca. Em 2009, o Tribunal Regional Federal da 4\u00aa Regi\u00e3o (TRF-4) tomou a iniciativa de criar uma nova ferramenta eletr\u00f4nica, oferecendo uma alternativa mais eficiente para juristas, magistrados e servidores. <\/p>\n\n\n\n<p>Acompanhe no texto para entender mais sobre o sistema e como acontecem essas mudan\u00e7as.<\/p>\n\n\n\n<h2 class=\"wp-block-heading\">O que \u00e9 eproc?<\/h2>\n\n\n\n<p>O eproc \u00e9 um sistema de tramita\u00e7\u00e3o eletr\u00f4nica de a\u00e7\u00f5es judiciais, criado pelo Tribunal Regional Federal da 4\u00aa Regi\u00e3o (TRF-4) em 2009. Ele surgiu como uma alternativa mais leve e intuitiva ao PJe (Processo Judicial Eletr\u00f4nico), desenvolvido pelo Conselho Nacional de Justi\u00e7a (CNJ).<\/p>\n\n\n\n<p>Seu principal objetivo \u00e9 eliminar a burocracia e tornar os tr\u00e2mites mais \u00e1geis e acess\u00edveis. Com ele, advogados, magistrados e servidores podem protocolar peti\u00e7\u00f5es, consultar autos, expedir documentos e movimentar processos totalmente online, sem precisar de papel ou deslocamento f\u00edsico.<\/p>\n\n\n\n<h2 class=\"wp-block-heading\">Quando acontecem as mudan\u00e7as no eproc?&nbsp;&nbsp;<\/h2>\n\n\n\n<p>As mudan\u00e7as no eproc n\u00e3o ocorrem de forma aleat\u00f3ria. Elas seguem um planejamento baseado em avan\u00e7os tecnol\u00f3gicos, demandas dos tribunais e feedback dos usu\u00e1rios. As melhorias s\u00e3o feitas para corrigir falhas, melhorar a experi\u00eancia dos operadores do Direito e integrar novas funcionalidades ao sistema.<\/p>\n\n\n\n<p>A evolu\u00e7\u00e3o tecnol\u00f3gica, como a <a href=\"https:\/\/advbox.com.br\/blog\/a-inteligencia-artificial-colaborando-com-o-direito-e-a-justica\/\" target=\"_blank\">Intelig\u00eancia Artificial<\/a>, automa\u00e7\u00e3o e novas pr\u00e1ticas de seguran\u00e7a digital, exige que a plataforma acompanhe essas inova\u00e7\u00f5es. Al\u00e9m disso, as cortes que adotam o sistema frequentemente solicitam customiza\u00e7\u00f5es para aprimorar seus fluxos processuais e adequ\u00e1-lo \u00e0s suas necessidades.<\/p>\n\n\n\n<p>Outro ponto s\u00e3o as reclama\u00e7\u00f5es e sugest\u00f5es dos usu\u00e1rios, que reportam dificuldades e prop\u00f5em aprimoramentos para tornar a navega\u00e7\u00e3o e as funcionalidades mais eficazes. Da mesma forma, sempre que novas leis impactam a tramita\u00e7\u00e3o dos processos, o eproc precisa&nbsp; por ajustes para certificar conformidade com as normas vigentes.<\/p>\n\n\n\n<p>Outro fator importante \u00e9 a integra\u00e7\u00e3o com outras solu\u00e7\u00f5es tecnol\u00f3gicas do Poder Judici\u00e1rio, que busca maior interoperabilidade entre plataformas, permitindo que informa\u00e7\u00f5es sejam compartilhadas de maneira \u00e1gil e segura entre diferentes inst\u00e2ncias e \u00f3rg\u00e3os administrativos.<\/p>\n\n\n\n<p>Essas atualiza\u00e7\u00f5es costumam ser implementadas de forma gradual e programada, com comunicados oficiais informando sobre os novos recursos e poss\u00edveis impactos.&nbsp; Para facilitar a adapta\u00e7\u00e3o dos usu\u00e1rios, os tribunais que utilizam o sistema normalmente oferecem treinamentos e materiais explicativos para juristas e demais operadores do Direito se adaptarem rapidamente \u00e0s modifica\u00e7\u00f5es.<\/p>\n\n\n\n<h2 class=\"wp-block-heading\">O que muda no eproc com a resolu\u00e7\u00e3o n\u00ba 455\/2022 do CNJ?<\/h2>\n\n\n\n<p>Para <a href=\"https:\/\/advbox.com.br\/blog\/adequacao-do-direito-a-tecnologia\/\" target=\"_blank\">acompanhar os avan\u00e7os tecnol\u00f3gicos e padronizar as comunica\u00e7\u00f5es eletr\u00f4nicas<\/a> entre as cortes, o CNJ editou a Resolu\u00e7\u00e3o n.\u00ba 455\/2022, estabelecendo diretrizes para a intima\u00e7\u00e3o digital no \u00e2mbito do <a href=\"https:\/\/advbox.com.br\/blog\/estrutura-do-poder-judiciario\/\" target=\"_blank\">Poder Judici\u00e1rio<\/a>.<\/p>\n\n\n\n<p>Com essa nova regulamenta\u00e7\u00e3o, o Domic\u00edlio Judicial Eletr\u00f4nico (DJE) e o Di\u00e1rio de Justi\u00e7a Eletr\u00f4nico Nacional (DJEN) passam a ter uma fun\u00e7\u00e3o central na transmiss\u00e3o de atos processuais, impactando diretamente os usu\u00e1rios do eproc.&nbsp;<\/p>\n\n\n\n<p>No entanto, essa mudan\u00e7a encontrou resist\u00eancia por parte da advocacia. Diante das preocupa\u00e7\u00f5es levantadas pela OAB e suas 27 seccionais, o CNJ decidiu, em 14 de mar\u00e7o, suspender a altera\u00e7\u00e3o prevista no \u00a7 3\u00ba do artigo 11 da resolu\u00e7\u00e3o. A principal cr\u00edtica estava relacionada ao impacto negativo que a transi\u00e7\u00e3o repentina poderia causar, especialmente nos estados do Paran\u00e1, Santa Catarina e Rio Grande do Sul, onde o Eproc \u00e9 amplamente utilizado.<\/p>\n\n\n\n<p>A OAB argumentou que a obrigatoriedade do DJEN como principal canal de intima\u00e7\u00f5es poderia gerar confus\u00e3o na contagem de prazos, aumentar o volume de recursos e comprometer a tramita\u00e7\u00e3o dos processos.&nbsp;<\/p>\n\n\n\n<p>Al\u00e9m disso, a mudan\u00e7a afetaria cerca de 300 mil advogados que j\u00e1 utilizam o Eproc diariamente nesses estados. Como resultado, o CNJ optou por adiar a implementa\u00e7\u00e3o da nova sistem\u00e1tica, garantindo que a transi\u00e7\u00e3o seja feita com um planejamento mais adequado.<\/p>\n\n\n\n<p>Inicialmente, a resolu\u00e7\u00e3o previa mudan\u00e7as significativas na forma como as intima\u00e7\u00f5es seriam realizadas, impactando \u00f3rg\u00e3os p\u00fablicos, empresas privadas e pessoas f\u00edsicas. Embora sua implementa\u00e7\u00e3o tenha sido suspensa at\u00e9 o momento, a medida ainda pode ser retomada no futuro. Veja abaixo os principais impactos que essa resolu\u00e7\u00e3o poder\u00e1 trazer caso seja validada novamente:<\/p>\n\n\n\n<h3 class=\"wp-block-heading\">Contagem de prazos<\/h3>\n\n\n\n<p>A Resolu\u00e7\u00e3o n.\u00ba 455\/2022 trouxe mudan\u00e7as significativas na forma como advogados, empresas e \u00f3rg\u00e3os p\u00fablicos recebem e respondem \u00e0s <a href=\"https:\/\/advbox.com.br\/blog\/intimacoes-eletronicas\/\" target=\"_blank\">intima\u00e7\u00f5es eletr\u00f4nicas<\/a>.&nbsp;<\/p>\n\n\n\n<p>A principal novidade \u00e9 a obrigatoriedade do DJE para determinados entes e o estabelecimento de novos crit\u00e9rios para o in\u00edcio dos prazos.<\/p>\n\n\n\n<h4 class=\"wp-block-heading\">Domic\u00edlio Judicial Eletr\u00f4nico (DJE)<\/h4>\n\n\n\n<p>O Domic\u00edlio Judicial Eletr\u00f4nico \u00e9 uma plataforma unificada que unifica todas as comunica\u00e7\u00f5es oficiais do Poder Judici\u00e1rio.&nbsp;<\/p>\n\n\n\n<p>Com a nova resolu\u00e7\u00e3o, o uso do DJE se torna obrigat\u00f3rio para diversos atores do sistema de justi\u00e7a, reduzindo a fragmenta\u00e7\u00e3o das notifica\u00e7\u00f5es e padronizando a expedi\u00e7\u00e3o de atos legais.<\/p>\n\n\n\n<p>A plataforma substitui os m\u00faltiplos canais utilizados pelos tribunais para o envio de notifica\u00e7\u00f5es, incluindo notifica\u00e7\u00f5es que antes eram feitas diretamente pelo eproc.&nbsp;<\/p>\n\n\n\n<p>Agora, toda a troca de informa\u00e7\u00f5es ocorre por meio desse ambiente centralizado, promovendo maior controle e transpar\u00eancia.<\/p>\n\n\n\n<h4 class=\"wp-block-heading\">Pessoas jur\u00eddicas de direito p\u00fablico<\/h4>\n\n\n\n<p>A Resolu\u00e7\u00e3o n.\u00ba 455\/2022 determina que todos os entes da administra\u00e7\u00e3o p\u00fablica direta e indireta \u2013 incluindo Uni\u00e3o, Estados, Munic\u00edpios, autarquias e funda\u00e7\u00f5es p\u00fablicas \u2013 s\u00e3o obrigados a manter cadastro no Domic\u00edlio Judicial Eletr\u00f4nico.<\/p>\n\n\n\n<p>Dessa forma, intima\u00e7\u00f5es, cita\u00e7\u00f5es e demais comunicados oficiais ser\u00e3o enviados exclusivamente por meio do DJE, eliminando a necessidade de envios f\u00edsicos ou por e-mail.<\/p>\n\n\n\n<p>Com isso, evita-se a dispers\u00e3o de notifica\u00e7\u00f5es entre diferentes plataformas e garante-se que os entes p\u00fablicos recebam as informa\u00e7\u00f5es de forma unificada e rastre\u00e1vel.<\/p>\n\n\n\n<h4 class=\"wp-block-heading\">Pessoas jur\u00eddicas de direito privado e Pessoas F\u00edsicas com cadastro no DJE<\/h4>\n\n\n\n<p>Empresas privadas e indiv\u00edduos que possuem cadastro no Domic\u00edlio Judicial Eletr\u00f4nico tamb\u00e9m passam a receber notifica\u00e7\u00f5es diretamente pelo sistema. No caso das organiza\u00e7\u00f5es jur\u00eddicas de direito privado, a ades\u00e3o ao DJE \u00e9 obrigat\u00f3ria para companhias que participam regularmente de processos legais, como bancos, seguradoras e grandes corpora\u00e7\u00f5es.<\/p>\n\n\n\n<p>J\u00e1 para as pessoas f\u00edsicas, a inscri\u00e7\u00e3o \u00e9 facultativa, mas pode ser vantajosa para defensores e partes interessadas que desejam centralizar o recebimento de comunicados em um \u00fanico ambiente digital.<\/p>\n\n\n\n<h4 class=\"wp-block-heading\">Intima\u00e7\u00e3o de Pessoas Jur\u00eddicas de Direito P\u00fablico e demais comunica\u00e7\u00f5es que exijam vista, ci\u00eancia ou intima\u00e7\u00e3o pessoal<\/h4>\n\n\n\n<p>Uma mudan\u00e7a importante diz respeito \u00e0 forma como s\u00e3o contados os prazos para entes p\u00fablicos e outras intima\u00e7\u00f5es que exigem ci\u00eancia pessoal.&nbsp;<\/p>\n\n\n\n<p>A Resolu\u00e7\u00e3o n.\u00ba 455\/2022 estabelece que a comunica\u00e7\u00e3o ser\u00e1 reconhecida como realizada no momento da consulta no sistema, e a contagem do per\u00edodo para manifesta\u00e7\u00e3o ter\u00e1 in\u00edcio no primeiro dia \u00fatil seguinte \u00e0 visualiza\u00e7\u00e3o do ato.<\/p>\n\n\n\n<p>Caso n\u00e3o haja acesso \u00e0 notifica\u00e7\u00e3o dentro do per\u00edodo de tr\u00eas dias \u00fateis, ela ser\u00e1 automaticamente considerada recebida no \u00faltimo dia desse prazo, iniciando-se a contagem para eventual manifesta\u00e7\u00e3o.<\/p>\n\n\n\n<h3 class=\"wp-block-heading\">Di\u00e1rio De Justi\u00e7a Eletr\u00f4nico Nacional (DJEN)<\/h3>\n\n\n\n<p>Outra reformula\u00e7\u00e3o trazida pela Resolu\u00e7\u00e3o n.\u00ba 455\/2022 \u00e9 a unifica\u00e7\u00e3o do Di\u00e1rio de Justi\u00e7a Eletr\u00f4nico (DJE) em um \u00fanico sistema nacional. Antes disso, cada tribunal mantinha seu pr\u00f3prio di\u00e1rio eletr\u00f4nico, o que dificultava a verifica\u00e7\u00e3o centralizada das intima\u00e7\u00f5es.<\/p>\n\n\n\n<h4 class=\"wp-block-heading\">Disponibiliza\u00e7\u00e3o<\/h4>\n\n\n\n<p>Com a nova norma, as publica\u00e7\u00f5es agora ocorrem no Di\u00e1rio de Justi\u00e7a Eletr\u00f4nico Nacional (DJEN), um reposit\u00f3rio unificado que re\u00fane todas as p\u00e1ginas oficiais do Judici\u00e1rio em um s\u00f3 ambiente.&nbsp;<\/p>\n\n\n\n<p>Veja o v\u00eddeo que preparamos para explicar como funciona o DJEN:<\/p>\n\n\n\n<figure class=\"wp-block-embed is-type-video is-provider-youtube wp-block-embed-youtube wp-embed-aspect-16-9 wp-has-aspect-ratio\"><div class=\"wp-block-embed__wrapper\">\n<iframe title=\"Tutorial: Como usar o DJEN ADVBOX\" width=\"750\" height=\"422\" src=\"https:\/\/www.youtube.com\/embed\/uR5plbL29ok?feature=oembed\" frameborder=\"0\" allow=\"accelerometer; autoplay; clipboard-write; encrypted-media; gyroscope; picture-in-picture; web-share\" referrerpolicy=\"strict-origin-when-cross-origin\" allowfullscreen loading=\"lazy\"><\/iframe>\n<\/div><\/figure>\n\n\n\n<h4 class=\"wp-block-heading\">Publica\u00e7\u00e3o<\/h4>\n\n\n\n<p>A veicula\u00e7\u00e3o das intima\u00e7\u00f5es no DJEN ocorre conforme um calend\u00e1rio previamente estabelecido, proporcionando previsibilidade para os usu\u00e1rios.&nbsp;<\/p>\n\n\n\n<p>Isso porque, a resolu\u00e7\u00e3o determina que os tribunais devem manter um fluxo cont\u00ednuo de atualiza\u00e7\u00f5es, reduzindo atrasos e promovendo maior efici\u00eancia no envio das comunica\u00e7\u00f5es processuais.<\/p>\n\n\n\n<h4 class=\"wp-block-heading\">Come\u00e7o do prazo<\/h4>\n\n\n\n<p>A contagem de prazo com base no DJEN segue regras espec\u00edficas: a intima\u00e7\u00e3o \u00e9 considerada realizada no primeiro dia \u00fatil seguinte \u00e0 data de publica\u00e7\u00e3o.&nbsp;<\/p>\n\n\n\n<p>Isso significa que, diferentemente do Domic\u00edlio Judicial Eletr\u00f4nico, onde a contagem pode depender da consulta do destinat\u00e1rio, no DJEN os prazos s\u00e3o definidos automaticamente com base na data oficial do registro.<\/p>\n\n\n\n<h3 class=\"wp-block-heading\">Eventos e registros no DJEN&nbsp;<\/h3>\n\n\n\n<p>Al\u00e9m da disponibiliza\u00e7\u00e3o de intima\u00e7\u00f5es, o <a href=\"https:\/\/comunica.pje.jus.br\/\" target=\"_blank\">Di\u00e1rio de Justi\u00e7a Eletr\u00f4nico Nacional<\/a> tamb\u00e9m passa a registrar eventos relevantes, promovendo mais transpar\u00eancia e padroniza\u00e7\u00e3o no fluxo das comunica\u00e7\u00f5es legais.<\/p>\n\n\n\n<p>Os registros incluem atos como despachos, decis\u00f5es e senten\u00e7as, permitindo que advogados e partes supervisionem todas as atualiza\u00e7\u00f5es relevantes de forma unificada.&nbsp;<\/p>\n\n\n\n<p>Como resultado, essa funcionalidade reduz a necessidade de monitoramento constante em m\u00faltiplos sistemas e assegura maior previsibilidade nos tr\u00e2mites.<\/p>\n\n\n\n<h2 class=\"wp-block-heading\">Qual o impacto das mudan\u00e7as no eproc para os advogados?<\/h2>\n\n\n\n<p>As mudan\u00e7as no eproc impactam diretamente o dia a dia dos profissionais do Direito, como, a forma como prazos s\u00e3o contados, como intima\u00e7\u00f5es s\u00e3o recebidas e como a comunica\u00e7\u00e3o com as cortes.<\/p>\n\n\n\n<p>Anteriormente, os juristas precisavam acompanhar em diversos sistemas distintos, dependendo do tribunal e da a\u00e7\u00e3o. Agora, com a padroniza\u00e7\u00e3o pelo Domic\u00edlio Judicial Eletr\u00f4nico, todas as transmiss\u00f5es oficiais ser\u00e3o recebidas em um \u00fanico lugar.<\/p>\n\n\n\n<p>Isso pode facilitar a organiza\u00e7\u00e3o, mas tamb\u00e9m exige um monitoramento constante, pois os cronogramas come\u00e7am a correr com base na visualiza\u00e7\u00e3o da intima\u00e7\u00e3o.&nbsp;<\/p>\n\n\n\n<p>Al\u00e9m disso, as novas regras alteram a forma de contagem:<\/p>\n\n\n\n<ul class=\"wp-block-list has-small-font-size\">\n<li>No <strong>DJEN<\/strong>, os prazos come\u00e7am no primeiro dia \u00fatil seguinte \u00e0 publica\u00e7\u00e3o;<\/li>\n\n\n\n<li>No <strong>DJE<\/strong>, a contagem depende da consulta do destinat\u00e1rio.<\/li>\n<\/ul>\n\n\n\n<p>Ou seja, os defensores precisar\u00e3o gerenciar dois tipos de contagem simultaneamente, o que pode gerar confus\u00e3o se n\u00e3o houver um fluxo interno bem estruturado.&nbsp;<\/p>\n\n\n\n<p>O uso obrigat\u00f3rio do DJE para entes p\u00fablicos e grandes empresas elimina brechas que seriam usadas para atrasar o andamento dos processos. <\/p>\n\n\n\n<p>Por outro lado, isso tamb\u00e9m significa que advogados n\u00e3o poder\u00e3o alegar desconhecimento de intima\u00e7\u00f5es, j\u00e1 que o sistema registra a data da verifica\u00e7\u00e3o ou da notifica\u00e7\u00e3o autom\u00e1tica ap\u00f3s tr\u00eas dias \u00fateis.&nbsp;<\/p>\n\n\n\n<p>Desse modo, a responsabilidade pela verifica\u00e7\u00e3o dos prazos est\u00e1 integralmente nas m\u00e3os dos profissionais, sem margem para esquecimentos ou falhas administrativas.<\/p>\n\n\n\n<p>Com ambas as ferramentas concentrando todas as comunica\u00e7\u00f5es judiciais, a rotina dos escrit\u00f3rios precisar\u00e1 se tornar mais digitalizada do que nunca. Ferramentas de gest\u00e3o, <a href=\"https:\/\/advbox.com.br\/blog\/automacao-de-praticas-juridicas\/\" target=\"_blank\">softwares de automa\u00e7\u00e3o<\/a> e alertas para fiscaliza\u00e7\u00e3o de intima\u00e7\u00f5es ser\u00e3o indispens\u00e1veis para garantir que nenhuma notifica\u00e7\u00e3o passe despercebida.<\/p>\n\n\n\n<p>Nesse sentido, a <a href=\"https:\/\/advbox.com.br\/blog\/o-advogado-e-o-modo-advbox-de-advogar\/\" target=\"_blank\">ADVBOX<\/a> auxilia com as suas funcionalidades, integrando automa\u00e7\u00e3o de intima\u00e7\u00f5es e captando de forma programada cada nova notifica\u00e7\u00e3o do DJE e do DJEN. <\/p>\n\n\n\n<p>Al\u00e9m disso, a plataforma categoriza os comunicados e sincroniza compromissos, enviando alertas em tempo real para que os profissionais jur\u00eddicos evitem riscos de perda de prazo.<\/p>\n\n\n\n<h2 class=\"wp-block-heading\">Como se preparar para a mudan\u00e7a?&nbsp;&nbsp;<\/h2>\n\n\n\n<p>Nem sempre essas mudan\u00e7as s\u00e3o previs\u00edveis, por isso \u00e9 importante conferir as atualiza\u00e7\u00f5es por meio de algumas etapas, como cadastro, monitoramento cont\u00ednuo e automa\u00e7\u00e3o de processos.&nbsp;<\/p>\n\n\n\n<p>Essas estrat\u00e9gias permitem que cada modifica\u00e7\u00e3o na plataforma seja implementada de forma tranquila, mantendo o andamento de trabalho otimizado e alinhado \u00e0 nova realidade do eproc. Acompanhe abaixo como se preparar:<\/p>\n\n\n\n<h3 class=\"wp-block-heading\">Cadastre-se e familiarize-se com o Domic\u00edlio Judicial Eletr\u00f4nico (DJE)<\/h3>\n\n\n\n<p>Se ainda n\u00e3o fez isso, cadastre-se imediatamente no DJE. \u00c9 pertinente que advogados conhe\u00e7am o sistema e aprendam a utiliz\u00e1-lo antes que as novas regras entrem em vigor.&nbsp;<\/p>\n\n\n\n<p>Al\u00e9m disso, \u00e9 ideal explorar suas funcionalidades, entender como as intima\u00e7\u00f5es s\u00e3o recebidas e configurar alertas para notifica\u00e7\u00f5es.<\/p>\n\n\n\n<h3 class=\"wp-block-heading\">Reforce a rotina de acompanhamento de prazos<\/h3>\n\n\n\n<p>Com as novas regras, a gest\u00e3o de prazos precisa ser ainda mais rigorosa. Algumas boas pr\u00e1ticas incluem:<\/p>\n\n\n\n<ul class=\"wp-block-list has-small-font-size\">\n<li>Definir um respons\u00e1vel no escrit\u00f3rio para monitorar o DJE diariamente;<\/li>\n\n\n\n<li>Criar alertas e notifica\u00e7\u00f5es sistematizadas para cada intima\u00e7\u00e3o recebida;<\/li>\n\n\n\n<li>Atualizar sistemas internos de <a href=\"https:\/\/advbox.com.br\/blog\/controle-de-prazos\/\" target=\"_blank\">controle de prazos<\/a>, considerando as diferen\u00e7as entre a contagem no DJE e no DJEN.<\/li>\n<\/ul>\n\n\n\n<h3 class=\"wp-block-heading\">Utilize ferramentas de automa\u00e7\u00e3o e software jur\u00eddico<\/h3>\n\n\n\n<p>A melhor forma de validar que nenhuma intima\u00e7\u00e3o ou prazo seja perdido \u00e9 contar com <a href=\"https:\/\/advbox.com.br\/blog\/tecnologia-em-gestao-de-servicos-juridicos\/\" target=\"_blank\">tecnologia<\/a>. <a href=\"https:\/\/advbox.com.br\/blog\/softwares-para-advogados-tres-razoes-para-usar-a-advbox\/\" target=\"_blank\">Softwares jur\u00eddicos, como ADVBOX<\/a>, que oferecem integra\u00e7\u00e3o com o DJE e o DJEN, automa\u00e7\u00e3o de prazos e gest\u00e3o de processos s\u00e3o indispens\u00e1veis para escrit\u00f3rios que desejam manter sua efici\u00eancia operacional, sem maiores problemas e penalidades.<\/p>\n\n\n\n<h3 class=\"wp-block-heading\">Mantenha a equipe atualizada e treinada<\/h3>\n\n\n\n<h3 class=\"wp-block-heading\">Seja um escrit\u00f3rio grande ou um advogado aut\u00f4nomo, deve estar sempre atualizado sobre as mudan\u00e7as. Algumas estrat\u00e9gias incluem:<\/h3>\n\n\n\n<ul class=\"wp-block-list has-small-font-size\">\n<li>Participar de cursos e treinamentos sobre as novas regras do eproc;<\/li>\n\n\n\n<li>Compartilhar informa\u00e7\u00f5es com a equipe para que todos saibam como utilizar os novos sistemas;<\/li>\n\n\n\n<li>Monitorar os comunicados do CNJ e dos tribunais para se antecipar a novas altera\u00e7\u00f5es.<\/li>\n<\/ul>\n\n\n\n<h3 class=\"wp-block-heading\">Revise fluxos internos de trabalho<\/h3>\n\n\n\n<p>A forma como o escrit\u00f3rio lida com as intima\u00e7\u00f5es e a gest\u00e3o de prazos pode precisar de ajustes. Revise procedimentos internos e fa\u00e7a testes para que a equipe esteja preparada para operar dentro da nova realidade. Algumas altera\u00e7\u00f5es agora podem&nbsp; ser necess\u00e1rias para evitar grandes problemas.<\/p>\n\n\n\n<h2 class=\"wp-block-heading\">Conclus\u00e3o<\/h2>\n\n\n\n<p>A digitaliza\u00e7\u00e3o do Judici\u00e1rio, antes marcada por um sistema fragmentado, com prazos e intima\u00e7\u00f5es dispersos em diferentes plataformas, agora se torna mais centralizada e automatizada.<\/p>\n\n\n\n<p>Para os juristas, isso significa mais controle, mas tamb\u00e9m mais responsabilidade. A adapta\u00e7\u00e3o a esse novo modelo exige uma postura proativa na <a href=\"https:\/\/advbox.com.br\/blog\/como-gerenciar-os-prazos-do-seu-escritorio\/\" target=\"_blank\">gest\u00e3o de prazos<\/a> e no uso de ferramentas tecnol\u00f3gicas. A diferen\u00e7a entre um profissional que se mant\u00e9m competitivo e outro que perde oportunidades pode estar na forma como ele gerencia essas inova\u00e7\u00f5es.<\/p>\n\n\n\n<p>O Judici\u00e1rio caminha para um modelo cada vez mais digital, beneficiando a sociedade, que espera mais agilidade para alcan\u00e7ar a justi\u00e7a.<\/p>\n\n\n\n<p>Se voc\u00ea quer garantir que seu escrit\u00f3rio esteja preparado para essa nova realidade, <a href=\"https:\/\/advbox.com.br\/cadastro\" target=\"_blank\">fa\u00e7a o teste gratuito da ADVBOX<\/a>. Com um sistema completo de gest\u00e3o para advogados, automa\u00e7\u00e3o de prazos, controle de intima\u00e7\u00f5es e fluxo de trabalho inteligente, a plataforma ajuda sua equipe a ganhar tempo, reduzir erros e aumentar a produtividade.&nbsp;<\/p>\n\n\n\n<h2 class=\"wp-block-heading\">Perguntas frequentes<\/h2>\n\n\n\n<p>Com as recentes atualiza\u00e7\u00f5es no eproc, principalmente com a implementa\u00e7\u00e3o do DJE e a padroniza\u00e7\u00e3o das publica\u00e7\u00f5es pelo DJEN, surgiram diversas d\u00favidas sobre a forma como prazos e intima\u00e7\u00f5es devem ser gerenciados.<\/p>\n\n\n\n<p>A adapta\u00e7\u00e3o a essas mudan\u00e7as exige aten\u00e7\u00e3o e entendimento claro das novas regras, especialmente quanto \u00e0 leitura das notifica\u00e7\u00f5es, ao in\u00edcio da contagem e \u00e0s diferen\u00e7as entre os tipos de comunica\u00e7\u00e3o oficial. Para esclarecer esses pontos, respondemos abaixo algumas das d\u00favidas mais comuns:<\/p>\n\n\n\n<h3 class=\"wp-block-heading\">Qual o prazo para leitura das intima\u00e7\u00f5es eletr\u00f4nicas?<\/h3>\n\n\n\n<p>No novo modelo do Domic\u00edlio Judicial Eletr\u00f4nico, os avisos devem ser lidos dentro de tr\u00eas dias \u00fateis. Se o destinat\u00e1rio acessar a intima\u00e7\u00e3o dentro desse per\u00edodo, a contagem do prazo come\u00e7ar\u00e1 no primeiro dia \u00fatil seguinte \u00e0 data da leitura.<\/p>\n\n\n\n<p>Caso n\u00e3o haja visualiza\u00e7\u00e3o dentro desse intervalo, a notifica\u00e7\u00e3o ser\u00e1 considerada automaticamente recebida no \u00faltimo dia \u00fatil do per\u00edodo, iniciando-se a contagem no dia seguinte.<\/p>\n\n\n\n<p>Essa regra evita que as partes atrasem intencionalmente o andamento do caso ao n\u00e3o visualizar as notifica\u00e7\u00f5es. Por isso, profissionais jur\u00eddicos devem monitorar diariamente o DJE para evitar a perda de prazos.<\/p>\n\n\n\n<h3 class=\"wp-block-heading\">Qual o pr\u00f3ximo passo depois da intima\u00e7\u00e3o?<\/h3>\n\n\n\n<p>Ap\u00f3s o recebimento de uma notifica\u00e7\u00e3o, o primeiro passo \u00e9 verificar o tipo de ato jur\u00eddico envolvido e o respectivo per\u00edodo dispon\u00edvel para manifesta\u00e7\u00e3o. O advogado deve analisar com aten\u00e7\u00e3o o conte\u00fado e, caso necess\u00e1rio, orientar seu cliente sobre as provid\u00eancias a serem tomadas.<\/p>\n\n\n\n<p>Dependendo da natureza do ato, as poss\u00edveis a\u00e7\u00f5es podem incluir:<\/p>\n\n\n\n<ul class=\"wp-block-list has-small-font-size\">\n<li><strong>Apresenta\u00e7\u00e3o de resposta, contesta\u00e7\u00e3o ou recurso<\/strong> dentro do tempo estabelecido pela legisla\u00e7\u00e3o;<\/li>\n\n\n\n<li><strong>Pedido de prorroga\u00e7\u00e3o<\/strong>, se houver justificativa v\u00e1lida e previs\u00e3o legal para isso;<\/li>\n\n\n\n<li><strong>Cumprimento de exig\u00eancias<\/strong>, como juntada de documentos ou manifesta\u00e7\u00e3o sobre provas;<\/li>\n\n\n\n<li><strong>Acompanhamento do andamento processual<\/strong>, caso o aviso seja apenas informativo, sem necessidade de a\u00e7\u00e3o imediata.<\/li>\n<\/ul>\n\n\n\n<h3 class=\"wp-block-heading\">Qual a diferen\u00e7a entre cita\u00e7\u00e3o e intima\u00e7\u00e3o por edital?<\/h3>\n\n\n\n<p>A cita\u00e7\u00e3o e a intima\u00e7\u00e3o por edital s\u00e3o formas de comunica\u00e7\u00e3o oficial dentro do tr\u00e2mite judicial, mas possuem finalidades e momentos distintos.<\/p>\n\n\n\n<p>A cita\u00e7\u00e3o \u00e9 o ato pelo qual o r\u00e9u ou interessado \u00e9 formalmente informado da exist\u00eancia de uma a\u00e7\u00e3o contra si, permitindo que apresente defesa. Ela deve ser feita pessoalmente, por correio, por oficial de justi\u00e7a ou, caso o destinat\u00e1rio esteja em local desconhecido, por edital.<\/p>\n\n\n\n<p>J\u00e1 a intima\u00e7\u00e3o por edital ocorre quando a parte envolvida j\u00e1 integra o caso, mas n\u00e3o pode ser localizada para receber o comunicado de forma presencial ou eletr\u00f4nica. Nesse caso, a divulga\u00e7\u00e3o em edital torna p\u00fablica a informa\u00e7\u00e3o sobre o ato jur\u00eddico correspondente.<\/p>\n\n\n\n<p>Ambos os procedimentos s\u00e3o adotados quando n\u00e3o h\u00e1 outra forma de localizar a parte interessada, assegurando que o aviso seja feito de maneira oficial e garantindo o direito \u00e0 ampla defesa.<\/p>\n\n\n\n<p>Entenda como a ADVBOX aplica Intelig\u00eancia Artificial de forma respons\u00e1vel para estruturar a opera\u00e7\u00e3o jur\u00eddica do escrit\u00f3rio.<\/p>\n\n\n\n<figure class=\"wp-block-image size-full\"><a href=\"https:\/\/app.advbox.com.br\/register\" target=\"_blank\"><img fetchpriority=\"high\" decoding=\"async\" width=\"1024\" height=\"270\" src=\"https:\/\/advbox.com.br\/blog\/wp-content\/uploads\/2025\/12\/CTA-REBRANDING-20.webp\" alt=\"Banner com imagem ilustrativa de rob\u00f4 de intelig\u00eancia artificial e agente de IA representando tecnologia aplicada \u00e0 advocacia para aumentar efici\u00eancia e produtividade dos advogados\" class=\"wp-image-79763\" srcset=\"https:\/\/advbox.com.br\/blog\/wp-content\/uploads\/2025\/12\/CTA-REBRANDING-20.webp 1024w, https:\/\/advbox.com.br\/blog\/wp-content\/uploads\/2025\/12\/CTA-REBRANDING-20-500x132.webp 500w, https:\/\/advbox.com.br\/blog\/wp-content\/uploads\/2025\/12\/CTA-REBRANDING-20-768x203.webp 768w, https:\/\/advbox.com.br\/blog\/wp-content\/uploads\/2025\/12\/CTA-REBRANDING-20-150x40.webp 150w\" sizes=\"(max-width: 1024px) 100vw, 1024px\" \/><\/a><\/figure>\n","protected":false},"excerpt":{"rendered":"<p>Antes da era digital, o tr\u00e2mite dos casos judiciais no Brasil era inteiramente f\u00edsico. Pilhas de papel, pastas volumosas e carimbos eram elementos comuns nos cart\u00f3rios e gabinetes dos tribunais.&nbsp; Esse modelo tradicional, al\u00e9m de ser lento e burocr\u00e1tico, resultava em diversos desafios, como perda de documentos, dificuldade de acesso [&hellip;]<\/p>\n","protected":false},"author":43,"featured_media":79776,"comment_status":"closed","ping_status":"closed","sticky":false,"template":"","format":"standard","meta":{"_acf_changed":false,"om_disable_all_campaigns":false,"footnotes":""},"categories":[717],"tags":[],"class_list":["post-72582","post","type-post","status-publish","format-standard","has-post-thumbnail","hentry","category-direito"],"acf":[],"yoast_head":"<!-- This site is optimized with the Yoast SEO plugin v26.9 - https:\/\/yoast.com\/product\/yoast-seo-wordpress\/ -->\n<title>Mudan\u00e7as do eproc: quais s\u00e3o e os impactos para os advogados<\/title>\n<meta name=\"description\" content=\"Descubra o que muda no eproc com a resolu\u00e7\u00e3o n\u00ba 455\/2022 do CNJ? Entenda quais s\u00e3o os impactos das mudan\u00e7as para os advogados e processos.\" \/>\n<meta name=\"robots\" content=\"index, follow, max-snippet:-1, max-image-preview:large, max-video-preview:-1\" \/>\n<link rel=\"canonical\" href=\"https:\/\/advbox.com.br\/blog\/mudancas-eproc\/\" \/>\n<meta property=\"og:locale\" content=\"pt_BR\" \/>\n<meta property=\"og:type\" content=\"article\" \/>\n<meta property=\"og:title\" content=\"Mudan\u00e7as do eproc: quais s\u00e3o e os impactos para os advogados\" \/>\n<meta property=\"og:description\" content=\"Descubra o que muda no eproc com a resolu\u00e7\u00e3o n\u00ba 455\/2022 do CNJ? Entenda quais s\u00e3o os impactos das mudan\u00e7as para os advogados e processos.\" \/>\n<meta property=\"og:url\" content=\"https:\/\/advbox.com.br\/blog\/mudancas-eproc\/\" \/>\n<meta property=\"og:site_name\" content=\"Software Jur\u00eddico Completo - ADVBOX\" \/>\n<meta property=\"article:publisher\" content=\"https:\/\/www.facebook.com\/advbox\/\" \/>\n<meta property=\"article:published_time\" content=\"2025-03-14T19:48:10+00:00\" \/>\n<meta property=\"article:modified_time\" content=\"2026-01-09T19:04:53+00:00\" \/>\n<meta property=\"og:image\" content=\"https:\/\/advbox.com.br\/blog\/wp-content\/uploads\/2025\/12\/sobrestamento-1.jpg\" \/>\n\t<meta property=\"og:image:width\" content=\"1024\" \/>\n\t<meta property=\"og:image:height\" content=\"576\" \/>\n\t<meta property=\"og:image:type\" content=\"image\/jpeg\" \/>\n<meta name=\"author\" content=\"Eduardo Koetz\" \/>\n<meta name=\"twitter:card\" content=\"summary_large_image\" \/>\n<meta name=\"twitter:creator\" content=\"@advbox2\" \/>\n<meta name=\"twitter:site\" content=\"@advbox2\" \/>\n<script type=\"application\/ld+json\" class=\"yoast-schema-graph\">{\"@context\":\"https:\/\/schema.org\",\"@graph\":[{\"@type\":\"Article\",\"@id\":\"https:\/\/advbox.com.br\/blog\/mudancas-eproc\/#article\",\"isPartOf\":{\"@id\":\"https:\/\/advbox.com.br\/blog\/mudancas-eproc\/\"},\"author\":{\"name\":\"Eduardo Koetz\",\"@id\":\"https:\/\/advbox.com.br\/blog\/#\/schema\/person\/029674387a95515a227f2dd7f49b8dfa\"},\"headline\":\"Mudan\u00e7as do eproc: quais s\u00e3o e os impactos para os advogados\",\"datePublished\":\"2025-03-14T19:48:10+00:00\",\"dateModified\":\"2026-01-09T19:04:53+00:00\",\"mainEntityOfPage\":{\"@id\":\"https:\/\/advbox.com.br\/blog\/mudancas-eproc\/\"},\"wordCount\":3180,\"publisher\":{\"@id\":\"https:\/\/advbox.com.br\/blog\/#organization\"},\"image\":{\"@id\":\"https:\/\/advbox.com.br\/blog\/mudancas-eproc\/#primaryimage\"},\"thumbnailUrl\":\"https:\/\/advbox.com.br\/blog\/wp-content\/uploads\/2025\/12\/sobrestamento-1.jpg\",\"articleSection\":[\"Direito\"],\"inLanguage\":\"pt-BR\"},{\"@type\":\"WebPage\",\"@id\":\"https:\/\/advbox.com.br\/blog\/mudancas-eproc\/\",\"url\":\"https:\/\/advbox.com.br\/blog\/mudancas-eproc\/\",\"name\":\"Mudan\u00e7as do eproc: quais s\u00e3o e os impactos para os advogados\",\"isPartOf\":{\"@id\":\"https:\/\/advbox.com.br\/blog\/#website\"},\"primaryImageOfPage\":{\"@id\":\"https:\/\/advbox.com.br\/blog\/mudancas-eproc\/#primaryimage\"},\"image\":{\"@id\":\"https:\/\/advbox.com.br\/blog\/mudancas-eproc\/#primaryimage\"},\"thumbnailUrl\":\"https:\/\/advbox.com.br\/blog\/wp-content\/uploads\/2025\/12\/sobrestamento-1.jpg\",\"datePublished\":\"2025-03-14T19:48:10+00:00\",\"dateModified\":\"2026-01-09T19:04:53+00:00\",\"description\":\"Descubra o que muda no eproc com a resolu\u00e7\u00e3o n\u00ba 455\/2022 do CNJ? Entenda quais s\u00e3o os impactos das mudan\u00e7as para os advogados e processos.\",\"breadcrumb\":{\"@id\":\"https:\/\/advbox.com.br\/blog\/mudancas-eproc\/#breadcrumb\"},\"inLanguage\":\"pt-BR\",\"potentialAction\":[{\"@type\":\"ReadAction\",\"target\":[\"https:\/\/advbox.com.br\/blog\/mudancas-eproc\/\"]}]},{\"@type\":\"ImageObject\",\"inLanguage\":\"pt-BR\",\"@id\":\"https:\/\/advbox.com.br\/blog\/mudancas-eproc\/#primaryimage\",\"url\":\"https:\/\/advbox.com.br\/blog\/wp-content\/uploads\/2025\/12\/sobrestamento-1.jpg\",\"contentUrl\":\"https:\/\/advbox.com.br\/blog\/wp-content\/uploads\/2025\/12\/sobrestamento-1.jpg\",\"width\":1024,\"height\":576,\"caption\":\"Banner institucional da ADVBOX com elemento visual abstrato em tons de azul, representando estrutura, tecnologia e identidade visual da marca\"},{\"@type\":\"BreadcrumbList\",\"@id\":\"https:\/\/advbox.com.br\/blog\/mudancas-eproc\/#breadcrumb\",\"itemListElement\":[{\"@type\":\"ListItem\",\"position\":1,\"name\":\"In\u00edcio\",\"item\":\"https:\/\/advbox.com.br\/blog\/\"},{\"@type\":\"ListItem\",\"position\":2,\"name\":\"Direito\",\"item\":\"https:\/\/advbox.com.br\/blog\/direito\/\"},{\"@type\":\"ListItem\",\"position\":3,\"name\":\"Mudan\u00e7as do eproc: quais s\u00e3o e os impactos para os advogados\"}]},{\"@type\":\"WebSite\",\"@id\":\"https:\/\/advbox.com.br\/blog\/#website\",\"url\":\"https:\/\/advbox.com.br\/blog\/\",\"name\":\"Software Jur\u00eddico Completo - ADVBOX\",\"description\":\"Plataforma para Advocacia Digital\",\"publisher\":{\"@id\":\"https:\/\/advbox.com.br\/blog\/#organization\"},\"potentialAction\":[{\"@type\":\"SearchAction\",\"target\":{\"@type\":\"EntryPoint\",\"urlTemplate\":\"https:\/\/advbox.com.br\/blog\/?s={search_term_string}\"},\"query-input\":{\"@type\":\"PropertyValueSpecification\",\"valueRequired\":true,\"valueName\":\"search_term_string\"}}],\"inLanguage\":\"pt-BR\"},{\"@type\":\"Organization\",\"@id\":\"https:\/\/advbox.com.br\/blog\/#organization\",\"name\":\"ADVBOX Blog - Software jur\u00eddico da advocacia digital\",\"url\":\"https:\/\/advbox.com.br\/blog\/\",\"logo\":{\"@type\":\"ImageObject\",\"inLanguage\":\"pt-BR\",\"@id\":\"https:\/\/advbox.com.br\/blog\/#\/schema\/logo\/image\/\",\"url\":\"https:\/\/advbox.com.br\/blog\/wp-content\/uploads\/2019\/12\/Como-aumentar-a-produtividade_.jpg\",\"contentUrl\":\"https:\/\/advbox.com.br\/blog\/wp-content\/uploads\/2019\/12\/Como-aumentar-a-produtividade_.jpg\",\"width\":320,\"height\":213,\"caption\":\"ADVBOX Blog - Software jur\u00eddico da advocacia digital\"},\"image\":{\"@id\":\"https:\/\/advbox.com.br\/blog\/#\/schema\/logo\/image\/\"},\"sameAs\":[\"https:\/\/www.facebook.com\/advbox\/\",\"https:\/\/x.com\/advbox2\"]},{\"@type\":\"Person\",\"@id\":\"https:\/\/advbox.com.br\/blog\/#\/schema\/person\/029674387a95515a227f2dd7f49b8dfa\",\"name\":\"Eduardo Koetz\",\"description\":\"Eduardo Koetz \u00e9 advogado, escritor, s\u00f3cio e fundador da Koetz Advocacia e CEO da empresa de software jur\u00eddico Advbox. Possui bacharel em Direito pela Universidade do Vale do Rio dos Sinos (Unisinos). Possui tanto registros na Ordem dos Advogados do Brasil - OAB (OAB\/SC 42.934, OAB\/RS 73.409, OAB\/PR 72.951, OAB\/SP 435.266, OAB\/MG 204.531, OAB\/MG 204.531), como na Ordem dos Advogados de Portugal - OA ( OA\/Portugal 69.512L).swdsasdw \u00c9 p\u00f3s-graduado em Direito do Trabalho pela Universidade Federal do Rio Grande do Sul (2011- 2012) e em Direito Tribut\u00e1rio pela Escola Superior da Magistratura Federal ESMAFE (2013 - 2014). Atua como um dos principais gestores da Koetz Advocacia realizando a supervis\u00e3o e lideran\u00e7a em todos os setores do escrit\u00f3rio. Em 2021, Eduardo publicou o livro intitulado: Otimizado - O escrit\u00f3rio como empresa escal\u00e1vel pela editora Viseu.\",\"url\":\"https:\/\/advbox.com.br\/blog\/autor\/comunicacao\/\"}]}<\/script>\n<!-- \/ Yoast SEO plugin. -->","yoast_head_json":{"title":"Mudan\u00e7as do eproc: quais s\u00e3o e os impactos para os advogados","description":"Descubra o que muda no eproc com a resolu\u00e7\u00e3o n\u00ba 455\/2022 do CNJ? Entenda quais s\u00e3o os impactos das mudan\u00e7as para os advogados e processos.","robots":{"index":"index","follow":"follow","max-snippet":"max-snippet:-1","max-image-preview":"max-image-preview:large","max-video-preview":"max-video-preview:-1"},"canonical":"https:\/\/advbox.com.br\/blog\/mudancas-eproc\/","og_locale":"pt_BR","og_type":"article","og_title":"Mudan\u00e7as do eproc: quais s\u00e3o e os impactos para os advogados","og_description":"Descubra o que muda no eproc com a resolu\u00e7\u00e3o n\u00ba 455\/2022 do CNJ? Entenda quais s\u00e3o os impactos das mudan\u00e7as para os advogados e processos.","og_url":"https:\/\/advbox.com.br\/blog\/mudancas-eproc\/","og_site_name":"Software Jur\u00eddico Completo - ADVBOX","article_publisher":"https:\/\/www.facebook.com\/advbox\/","article_published_time":"2025-03-14T19:48:10+00:00","article_modified_time":"2026-01-09T19:04:53+00:00","og_image":[{"width":1024,"height":576,"url":"https:\/\/advbox.com.br\/blog\/wp-content\/uploads\/2025\/12\/sobrestamento-1.jpg","type":"image\/jpeg"}],"author":"Eduardo Koetz","twitter_card":"summary_large_image","twitter_creator":"@advbox2","twitter_site":"@advbox2","schema":{"@context":"https:\/\/schema.org","@graph":[{"@type":"Article","@id":"https:\/\/advbox.com.br\/blog\/mudancas-eproc\/#article","isPartOf":{"@id":"https:\/\/advbox.com.br\/blog\/mudancas-eproc\/"},"author":{"name":"Eduardo Koetz","@id":"https:\/\/advbox.com.br\/blog\/#\/schema\/person\/029674387a95515a227f2dd7f49b8dfa"},"headline":"Mudan\u00e7as do eproc: quais s\u00e3o e os impactos para os advogados","datePublished":"2025-03-14T19:48:10+00:00","dateModified":"2026-01-09T19:04:53+00:00","mainEntityOfPage":{"@id":"https:\/\/advbox.com.br\/blog\/mudancas-eproc\/"},"wordCount":3180,"publisher":{"@id":"https:\/\/advbox.com.br\/blog\/#organization"},"image":{"@id":"https:\/\/advbox.com.br\/blog\/mudancas-eproc\/#primaryimage"},"thumbnailUrl":"https:\/\/advbox.com.br\/blog\/wp-content\/uploads\/2025\/12\/sobrestamento-1.jpg","articleSection":["Direito"],"inLanguage":"pt-BR"},{"@type":"WebPage","@id":"https:\/\/advbox.com.br\/blog\/mudancas-eproc\/","url":"https:\/\/advbox.com.br\/blog\/mudancas-eproc\/","name":"Mudan\u00e7as do eproc: quais s\u00e3o e os impactos para os advogados","isPartOf":{"@id":"https:\/\/advbox.com.br\/blog\/#website"},"primaryImageOfPage":{"@id":"https:\/\/advbox.com.br\/blog\/mudancas-eproc\/#primaryimage"},"image":{"@id":"https:\/\/advbox.com.br\/blog\/mudancas-eproc\/#primaryimage"},"thumbnailUrl":"https:\/\/advbox.com.br\/blog\/wp-content\/uploads\/2025\/12\/sobrestamento-1.jpg","datePublished":"2025-03-14T19:48:10+00:00","dateModified":"2026-01-09T19:04:53+00:00","description":"Descubra o que muda no eproc com a resolu\u00e7\u00e3o n\u00ba 455\/2022 do CNJ? Entenda quais s\u00e3o os impactos das mudan\u00e7as para os advogados e processos.","breadcrumb":{"@id":"https:\/\/advbox.com.br\/blog\/mudancas-eproc\/#breadcrumb"},"inLanguage":"pt-BR","potentialAction":[{"@type":"ReadAction","target":["https:\/\/advbox.com.br\/blog\/mudancas-eproc\/"]}]},{"@type":"ImageObject","inLanguage":"pt-BR","@id":"https:\/\/advbox.com.br\/blog\/mudancas-eproc\/#primaryimage","url":"https:\/\/advbox.com.br\/blog\/wp-content\/uploads\/2025\/12\/sobrestamento-1.jpg","contentUrl":"https:\/\/advbox.com.br\/blog\/wp-content\/uploads\/2025\/12\/sobrestamento-1.jpg","width":1024,"height":576,"caption":"Banner institucional da ADVBOX com elemento visual abstrato em tons de azul, representando estrutura, tecnologia e identidade visual da marca"},{"@type":"BreadcrumbList","@id":"https:\/\/advbox.com.br\/blog\/mudancas-eproc\/#breadcrumb","itemListElement":[{"@type":"ListItem","position":1,"name":"In\u00edcio","item":"https:\/\/advbox.com.br\/blog\/"},{"@type":"ListItem","position":2,"name":"Direito","item":"https:\/\/advbox.com.br\/blog\/direito\/"},{"@type":"ListItem","position":3,"name":"Mudan\u00e7as do eproc: quais s\u00e3o e os impactos para os advogados"}]},{"@type":"WebSite","@id":"https:\/\/advbox.com.br\/blog\/#website","url":"https:\/\/advbox.com.br\/blog\/","name":"Software Jur\u00eddico Completo - ADVBOX","description":"Plataforma para Advocacia Digital","publisher":{"@id":"https:\/\/advbox.com.br\/blog\/#organization"},"potentialAction":[{"@type":"SearchAction","target":{"@type":"EntryPoint","urlTemplate":"https:\/\/advbox.com.br\/blog\/?s={search_term_string}"},"query-input":{"@type":"PropertyValueSpecification","valueRequired":true,"valueName":"search_term_string"}}],"inLanguage":"pt-BR"},{"@type":"Organization","@id":"https:\/\/advbox.com.br\/blog\/#organization","name":"ADVBOX Blog - Software jur\u00eddico da advocacia digital","url":"https:\/\/advbox.com.br\/blog\/","logo":{"@type":"ImageObject","inLanguage":"pt-BR","@id":"https:\/\/advbox.com.br\/blog\/#\/schema\/logo\/image\/","url":"https:\/\/advbox.com.br\/blog\/wp-content\/uploads\/2019\/12\/Como-aumentar-a-produtividade_.jpg","contentUrl":"https:\/\/advbox.com.br\/blog\/wp-content\/uploads\/2019\/12\/Como-aumentar-a-produtividade_.jpg","width":320,"height":213,"caption":"ADVBOX Blog - Software jur\u00eddico da advocacia digital"},"image":{"@id":"https:\/\/advbox.com.br\/blog\/#\/schema\/logo\/image\/"},"sameAs":["https:\/\/www.facebook.com\/advbox\/","https:\/\/x.com\/advbox2"]},{"@type":"Person","@id":"https:\/\/advbox.com.br\/blog\/#\/schema\/person\/029674387a95515a227f2dd7f49b8dfa","name":"Eduardo Koetz","description":"Eduardo Koetz \u00e9 advogado, escritor, s\u00f3cio e fundador da Koetz Advocacia e CEO da empresa de software jur\u00eddico Advbox. Possui bacharel em Direito pela Universidade do Vale do Rio dos Sinos (Unisinos). Possui tanto registros na Ordem dos Advogados do Brasil - OAB (OAB\/SC 42.934, OAB\/RS 73.409, OAB\/PR 72.951, OAB\/SP 435.266, OAB\/MG 204.531, OAB\/MG 204.531), como na Ordem dos Advogados de Portugal - OA ( OA\/Portugal 69.512L).swdsasdw \u00c9 p\u00f3s-graduado em Direito do Trabalho pela Universidade Federal do Rio Grande do Sul (2011- 2012) e em Direito Tribut\u00e1rio pela Escola Superior da Magistratura Federal ESMAFE (2013 - 2014). Atua como um dos principais gestores da Koetz Advocacia realizando a supervis\u00e3o e lideran\u00e7a em todos os setores do escrit\u00f3rio. Em 2021, Eduardo publicou o livro intitulado: Otimizado - O escrit\u00f3rio como empresa escal\u00e1vel pela editora Viseu.","url":"https:\/\/advbox.com.br\/blog\/autor\/comunicacao\/"}]}},"_links":{"self":[{"href":"https:\/\/advbox.com.br\/blog\/wp-json\/wp\/v2\/posts\/72582","targetHints":{"allow":["GET"]}}],"collection":[{"href":"https:\/\/advbox.com.br\/blog\/wp-json\/wp\/v2\/posts"}],"about":[{"href":"https:\/\/advbox.com.br\/blog\/wp-json\/wp\/v2\/types\/post"}],"author":[{"embeddable":true,"href":"https:\/\/advbox.com.br\/blog\/wp-json\/wp\/v2\/users\/43"}],"replies":[{"embeddable":true,"href":"https:\/\/advbox.com.br\/blog\/wp-json\/wp\/v2\/comments?post=72582"}],"version-history":[{"count":5,"href":"https:\/\/advbox.com.br\/blog\/wp-json\/wp\/v2\/posts\/72582\/revisions"}],"predecessor-version":[{"id":81354,"href":"https:\/\/advbox.com.br\/blog\/wp-json\/wp\/v2\/posts\/72582\/revisions\/81354"}],"wp:featuredmedia":[{"embeddable":true,"href":"https:\/\/advbox.com.br\/blog\/wp-json\/wp\/v2\/media\/79776"}],"wp:attachment":[{"href":"https:\/\/advbox.com.br\/blog\/wp-json\/wp\/v2\/media?parent=72582"}],"wp:term":[{"taxonomy":"category","embeddable":true,"href":"https:\/\/advbox.com.br\/blog\/wp-json\/wp\/v2\/categories?post=72582"},{"taxonomy":"post_tag","embeddable":true,"href":"https:\/\/advbox.com.br\/blog\/wp-json\/wp\/v2\/tags?post=72582"}],"curies":[{"name":"wp","href":"https:\/\/api.w.org\/{rel}","templated":true}]}}