{"id":79721,"date":"2025-12-22T12:09:24","date_gmt":"2025-12-22T15:09:24","guid":{"rendered":"https:\/\/advbox.com.br\/blog\/?p=79721"},"modified":"2026-03-05T20:11:42","modified_gmt":"2026-03-05T23:11:42","slug":"familia-heranca-jacente","status":"publish","type":"post","link":"https:\/\/advbox.com.br\/blog\/familia-heranca-jacente\/","title":{"rendered":"Heran\u00e7a jacente: O que \u00e9, quanto tempo dura e para quem vai?"},"content":{"rendered":"\n<h1 class=\"wp-block-heading\">Heran\u00e7a jacente: o que \u00e9, quanto tempo dura e para quem vai?<\/h1>\n\n\n\n<p>O estudo da heran\u00e7a jacente e da heran\u00e7a vacante \u00e9 fundamental no direito sucess\u00f3rio, pois lida com a situa\u00e7\u00e3o em que os bens de uma pessoa falecida (o de cujus) n\u00e3o foram reivindicados ou n\u00e3o possuem herdeiros notoriamente conhecidos.&nbsp;<\/p>\n\n\n\n<p>A heran\u00e7a \u00e9 o conjunto de bens, direitos e obriga\u00e7\u00f5es deixados pelo falecido. Se h\u00e1 herdeiros conhecidos, esta heran\u00e7a passa a ser chamada de esp\u00f3lio, mas se n\u00e3o houver herdeiros ou se estes ignorarem o patrim\u00f4nio, inicia-se o regime da heran\u00e7a jacente.&nbsp;<\/p>\n\n\n\n<p>A heran\u00e7a jacente \u00e9 um estado provis\u00f3rio de indefini\u00e7\u00e3o e uma fase que antecede a vac\u00e2ncia. O Estado interv\u00e9m imediatamente, por meio do <a href=\"https:\/\/advbox.com.br\/blog\/estrutura-do-poder-judiciario\/\" target=\"_blank\">Poder Judici\u00e1rio<\/a>, para proteger o patrim\u00f4nio, garantindo sua conserva\u00e7\u00e3o e administra\u00e7\u00e3o para que n\u00e3o se deteriore por falta de titularidade definida, cumprindo a fun\u00e7\u00e3o social da propriedade.<\/p>\n\n\n\n<p>Aqui voc\u00ea vai entender os detalhes sobre heran\u00e7a jacente, como a diferen\u00e7a entre entre heran\u00e7a jacente e vacante, o papel desempenhado pelo curador, os prazos envolvidos no processo, como funciona a heran\u00e7a jacente e para quem fica a heran\u00e7a. Continue sua leitura e fique por dentro de todos os detalhes dessa situa\u00e7\u00e3o jur\u00eddica.<\/p>\n\n\n\n<h2 class=\"wp-block-heading\">O que \u00e9 uma heran\u00e7a jacente?<\/h2>\n\n\n\n<p>Heran\u00e7a jacente <strong>\u00e9 a situa\u00e7\u00e3o jur\u00eddica que ocorre quando algu\u00e9m falece sem deixar <\/strong><a href=\"https:\/\/advbox.com.br\/blog\/modelos\/sucessoes-peticao-testamento-publico\/\" target=\"_blank\"><strong>testamento<\/strong><\/a><strong> ou herdeiro leg\u00edtimo notoriamente conhecido para suced\u00ea-lo<\/strong>. Tamb\u00e9m \u00e9 considerada jacente quando a heran\u00e7a \u00e9 repudiada (renunciada) por todas as pessoas sucess\u00edveis.&nbsp;<\/p>\n\n\n\n<p>Neste cen\u00e1rio, os bens da heran\u00e7a, ap\u00f3s serem arrecadados, ficam sob a guarda e administra\u00e7\u00e3o de um curador nomeado pelo juiz. A heran\u00e7a jacente \u00e9 um estado transit\u00f3rio que dura at\u00e9 que um sucessor legalmente habilitado se apresente para receber os bens ou at\u00e9 que a heran\u00e7a seja formalmente declarada vacante. <\/p>\n\n\n\n<p>\u00c9 um acervo patrimonial que tem a natureza jur\u00eddica de um bem im\u00f3vel (universalidade de direitos), mas que n\u00e3o possui personalidade jur\u00eddica pr\u00f3pria, embora tenha capacidade processual e possa ser representada em ju\u00edzo.<\/p>\n\n\n\n<h3 class=\"wp-block-heading\">O que \u00e9 um curador de heran\u00e7a jacente?<\/h3>\n\n\n\n<p>O curador de heran\u00e7a jacente <strong>\u00e9 a pessoa nomeada pelo juiz para ficar respons\u00e1vel pela guarda, conserva\u00e7\u00e3o e administra\u00e7\u00e3o dos bens do falecido<\/strong>, atuando como administrador e deposit\u00e1rio do patrim\u00f4nio. <\/p>\n\n\n\n<p>As obriga\u00e7\u00f5es do curador s\u00e3o minuciosamente detalhadas e incluem representar a heran\u00e7a em ju\u00edzo ou fora dele, sempre com a assist\u00eancia do Minist\u00e9rio P\u00fablico, ter em boa guarda e conserva\u00e7\u00e3o os bens arrecadados e promover a arrecada\u00e7\u00e3o de outros que porventura existam.&nbsp;<\/p>\n\n\n\n<p>O curador tamb\u00e9m \u00e9 respons\u00e1vel por executar as medidas conservat\u00f3rias dos direitos da heran\u00e7a, e deve apresentar mensalmente ao juiz um balancete da receita e da despesa, prestando contas ao final de sua gest\u00e3o. <\/p>\n\n\n\n<p>A escolha do curador deve observar crit\u00e9rios como probidade, conhecimento do patrim\u00f4nio e da situa\u00e7\u00e3o familiar do falecido, e suas atividades cessam quando a heran\u00e7a \u00e9 entregue ao sucessor legalmente habilitado ou quando \u00e9 declarada a vac\u00e2ncia.<\/p>\n\n\n\n<h2 class=\"wp-block-heading\">O que diz o CPC sobre heran\u00e7a jacente?<\/h2>\n\n\n\n<p>O <a href=\"https:\/\/advbox.com.br\/blog\/codigo-de-processo-civil\/\" target=\"_blank\">C\u00f3digo de Processo Civil (CPC)<\/a>, <strong>nos artigos 738 a 743, estabelece o procedimento especial de jurisdi\u00e7\u00e3o volunt\u00e1ria para a heran\u00e7a jacente<\/strong>. O ju\u00edzo competente para a arrecada\u00e7\u00e3o \u00e9 o da comarca de domic\u00edlio do falecido, e o procedimento pode ser iniciado por peti\u00e7\u00e3o da Fazenda P\u00fablica, Minist\u00e9rio P\u00fablico ou interessado, instru\u00edda com a certid\u00e3o de \u00f3bito, ou, ainda, o juiz pode proceder \u00e0 instaura\u00e7\u00e3o de of\u00edcio.&nbsp;<\/p>\n\n\n\n<p>Ap\u00f3s a declara\u00e7\u00e3o da heran\u00e7a jacente e a nomea\u00e7\u00e3o do curador pelo juiz, inicia-se imediatamente a arrecada\u00e7\u00e3o dos bens. O juiz, acompanhado do escriv\u00e3o, do curador e de representantes da Fazenda P\u00fablica e do Minist\u00e9rio P\u00fablico, comparece ao local para descrever os bens em auto circunstanciado. <\/p>\n\n\n\n<p>Durante a arrecada\u00e7\u00e3o, o juiz interroga os moradores da vizinhan\u00e7a, buscando informa\u00e7\u00f5es sobre a qualifica\u00e7\u00e3o e o paradeiro de poss\u00edveis sucessores.&nbsp;<\/p>\n\n\n\n<p>A arrecada\u00e7\u00e3o, contudo, ser\u00e1 suspensa se o c\u00f4njuge, companheiro, herdeiro ou testamenteiro notoriamente reconhecido se apresentar para reclamar os bens e n\u00e3o houver oposi\u00e7\u00e3o motivada das partes. <\/p>\n\n\n\n<p>Terminada a arrecada\u00e7\u00e3o, o juiz mandar\u00e1 publicar edital por tr\u00eas vezes, com intervalos de trinta dias, para convocar os sucessores para que se habilitem no prazo de seis meses a contar da primeira publica\u00e7\u00e3o.<\/p>\n\n\n\n<h2 class=\"wp-block-heading\">Qual \u00e9 a diferen\u00e7a entre heran\u00e7a jacente e heran\u00e7a vacante?<\/h2>\n\n\n\n<p>A distin\u00e7\u00e3o entre heran\u00e7a jacente e heran\u00e7a vacante <strong>reside no car\u00e1ter de transitoriedade e na situa\u00e7\u00e3o final da titularidade dos bens<\/strong>.&nbsp;<\/p>\n\n\n\n<p>A heran\u00e7a jacente \u00e9 a fase inicial e provis\u00f3ria, em que h\u00e1 incerteza quanto \u00e0 exist\u00eancia ou identidade dos herdeiros, sendo o momento em que o Estado, por meio do curador, apenas administra e conserva o patrim\u00f4nio, mantendo uma expectativa de direito.&nbsp;<\/p>\n\n\n\n<p>Por outro lado, a heran\u00e7a vacante \u00e9 a fase final, geralmente definitiva, declarada por senten\u00e7a ap\u00f3s esgotados os prazos e dilig\u00eancias sem que herdeiros leg\u00edtimos se apresentem ou quando h\u00e1 ren\u00fancia de todos os sucess\u00edveis. A declara\u00e7\u00e3o de vac\u00e2ncia transfere a propriedade (resol\u00favel) dos bens ao Poder P\u00fablico, marcando o fim da indefini\u00e7\u00e3o e o in\u00edcio do caminho para a incorpora\u00e7\u00e3o ao patrim\u00f4nio p\u00fablico.<\/p>\n\n\n\n<h3 class=\"wp-block-heading\">Quanto tempo dura a heran\u00e7a jacente?<\/h3>\n\n\n\n<p>O estado de heran\u00e7a jacente dura <strong>at\u00e9 que haja o reconhecimento de herdeiros ou a declara\u00e7\u00e3o de vac\u00e2ncia<\/strong>. O prazo para que a heran\u00e7a seja declarada vacante, ap\u00f3s a arrecada\u00e7\u00e3o, \u00e9 de um ano contado da primeira publica\u00e7\u00e3o do edital.&nbsp;<\/p>\n\n\n\n<p>Se algum herdeiro se habilitar e for reconhecido antes disso, a arrecada\u00e7\u00e3o \u00e9 convertida em invent\u00e1rio, cessando a jac\u00eancia. Caso haja uma habilita\u00e7\u00e3o pendente, a declara\u00e7\u00e3o de vac\u00e2ncia s\u00f3 ser\u00e1 proferida na mesma senten\u00e7a que a julgar improcedente, garantindo que o direito de defesa e a busca por herdeiros sejam esgotados antes da transfer\u00eancia ao Poder P\u00fablico.<\/p>\n\n\n\n<h3 class=\"wp-block-heading\">Heran\u00e7a jacente vai para quem?<\/h3>\n\n\n\n<p>Durante a jac\u00eancia, os bens permanecem sob a guarda e administra\u00e7\u00e3o do curador nomeado pelo juiz. A heran\u00e7a jacente <strong>n\u00e3o vai para ningu\u00e9m de forma definitiva, pois o Estado apenas protege o patrim\u00f4nio que ainda n\u00e3o tem um titular definido<\/strong>.&nbsp;<\/p>\n\n\n\n<p>Se um sucessor legalmente habilitado comparecer e for reconhecido, a heran\u00e7a jacente ser\u00e1 entregue a este sucessor, e o procedimento de arrecada\u00e7\u00e3o ser\u00e1 convertido em invent\u00e1rio. A jac\u00eancia, portanto, \u00e9 uma fase de espera pela apari\u00e7\u00e3o e reconhecimento do leg\u00edtimo propriet\u00e1rio.<\/p>\n\n\n\n<h3 class=\"wp-block-heading\">Qual o prazo da heran\u00e7a vacante?<\/h3>\n\n\n\n<p>Embora a declara\u00e7\u00e3o de vac\u00e2ncia possa ocorrer ap\u00f3s um ano da publica\u00e7\u00e3o do primeiro edital, a incorpora\u00e7\u00e3o definitiva dos bens ao dom\u00ednio do Poder P\u00fablico (propriedade plena) s\u00f3 acontece ap\u00f3s o decurso de cinco anos contados da abertura da sucess\u00e3o (data do falecimento). Portanto, o prazo de vac\u00e2ncia n\u00e3o \u00e9 de apenas um ano, mas se estende por <strong>cinco anos<\/strong>.&nbsp;<\/p>\n\n\n\n<p>Se a declara\u00e7\u00e3o de vac\u00e2ncia for proferida, a propriedade do Poder P\u00fablico \u00e9 inicialmente resol\u00favel, o que significa que, durante esse per\u00edodo de cinco anos, os herdeiros diretos (ascendentes, descendentes e c\u00f4njuge\/companheiro) ainda podem reclamar a heran\u00e7a por meio de a\u00e7\u00e3o direta, como a peti\u00e7\u00e3o de heran\u00e7a.<\/p>\n\n\n\n<h3 class=\"wp-block-heading\">Para quem fica a heran\u00e7a vacante?<\/h3>\n\n\n\n<p>Ap\u00f3s o decurso dos cinco anos contados da abertura da sucess\u00e3o, <strong>sem que herdeiros se habilitem, os bens arrecadados passam definitivamente ao dom\u00ednio do Poder P\u00fablico<\/strong>, cessando a condi\u00e7\u00e3o resol\u00favel da propriedade. <\/p>\n\n\n\n<p>A destina\u00e7\u00e3o espec\u00edfica dos bens \u00e9 determinada pela localiza\u00e7\u00e3o: eles ficam para o munic\u00edpio ou o Distrito Federal, se os bens estiverem localizados em suas respectivas circunscri\u00e7\u00f5es, ou para a Uni\u00e3o, quando os bens estiverem situados em territ\u00f3rio federal.&nbsp;<\/p>\n\n\n\n<p>O Poder P\u00fablico recebe esses bens na qualidade de sucessor irregular, e n\u00e3o como herdeiro, devendo aplic\u00e1-los em funda\u00e7\u00f5es destinadas ao desenvolvimento do ensino universit\u00e1rio. \u00c9 importante notar que os herdeiros colaterais (irm\u00e3os, tios, sobrinhos, primos) ficam exclu\u00eddos da sucess\u00e3o se n\u00e3o se habilitarem at\u00e9 a declara\u00e7\u00e3o da vac\u00e2ncia.<\/p>\n\n\n\n<h2 class=\"wp-block-heading\">O que fazer em caso de heran\u00e7a jacente?<\/h2>\n\n\n\n<p>Em caso de heran\u00e7a jacente, a medida primordial \u00e9 <strong>buscar orienta\u00e7\u00e3o jur\u00eddica especializada<\/strong>. Um <a href=\"https:\/\/advbox.com.br\/blog\/advocacia-especializada\/\" target=\"_blank\">advogado com experi\u00eancia em direito sucess\u00f3rio<\/a> \u00e9 fundamental para identificar e orientar poss\u00edveis herdeiros, sejam eles parentes distantes ou n\u00e3o conhecidos imediatamente, o que pode envolver pesquisas geneal\u00f3gicas.&nbsp;<\/p>\n\n\n\n<p>Al\u00e9m disso, o profissional ir\u00e1 gerenciar os tr\u00e2mites legais necess\u00e1rios, como a apresenta\u00e7\u00e3o de documentos e a representa\u00e7\u00e3o em ju\u00edzo. Seu papel \u00e9 fundamental para proteger o patrim\u00f4nio contra deprecia\u00e7\u00e3o ou perda durante a jac\u00eancia, al\u00e9m de acompanhar a gest\u00e3o do curador e auxiliar na reivindica\u00e7\u00e3o formal da heran\u00e7a.&nbsp;<\/p>\n\n\n\n<p>A assist\u00eancia jur\u00eddica assegura que os procedimentos sejam realizados em total conformidade com a lei, evitando a consolida\u00e7\u00e3o da vac\u00e2ncia e a perda do patrim\u00f4nio.<\/p>\n\n\n\n<h2 class=\"wp-block-heading\">Como funciona a a\u00e7\u00e3o de heran\u00e7a jacente?<\/h2>\n\n\n\n<p>A &#8220;a\u00e7\u00e3o&#8221; de heran\u00e7a jacente \u00e9, na verdade, um procedimento judicial que tem natureza cautelar e <strong>visa a prote\u00e7\u00e3o e administra\u00e7\u00e3o dos bens at\u00e9 que seu leg\u00edtimo titular seja encontrado ou at\u00e9 que seja declarada a vac\u00e2ncia<\/strong>.&nbsp;<\/p>\n\n\n\n<p>O procedimento funciona em fases bem definidas. Quando for iniciada a sucess\u00e3o sem herdeiros conhecidos, o juiz imediatamente determina a arrecada\u00e7\u00e3o judicial dos bens no domic\u00edlio do falecido, nomeando um curador.&nbsp;<\/p>\n\n\n\n<p>Em seguida, iniciam-se as dilig\u00eancias, com o curador e oficiais de justi\u00e7a descrevendo os bens e o juiz inquirindo vizinhos sobre o paradeiro dos sucessores. Na fase de publicidade, s\u00e3o publicados editais convocando os sucessores a se habilitarem em seis meses.&nbsp;<\/p>\n\n\n\n<p>Se um herdeiro se apresenta e tem sua qualidade reconhecida, o procedimento \u00e9 convertido em invent\u00e1rio. Por fim, se, ap\u00f3s um ano da primeira publica\u00e7\u00e3o do edital, n\u00e3o houver herdeiro habilitado ou habilita\u00e7\u00e3o pendente, a heran\u00e7a \u00e9 declarada vacante por senten\u00e7a.<\/p>\n\n\n\n<h2 class=\"wp-block-heading\">Conclus\u00e3o<\/h2>\n\n\n\n<p>Neste artigo, detalhamos o complexo regime da heran\u00e7a jacente e vacante, que atua como uma salvaguarda legal para o patrim\u00f4nio do falecido que n\u00e3o possui herdeiros conhecidos. Vimos que a heran\u00e7a jacente \u00e9 a fase provis\u00f3ria de administra\u00e7\u00e3o, sob a guarda de um curador, que dura at\u00e9 que um sucessor se habilite ou at\u00e9 que a heran\u00e7a seja declarada Vacante.<\/p>\n\n\n\n<p>Compreendemos tamb\u00e9m que a distin\u00e7\u00e3o entre jac\u00eancia e vac\u00e2ncia reside no car\u00e1ter de transitoriedade e na defini\u00e7\u00e3o da titularidade final: enquanto a jac\u00eancia \u00e9 a espera, a vac\u00e2ncia inicia o processo de transfer\u00eancia da propriedade resol\u00favel para o Poder P\u00fablico ap\u00f3s o decurso de cinco anos da abertura da sucess\u00e3o. <\/p>\n\n\n\n<p>O papel do C\u00f3digo de Processo Civil em estabelecer o procedimento de arrecada\u00e7\u00e3o e os prazos legais \u00e9 fundamental para a seguran\u00e7a jur\u00eddica.<\/p>\n\n\n\n<p>O conhecimento do direito sucess\u00f3rio \u00e9 a chave para a habilita\u00e7\u00e3o de herdeiros e a seguran\u00e7a patrimonial. <\/p>\n\n\n\n<p>Otimize sua pr\u00e1tica em casos de sucess\u00e3o patrimonial e evite a perda de bens. Descubra como os servi\u00e7os da ADVBOX podem contribuir para a atua\u00e7\u00e3o jur\u00eddica estrat\u00e9gica, garantindo que o seu cliente alcance a solu\u00e7\u00e3o antes que o prazo se esgote. <a href=\"https:\/\/app.advbox.com.br\/register\" target=\"_blank\">Conhe\u00e7a a plataforma.<\/a> <\/p>\n\n\n\n<figure class=\"wp-block-image size-full\"><a href=\"https:\/\/advbox.com.br\/blog\/como-automatizar-seus-modelos-de-peticoes\/\" target=\"_blank\"><img fetchpriority=\"high\" decoding=\"async\" width=\"1024\" height=\"270\" src=\"https:\/\/advbox.com.br\/blog\/wp-content\/uploads\/2025\/12\/automatizacoes-de-peticoes.jpg\" alt=\"automatiza\u00e7\u00f5es de peti\u00e7\u00f5es\" class=\"wp-image-79704\" srcset=\"https:\/\/advbox.com.br\/blog\/wp-content\/uploads\/2025\/12\/automatizacoes-de-peticoes.jpg 1024w, https:\/\/advbox.com.br\/blog\/wp-content\/uploads\/2025\/12\/automatizacoes-de-peticoes-500x132.jpg 500w, https:\/\/advbox.com.br\/blog\/wp-content\/uploads\/2025\/12\/automatizacoes-de-peticoes-768x203.jpg 768w, https:\/\/advbox.com.br\/blog\/wp-content\/uploads\/2025\/12\/automatizacoes-de-peticoes-150x40.jpg 150w\" sizes=\"(max-width: 1024px) 100vw, 1024px\" \/><\/a><\/figure>\n","protected":false},"excerpt":{"rendered":"<p>Heran\u00e7a jacente: o que \u00e9, quanto tempo dura e para quem vai? O estudo da heran\u00e7a jacente e da heran\u00e7a vacante \u00e9 fundamental no direito sucess\u00f3rio, pois lida com a situa\u00e7\u00e3o em que os bens de uma pessoa falecida (o de cujus) n\u00e3o foram reivindicados ou n\u00e3o possuem herdeiros notoriamente [&hellip;]<\/p>\n","protected":false},"author":43,"featured_media":79722,"comment_status":"closed","ping_status":"closed","sticky":false,"template":"","format":"standard","meta":{"_acf_changed":false,"om_disable_all_campaigns":false,"footnotes":""},"categories":[717],"tags":[],"class_list":["post-79721","post","type-post","status-publish","format-standard","has-post-thumbnail","hentry","category-direito"],"acf":[],"yoast_head":"<!-- This site is optimized with the Yoast SEO plugin v26.9 - https:\/\/yoast.com\/product\/yoast-seo-wordpress\/ -->\n<title>Heran\u00e7a jacente: O que \u00e9, quanto tempo dura e para quem vai?<\/title>\n<meta name=\"description\" content=\"Entenda o que \u00e9 uma heran\u00e7a jacente, o que diz o CPC sobre, diferen\u00e7a entre heran\u00e7a vacante, quanto tempo dura, como funciona a a\u00e7\u00e3o e mais.\" \/>\n<meta name=\"robots\" content=\"index, follow, max-snippet:-1, max-image-preview:large, max-video-preview:-1\" \/>\n<link rel=\"canonical\" href=\"https:\/\/advbox.com.br\/blog\/familia-heranca-jacente\/\" \/>\n<meta property=\"og:locale\" content=\"pt_BR\" \/>\n<meta property=\"og:type\" content=\"article\" \/>\n<meta property=\"og:title\" content=\"Heran\u00e7a jacente: O que \u00e9, quanto tempo dura e para quem vai?\" \/>\n<meta property=\"og:description\" content=\"Entenda o que \u00e9 uma heran\u00e7a jacente, o que diz o CPC sobre, diferen\u00e7a entre heran\u00e7a vacante, quanto tempo dura, como funciona a a\u00e7\u00e3o e mais.\" \/>\n<meta property=\"og:url\" content=\"https:\/\/advbox.com.br\/blog\/familia-heranca-jacente\/\" \/>\n<meta property=\"og:site_name\" content=\"Software Jur\u00eddico Completo - ADVBOX\" \/>\n<meta property=\"article:publisher\" content=\"https:\/\/www.facebook.com\/advbox\/\" \/>\n<meta property=\"article:published_time\" content=\"2025-12-22T15:09:24+00:00\" \/>\n<meta property=\"article:modified_time\" content=\"2026-03-05T23:11:42+00:00\" \/>\n<meta property=\"og:image\" content=\"https:\/\/advbox.com.br\/blog\/wp-content\/uploads\/2025\/12\/heranca-jacente.jpg\" \/>\n\t<meta property=\"og:image:width\" content=\"1024\" \/>\n\t<meta property=\"og:image:height\" content=\"576\" \/>\n\t<meta property=\"og:image:type\" content=\"image\/jpeg\" \/>\n<meta name=\"author\" content=\"Eduardo Koetz\" \/>\n<meta name=\"twitter:card\" content=\"summary_large_image\" \/>\n<meta name=\"twitter:creator\" content=\"@advbox2\" \/>\n<meta name=\"twitter:site\" content=\"@advbox2\" \/>\n<script type=\"application\/ld+json\" class=\"yoast-schema-graph\">{\"@context\":\"https:\/\/schema.org\",\"@graph\":[{\"@type\":\"Article\",\"@id\":\"https:\/\/advbox.com.br\/blog\/familia-heranca-jacente\/#article\",\"isPartOf\":{\"@id\":\"https:\/\/advbox.com.br\/blog\/familia-heranca-jacente\/\"},\"author\":{\"name\":\"Eduardo Koetz\",\"@id\":\"https:\/\/advbox.com.br\/blog\/#\/schema\/person\/029674387a95515a227f2dd7f49b8dfa\"},\"headline\":\"Heran\u00e7a jacente: O que \u00e9, quanto tempo dura e para quem vai?\",\"datePublished\":\"2025-12-22T15:09:24+00:00\",\"dateModified\":\"2026-03-05T23:11:42+00:00\",\"mainEntityOfPage\":{\"@id\":\"https:\/\/advbox.com.br\/blog\/familia-heranca-jacente\/\"},\"wordCount\":2016,\"publisher\":{\"@id\":\"https:\/\/advbox.com.br\/blog\/#organization\"},\"image\":{\"@id\":\"https:\/\/advbox.com.br\/blog\/familia-heranca-jacente\/#primaryimage\"},\"thumbnailUrl\":\"https:\/\/advbox.com.br\/blog\/wp-content\/uploads\/2025\/12\/heranca-jacente.jpg\",\"articleSection\":[\"Direito\"],\"inLanguage\":\"pt-BR\"},{\"@type\":\"WebPage\",\"@id\":\"https:\/\/advbox.com.br\/blog\/familia-heranca-jacente\/\",\"url\":\"https:\/\/advbox.com.br\/blog\/familia-heranca-jacente\/\",\"name\":\"Heran\u00e7a jacente: O que \u00e9, quanto tempo dura e para quem vai?\",\"isPartOf\":{\"@id\":\"https:\/\/advbox.com.br\/blog\/#website\"},\"primaryImageOfPage\":{\"@id\":\"https:\/\/advbox.com.br\/blog\/familia-heranca-jacente\/#primaryimage\"},\"image\":{\"@id\":\"https:\/\/advbox.com.br\/blog\/familia-heranca-jacente\/#primaryimage\"},\"thumbnailUrl\":\"https:\/\/advbox.com.br\/blog\/wp-content\/uploads\/2025\/12\/heranca-jacente.jpg\",\"datePublished\":\"2025-12-22T15:09:24+00:00\",\"dateModified\":\"2026-03-05T23:11:42+00:00\",\"description\":\"Entenda o que \u00e9 uma heran\u00e7a jacente, o que diz o CPC sobre, diferen\u00e7a entre heran\u00e7a vacante, quanto tempo dura, como funciona a a\u00e7\u00e3o e mais.\",\"breadcrumb\":{\"@id\":\"https:\/\/advbox.com.br\/blog\/familia-heranca-jacente\/#breadcrumb\"},\"inLanguage\":\"pt-BR\",\"potentialAction\":[{\"@type\":\"ReadAction\",\"target\":[\"https:\/\/advbox.com.br\/blog\/familia-heranca-jacente\/\"]}]},{\"@type\":\"ImageObject\",\"inLanguage\":\"pt-BR\",\"@id\":\"https:\/\/advbox.com.br\/blog\/familia-heranca-jacente\/#primaryimage\",\"url\":\"https:\/\/advbox.com.br\/blog\/wp-content\/uploads\/2025\/12\/heranca-jacente.jpg\",\"contentUrl\":\"https:\/\/advbox.com.br\/blog\/wp-content\/uploads\/2025\/12\/heranca-jacente.jpg\",\"width\":1024,\"height\":576,\"caption\":\"heran\u00e7a jacente\"},{\"@type\":\"BreadcrumbList\",\"@id\":\"https:\/\/advbox.com.br\/blog\/familia-heranca-jacente\/#breadcrumb\",\"itemListElement\":[{\"@type\":\"ListItem\",\"position\":1,\"name\":\"In\u00edcio\",\"item\":\"https:\/\/advbox.com.br\/blog\/\"},{\"@type\":\"ListItem\",\"position\":2,\"name\":\"Direito\",\"item\":\"https:\/\/advbox.com.br\/blog\/direito\/\"},{\"@type\":\"ListItem\",\"position\":3,\"name\":\"Heran\u00e7a jacente: O que \u00e9, quanto tempo dura e para quem vai?\"}]},{\"@type\":\"WebSite\",\"@id\":\"https:\/\/advbox.com.br\/blog\/#website\",\"url\":\"https:\/\/advbox.com.br\/blog\/\",\"name\":\"Software Jur\u00eddico Completo - ADVBOX\",\"description\":\"Plataforma para Advocacia Digital\",\"publisher\":{\"@id\":\"https:\/\/advbox.com.br\/blog\/#organization\"},\"potentialAction\":[{\"@type\":\"SearchAction\",\"target\":{\"@type\":\"EntryPoint\",\"urlTemplate\":\"https:\/\/advbox.com.br\/blog\/?s={search_term_string}\"},\"query-input\":{\"@type\":\"PropertyValueSpecification\",\"valueRequired\":true,\"valueName\":\"search_term_string\"}}],\"inLanguage\":\"pt-BR\"},{\"@type\":\"Organization\",\"@id\":\"https:\/\/advbox.com.br\/blog\/#organization\",\"name\":\"ADVBOX Blog - Software jur\u00eddico da advocacia digital\",\"url\":\"https:\/\/advbox.com.br\/blog\/\",\"logo\":{\"@type\":\"ImageObject\",\"inLanguage\":\"pt-BR\",\"@id\":\"https:\/\/advbox.com.br\/blog\/#\/schema\/logo\/image\/\",\"url\":\"https:\/\/advbox.com.br\/blog\/wp-content\/uploads\/2019\/12\/Como-aumentar-a-produtividade_.jpg\",\"contentUrl\":\"https:\/\/advbox.com.br\/blog\/wp-content\/uploads\/2019\/12\/Como-aumentar-a-produtividade_.jpg\",\"width\":320,\"height\":213,\"caption\":\"ADVBOX Blog - Software jur\u00eddico da advocacia digital\"},\"image\":{\"@id\":\"https:\/\/advbox.com.br\/blog\/#\/schema\/logo\/image\/\"},\"sameAs\":[\"https:\/\/www.facebook.com\/advbox\/\",\"https:\/\/x.com\/advbox2\"]},{\"@type\":\"Person\",\"@id\":\"https:\/\/advbox.com.br\/blog\/#\/schema\/person\/029674387a95515a227f2dd7f49b8dfa\",\"name\":\"Eduardo Koetz\",\"description\":\"Eduardo Koetz \u00e9 advogado, escritor, s\u00f3cio e fundador da Koetz Advocacia e CEO da empresa de software jur\u00eddico Advbox. Possui bacharel em Direito pela Universidade do Vale do Rio dos Sinos (Unisinos). Possui tanto registros na Ordem dos Advogados do Brasil - OAB (OAB\/SC 42.934, OAB\/RS 73.409, OAB\/PR 72.951, OAB\/SP 435.266, OAB\/MG 204.531, OAB\/MG 204.531), como na Ordem dos Advogados de Portugal - OA ( OA\/Portugal 69.512L).swdsasdw \u00c9 p\u00f3s-graduado em Direito do Trabalho pela Universidade Federal do Rio Grande do Sul (2011- 2012) e em Direito Tribut\u00e1rio pela Escola Superior da Magistratura Federal ESMAFE (2013 - 2014). Atua como um dos principais gestores da Koetz Advocacia realizando a supervis\u00e3o e lideran\u00e7a em todos os setores do escrit\u00f3rio. Em 2021, Eduardo publicou o livro intitulado: Otimizado - O escrit\u00f3rio como empresa escal\u00e1vel pela editora Viseu.\",\"url\":\"https:\/\/advbox.com.br\/blog\/autor\/comunicacao\/\"}]}<\/script>\n<!-- \/ Yoast SEO plugin. -->","yoast_head_json":{"title":"Heran\u00e7a jacente: O que \u00e9, quanto tempo dura e para quem vai?","description":"Entenda o que \u00e9 uma heran\u00e7a jacente, o que diz o CPC sobre, diferen\u00e7a entre heran\u00e7a vacante, quanto tempo dura, como funciona a a\u00e7\u00e3o e mais.","robots":{"index":"index","follow":"follow","max-snippet":"max-snippet:-1","max-image-preview":"max-image-preview:large","max-video-preview":"max-video-preview:-1"},"canonical":"https:\/\/advbox.com.br\/blog\/familia-heranca-jacente\/","og_locale":"pt_BR","og_type":"article","og_title":"Heran\u00e7a jacente: O que \u00e9, quanto tempo dura e para quem vai?","og_description":"Entenda o que \u00e9 uma heran\u00e7a jacente, o que diz o CPC sobre, diferen\u00e7a entre heran\u00e7a vacante, quanto tempo dura, como funciona a a\u00e7\u00e3o e mais.","og_url":"https:\/\/advbox.com.br\/blog\/familia-heranca-jacente\/","og_site_name":"Software Jur\u00eddico Completo - ADVBOX","article_publisher":"https:\/\/www.facebook.com\/advbox\/","article_published_time":"2025-12-22T15:09:24+00:00","article_modified_time":"2026-03-05T23:11:42+00:00","og_image":[{"width":1024,"height":576,"url":"https:\/\/advbox.com.br\/blog\/wp-content\/uploads\/2025\/12\/heranca-jacente.jpg","type":"image\/jpeg"}],"author":"Eduardo Koetz","twitter_card":"summary_large_image","twitter_creator":"@advbox2","twitter_site":"@advbox2","schema":{"@context":"https:\/\/schema.org","@graph":[{"@type":"Article","@id":"https:\/\/advbox.com.br\/blog\/familia-heranca-jacente\/#article","isPartOf":{"@id":"https:\/\/advbox.com.br\/blog\/familia-heranca-jacente\/"},"author":{"name":"Eduardo Koetz","@id":"https:\/\/advbox.com.br\/blog\/#\/schema\/person\/029674387a95515a227f2dd7f49b8dfa"},"headline":"Heran\u00e7a jacente: O que \u00e9, quanto tempo dura e para quem vai?","datePublished":"2025-12-22T15:09:24+00:00","dateModified":"2026-03-05T23:11:42+00:00","mainEntityOfPage":{"@id":"https:\/\/advbox.com.br\/blog\/familia-heranca-jacente\/"},"wordCount":2016,"publisher":{"@id":"https:\/\/advbox.com.br\/blog\/#organization"},"image":{"@id":"https:\/\/advbox.com.br\/blog\/familia-heranca-jacente\/#primaryimage"},"thumbnailUrl":"https:\/\/advbox.com.br\/blog\/wp-content\/uploads\/2025\/12\/heranca-jacente.jpg","articleSection":["Direito"],"inLanguage":"pt-BR"},{"@type":"WebPage","@id":"https:\/\/advbox.com.br\/blog\/familia-heranca-jacente\/","url":"https:\/\/advbox.com.br\/blog\/familia-heranca-jacente\/","name":"Heran\u00e7a jacente: O que \u00e9, quanto tempo dura e para quem vai?","isPartOf":{"@id":"https:\/\/advbox.com.br\/blog\/#website"},"primaryImageOfPage":{"@id":"https:\/\/advbox.com.br\/blog\/familia-heranca-jacente\/#primaryimage"},"image":{"@id":"https:\/\/advbox.com.br\/blog\/familia-heranca-jacente\/#primaryimage"},"thumbnailUrl":"https:\/\/advbox.com.br\/blog\/wp-content\/uploads\/2025\/12\/heranca-jacente.jpg","datePublished":"2025-12-22T15:09:24+00:00","dateModified":"2026-03-05T23:11:42+00:00","description":"Entenda o que \u00e9 uma heran\u00e7a jacente, o que diz o CPC sobre, diferen\u00e7a entre heran\u00e7a vacante, quanto tempo dura, como funciona a a\u00e7\u00e3o e mais.","breadcrumb":{"@id":"https:\/\/advbox.com.br\/blog\/familia-heranca-jacente\/#breadcrumb"},"inLanguage":"pt-BR","potentialAction":[{"@type":"ReadAction","target":["https:\/\/advbox.com.br\/blog\/familia-heranca-jacente\/"]}]},{"@type":"ImageObject","inLanguage":"pt-BR","@id":"https:\/\/advbox.com.br\/blog\/familia-heranca-jacente\/#primaryimage","url":"https:\/\/advbox.com.br\/blog\/wp-content\/uploads\/2025\/12\/heranca-jacente.jpg","contentUrl":"https:\/\/advbox.com.br\/blog\/wp-content\/uploads\/2025\/12\/heranca-jacente.jpg","width":1024,"height":576,"caption":"heran\u00e7a jacente"},{"@type":"BreadcrumbList","@id":"https:\/\/advbox.com.br\/blog\/familia-heranca-jacente\/#breadcrumb","itemListElement":[{"@type":"ListItem","position":1,"name":"In\u00edcio","item":"https:\/\/advbox.com.br\/blog\/"},{"@type":"ListItem","position":2,"name":"Direito","item":"https:\/\/advbox.com.br\/blog\/direito\/"},{"@type":"ListItem","position":3,"name":"Heran\u00e7a jacente: O que \u00e9, quanto tempo dura e para quem vai?"}]},{"@type":"WebSite","@id":"https:\/\/advbox.com.br\/blog\/#website","url":"https:\/\/advbox.com.br\/blog\/","name":"Software Jur\u00eddico Completo - ADVBOX","description":"Plataforma para Advocacia Digital","publisher":{"@id":"https:\/\/advbox.com.br\/blog\/#organization"},"potentialAction":[{"@type":"SearchAction","target":{"@type":"EntryPoint","urlTemplate":"https:\/\/advbox.com.br\/blog\/?s={search_term_string}"},"query-input":{"@type":"PropertyValueSpecification","valueRequired":true,"valueName":"search_term_string"}}],"inLanguage":"pt-BR"},{"@type":"Organization","@id":"https:\/\/advbox.com.br\/blog\/#organization","name":"ADVBOX Blog - Software jur\u00eddico da advocacia digital","url":"https:\/\/advbox.com.br\/blog\/","logo":{"@type":"ImageObject","inLanguage":"pt-BR","@id":"https:\/\/advbox.com.br\/blog\/#\/schema\/logo\/image\/","url":"https:\/\/advbox.com.br\/blog\/wp-content\/uploads\/2019\/12\/Como-aumentar-a-produtividade_.jpg","contentUrl":"https:\/\/advbox.com.br\/blog\/wp-content\/uploads\/2019\/12\/Como-aumentar-a-produtividade_.jpg","width":320,"height":213,"caption":"ADVBOX Blog - Software jur\u00eddico da advocacia digital"},"image":{"@id":"https:\/\/advbox.com.br\/blog\/#\/schema\/logo\/image\/"},"sameAs":["https:\/\/www.facebook.com\/advbox\/","https:\/\/x.com\/advbox2"]},{"@type":"Person","@id":"https:\/\/advbox.com.br\/blog\/#\/schema\/person\/029674387a95515a227f2dd7f49b8dfa","name":"Eduardo Koetz","description":"Eduardo Koetz \u00e9 advogado, escritor, s\u00f3cio e fundador da Koetz Advocacia e CEO da empresa de software jur\u00eddico Advbox. Possui bacharel em Direito pela Universidade do Vale do Rio dos Sinos (Unisinos). Possui tanto registros na Ordem dos Advogados do Brasil - OAB (OAB\/SC 42.934, OAB\/RS 73.409, OAB\/PR 72.951, OAB\/SP 435.266, OAB\/MG 204.531, OAB\/MG 204.531), como na Ordem dos Advogados de Portugal - OA ( OA\/Portugal 69.512L).swdsasdw \u00c9 p\u00f3s-graduado em Direito do Trabalho pela Universidade Federal do Rio Grande do Sul (2011- 2012) e em Direito Tribut\u00e1rio pela Escola Superior da Magistratura Federal ESMAFE (2013 - 2014). Atua como um dos principais gestores da Koetz Advocacia realizando a supervis\u00e3o e lideran\u00e7a em todos os setores do escrit\u00f3rio. Em 2021, Eduardo publicou o livro intitulado: Otimizado - O escrit\u00f3rio como empresa escal\u00e1vel pela editora Viseu.","url":"https:\/\/advbox.com.br\/blog\/autor\/comunicacao\/"}]}},"_links":{"self":[{"href":"https:\/\/advbox.com.br\/blog\/wp-json\/wp\/v2\/posts\/79721","targetHints":{"allow":["GET"]}}],"collection":[{"href":"https:\/\/advbox.com.br\/blog\/wp-json\/wp\/v2\/posts"}],"about":[{"href":"https:\/\/advbox.com.br\/blog\/wp-json\/wp\/v2\/types\/post"}],"author":[{"embeddable":true,"href":"https:\/\/advbox.com.br\/blog\/wp-json\/wp\/v2\/users\/43"}],"replies":[{"embeddable":true,"href":"https:\/\/advbox.com.br\/blog\/wp-json\/wp\/v2\/comments?post=79721"}],"version-history":[{"count":4,"href":"https:\/\/advbox.com.br\/blog\/wp-json\/wp\/v2\/posts\/79721\/revisions"}],"predecessor-version":[{"id":82649,"href":"https:\/\/advbox.com.br\/blog\/wp-json\/wp\/v2\/posts\/79721\/revisions\/82649"}],"wp:featuredmedia":[{"embeddable":true,"href":"https:\/\/advbox.com.br\/blog\/wp-json\/wp\/v2\/media\/79722"}],"wp:attachment":[{"href":"https:\/\/advbox.com.br\/blog\/wp-json\/wp\/v2\/media?parent=79721"}],"wp:term":[{"taxonomy":"category","embeddable":true,"href":"https:\/\/advbox.com.br\/blog\/wp-json\/wp\/v2\/categories?post=79721"},{"taxonomy":"post_tag","embeddable":true,"href":"https:\/\/advbox.com.br\/blog\/wp-json\/wp\/v2\/tags?post=79721"}],"curies":[{"name":"wp","href":"https:\/\/api.w.org\/{rel}","templated":true}]}}