{"id":80458,"date":"2025-12-26T14:55:02","date_gmt":"2025-12-26T17:55:02","guid":{"rendered":"https:\/\/advbox.com.br\/blog\/?p=80458"},"modified":"2026-03-05T20:04:52","modified_gmt":"2026-03-05T23:04:52","slug":"clovis-de-barros-filho-partiu-pensar","status":"publish","type":"post","link":"https:\/\/advbox.com.br\/blog\/clovis-de-barros-filho-partiu-pensar\/","title":{"rendered":"Cl\u00f3vis de Barros Filho para advogados: Partiu Pensar | ADVBOX"},"content":{"rendered":"\n<h1 class=\"wp-block-heading\">ADVBOX e Cl\u00f3vis de Barros Filho: por que a nova fase da advocacia come\u00e7a no pensamento<\/h1>\n\n\n\n<p>Nos \u00faltimos anos, a vida passou a funcionar em outro ritmo. Tudo ganhou velocidade, at\u00e9 mesmo a forma como trabalhamos, nos comunicamos, decidimos e reagimos.&nbsp;<\/p>\n\n\n\n<p>A rotina ficou mais densa, as tarefas se multiplicaram e a execu\u00e7\u00e3o virou regra. Estar sempre correndo deixou de ser exce\u00e7\u00e3o e passou a ser normalidade.<\/p>\n\n\n\n<p>Enquanto isso, a&nbsp; <a href=\"https:\/\/advbox.com.br\/blog\/tecnologia-no-direito\/\" target=\"_blank\">tecnologia teve um papel centralizador nesse processo<\/a>. Ferramentas evolu\u00edram, automa\u00e7\u00f5es encurtaram caminhos, dados passaram a organizar decis\u00f5es e sistemas assumiram tarefas que antes exigiam tempo humano.&nbsp;<\/p>\n\n\n\n<p>O <a href=\"https:\/\/advbox.com.br\/blog\/alta-produtividade-na-advocacia\/\" target=\"_blank\">ganho de efici\u00eancia<\/a> \u00e9 ineg\u00e1vel. Produzimos mais, respondemos mais r\u00e1pido e operamos com muito mais recursos do que qualquer gera\u00e7\u00e3o anterior.<\/p>\n\n\n\n<p>Mas, no meio dessa acelera\u00e7\u00e3o constante, o pensamento come\u00e7ou a perder espa\u00e7o. N\u00e3o por falta de capacidade ou de informa\u00e7\u00e3o, mas pela aus\u00eancia de tempo e de aten\u00e7\u00e3o.&nbsp;<\/p>\n\n\n\n<p>\u00c9 por isso que a ADVBOX est\u00e1 se unindo a Cl\u00f3vis de Barros Filho para dar um passo al\u00e9m da execu\u00e7\u00e3o e recolocar no centro aquilo que sempre esteve na origem de qualquer decis\u00e3o relevante: consci\u00eancia, reflex\u00e3o e prop\u00f3sito.<\/p>\n\n\n\n<h2 class=\"wp-block-heading\">Quem \u00e9 Cl\u00f3vis de Barros Filho?<\/h2>\n\n\n\n<p class=\"has-text-align-center\"><em>\u201cMetade da vida depende do que escolhemos. A outra metade\u2026 do que n\u00e3o escolhemos.\u201d &#8211; Cl\u00f3vis de Barros Filho<\/em><\/p>\n\n\n\n<p><strong>Cl\u00f3vis de Barros Filho \u00e9 um dos principais pensadores contempor\u00e2neos do Brasil quando o assunto \u00e9 \u00e9tica, filosofia e comportamento humano<\/strong>. Professor, escritor e palestrante, construiu sua trajet\u00f3ria dedicando-se a refletir sobre temas que atravessam a vida cotidiana, as escolhas individuais, a responsabilidade moral e o sentido das decis\u00f5es que tomamos, muitas vezes, sem perceber.<\/p>\n\n\n\n<p>Doutor em Ci\u00eancias da Comunica\u00e7\u00e3o pela Universidade de Paris, Cl\u00f3vis construiu uma carreira s\u00f3lida como professor universit\u00e1rio, com longa atua\u00e7\u00e3o na Universidade de S\u00e3o Paulo (USP), onde lecionou disciplinas relacionadas \u00e0 \u00e9tica, \u00e0 filosofia e \u00e0 comunica\u00e7\u00e3o. Ao longo dos anos, transitou com naturalidade entre o ambiente acad\u00eamico e o debate p\u00fablico, tornando-se uma das principais vozes brasileiras na difus\u00e3o da reflex\u00e3o&nbsp; filos\u00f3fica aplicada \u00e0 vida cotidiana.<\/p>\n\n\n\n<p>Como autor, Cl\u00f3vis de Barros Filho publicou diversos livros que se tornaram refer\u00eancia para quem busca compreender temas como liberdade, felicidade, \u00e9tica e responsabilidade. Entre suas obras mais conhecidas est\u00e3o <em>A Vida que Vale a Pena Ser Vivida<\/em>, <em>\u00c9tica na Comunica\u00e7\u00e3o<\/em>, <em>Felicidade ou Morte<\/em> e <em>Somos Todos Canalhas?<\/em>. Em todas elas, o autor parte de conceitos cl\u00e1ssicos da filosofia para provocar reflex\u00f5es pr\u00e1ticas, diretas e, muitas vezes, desconfort\u00e1veis, exatamente porque rompem com o racioc\u00ednio autom\u00e1tico.<\/p>\n\n\n\n<p>Seu trabalho ganhou grande alcance tamb\u00e9m por meio de palestras, cursos, aulas abertas e projetos de conte\u00fado. Em vez de oferecer respostas prontas, Cl\u00f3vis provoca perguntas inc\u00f4modas, aquelas que obrigam o indiv\u00edduo a sair do modo autom\u00e1tico e assumir consci\u00eancia sobre o pr\u00f3prio modo de viver, decidir e agir.<\/p>\n\n\n\n<p>Ao abordar temas como liberdade, felicidade, sucesso e responsabilidade, sua reflex\u00e3o parte sempre de um ponto central: pensar \u00e9 um ato profundamente humano e intransfer\u00edvel. Ningu\u00e9m pode pensar pelo outro sem que algo essencial se perca no processo.<\/p>\n\n\n\n<p>\u00c9 justamente essa vis\u00e3o que conecta seu trabalho ao momento atual da sociedade e, de forma ainda mais direta, ao universo jur\u00eddico. Em um tempo marcado pela acelera\u00e7\u00e3o, pela repeti\u00e7\u00e3o de f\u00f3rmulas e pela busca constante por efici\u00eancia, Cl\u00f3vis convida \u00e0 pausa. \u00c0 reflex\u00e3o. \u00c0 consci\u00eancia antes da a\u00e7\u00e3o.<\/p>\n\n\n\n<h2 class=\"wp-block-heading\">O que \u00e9 o projeto Partiu Pensar?&nbsp;<\/h2>\n\n\n\n<p>O novo <strong>projeto que nasce da parceria entre a ADVBOX e Cl\u00f3vis de Barros Filho \u00e9 um espa\u00e7o dedicado \u00e0 reflex\u00e3o aplicada<\/strong>. Um projeto que busca criar condi\u00e7\u00f5es para que o exerc\u00edcio do discernimento volte a ocupar um lugar central na vida profissional e pessoal.<\/p>\n\n\n\n<p>Trata-se do Partiu Pensar, um podcast que conecta filosofia, vida, advocacia e tecnologia a partir de conversas que convidam \u00e0 pausa e \u00e0 consci\u00eancia. Em um ambiente marcado pela urg\u00eancia e pela execu\u00e7\u00e3o constante, o projeto prop\u00f5e um movimento contr\u00e1rio, desacelerar para compreender, refletir para decidir melhor.<\/p>\n\n\n\n<p>O Partiu Pensar nasce do entendimento de que <a href=\"https:\/\/advbox.com.br\/blog\/tecnologia-juridica\/\" target=\"_blank\">a tecnologia j\u00e1 avan\u00e7ou e muito<\/a>. Hoje, ferramentas organizam rotinas, dados orientam decis\u00f5es e sistemas ampliam a capacidade de atua\u00e7\u00e3o dos advogados. O que se prop\u00f5e agora n\u00e3o \u00e9 substituir esse avan\u00e7o, mas complement\u00e1-lo com profundidade. A tecnologia segue como meio; o pensamento passa a ser tratado como dire\u00e7\u00e3o.<\/p>\n\n\n\n<p>Cada epis\u00f3dio do projeto \u00e9 elaborado como um convite \u00e0 reflex\u00e3o sobre temas que atravessam o cotidiano, como escolhas, responsabilidade, liberdade, \u00e9tica, sucesso e o impacto das decis\u00f5es que tomamos, muitas vezes, no autom\u00e1tico. O Direito aparece nesse contexto como pr\u00e1tica humana, carregada de sentido e consequ\u00eancia.<\/p>\n\n\n\n<p>Ao apoiar e viabilizar esse projeto, a ADVBOX amplia a ideia do seu ecossistema de ir&nbsp; al\u00e9m da organiza\u00e7\u00e3o da rotina jur\u00eddica e da efici\u00eancia operacional, mas de tamb\u00e9m contribuir com a forma\u00e7\u00e3o de uma advocacia mais consciente, estrat\u00e9gica e intencional. N\u00e3o se trata de ensinar a pensar, mas de criar espa\u00e7o para que o pensamento aconte\u00e7a.<\/p>\n\n\n\n<figure class=\"wp-block-image size-full\"><a href=\"https:\/\/www.youtube.com\/hashtag\/partiupensar\" target=\"_blank\"><img fetchpriority=\"high\" decoding=\"async\" width=\"1024\" height=\"592\" src=\"https:\/\/advbox.com.br\/blog\/wp-content\/uploads\/2025\/12\/Clovis-de-Barros-Filho-1.jpg\" alt=\"Cl\u00f3vis de Barros Filho\" class=\"wp-image-80467\" srcset=\"https:\/\/advbox.com.br\/blog\/wp-content\/uploads\/2025\/12\/Clovis-de-Barros-Filho-1.jpg 1024w, https:\/\/advbox.com.br\/blog\/wp-content\/uploads\/2025\/12\/Clovis-de-Barros-Filho-1-500x289.jpg 500w, https:\/\/advbox.com.br\/blog\/wp-content\/uploads\/2025\/12\/Clovis-de-Barros-Filho-1-768x444.jpg 768w, https:\/\/advbox.com.br\/blog\/wp-content\/uploads\/2025\/12\/Clovis-de-Barros-Filho-1-150x87.jpg 150w\" sizes=\"(max-width: 1024px) 100vw, 1024px\" \/><\/a><\/figure>\n\n\n\n<h2 class=\"wp-block-heading\">Por que filosofia e advocacia precisam caminhar juntas?<\/h2>\n\n\n\n<p>A advocacia sempre foi um campo de decis\u00f5es. Antes de ser procedimento, ela \u00e9 interpreta\u00e7\u00e3o. Antes de ser norma aplicada, \u00e9 leitura de contexto. E toda escolha, por mais t\u00e9cnica que pare\u00e7a, nasce de um processo de reflex\u00e3o.<\/p>\n\n\n\n<p>E qual \u00e9 o papel da tecnologia nesse contexto? Ela amplia capacidades, organiza informa\u00e7\u00f5es, acelera tarefas e permite que o advogado atue com mais efici\u00eancia, clareza e alcance. Ferramentas n\u00e3o substituem a consci\u00eancia cr\u00edtica, elas liberam tempo e energia para que ele aconte\u00e7a com mais qualidade.<\/p>\n\n\n\n<p>\u00c9 justamente por isso que filosofia e advocacia precisam caminhar juntas. Porque, quanto mais recursos temos \u00e0 disposi\u00e7\u00e3o, mais importante se torna a consci\u00eancia sobre como utiliz\u00e1-los. A inova\u00e7\u00e3o potencializa a a\u00e7\u00e3o, mas \u00e9 o discernimento que define a dire\u00e7\u00e3o.<\/p>\n\n\n\n<p>Quando filosofia e advocacia se encontram, a pr\u00e1tica jur\u00eddica passa a ser orientada por crit\u00e9rios, valores e objetivos claros. A estrat\u00e9gia passa a considerar impactos, consequ\u00eancias e responsabilidades. E a tecnologia cumpre plenamente sua fun\u00e7\u00e3o de organizar, acelerar e ampliar a capacidade de decis\u00e3o sem substituir o ju\u00edzo humano que sustenta cada escolha.<\/p>\n\n\n\n<p>Nesse contexto, a pr\u00e1tica jur\u00eddica n\u00e3o se resume \u00e0 execu\u00e7\u00e3o correta de tarefas ou ao cumprimento de prazos. Ela se torna intencional. Ou seja, <a href=\"https:\/\/advbox.com.br\/blog\/ferramentas-digitais-para-advogados\/\" target=\"_blank\">cada ferramenta utilizada<\/a>, cada dado analisado e cada direcionamento adotado passam a responder a um prop\u00f3sito definido, e n\u00e3o apenas \u00e0 urg\u00eancia do momento.<\/p>\n\n\n\n<p>Analisar antes de agir n\u00e3o desacelera a advocacia; ao contr\u00e1rio, qualifica o resultado, reduz erros, fortalece a estrat\u00e9gia e aproxima a atua\u00e7\u00e3o legal de posicionamentos conscientes e respons\u00e1veis.<\/p>\n\n\n\n<h2 class=\"wp-block-heading\">O que muda para a advocacia a partir dessa iniciativa<\/h2>\n\n\n\n<p>A iniciativa que une ADVBOX e o Podcast Partiu Pensar n\u00e3o prop\u00f5e uma ruptura com a pr\u00e1tica jur\u00eddica atual, mas um aprofundamento. A tecnologia continua cumprindo sua fun\u00e7\u00e3o de organizar, acelerar e ampliar a capacidade de atua\u00e7\u00e3o dos advogados.<strong> O que muda \u00e9 o lugar do pensamento dentro desse cen\u00e1rio cada vez mais estruturado.<\/strong><\/p>\n\n\n\n<p>Ao abrir espa\u00e7o para a reflex\u00e3o, a advocacia ganha algo que a rotina acelerada tende a reduzir: consci\u00eancia sobre as pr\u00f3prias escolhas. Decis\u00f5es deixam de ser somente sobre respostas a prazos e demandas imediatas e passam a ser compreendidas como atos que produzem impacto, constroem caminhos e moldam trajet\u00f3rias profissionais.<\/p>\n\n\n\n<p>Essa mudan\u00e7a fortalece a dimens\u00e3o \u00e9tica da profiss\u00e3o. Ao refletir sobre os crit\u00e9rios que orientam cada ato deliberado, amplia-se a responsabilidade sobre suas consequ\u00eancias. A t\u00e9cnica permanece essencial, mas passa a caminhar junto com a consci\u00eancia, aproximando a advocacia de uma atua\u00e7\u00e3o mais justa, consistente e humana.<\/p>\n\n\n\n<p>Em um mercado que tem sido altamente competitivo, o diferencial deixa de estar somente no dom\u00ednio de ferramentas ou no acesso \u00e0 informa\u00e7\u00e3o. Ele passa a residir na capacidade de pensar com profundidade, interpretar com crit\u00e9rio e decidir com inten\u00e7\u00e3o. A advocacia que emerge desse movimento n\u00e3o \u00e9 mais lenta, \u00e9 mais l\u00facida.<\/p>\n\n\n\n<p>Ao recolocar o consci\u00eancia no centro, essa iniciativa contribui para formar profissionais capazes de utilizar a inova\u00e7\u00e3o de forma estrat\u00e9gica, sem perder de vista aquilo que sustenta o Direito desde sempre, a responsabilidade, discernimento e compromisso com as decis\u00f5es que transformam vidas.<\/p>\n\n\n\n<h2 class=\"wp-block-heading\">Conclus\u00e3o<\/h2>\n\n\n\n<p><strong>Pensar, nesse contexto, n\u00e3o \u00e9 desacelerar a pr\u00e1tica jur\u00eddica, mas recuperar a autoria sobre as escolhas.<\/strong> \u00c9 decidir por que uma estrat\u00e9gia \u00e9 adotada, por que um caminho \u00e9 seguido e por que determinada ferramenta \u00e9 utilizada.&nbsp;<\/p>\n\n\n\n<p>Sem esse movimento, mesmo a melhor ferramenta ou Intelig\u00eancia Artificial corre o risco de ser usada apenas para repetir padr\u00f5es, n\u00e3o para construir dire\u00e7\u00e3o.<\/p>\n\n\n\n<p>Por isso, o convite \u00e9 \u00e0 pausa e \u00e0 reflex\u00e3o sobre o pr\u00f3prio modo de questionar. Porque \u00e9 do discernimento que nascem as escolhas, as dire\u00e7\u00f5es e tudo aquilo que transforma a vida, a tecnologia e a justi\u00e7a.<\/p>\n\n\n\n<p>No canal Partiu Pensar, a ADVBOX, como patrocinadora, apoia uma <a href=\"https:\/\/www.youtube.com\/hashtag\/partiupensar\" target=\"_blank\">jornada de reflex\u00e3o<\/a> com Cl\u00f3vis de Barros Filho.<\/p>\n\n\n\n<p>Se voc\u00ea acredita que a advocacia pode unir tecnologia, estrat\u00e9gia e responsabilidade de forma mais l\u00facida, acompanhe o <a href=\"https:\/\/www.youtube.com\/hashtag\/partiupensar\" target=\"_blank\">Partiu Pensar<\/a>. <a href=\"https:\/\/www.youtube.com\/hashtag\/partiupensar\" target=\"_blank\">Inscreva-se no canal e ative as notifica\u00e7\u00f5es<\/a>.<\/p>\n\n\n\n<figure class=\"wp-block-image size-full\"><a href=\"https:\/\/www.youtube.com\/hashtag\/partiupensar\" target=\"_blank\"><img decoding=\"async\" width=\"1024\" height=\"262\" src=\"https:\/\/advbox.com.br\/blog\/wp-content\/uploads\/2025\/12\/Clovis-de-Barros-Filho.webp\" alt=\"Cl\u00f3vis de Barros Filho\" class=\"wp-image-80459\" srcset=\"https:\/\/advbox.com.br\/blog\/wp-content\/uploads\/2025\/12\/Clovis-de-Barros-Filho.webp 1024w, https:\/\/advbox.com.br\/blog\/wp-content\/uploads\/2025\/12\/Clovis-de-Barros-Filho-500x128.webp 500w, https:\/\/advbox.com.br\/blog\/wp-content\/uploads\/2025\/12\/Clovis-de-Barros-Filho-768x197.webp 768w, https:\/\/advbox.com.br\/blog\/wp-content\/uploads\/2025\/12\/Clovis-de-Barros-Filho-150x38.webp 150w\" sizes=\"(max-width: 1024px) 100vw, 1024px\" loading=\"lazy\" \/><\/a><\/figure>\n","protected":false},"excerpt":{"rendered":"<p>ADVBOX e Cl\u00f3vis de Barros Filho: por que a nova fase da advocacia come\u00e7a no pensamento Nos \u00faltimos anos, a vida passou a funcionar em outro ritmo. Tudo ganhou velocidade, at\u00e9 mesmo a forma como trabalhamos, nos comunicamos, decidimos e reagimos.&nbsp; A rotina ficou mais densa, as tarefas se multiplicaram [&hellip;]<\/p>\n","protected":false},"author":43,"featured_media":80466,"comment_status":"closed","ping_status":"closed","sticky":false,"template":"","format":"standard","meta":{"_acf_changed":false,"om_disable_all_campaigns":false,"footnotes":""},"categories":[155],"tags":[],"class_list":["post-80458","post","type-post","status-publish","format-standard","has-post-thumbnail","hentry","category-eventos"],"acf":[],"yoast_head":"<!-- This site is optimized with the Yoast SEO plugin v26.9 - https:\/\/yoast.com\/product\/yoast-seo-wordpress\/ -->\n<title>Cl\u00f3vis de Barros Filho para advogados: Partiu Pensar | ADVBOX<\/title>\n<meta name=\"description\" content=\"Podcast Partiu Pensar, com Cl\u00f3vis de Barros Filho e ADVBOX, une filosofia, vida, advocacia e tecnologia com reflex\u00e3o, consci\u00eancia e prop\u00f3sito.\" \/>\n<meta name=\"robots\" content=\"index, follow, max-snippet:-1, max-image-preview:large, max-video-preview:-1\" \/>\n<link rel=\"canonical\" href=\"https:\/\/advbox.com.br\/blog\/clovis-de-barros-filho-partiu-pensar\/\" \/>\n<meta property=\"og:locale\" content=\"pt_BR\" \/>\n<meta property=\"og:type\" content=\"article\" \/>\n<meta property=\"og:title\" content=\"Cl\u00f3vis de Barros Filho para advogados: Partiu Pensar | ADVBOX\" \/>\n<meta property=\"og:description\" content=\"Podcast Partiu Pensar, com Cl\u00f3vis de Barros Filho e ADVBOX, une filosofia, vida, advocacia e tecnologia com reflex\u00e3o, consci\u00eancia e prop\u00f3sito.\" \/>\n<meta property=\"og:url\" content=\"https:\/\/advbox.com.br\/blog\/clovis-de-barros-filho-partiu-pensar\/\" \/>\n<meta property=\"og:site_name\" content=\"Software Jur\u00eddico Completo - ADVBOX\" \/>\n<meta property=\"article:publisher\" content=\"https:\/\/www.facebook.com\/advbox\/\" \/>\n<meta property=\"article:published_time\" content=\"2025-12-26T17:55:02+00:00\" \/>\n<meta property=\"article:modified_time\" content=\"2026-03-05T23:04:52+00:00\" \/>\n<meta property=\"og:image\" content=\"https:\/\/advbox.com.br\/blog\/wp-content\/uploads\/2025\/12\/Clovis-de-Barros-Filho.jpg\" \/>\n\t<meta property=\"og:image:width\" content=\"1024\" \/>\n\t<meta property=\"og:image:height\" content=\"576\" \/>\n\t<meta property=\"og:image:type\" content=\"image\/jpeg\" \/>\n<meta name=\"author\" content=\"Eduardo Koetz\" \/>\n<meta name=\"twitter:card\" content=\"summary_large_image\" \/>\n<meta name=\"twitter:creator\" content=\"@advbox2\" \/>\n<meta name=\"twitter:site\" content=\"@advbox2\" \/>\n<script type=\"application\/ld+json\" class=\"yoast-schema-graph\">{\"@context\":\"https:\/\/schema.org\",\"@graph\":[{\"@type\":\"Article\",\"@id\":\"https:\/\/advbox.com.br\/blog\/clovis-de-barros-filho-partiu-pensar\/#article\",\"isPartOf\":{\"@id\":\"https:\/\/advbox.com.br\/blog\/clovis-de-barros-filho-partiu-pensar\/\"},\"author\":{\"name\":\"Eduardo Koetz\",\"@id\":\"https:\/\/advbox.com.br\/blog\/#\/schema\/person\/029674387a95515a227f2dd7f49b8dfa\"},\"headline\":\"Cl\u00f3vis de Barros Filho para advogados: Partiu Pensar | ADVBOX\",\"datePublished\":\"2025-12-26T17:55:02+00:00\",\"dateModified\":\"2026-03-05T23:04:52+00:00\",\"mainEntityOfPage\":{\"@id\":\"https:\/\/advbox.com.br\/blog\/clovis-de-barros-filho-partiu-pensar\/\"},\"wordCount\":1636,\"publisher\":{\"@id\":\"https:\/\/advbox.com.br\/blog\/#organization\"},\"image\":{\"@id\":\"https:\/\/advbox.com.br\/blog\/clovis-de-barros-filho-partiu-pensar\/#primaryimage\"},\"thumbnailUrl\":\"https:\/\/advbox.com.br\/blog\/wp-content\/uploads\/2025\/12\/Clovis-de-Barros-Filho.jpg\",\"articleSection\":[\"Eventos\"],\"inLanguage\":\"pt-BR\"},{\"@type\":\"WebPage\",\"@id\":\"https:\/\/advbox.com.br\/blog\/clovis-de-barros-filho-partiu-pensar\/\",\"url\":\"https:\/\/advbox.com.br\/blog\/clovis-de-barros-filho-partiu-pensar\/\",\"name\":\"Cl\u00f3vis de Barros Filho para advogados: Partiu Pensar | ADVBOX\",\"isPartOf\":{\"@id\":\"https:\/\/advbox.com.br\/blog\/#website\"},\"primaryImageOfPage\":{\"@id\":\"https:\/\/advbox.com.br\/blog\/clovis-de-barros-filho-partiu-pensar\/#primaryimage\"},\"image\":{\"@id\":\"https:\/\/advbox.com.br\/blog\/clovis-de-barros-filho-partiu-pensar\/#primaryimage\"},\"thumbnailUrl\":\"https:\/\/advbox.com.br\/blog\/wp-content\/uploads\/2025\/12\/Clovis-de-Barros-Filho.jpg\",\"datePublished\":\"2025-12-26T17:55:02+00:00\",\"dateModified\":\"2026-03-05T23:04:52+00:00\",\"description\":\"Podcast Partiu Pensar, com Cl\u00f3vis de Barros Filho e ADVBOX, une filosofia, vida, advocacia e tecnologia com reflex\u00e3o, consci\u00eancia e prop\u00f3sito.\",\"breadcrumb\":{\"@id\":\"https:\/\/advbox.com.br\/blog\/clovis-de-barros-filho-partiu-pensar\/#breadcrumb\"},\"inLanguage\":\"pt-BR\",\"potentialAction\":[{\"@type\":\"ReadAction\",\"target\":[\"https:\/\/advbox.com.br\/blog\/clovis-de-barros-filho-partiu-pensar\/\"]}]},{\"@type\":\"ImageObject\",\"inLanguage\":\"pt-BR\",\"@id\":\"https:\/\/advbox.com.br\/blog\/clovis-de-barros-filho-partiu-pensar\/#primaryimage\",\"url\":\"https:\/\/advbox.com.br\/blog\/wp-content\/uploads\/2025\/12\/Clovis-de-Barros-Filho.jpg\",\"contentUrl\":\"https:\/\/advbox.com.br\/blog\/wp-content\/uploads\/2025\/12\/Clovis-de-Barros-Filho.jpg\",\"width\":1024,\"height\":576,\"caption\":\"Cl\u00f3vis de Barros Filho\"},{\"@type\":\"BreadcrumbList\",\"@id\":\"https:\/\/advbox.com.br\/blog\/clovis-de-barros-filho-partiu-pensar\/#breadcrumb\",\"itemListElement\":[{\"@type\":\"ListItem\",\"position\":1,\"name\":\"In\u00edcio\",\"item\":\"https:\/\/advbox.com.br\/blog\/\"},{\"@type\":\"ListItem\",\"position\":2,\"name\":\"ADVBOX\",\"item\":\"https:\/\/advbox.com.br\/blog\/advbox\/\"},{\"@type\":\"ListItem\",\"position\":3,\"name\":\"Eventos\",\"item\":\"https:\/\/advbox.com.br\/blog\/advbox\/eventos\/\"},{\"@type\":\"ListItem\",\"position\":4,\"name\":\"Cl\u00f3vis de Barros Filho para advogados: Partiu Pensar | ADVBOX\"}]},{\"@type\":\"WebSite\",\"@id\":\"https:\/\/advbox.com.br\/blog\/#website\",\"url\":\"https:\/\/advbox.com.br\/blog\/\",\"name\":\"Software Jur\u00eddico Completo - ADVBOX\",\"description\":\"Plataforma para Advocacia Digital\",\"publisher\":{\"@id\":\"https:\/\/advbox.com.br\/blog\/#organization\"},\"potentialAction\":[{\"@type\":\"SearchAction\",\"target\":{\"@type\":\"EntryPoint\",\"urlTemplate\":\"https:\/\/advbox.com.br\/blog\/?s={search_term_string}\"},\"query-input\":{\"@type\":\"PropertyValueSpecification\",\"valueRequired\":true,\"valueName\":\"search_term_string\"}}],\"inLanguage\":\"pt-BR\"},{\"@type\":\"Organization\",\"@id\":\"https:\/\/advbox.com.br\/blog\/#organization\",\"name\":\"ADVBOX Blog - Software jur\u00eddico da advocacia digital\",\"url\":\"https:\/\/advbox.com.br\/blog\/\",\"logo\":{\"@type\":\"ImageObject\",\"inLanguage\":\"pt-BR\",\"@id\":\"https:\/\/advbox.com.br\/blog\/#\/schema\/logo\/image\/\",\"url\":\"https:\/\/advbox.com.br\/blog\/wp-content\/uploads\/2019\/12\/Como-aumentar-a-produtividade_.jpg\",\"contentUrl\":\"https:\/\/advbox.com.br\/blog\/wp-content\/uploads\/2019\/12\/Como-aumentar-a-produtividade_.jpg\",\"width\":320,\"height\":213,\"caption\":\"ADVBOX Blog - Software jur\u00eddico da advocacia digital\"},\"image\":{\"@id\":\"https:\/\/advbox.com.br\/blog\/#\/schema\/logo\/image\/\"},\"sameAs\":[\"https:\/\/www.facebook.com\/advbox\/\",\"https:\/\/x.com\/advbox2\"]},{\"@type\":\"Person\",\"@id\":\"https:\/\/advbox.com.br\/blog\/#\/schema\/person\/029674387a95515a227f2dd7f49b8dfa\",\"name\":\"Eduardo Koetz\",\"description\":\"Eduardo Koetz \u00e9 advogado, escritor, s\u00f3cio e fundador da Koetz Advocacia e CEO da empresa de software jur\u00eddico Advbox. Possui bacharel em Direito pela Universidade do Vale do Rio dos Sinos (Unisinos). Possui tanto registros na Ordem dos Advogados do Brasil - OAB (OAB\/SC 42.934, OAB\/RS 73.409, OAB\/PR 72.951, OAB\/SP 435.266, OAB\/MG 204.531, OAB\/MG 204.531), como na Ordem dos Advogados de Portugal - OA ( OA\/Portugal 69.512L).swdsasdw \u00c9 p\u00f3s-graduado em Direito do Trabalho pela Universidade Federal do Rio Grande do Sul (2011- 2012) e em Direito Tribut\u00e1rio pela Escola Superior da Magistratura Federal ESMAFE (2013 - 2014). Atua como um dos principais gestores da Koetz Advocacia realizando a supervis\u00e3o e lideran\u00e7a em todos os setores do escrit\u00f3rio. Em 2021, Eduardo publicou o livro intitulado: Otimizado - O escrit\u00f3rio como empresa escal\u00e1vel pela editora Viseu.\",\"url\":\"https:\/\/advbox.com.br\/blog\/autor\/comunicacao\/\"}]}<\/script>\n<!-- \/ Yoast SEO plugin. -->","yoast_head_json":{"title":"Cl\u00f3vis de Barros Filho para advogados: Partiu Pensar | ADVBOX","description":"Podcast Partiu Pensar, com Cl\u00f3vis de Barros Filho e ADVBOX, une filosofia, vida, advocacia e tecnologia com reflex\u00e3o, consci\u00eancia e prop\u00f3sito.","robots":{"index":"index","follow":"follow","max-snippet":"max-snippet:-1","max-image-preview":"max-image-preview:large","max-video-preview":"max-video-preview:-1"},"canonical":"https:\/\/advbox.com.br\/blog\/clovis-de-barros-filho-partiu-pensar\/","og_locale":"pt_BR","og_type":"article","og_title":"Cl\u00f3vis de Barros Filho para advogados: Partiu Pensar | ADVBOX","og_description":"Podcast Partiu Pensar, com Cl\u00f3vis de Barros Filho e ADVBOX, une filosofia, vida, advocacia e tecnologia com reflex\u00e3o, consci\u00eancia e prop\u00f3sito.","og_url":"https:\/\/advbox.com.br\/blog\/clovis-de-barros-filho-partiu-pensar\/","og_site_name":"Software Jur\u00eddico Completo - ADVBOX","article_publisher":"https:\/\/www.facebook.com\/advbox\/","article_published_time":"2025-12-26T17:55:02+00:00","article_modified_time":"2026-03-05T23:04:52+00:00","og_image":[{"width":1024,"height":576,"url":"https:\/\/advbox.com.br\/blog\/wp-content\/uploads\/2025\/12\/Clovis-de-Barros-Filho.jpg","type":"image\/jpeg"}],"author":"Eduardo Koetz","twitter_card":"summary_large_image","twitter_creator":"@advbox2","twitter_site":"@advbox2","schema":{"@context":"https:\/\/schema.org","@graph":[{"@type":"Article","@id":"https:\/\/advbox.com.br\/blog\/clovis-de-barros-filho-partiu-pensar\/#article","isPartOf":{"@id":"https:\/\/advbox.com.br\/blog\/clovis-de-barros-filho-partiu-pensar\/"},"author":{"name":"Eduardo Koetz","@id":"https:\/\/advbox.com.br\/blog\/#\/schema\/person\/029674387a95515a227f2dd7f49b8dfa"},"headline":"Cl\u00f3vis de Barros Filho para advogados: Partiu Pensar | ADVBOX","datePublished":"2025-12-26T17:55:02+00:00","dateModified":"2026-03-05T23:04:52+00:00","mainEntityOfPage":{"@id":"https:\/\/advbox.com.br\/blog\/clovis-de-barros-filho-partiu-pensar\/"},"wordCount":1636,"publisher":{"@id":"https:\/\/advbox.com.br\/blog\/#organization"},"image":{"@id":"https:\/\/advbox.com.br\/blog\/clovis-de-barros-filho-partiu-pensar\/#primaryimage"},"thumbnailUrl":"https:\/\/advbox.com.br\/blog\/wp-content\/uploads\/2025\/12\/Clovis-de-Barros-Filho.jpg","articleSection":["Eventos"],"inLanguage":"pt-BR"},{"@type":"WebPage","@id":"https:\/\/advbox.com.br\/blog\/clovis-de-barros-filho-partiu-pensar\/","url":"https:\/\/advbox.com.br\/blog\/clovis-de-barros-filho-partiu-pensar\/","name":"Cl\u00f3vis de Barros Filho para advogados: Partiu Pensar | ADVBOX","isPartOf":{"@id":"https:\/\/advbox.com.br\/blog\/#website"},"primaryImageOfPage":{"@id":"https:\/\/advbox.com.br\/blog\/clovis-de-barros-filho-partiu-pensar\/#primaryimage"},"image":{"@id":"https:\/\/advbox.com.br\/blog\/clovis-de-barros-filho-partiu-pensar\/#primaryimage"},"thumbnailUrl":"https:\/\/advbox.com.br\/blog\/wp-content\/uploads\/2025\/12\/Clovis-de-Barros-Filho.jpg","datePublished":"2025-12-26T17:55:02+00:00","dateModified":"2026-03-05T23:04:52+00:00","description":"Podcast Partiu Pensar, com Cl\u00f3vis de Barros Filho e ADVBOX, une filosofia, vida, advocacia e tecnologia com reflex\u00e3o, consci\u00eancia e prop\u00f3sito.","breadcrumb":{"@id":"https:\/\/advbox.com.br\/blog\/clovis-de-barros-filho-partiu-pensar\/#breadcrumb"},"inLanguage":"pt-BR","potentialAction":[{"@type":"ReadAction","target":["https:\/\/advbox.com.br\/blog\/clovis-de-barros-filho-partiu-pensar\/"]}]},{"@type":"ImageObject","inLanguage":"pt-BR","@id":"https:\/\/advbox.com.br\/blog\/clovis-de-barros-filho-partiu-pensar\/#primaryimage","url":"https:\/\/advbox.com.br\/blog\/wp-content\/uploads\/2025\/12\/Clovis-de-Barros-Filho.jpg","contentUrl":"https:\/\/advbox.com.br\/blog\/wp-content\/uploads\/2025\/12\/Clovis-de-Barros-Filho.jpg","width":1024,"height":576,"caption":"Cl\u00f3vis de Barros Filho"},{"@type":"BreadcrumbList","@id":"https:\/\/advbox.com.br\/blog\/clovis-de-barros-filho-partiu-pensar\/#breadcrumb","itemListElement":[{"@type":"ListItem","position":1,"name":"In\u00edcio","item":"https:\/\/advbox.com.br\/blog\/"},{"@type":"ListItem","position":2,"name":"ADVBOX","item":"https:\/\/advbox.com.br\/blog\/advbox\/"},{"@type":"ListItem","position":3,"name":"Eventos","item":"https:\/\/advbox.com.br\/blog\/advbox\/eventos\/"},{"@type":"ListItem","position":4,"name":"Cl\u00f3vis de Barros Filho para advogados: Partiu Pensar | ADVBOX"}]},{"@type":"WebSite","@id":"https:\/\/advbox.com.br\/blog\/#website","url":"https:\/\/advbox.com.br\/blog\/","name":"Software Jur\u00eddico Completo - ADVBOX","description":"Plataforma para Advocacia Digital","publisher":{"@id":"https:\/\/advbox.com.br\/blog\/#organization"},"potentialAction":[{"@type":"SearchAction","target":{"@type":"EntryPoint","urlTemplate":"https:\/\/advbox.com.br\/blog\/?s={search_term_string}"},"query-input":{"@type":"PropertyValueSpecification","valueRequired":true,"valueName":"search_term_string"}}],"inLanguage":"pt-BR"},{"@type":"Organization","@id":"https:\/\/advbox.com.br\/blog\/#organization","name":"ADVBOX Blog - Software jur\u00eddico da advocacia digital","url":"https:\/\/advbox.com.br\/blog\/","logo":{"@type":"ImageObject","inLanguage":"pt-BR","@id":"https:\/\/advbox.com.br\/blog\/#\/schema\/logo\/image\/","url":"https:\/\/advbox.com.br\/blog\/wp-content\/uploads\/2019\/12\/Como-aumentar-a-produtividade_.jpg","contentUrl":"https:\/\/advbox.com.br\/blog\/wp-content\/uploads\/2019\/12\/Como-aumentar-a-produtividade_.jpg","width":320,"height":213,"caption":"ADVBOX Blog - Software jur\u00eddico da advocacia digital"},"image":{"@id":"https:\/\/advbox.com.br\/blog\/#\/schema\/logo\/image\/"},"sameAs":["https:\/\/www.facebook.com\/advbox\/","https:\/\/x.com\/advbox2"]},{"@type":"Person","@id":"https:\/\/advbox.com.br\/blog\/#\/schema\/person\/029674387a95515a227f2dd7f49b8dfa","name":"Eduardo Koetz","description":"Eduardo Koetz \u00e9 advogado, escritor, s\u00f3cio e fundador da Koetz Advocacia e CEO da empresa de software jur\u00eddico Advbox. Possui bacharel em Direito pela Universidade do Vale do Rio dos Sinos (Unisinos). Possui tanto registros na Ordem dos Advogados do Brasil - OAB (OAB\/SC 42.934, OAB\/RS 73.409, OAB\/PR 72.951, OAB\/SP 435.266, OAB\/MG 204.531, OAB\/MG 204.531), como na Ordem dos Advogados de Portugal - OA ( OA\/Portugal 69.512L).swdsasdw \u00c9 p\u00f3s-graduado em Direito do Trabalho pela Universidade Federal do Rio Grande do Sul (2011- 2012) e em Direito Tribut\u00e1rio pela Escola Superior da Magistratura Federal ESMAFE (2013 - 2014). Atua como um dos principais gestores da Koetz Advocacia realizando a supervis\u00e3o e lideran\u00e7a em todos os setores do escrit\u00f3rio. Em 2021, Eduardo publicou o livro intitulado: Otimizado - O escrit\u00f3rio como empresa escal\u00e1vel pela editora Viseu.","url":"https:\/\/advbox.com.br\/blog\/autor\/comunicacao\/"}]}},"_links":{"self":[{"href":"https:\/\/advbox.com.br\/blog\/wp-json\/wp\/v2\/posts\/80458","targetHints":{"allow":["GET"]}}],"collection":[{"href":"https:\/\/advbox.com.br\/blog\/wp-json\/wp\/v2\/posts"}],"about":[{"href":"https:\/\/advbox.com.br\/blog\/wp-json\/wp\/v2\/types\/post"}],"author":[{"embeddable":true,"href":"https:\/\/advbox.com.br\/blog\/wp-json\/wp\/v2\/users\/43"}],"replies":[{"embeddable":true,"href":"https:\/\/advbox.com.br\/blog\/wp-json\/wp\/v2\/comments?post=80458"}],"version-history":[{"count":4,"href":"https:\/\/advbox.com.br\/blog\/wp-json\/wp\/v2\/posts\/80458\/revisions"}],"predecessor-version":[{"id":80469,"href":"https:\/\/advbox.com.br\/blog\/wp-json\/wp\/v2\/posts\/80458\/revisions\/80469"}],"wp:featuredmedia":[{"embeddable":true,"href":"https:\/\/advbox.com.br\/blog\/wp-json\/wp\/v2\/media\/80466"}],"wp:attachment":[{"href":"https:\/\/advbox.com.br\/blog\/wp-json\/wp\/v2\/media?parent=80458"}],"wp:term":[{"taxonomy":"category","embeddable":true,"href":"https:\/\/advbox.com.br\/blog\/wp-json\/wp\/v2\/categories?post=80458"},{"taxonomy":"post_tag","embeddable":true,"href":"https:\/\/advbox.com.br\/blog\/wp-json\/wp\/v2\/tags?post=80458"}],"curies":[{"name":"wp","href":"https:\/\/api.w.org\/{rel}","templated":true}]}}