{"id":81429,"date":"2026-01-26T18:15:57","date_gmt":"2026-01-26T21:15:57","guid":{"rendered":"https:\/\/advbox.com.br\/blog\/?p=81429"},"modified":"2026-03-05T19:53:45","modified_gmt":"2026-03-05T22:53:45","slug":"indicados-ao-premio-melhores-escritorios-digitais","status":"publish","type":"post","link":"https:\/\/advbox.com.br\/blog\/indicados-ao-premio-melhores-escritorios-digitais\/","title":{"rendered":"Conhe\u00e7a os indicados ao Pr\u00eamio Melhores Escrit\u00f3rios Digitais"},"content":{"rendered":"\n<p>Criado pela ADVBOX, o Pr\u00eamio Melhores Escrit\u00f3rios Digitais nasceu para reconhecer, com crit\u00e9rios t\u00e9cnicos e vis\u00e3o estrat\u00e9gica, os escrit\u00f3rios que evolu\u00edram sua gest\u00e3o, incorporaram tecnologia de forma inteligente e elevaram o padr\u00e3o da advocacia.<\/p>\n\n\n\n<p>Assim como a ADVBOX, ao longo dos anos, incentivou e construiu meios concretos para a evolu\u00e7\u00e3o dos escrit\u00f3rios por meio da tecnologia, da gest\u00e3o e da educa\u00e7\u00e3o, o Pr\u00eamio Melhores Escrit\u00f3rios Digitais cumpre um objetivo complementar e igualmente estrat\u00e9gico: reconhecer aqueles que inovam de forma consistente e sustent\u00e1vel.<\/p>\n\n\n\n<p>O pr\u00eamio existe para validar trajet\u00f3rias, destacando escrit\u00f3rios que priorizaram uma advocacia estruturada, justa e respons\u00e1vel, que investiram em m\u00e9todo, profissionaliza\u00e7\u00e3o e vis\u00e3o de longo prazo e que, por isso, se tornaram refer\u00eancia dentro de um mercado em transforma\u00e7\u00e3o.<\/p>\n\n\n\n<h2 class=\"wp-block-heading\">Quem s\u00e3o os indicados ao pr\u00eamio Melhores Escrit\u00f3rios Digitais?<\/h2>\n\n\n\n<p>Cada escrit\u00f3rio inscrito passa por um processo de avalia\u00e7\u00e3o dentro de sua respectiva categoria, no qual s\u00e3o <a href=\"https:\/\/escritoriosdigitais.com.br\/premio-melhores-escritorios-digitais-advbox\/\" target=\"_blank\">analisados crit\u00e9rios objetivos previamente definidos<\/a>. Essa etapa assegura que cada indica\u00e7\u00e3o seja resultado de consist\u00eancia operacional, maturidade de gest\u00e3o e posicionamento estrat\u00e9gico.<\/p>\n\n\n\n<p>Ao final desse processo, s\u00e3o definidos cinco indicados por categoria. Esses finalistas passam, ent\u00e3o, por uma nova avalia\u00e7\u00e3o conduzida por jurados, respons\u00e1veis por definir o escrit\u00f3rio que melhor representa a excel\u00eancia dentro de cada categoria.<\/p>\n\n\n\n<p>Veja abaixo os 5 escrit\u00f3rios indicados de cada categoria:&nbsp;<\/p>\n\n\n\n<h3 class=\"wp-block-heading\">Marketing Jur\u00eddico Digital<\/h3>\n\n\n\n<p>Este grupo reconhece escrit\u00f3rios que estruturaram sua presen\u00e7a digital com estrat\u00e9gia, consist\u00eancia editorial e responsabilidade na comunica\u00e7\u00e3o jur\u00eddica<\/p>\n\n\n\n<h4 class=\"wp-block-heading\">Pedro Coutinho<\/h4>\n\n\n\n<ol class=\"wp-block-list\">\n<li>Aline da Silva Bernardes<\/li>\n\n\n\n<li>Carmo Advogados<\/li>\n\n\n\n<li>Janaina Bastos Advocacia<\/li>\n\n\n\n<li>Rafael Gon\u00e7alves Advogados<\/li>\n\n\n\n<li>Thais In\u00e1cia Advogados<\/li>\n<\/ol>\n\n\n\n<h4 class=\"wp-block-heading\">Melhor Canal do Youtube<\/h4>\n\n\n\n<ol class=\"wp-block-list\">\n<li>Aline da Silva Bernardes<\/li>\n\n\n\n<li>Andr\u00e9 Coelho Advogados<\/li>\n\n\n\n<li>Coelho Advogados<\/li>\n\n\n\n<li>Jos\u00e9 Milagre Advocacia<\/li>\n\n\n\n<li>Magalh\u00e3es e Moreno Advogados<\/li>\n<\/ol>\n\n\n\n<h4 class=\"wp-block-heading\">Melhor Instagram<\/h4>\n\n\n\n<ol class=\"wp-block-list\">\n<li>Henriette Brigag\u00e3o Advocacia<\/li>\n\n\n\n<li>Leonardo Mour\u00e3o dos Anjos<\/li>\n\n\n\n<li>Merlino Maneschi advocacia<\/li>\n\n\n\n<li>Rafael Gon\u00e7alves Advogados<\/li>\n\n\n\n<li>Rodrigues e Scola Advogados<\/li>\n<\/ol>\n\n\n\n<h4 class=\"wp-block-heading\">Melhor Facebook<\/h4>\n\n\n\n<ol class=\"wp-block-list\">\n<li>Henriette Brigag\u00e3o Advocacia<\/li>\n\n\n\n<li>Josevaldo Gueiros Advogados<\/li>\n\n\n\n<li>Koetz Advocacia<\/li>\n\n\n\n<li>Patr\u00edcia Salom\u00e3o Advocacia Previdenci\u00e1ria<\/li>\n\n\n\n<li>Rafael Gon\u00e7alves Advogados<\/li>\n<\/ol>\n\n\n\n<h4 class=\"wp-block-heading\">Melhor Site e Blog<\/h4>\n\n\n\n<ol class=\"wp-block-list\">\n<li>Ademilson Carvalho Advocacia<\/li>\n\n\n\n<li>Agnaldo Bastos Advocacia<\/li>\n\n\n\n<li>Feltrim Correa Advogados<\/li>\n\n\n\n<li>Jo\u00e3o Paulo Rebou\u00e7as Valen\u00e7a<\/li>\n\n\n\n<li>Robson Gon\u00e7alves Advogados<\/li>\n<\/ol>\n\n\n\n<h4 class=\"wp-block-heading\">Melhor Tiktok<\/h4>\n\n\n\n<ol class=\"wp-block-list\">\n<li>Janaina Bastos Advocacia e Consultoria<\/li>\n\n\n\n<li>Larissa de Vargas Brand\u00e3o<\/li>\n\n\n\n<li>Magalh\u00e3es e Moreno Advogados<\/li>\n\n\n\n<li>Paradela Hermes Advocacia<\/li>\n\n\n\n<li>Tatiane Oliveira da <strong>Silva<\/strong><\/li>\n<\/ol>\n\n\n\n<h4 class=\"wp-block-heading\">Melhor LinkedIn<\/h4>\n\n\n\n<ol class=\"wp-block-list\">\n<li>Alves Oliveira e Duccini Advogados<\/li>\n\n\n\n<li>D\u00e9bora Ximenes Advocacia<\/li>\n\n\n\n<li>DellOme Law Firm<\/li>\n\n\n\n<li>Monyse Tesser Advocacia<\/li>\n\n\n\n<li>RMS Advogados<\/li>\n<\/ol>\n\n\n\n<h3 class=\"wp-block-heading\">Gest\u00e3o Jur\u00eddica<\/h3>\n\n\n\n<p>Este grupo avalia a maturidade interna dos escrit\u00f3rios: lideran\u00e7a, processos, controladoria, tecnologia, produtividade e capacidade de escalar com organiza\u00e7\u00e3o.&nbsp;<\/p>\n\n\n\n<h4 class=\"wp-block-heading\">Melhor CEO<\/h4>\n\n\n\n<ol class=\"wp-block-list\">\n<li>Jo\u00e3o Paulo de Santana Guedes<\/li>\n\n\n\n<li>Paulicl\u00e9ia Ten\u00f3rio<\/li>\n\n\n\n<li>Rafael de Andrade Mendes<\/li>\n\n\n\n<li>Rafael Moraes Pereira<\/li>\n\n\n\n<li>Thiago Jos\u00e9 Luchin Diniz Silva<\/li>\n<\/ol>\n\n\n\n<h4 class=\"wp-block-heading\">ADVBOX Melhor Equipe de Fechamento de Contratos<\/h4>\n\n\n\n<ol class=\"wp-block-list\">\n<li>Benvindo Advogados Associados<\/li>\n\n\n\n<li>Fernanda Gon\u00e7alves Advocacia<\/li>\n\n\n\n<li>Kamille Guimar\u00e3es Barros Mattos<\/li>\n\n\n\n<li>Reis &amp; Moraes Advocacia<\/li>\n\n\n\n<li>Rodrigues e Scola Advogados<\/li>\n<\/ol>\n\n\n\n<h4 class=\"wp-block-heading\">ADVBOX Melhor Experi\u00eancia do Cliente<\/h4>\n\n\n\n<ol class=\"wp-block-list\">\n<li>Agnaldo Bastos Advocacia Especializada<\/li>\n\n\n\n<li>Aith, Badari e Luchin Advogados&nbsp;<\/li>\n\n\n\n<li>Grupo Montalv\u00e3o<\/li>\n\n\n\n<li>Thaise F Pavani Advocacia<\/li>\n\n\n\n<li>Von Randow Advocacia<\/li>\n<\/ol>\n\n\n\n<h4 class=\"wp-block-heading\">ADVBOX Melhor Controladoria Digital<\/h4>\n\n\n\n<ol class=\"wp-block-list\">\n<li>Calanca Advocacia<\/li>\n\n\n\n<li>Gazda e Siqueira Advogados<\/li>\n\n\n\n<li>Igor Giraldi Advogados<\/li>\n\n\n\n<li>Jailson Filho Advocacia<\/li>\n\n\n\n<li>Jo\u00e3o Santana Advocacia<\/li>\n<\/ol>\n\n\n\n<h4 class=\"wp-block-heading\">ADVBOX Melhor Gest\u00e3o Financeira<\/h4>\n\n\n\n<ol class=\"wp-block-list\">\n<li>Eduardo Marcomim<\/li>\n\n\n\n<li>Filipe Guerra Advocacia<\/li>\n\n\n\n<li>Fraz Advocacia<\/li>\n\n\n\n<li>Gregorio &amp; Ognibene Advogados Associados<\/li>\n\n\n\n<li>MCA Caetano de Almeida Advogados<\/li>\n<\/ol>\n\n\n\n<h4 class=\"wp-block-heading\">Maior Presen\u00e7a Geogr\u00e1fica da Equipe<\/h4>\n\n\n\n<ol class=\"wp-block-list\">\n<li>Adriano Bernardes Ferreira Advocacia<\/li>\n\n\n\n<li>David Eduardo Cunha &amp; Advogados Associados<\/li>\n\n\n\n<li>Fernando Miguel Advogados<\/li>\n\n\n\n<li>Koetz Advocacia<\/li>\n\n\n\n<li>Tatiane Oliveira da Silva<\/li>\n<\/ol>\n\n\n\n<h4 class=\"wp-block-heading\">Maior Abrang\u00eancia Geogr\u00e1fica de Atua\u00e7\u00e3o<\/h4>\n\n\n\n<ol class=\"wp-block-list\">\n<li>Benvindo Advogados Associados<\/li>\n\n\n\n<li>Coelho Advogados<\/li>\n\n\n\n<li>Leticia e Nadia Advogadas<\/li>\n\n\n\n<li>Rafael Mendes Advogados<\/li>\n\n\n\n<li>Rodrigues e Scola Advogados<\/li>\n<\/ol>\n\n\n\n<h4 class=\"wp-block-heading\">Melhor Produ\u00e7\u00e3o Jur\u00eddica<\/h4>\n\n\n\n<ol class=\"wp-block-list\">\n<li>Dias &amp; Lima Advogados Associados<\/li>\n\n\n\n<li>Gazda e Siqueira Advogados<\/li>\n\n\n\n<li>Pena Carvalho Advogados<\/li>\n\n\n\n<li>Scotoni e Galv\u00e3o Advogados <\/li>\n\n\n\n<li>Vasconcelos Lima Advocacia<\/li>\n<\/ol>\n\n\n\n<h4 class=\"wp-block-heading\">Escrit\u00f3rio de Advocacia Revela\u00e7\u00e3o de 2025<\/h4>\n\n\n\n<ol class=\"wp-block-list\">\n<li>Carvalho &amp; Gobato Advocacia<\/li>\n\n\n\n<li>Clodonil Monteiro Advocacia<\/li>\n\n\n\n<li>Grippi Advogados<\/li>\n\n\n\n<li>Pena Carvalho Advogados<\/li>\n\n\n\n<li>Roger Bento de Souza<\/li>\n<\/ol>\n\n\n\n<p><a href=\"https:\/\/melhores.escritoriosdigitais.com.br\/indicados\" target=\"_blank\">Veja a lista completa dos indicados aqui.<\/a><\/p>\n\n\n\n<h3 class=\"wp-block-heading\">Melhores Escrit\u00f3rios de Advocacia por \u00e1rea do Direito<\/h3>\n\n\n\n<p>Este grupo reconhece escrit\u00f3rios que se tornaram refer\u00eancia em suas \u00e1reas de atua\u00e7\u00e3o, combinando especializa\u00e7\u00e3o jur\u00eddica, presen\u00e7a digital e opera\u00e7\u00e3o consistente.<\/p>\n\n\n\n<h4 class=\"wp-block-heading\">Escrit\u00f3rio Fam\u00edlia Mais Digital<\/h4>\n\n\n\n<ol class=\"wp-block-list\">\n<li>Aline da Silva Bernardes<\/li>\n\n\n\n<li>Bastos Advocacia<\/li>\n\n\n\n<li>Caio Bastos Advogados<\/li>\n\n\n\n<li>Carmo Advogados<\/li>\n\n\n\n<li>Rafael Gon\u00e7alves Advogados<\/li>\n<\/ol>\n\n\n\n<h4 class=\"wp-block-heading\">Escrit\u00f3rio Assistencial Mais Digital<\/h4>\n\n\n\n<ol class=\"wp-block-list\">\n<li>Aline Brand\u00e3o Advocacia<\/li>\n\n\n\n<li>Daniel Ribeiro do Nascimento<\/li>\n\n\n\n<li>Jailson Filho Advocacia<\/li>\n\n\n\n<li>Santana &amp; Guedes Advogados<\/li>\n\n\n\n<li>Ten\u00f3rio Advogados<\/li>\n<\/ol>\n\n\n\n<h4 class=\"wp-block-heading\">Escrit\u00f3rio Sucess\u00f5es Mais Digital<\/h4>\n\n\n\n<ol class=\"wp-block-list\">\n<li>Aline Bernardes Advogada<\/li>\n\n\n\n<li>Laize Da Silva Praxedes Advocacia<\/li>\n\n\n\n<li>Larissa Siqueira Advocacia<\/li>\n\n\n\n<li>Rafael Gon\u00e7alves Advogados<\/li>\n\n\n\n<li>Rafael Burgos Advocacia<\/li>\n<\/ol>\n\n\n\n<h4 class=\"wp-block-heading\">Escrit\u00f3rio Previdenci\u00e1rio Mais Digital<\/h4>\n\n\n\n<ol class=\"wp-block-list\">\n<li>Aith, Badari e Luchin Advogados<\/li>\n\n\n\n<li>Brand\u00e3o e Canella Advogados<\/li>\n\n\n\n<li>David Eduardo Cunha &amp; Advogados<\/li>\n\n\n\n<li>LMR Advogados<\/li>\n\n\n\n<li>Reis &amp; Moraes Advocacia<\/li>\n<\/ol>\n\n\n\n<h4 class=\"wp-block-heading\">Escrit\u00f3rio Direito da Sa\u00fade Mais Digital<\/h4>\n\n\n\n<ol class=\"wp-block-list\">\n<li>Banhara Advocacia<\/li>\n\n\n\n<li>DRH Advogado<\/li>\n\n\n\n<li>Monteiro Lucena Advocacia<\/li>\n\n\n\n<li>Rodrigues e Melo Advocacia<\/li>\n\n\n\n<li>Talmon Advocacia<\/li>\n<\/ol>\n\n\n\n<h4 class=\"wp-block-heading\">Escrit\u00f3rio Empresarial Mais Digital<\/h4>\n\n\n\n<ol class=\"wp-block-list\">\n<li>Benvindo Advogados Associados<\/li>\n\n\n\n<li>Braga Maciel e Queiroz Advogados<\/li>\n\n\n\n<li>Jana\u00edna Bastos Advocacia<\/li>\n\n\n\n<li>Jaworoski e Aristeu Advogados<\/li>\n\n\n\n<li>Marcomim Advocacia Empresarial<\/li>\n<\/ol>\n\n\n\n<h4 class=\"wp-block-heading\">Escrit\u00f3rio Direito Administrativo Mais Digital<\/h4>\n\n\n\n<ol class=\"wp-block-list\">\n<li>Agnaldo Bastos<\/li>\n\n\n\n<li>Benvindo Advogados Associados<\/li>\n\n\n\n<li>Dias &amp; Lima Advogados Associados<\/li>\n\n\n\n<li>Maia e Morgado Advogados Associados<\/li>\n\n\n\n<li>Redon Advocacia<\/li>\n<\/ol>\n\n\n\n<h4 class=\"wp-block-heading\">Escrit\u00f3rio Trabalhista Mais Digital<\/h4>\n\n\n\n<ol class=\"wp-block-list\">\n<li>Janaina Bastos Advocacia E Consultoria<\/li>\n\n\n\n<li>Leonardo Mour\u00e3o Dos Anjos<\/li>\n\n\n\n<li>Leticia Rodrigues Dos Santos<\/li>\n\n\n\n<li>Paradela Hermes<\/li>\n\n\n\n<li>Thais Inacia Sociedade De Advogados<\/li>\n<\/ol>\n\n\n\n<h4 class=\"wp-block-heading\">Escrit\u00f3rio Contratualista Mais Digital<\/h4>\n\n\n\n<ol class=\"wp-block-list\">\n<li>Artmann Advogados<\/li>\n\n\n\n<li>Braga Maciel e Queiroz Sociedade de Advogados<\/li>\n\n\n\n<li>CS Advogados Associados<\/li>\n\n\n\n<li>Marco Goulart Advogados Associados<\/li>\n\n\n\n<li>MCA Caetano de Almeida Advogados<\/li>\n<\/ol>\n\n\n\n<h4 class=\"wp-block-heading\">Escrit\u00f3rio Direito Internacional Mais Digital<\/h4>\n\n\n\n<ol class=\"wp-block-list\">\n<li>Carol Coelho<\/li>\n\n\n\n<li>Connectionlaw And Guedes &amp; Bassett<\/li>\n\n\n\n<li>Gabriella Alves B De L F De S\u00e1<\/li>\n\n\n\n<li>Koetz Advocacia<\/li>\n\n\n\n<li>Leonardo Lacerda Assessoria Jur\u00eddica Global<\/li>\n<\/ol>\n\n\n\n<h4 class=\"wp-block-heading\">Escrit\u00f3rio Direito do Consumidor Mais Digital<\/h4>\n\n\n\n<ol class=\"wp-block-list\">\n<li>Amaral e Bohrer Advogados<\/li>\n\n\n\n<li>Dur\u00e3o &amp; Almeida Pontes Advogados<\/li>\n\n\n\n<li>Larissa Brand\u00e3o Advogada<\/li>\n\n\n\n<li>MVA Advocacia<\/li>\n\n\n\n<li>Rodrigues &amp; Scola Advogados<\/li>\n<\/ol>\n\n\n\n<h4 class=\"wp-block-heading\">Escrit\u00f3rio Direito Civil Mais Digital<\/h4>\n\n\n\n<ol class=\"wp-block-list\">\n<li>Grossi &amp; Bessa Advogados<\/li>\n\n\n\n<li>KDG &amp; Advogados Associados<\/li>\n\n\n\n<li>Katia Teixeira Viegas<\/li>\n\n\n\n<li>Rodrigues &amp; Scola Advogados<\/li>\n\n\n\n<li>RCA Advogados<\/li>\n<\/ol>\n\n\n\n<h4 class=\"wp-block-heading\">Escrit\u00f3rio Ambiental e Agro Mais Digital<\/h4>\n\n\n\n<ol class=\"wp-block-list\">\n<li>CBM Advogados<\/li>\n\n\n\n<li>Fraz Advocacia<\/li>\n\n\n\n<li>Jo\u00e3o Domingos Advogados<\/li>\n\n\n\n<li>Patr\u00edcia Jablonski<\/li>\n\n\n\n<li>Oliveira Advogados<\/li>\n<\/ol>\n\n\n\n<h4 class=\"wp-block-heading\">Escrit\u00f3rio Direito Digital e Ciberseguran\u00e7a Mais Digital<\/h4>\n\n\n\n<ol class=\"wp-block-list\">\n<li>Amaral e Bohrer Advogados<\/li>\n\n\n\n<li>Andrea Auge Advocacia<\/li>\n\n\n\n<li>Durso e Borges Advogados<\/li>\n\n\n\n<li>Fortunato Advogados<\/li>\n\n\n\n<li>Jos\u00e9 Milagre Advocacia<\/li>\n<\/ol>\n\n\n\n<h4 class=\"wp-block-heading\">Escrit\u00f3rio Tribut\u00e1rio Mais Digital<\/h4>\n\n\n\n<ol class=\"wp-block-list\">\n<li>Fernanda Nogueira Advogasdos<\/li>\n\n\n\n<li>MVA Advocacia<\/li>\n\n\n\n<li>Marco Goulart Advogados<\/li>\n\n\n\n<li>Marcomim Advocacia Empresarial<\/li>\n\n\n\n<li>Rebechi &amp; Silva Advogados<\/li>\n<\/ol>\n\n\n\n<h4 class=\"wp-block-heading\">Escrit\u00f3rio Criminal Mais Digital<\/h4>\n\n\n\n<ol class=\"wp-block-list\">\n<li>Ademilson Carvalho Advocacia<\/li>\n\n\n\n<li>Donato Advogados<\/li>\n\n\n\n<li>Durso e Borges Advogados<\/li>\n\n\n\n<li>Nascimento Advocacia Empresarial<\/li>\n\n\n\n<li>NC Advogados<\/li>\n<\/ol>\n\n\n\n<h4 class=\"wp-block-heading\">ADVBOX Melhor Gest\u00e3o de Equipe\/RH<\/h4>\n\n\n\n<ol class=\"wp-block-list\">\n<li>Andressa de Melo Advocacia<\/li>\n\n\n\n<li>BBZ Advocacia<\/li>\n\n\n\n<li>Braga Maciel e Queiroz Sociedade de Advogados<\/li>\n\n\n\n<li>Franco Advocacia<\/li>\n\n\n\n<li>MVA &#8211; Manuela Viegas Advocacia<\/li>\n<\/ol>\n\n\n\n<h4 class=\"wp-block-heading\">Melhor Estrutura Tecnol\u00f3gica e de Automa\u00e7\u00e3o<\/h4>\n\n\n\n<ol class=\"wp-block-list\">\n<li>Duarte e Almeida Advogados<\/li>\n\n\n\n<li>Grespan &amp; Zocarato Advogados<\/li>\n\n\n\n<li>Koetz Advocacia<\/li>\n\n\n\n<li>Thais In\u00e1cia Advogados<\/li>\n\n\n\n<li>Ventura Advogados<\/li>\n<\/ol>\n\n\n\n<h4 class=\"wp-block-heading\">Melhor em Intelig\u00eancia Artificial<\/h4>\n\n\n\n<ol class=\"wp-block-list\">\n<li>Egg Nunes Advogados<\/li>\n\n\n\n<li>Guilherme Oliveira Advogados<\/li>\n\n\n\n<li>PAB Advogados<\/li>\n\n\n\n<li>Thais In\u00e1cia Advogados<\/li>\n\n\n\n<li>Ventura Advogados<\/li>\n<\/ol>\n\n\n\n<p><a href=\"https:\/\/melhores.escritoriosdigitais.com.br\/indicados\" target=\"_blank\">Veja a lista completa dos indicados aqui.<\/a><\/p>\n\n\n\n<h2 class=\"wp-block-heading\">Revela\u00e7\u00e3o&nbsp;<\/h2>\n\n\n\n<p>Os vencedores de cada categoria ser\u00e3o anunciados ao vivo, durante o Law Summit, no palco do Pal\u00e1cio dos Festivais, em Gramado.<\/p>\n\n\n\n<p>O Law Summit \u00e9 o encontro anual que re\u00fane os principais nomes da advocacia digital brasileira para reconhecer publicamente os escrit\u00f3rios que se destacaram em gest\u00e3o, inova\u00e7\u00e3o, tecnologia e maturidade organizacional.&nbsp;<\/p>\n\n\n\n<p>\u00c9 nesse ambiente institucional que os ganhadores do Pr\u00eamio Melhores Escrit\u00f3rios Digitais s\u00e3o oficialmente revelados e recebem o trof\u00e9u.&nbsp;<\/p>\n\n\n\n<p>Esse momento marca a transi\u00e7\u00e3o da indica\u00e7\u00e3o para a consagra\u00e7\u00e3o p\u00fablica aos vencedores.<\/p>\n\n\n\n<p><strong>Data:<\/strong> 12 de mar\u00e7o de 2026<\/p>\n\n\n\n<p><strong>Local:<\/strong> Pal\u00e1cio dos Festivais, Gramado\/RS<\/p>\n\n\n\n<h3 class=\"wp-block-heading\">Como participar presencialmente<\/h3>\n\n\n\n<p>Pela primeira vez, o Law Summit abre a cerim\u00f4nia de premia\u00e7\u00e3o ao p\u00fablico, permitindo que advogados de todo o Brasil acompanhem presencialmente a revela\u00e7\u00e3o dos vencedores.<\/p>\n\n\n\n<p>A participa\u00e7\u00e3o presencial garante:<\/p>\n\n\n\n<ul class=\"wp-block-list\">\n<li>Acesso \u00e0 cerim\u00f4nia oficial de premia\u00e7\u00e3o;<\/li>\n\n\n\n<li>Presen\u00e7a no momento exato do an\u00fancio dos vencedores do Pr\u00eamio Melhores Escrit\u00f3rios Digitais;<\/li>\n\n\n\n<li>Conviv\u00eancia com os escrit\u00f3rios, l\u00edderes e jurados que est\u00e3o no centro da transforma\u00e7\u00e3o da advocacia;<\/li>\n\n\n\n<li>Viv\u00eancia completa do ambiente institucional do Law Summit.<\/li>\n<\/ul>\n\n\n\n<p>Os <strong>ingressos s\u00e3o limitados<\/strong> e est\u00e3o dispon\u00edveis na p\u00e1gina oficial do evento.<\/p>\n\n\n\n<p><a href=\"https:\/\/melhores.escritoriosdigitais.com.br\/eventos\/law-summit#ingressos\" target=\"_blank\">Quero participar de perto desse momento hist\u00f3rico<\/a><\/p>\n\n\n\n<h3 class=\"wp-block-heading\">Como acompanhar online<\/h3>\n\n\n\n<p>Para ampliar o acesso e garantir transpar\u00eancia, a cerim\u00f4nia tamb\u00e9m contar\u00e1 com transmiss\u00e3o online, permitindo que profissionais de todo o pa\u00eds acompanhem a revela\u00e7\u00e3o dos vencedores ao vivo, de onde estiverem.<\/p>\n\n\n\n<p>Mesmo \u00e0 dist\u00e2ncia, esse \u00e9 o momento em que se torna poss\u00edvel compreender os caminhos, as decis\u00f5es e o n\u00edvel de maturidade que levaram os vencedores a conquistar um dos pr\u00eamios mais prestigiados da advocacia brasileira.<\/p>\n\n\n\n<p><a href=\"https:\/\/melhores.escritoriosdigitais.com.br\/eventos\/law-summit#ingressos\" target=\"_blank\">Quero acompanhar ao vivo a cerim\u00f4nia<\/a><\/p>\n\n\n\n<h2 class=\"wp-block-heading\">Por que vivenciar esse momento de perto faz diferen\u00e7a<\/h2>\n\n\n\n<p>A revela\u00e7\u00e3o dos vencedores do <a href=\"https:\/\/advbox.com.br\/blog\/law-summit\/\" target=\"_blank\">Law Summit<\/a> representa o ponto m\u00e1ximo de um processo t\u00e9cnico, criterioso e coletivo de valida\u00e7\u00e3o da excel\u00eancia jur\u00eddica no Brasil.<\/p>\n\n\n\n<p>Estar presente nesse momento significa ocupar o mesmo espa\u00e7o onde o mercado define refer\u00eancias. \u00c9 ali que se observa, com clareza, quais decis\u00f5es de gest\u00e3o, posicionamento e estrutura realmente se sustentam no longo prazo.<\/p>\n\n\n\n<p>Vivenciar o Law Summit de perto permite:<\/p>\n\n\n\n<ul class=\"wp-block-list\">\n<li>Compreender o n\u00edvel real de maturidade que a advocacia digital atingiu;<br><\/li>\n\n\n\n<li>Enxergar padr\u00f5es de gest\u00e3o, cultura e estrat\u00e9gia que diferenciam os escrit\u00f3rios reconhecidos;<br><\/li>\n\n\n\n<li>Participar do ambiente onde lideran\u00e7as, jurados e protagonistas do setor se encontram em condi\u00e7\u00e3o de igualdade;<br><\/li>\n\n\n\n<li>Perceber o pr\u00eamio como consequ\u00eancia de m\u00e9todo, consist\u00eancia e vis\u00e3o.<\/li>\n<\/ul>\n\n\n\n<p>O Law Summit \u00e9 para ser vivenciado por quem quer entender, de dentro, como a advocacia est\u00e1 sendo reposicionada no pa\u00eds.<\/p>\n\n\n\n<p><a href=\"https:\/\/melhores.escritoriosdigitais.com.br\/eventos\/law-summit#ingressos\" target=\"_blank\">Acompanhe a revela\u00e7\u00e3o dos vencedores do Pr\u00eamio Melhores Escrit\u00f3rios Digitais durante o Law Summit.&nbsp;<\/a><\/p>\n\n\n<div class=\"wp-block-image\">\n<figure class=\"aligncenter size-full\"><a href=\"https:\/\/melhores.escritoriosdigitais.com.br\/eventos\/law-summit#ingressos\" target=\"_blank\"><img fetchpriority=\"high\" decoding=\"async\" width=\"600\" height=\"176\" src=\"https:\/\/advbox.com.br\/blog\/wp-content\/uploads\/2026\/01\/participar-law-summit.webp\" alt=\"law summit\" class=\"wp-image-81374\" srcset=\"https:\/\/advbox.com.br\/blog\/wp-content\/uploads\/2026\/01\/participar-law-summit.webp 600w, https:\/\/advbox.com.br\/blog\/wp-content\/uploads\/2026\/01\/participar-law-summit-500x147.webp 500w, https:\/\/advbox.com.br\/blog\/wp-content\/uploads\/2026\/01\/participar-law-summit-150x44.webp 150w\" sizes=\"(max-width: 600px) 100vw, 600px\" \/><\/a><\/figure>\n<\/div>","protected":false},"excerpt":{"rendered":"<p>Criado pela ADVBOX, o Pr\u00eamio Melhores Escrit\u00f3rios Digitais nasceu para reconhecer, com crit\u00e9rios t\u00e9cnicos e vis\u00e3o estrat\u00e9gica, os escrit\u00f3rios que evolu\u00edram sua gest\u00e3o, incorporaram tecnologia de forma inteligente e elevaram o padr\u00e3o da advocacia. Assim como a ADVBOX, ao longo dos anos, incentivou e construiu meios concretos para a evolu\u00e7\u00e3o [&hellip;]<\/p>\n","protected":false},"author":43,"featured_media":81434,"comment_status":"closed","ping_status":"closed","sticky":false,"template":"","format":"standard","meta":{"_acf_changed":false,"om_disable_all_campaigns":false,"footnotes":""},"categories":[155],"tags":[],"class_list":["post-81429","post","type-post","status-publish","format-standard","has-post-thumbnail","hentry","category-eventos"],"acf":[],"yoast_head":"<!-- This site is optimized with the Yoast SEO plugin v26.9 - https:\/\/yoast.com\/product\/yoast-seo-wordpress\/ -->\n<title>Conhe\u00e7a os indicados ao Pr\u00eamio Melhores Escrit\u00f3rios Digitais<\/title>\n<meta name=\"description\" content=\"Conhe\u00e7a os indicados ao Pr\u00eamio Melhores Escrit\u00f3rios Digitais e veja quais escrit\u00f3rios se destacam em gest\u00e3o, tecnologia e advocacia digital no Brasil.\" \/>\n<meta name=\"robots\" content=\"index, follow, max-snippet:-1, max-image-preview:large, max-video-preview:-1\" \/>\n<link rel=\"canonical\" href=\"https:\/\/advbox.com.br\/blog\/indicados-ao-premio-melhores-escritorios-digitais\/\" \/>\n<meta property=\"og:locale\" content=\"pt_BR\" \/>\n<meta property=\"og:type\" content=\"article\" \/>\n<meta property=\"og:title\" content=\"Conhe\u00e7a os indicados ao Pr\u00eamio Melhores Escrit\u00f3rios Digitais\" \/>\n<meta property=\"og:description\" content=\"Conhe\u00e7a os indicados ao Pr\u00eamio Melhores Escrit\u00f3rios Digitais e veja quais escrit\u00f3rios se destacam em gest\u00e3o, tecnologia e advocacia digital no Brasil.\" \/>\n<meta property=\"og:url\" content=\"https:\/\/advbox.com.br\/blog\/indicados-ao-premio-melhores-escritorios-digitais\/\" \/>\n<meta property=\"og:site_name\" content=\"Software Jur\u00eddico Completo - ADVBOX\" \/>\n<meta property=\"article:publisher\" content=\"https:\/\/www.facebook.com\/advbox\/\" \/>\n<meta property=\"article:published_time\" content=\"2026-01-26T21:15:57+00:00\" \/>\n<meta property=\"article:modified_time\" content=\"2026-03-05T22:53:45+00:00\" \/>\n<meta property=\"og:image\" content=\"https:\/\/advbox.com.br\/blog\/wp-content\/uploads\/2026\/01\/law-summit-1-scaled.webp\" \/>\n\t<meta property=\"og:image:width\" content=\"1024\" \/>\n\t<meta property=\"og:image:height\" content=\"480\" \/>\n\t<meta property=\"og:image:type\" content=\"image\/webp\" \/>\n<meta name=\"author\" content=\"Eduardo Koetz\" \/>\n<meta name=\"twitter:card\" content=\"summary_large_image\" \/>\n<meta name=\"twitter:creator\" content=\"@advbox2\" \/>\n<meta name=\"twitter:site\" content=\"@advbox2\" \/>\n<script type=\"application\/ld+json\" class=\"yoast-schema-graph\">{\"@context\":\"https:\/\/schema.org\",\"@graph\":[{\"@type\":\"Article\",\"@id\":\"https:\/\/advbox.com.br\/blog\/indicados-ao-premio-melhores-escritorios-digitais\/#article\",\"isPartOf\":{\"@id\":\"https:\/\/advbox.com.br\/blog\/indicados-ao-premio-melhores-escritorios-digitais\/\"},\"author\":{\"name\":\"Eduardo Koetz\",\"@id\":\"https:\/\/advbox.com.br\/blog\/#\/schema\/person\/029674387a95515a227f2dd7f49b8dfa\"},\"headline\":\"Conhe\u00e7a os indicados ao Pr\u00eamio Melhores Escrit\u00f3rios Digitais\",\"datePublished\":\"2026-01-26T21:15:57+00:00\",\"dateModified\":\"2026-03-05T22:53:45+00:00\",\"mainEntityOfPage\":{\"@id\":\"https:\/\/advbox.com.br\/blog\/indicados-ao-premio-melhores-escritorios-digitais\/\"},\"wordCount\":1691,\"publisher\":{\"@id\":\"https:\/\/advbox.com.br\/blog\/#organization\"},\"image\":{\"@id\":\"https:\/\/advbox.com.br\/blog\/indicados-ao-premio-melhores-escritorios-digitais\/#primaryimage\"},\"thumbnailUrl\":\"https:\/\/advbox.com.br\/blog\/wp-content\/uploads\/2026\/01\/law-summit-1-scaled.webp\",\"articleSection\":[\"Eventos\"],\"inLanguage\":\"pt-BR\"},{\"@type\":\"WebPage\",\"@id\":\"https:\/\/advbox.com.br\/blog\/indicados-ao-premio-melhores-escritorios-digitais\/\",\"url\":\"https:\/\/advbox.com.br\/blog\/indicados-ao-premio-melhores-escritorios-digitais\/\",\"name\":\"Conhe\u00e7a os indicados ao Pr\u00eamio Melhores Escrit\u00f3rios Digitais\",\"isPartOf\":{\"@id\":\"https:\/\/advbox.com.br\/blog\/#website\"},\"primaryImageOfPage\":{\"@id\":\"https:\/\/advbox.com.br\/blog\/indicados-ao-premio-melhores-escritorios-digitais\/#primaryimage\"},\"image\":{\"@id\":\"https:\/\/advbox.com.br\/blog\/indicados-ao-premio-melhores-escritorios-digitais\/#primaryimage\"},\"thumbnailUrl\":\"https:\/\/advbox.com.br\/blog\/wp-content\/uploads\/2026\/01\/law-summit-1-scaled.webp\",\"datePublished\":\"2026-01-26T21:15:57+00:00\",\"dateModified\":\"2026-03-05T22:53:45+00:00\",\"description\":\"Conhe\u00e7a os indicados ao Pr\u00eamio Melhores Escrit\u00f3rios Digitais e veja quais escrit\u00f3rios se destacam em gest\u00e3o, tecnologia e advocacia digital no Brasil.\",\"breadcrumb\":{\"@id\":\"https:\/\/advbox.com.br\/blog\/indicados-ao-premio-melhores-escritorios-digitais\/#breadcrumb\"},\"inLanguage\":\"pt-BR\",\"potentialAction\":[{\"@type\":\"ReadAction\",\"target\":[\"https:\/\/advbox.com.br\/blog\/indicados-ao-premio-melhores-escritorios-digitais\/\"]}]},{\"@type\":\"ImageObject\",\"inLanguage\":\"pt-BR\",\"@id\":\"https:\/\/advbox.com.br\/blog\/indicados-ao-premio-melhores-escritorios-digitais\/#primaryimage\",\"url\":\"https:\/\/advbox.com.br\/blog\/wp-content\/uploads\/2026\/01\/law-summit-1-scaled.webp\",\"contentUrl\":\"https:\/\/advbox.com.br\/blog\/wp-content\/uploads\/2026\/01\/law-summit-1-scaled.webp\",\"width\":1024,\"height\":480,\"caption\":\"law summit\"},{\"@type\":\"BreadcrumbList\",\"@id\":\"https:\/\/advbox.com.br\/blog\/indicados-ao-premio-melhores-escritorios-digitais\/#breadcrumb\",\"itemListElement\":[{\"@type\":\"ListItem\",\"position\":1,\"name\":\"In\u00edcio\",\"item\":\"https:\/\/advbox.com.br\/blog\/\"},{\"@type\":\"ListItem\",\"position\":2,\"name\":\"ADVBOX\",\"item\":\"https:\/\/advbox.com.br\/blog\/advbox\/\"},{\"@type\":\"ListItem\",\"position\":3,\"name\":\"Eventos\",\"item\":\"https:\/\/advbox.com.br\/blog\/advbox\/eventos\/\"},{\"@type\":\"ListItem\",\"position\":4,\"name\":\"Conhe\u00e7a os indicados ao Pr\u00eamio Melhores Escrit\u00f3rios Digitais\"}]},{\"@type\":\"WebSite\",\"@id\":\"https:\/\/advbox.com.br\/blog\/#website\",\"url\":\"https:\/\/advbox.com.br\/blog\/\",\"name\":\"Software Jur\u00eddico Completo - ADVBOX\",\"description\":\"Plataforma para Advocacia Digital\",\"publisher\":{\"@id\":\"https:\/\/advbox.com.br\/blog\/#organization\"},\"potentialAction\":[{\"@type\":\"SearchAction\",\"target\":{\"@type\":\"EntryPoint\",\"urlTemplate\":\"https:\/\/advbox.com.br\/blog\/?s={search_term_string}\"},\"query-input\":{\"@type\":\"PropertyValueSpecification\",\"valueRequired\":true,\"valueName\":\"search_term_string\"}}],\"inLanguage\":\"pt-BR\"},{\"@type\":\"Organization\",\"@id\":\"https:\/\/advbox.com.br\/blog\/#organization\",\"name\":\"ADVBOX Blog - Software jur\u00eddico da advocacia digital\",\"url\":\"https:\/\/advbox.com.br\/blog\/\",\"logo\":{\"@type\":\"ImageObject\",\"inLanguage\":\"pt-BR\",\"@id\":\"https:\/\/advbox.com.br\/blog\/#\/schema\/logo\/image\/\",\"url\":\"https:\/\/advbox.com.br\/blog\/wp-content\/uploads\/2019\/12\/Como-aumentar-a-produtividade_.jpg\",\"contentUrl\":\"https:\/\/advbox.com.br\/blog\/wp-content\/uploads\/2019\/12\/Como-aumentar-a-produtividade_.jpg\",\"width\":320,\"height\":213,\"caption\":\"ADVBOX Blog - Software jur\u00eddico da advocacia digital\"},\"image\":{\"@id\":\"https:\/\/advbox.com.br\/blog\/#\/schema\/logo\/image\/\"},\"sameAs\":[\"https:\/\/www.facebook.com\/advbox\/\",\"https:\/\/x.com\/advbox2\"]},{\"@type\":\"Person\",\"@id\":\"https:\/\/advbox.com.br\/blog\/#\/schema\/person\/029674387a95515a227f2dd7f49b8dfa\",\"name\":\"Eduardo Koetz\",\"description\":\"Eduardo Koetz \u00e9 advogado, escritor, s\u00f3cio e fundador da Koetz Advocacia e CEO da empresa de software jur\u00eddico Advbox. Possui bacharel em Direito pela Universidade do Vale do Rio dos Sinos (Unisinos). Possui tanto registros na Ordem dos Advogados do Brasil - OAB (OAB\/SC 42.934, OAB\/RS 73.409, OAB\/PR 72.951, OAB\/SP 435.266, OAB\/MG 204.531, OAB\/MG 204.531), como na Ordem dos Advogados de Portugal - OA ( OA\/Portugal 69.512L).swdsasdw \u00c9 p\u00f3s-graduado em Direito do Trabalho pela Universidade Federal do Rio Grande do Sul (2011- 2012) e em Direito Tribut\u00e1rio pela Escola Superior da Magistratura Federal ESMAFE (2013 - 2014). Atua como um dos principais gestores da Koetz Advocacia realizando a supervis\u00e3o e lideran\u00e7a em todos os setores do escrit\u00f3rio. Em 2021, Eduardo publicou o livro intitulado: Otimizado - O escrit\u00f3rio como empresa escal\u00e1vel pela editora Viseu.\",\"url\":\"https:\/\/advbox.com.br\/blog\/autor\/comunicacao\/\"}]}<\/script>\n<!-- \/ Yoast SEO plugin. -->","yoast_head_json":{"title":"Conhe\u00e7a os indicados ao Pr\u00eamio Melhores Escrit\u00f3rios Digitais","description":"Conhe\u00e7a os indicados ao Pr\u00eamio Melhores Escrit\u00f3rios Digitais e veja quais escrit\u00f3rios se destacam em gest\u00e3o, tecnologia e advocacia digital no Brasil.","robots":{"index":"index","follow":"follow","max-snippet":"max-snippet:-1","max-image-preview":"max-image-preview:large","max-video-preview":"max-video-preview:-1"},"canonical":"https:\/\/advbox.com.br\/blog\/indicados-ao-premio-melhores-escritorios-digitais\/","og_locale":"pt_BR","og_type":"article","og_title":"Conhe\u00e7a os indicados ao Pr\u00eamio Melhores Escrit\u00f3rios Digitais","og_description":"Conhe\u00e7a os indicados ao Pr\u00eamio Melhores Escrit\u00f3rios Digitais e veja quais escrit\u00f3rios se destacam em gest\u00e3o, tecnologia e advocacia digital no Brasil.","og_url":"https:\/\/advbox.com.br\/blog\/indicados-ao-premio-melhores-escritorios-digitais\/","og_site_name":"Software Jur\u00eddico Completo - ADVBOX","article_publisher":"https:\/\/www.facebook.com\/advbox\/","article_published_time":"2026-01-26T21:15:57+00:00","article_modified_time":"2026-03-05T22:53:45+00:00","og_image":[{"width":1024,"height":480,"url":"https:\/\/advbox.com.br\/blog\/wp-content\/uploads\/2026\/01\/law-summit-1-scaled.webp","type":"image\/webp"}],"author":"Eduardo Koetz","twitter_card":"summary_large_image","twitter_creator":"@advbox2","twitter_site":"@advbox2","schema":{"@context":"https:\/\/schema.org","@graph":[{"@type":"Article","@id":"https:\/\/advbox.com.br\/blog\/indicados-ao-premio-melhores-escritorios-digitais\/#article","isPartOf":{"@id":"https:\/\/advbox.com.br\/blog\/indicados-ao-premio-melhores-escritorios-digitais\/"},"author":{"name":"Eduardo Koetz","@id":"https:\/\/advbox.com.br\/blog\/#\/schema\/person\/029674387a95515a227f2dd7f49b8dfa"},"headline":"Conhe\u00e7a os indicados ao Pr\u00eamio Melhores Escrit\u00f3rios Digitais","datePublished":"2026-01-26T21:15:57+00:00","dateModified":"2026-03-05T22:53:45+00:00","mainEntityOfPage":{"@id":"https:\/\/advbox.com.br\/blog\/indicados-ao-premio-melhores-escritorios-digitais\/"},"wordCount":1691,"publisher":{"@id":"https:\/\/advbox.com.br\/blog\/#organization"},"image":{"@id":"https:\/\/advbox.com.br\/blog\/indicados-ao-premio-melhores-escritorios-digitais\/#primaryimage"},"thumbnailUrl":"https:\/\/advbox.com.br\/blog\/wp-content\/uploads\/2026\/01\/law-summit-1-scaled.webp","articleSection":["Eventos"],"inLanguage":"pt-BR"},{"@type":"WebPage","@id":"https:\/\/advbox.com.br\/blog\/indicados-ao-premio-melhores-escritorios-digitais\/","url":"https:\/\/advbox.com.br\/blog\/indicados-ao-premio-melhores-escritorios-digitais\/","name":"Conhe\u00e7a os indicados ao Pr\u00eamio Melhores Escrit\u00f3rios Digitais","isPartOf":{"@id":"https:\/\/advbox.com.br\/blog\/#website"},"primaryImageOfPage":{"@id":"https:\/\/advbox.com.br\/blog\/indicados-ao-premio-melhores-escritorios-digitais\/#primaryimage"},"image":{"@id":"https:\/\/advbox.com.br\/blog\/indicados-ao-premio-melhores-escritorios-digitais\/#primaryimage"},"thumbnailUrl":"https:\/\/advbox.com.br\/blog\/wp-content\/uploads\/2026\/01\/law-summit-1-scaled.webp","datePublished":"2026-01-26T21:15:57+00:00","dateModified":"2026-03-05T22:53:45+00:00","description":"Conhe\u00e7a os indicados ao Pr\u00eamio Melhores Escrit\u00f3rios Digitais e veja quais escrit\u00f3rios se destacam em gest\u00e3o, tecnologia e advocacia digital no Brasil.","breadcrumb":{"@id":"https:\/\/advbox.com.br\/blog\/indicados-ao-premio-melhores-escritorios-digitais\/#breadcrumb"},"inLanguage":"pt-BR","potentialAction":[{"@type":"ReadAction","target":["https:\/\/advbox.com.br\/blog\/indicados-ao-premio-melhores-escritorios-digitais\/"]}]},{"@type":"ImageObject","inLanguage":"pt-BR","@id":"https:\/\/advbox.com.br\/blog\/indicados-ao-premio-melhores-escritorios-digitais\/#primaryimage","url":"https:\/\/advbox.com.br\/blog\/wp-content\/uploads\/2026\/01\/law-summit-1-scaled.webp","contentUrl":"https:\/\/advbox.com.br\/blog\/wp-content\/uploads\/2026\/01\/law-summit-1-scaled.webp","width":1024,"height":480,"caption":"law summit"},{"@type":"BreadcrumbList","@id":"https:\/\/advbox.com.br\/blog\/indicados-ao-premio-melhores-escritorios-digitais\/#breadcrumb","itemListElement":[{"@type":"ListItem","position":1,"name":"In\u00edcio","item":"https:\/\/advbox.com.br\/blog\/"},{"@type":"ListItem","position":2,"name":"ADVBOX","item":"https:\/\/advbox.com.br\/blog\/advbox\/"},{"@type":"ListItem","position":3,"name":"Eventos","item":"https:\/\/advbox.com.br\/blog\/advbox\/eventos\/"},{"@type":"ListItem","position":4,"name":"Conhe\u00e7a os indicados ao Pr\u00eamio Melhores Escrit\u00f3rios Digitais"}]},{"@type":"WebSite","@id":"https:\/\/advbox.com.br\/blog\/#website","url":"https:\/\/advbox.com.br\/blog\/","name":"Software Jur\u00eddico Completo - ADVBOX","description":"Plataforma para Advocacia Digital","publisher":{"@id":"https:\/\/advbox.com.br\/blog\/#organization"},"potentialAction":[{"@type":"SearchAction","target":{"@type":"EntryPoint","urlTemplate":"https:\/\/advbox.com.br\/blog\/?s={search_term_string}"},"query-input":{"@type":"PropertyValueSpecification","valueRequired":true,"valueName":"search_term_string"}}],"inLanguage":"pt-BR"},{"@type":"Organization","@id":"https:\/\/advbox.com.br\/blog\/#organization","name":"ADVBOX Blog - Software jur\u00eddico da advocacia digital","url":"https:\/\/advbox.com.br\/blog\/","logo":{"@type":"ImageObject","inLanguage":"pt-BR","@id":"https:\/\/advbox.com.br\/blog\/#\/schema\/logo\/image\/","url":"https:\/\/advbox.com.br\/blog\/wp-content\/uploads\/2019\/12\/Como-aumentar-a-produtividade_.jpg","contentUrl":"https:\/\/advbox.com.br\/blog\/wp-content\/uploads\/2019\/12\/Como-aumentar-a-produtividade_.jpg","width":320,"height":213,"caption":"ADVBOX Blog - Software jur\u00eddico da advocacia digital"},"image":{"@id":"https:\/\/advbox.com.br\/blog\/#\/schema\/logo\/image\/"},"sameAs":["https:\/\/www.facebook.com\/advbox\/","https:\/\/x.com\/advbox2"]},{"@type":"Person","@id":"https:\/\/advbox.com.br\/blog\/#\/schema\/person\/029674387a95515a227f2dd7f49b8dfa","name":"Eduardo Koetz","description":"Eduardo Koetz \u00e9 advogado, escritor, s\u00f3cio e fundador da Koetz Advocacia e CEO da empresa de software jur\u00eddico Advbox. Possui bacharel em Direito pela Universidade do Vale do Rio dos Sinos (Unisinos). Possui tanto registros na Ordem dos Advogados do Brasil - OAB (OAB\/SC 42.934, OAB\/RS 73.409, OAB\/PR 72.951, OAB\/SP 435.266, OAB\/MG 204.531, OAB\/MG 204.531), como na Ordem dos Advogados de Portugal - OA ( OA\/Portugal 69.512L).swdsasdw \u00c9 p\u00f3s-graduado em Direito do Trabalho pela Universidade Federal do Rio Grande do Sul (2011- 2012) e em Direito Tribut\u00e1rio pela Escola Superior da Magistratura Federal ESMAFE (2013 - 2014). Atua como um dos principais gestores da Koetz Advocacia realizando a supervis\u00e3o e lideran\u00e7a em todos os setores do escrit\u00f3rio. Em 2021, Eduardo publicou o livro intitulado: Otimizado - O escrit\u00f3rio como empresa escal\u00e1vel pela editora Viseu.","url":"https:\/\/advbox.com.br\/blog\/autor\/comunicacao\/"}]}},"_links":{"self":[{"href":"https:\/\/advbox.com.br\/blog\/wp-json\/wp\/v2\/posts\/81429","targetHints":{"allow":["GET"]}}],"collection":[{"href":"https:\/\/advbox.com.br\/blog\/wp-json\/wp\/v2\/posts"}],"about":[{"href":"https:\/\/advbox.com.br\/blog\/wp-json\/wp\/v2\/types\/post"}],"author":[{"embeddable":true,"href":"https:\/\/advbox.com.br\/blog\/wp-json\/wp\/v2\/users\/43"}],"replies":[{"embeddable":true,"href":"https:\/\/advbox.com.br\/blog\/wp-json\/wp\/v2\/comments?post=81429"}],"version-history":[{"count":21,"href":"https:\/\/advbox.com.br\/blog\/wp-json\/wp\/v2\/posts\/81429\/revisions"}],"predecessor-version":[{"id":81793,"href":"https:\/\/advbox.com.br\/blog\/wp-json\/wp\/v2\/posts\/81429\/revisions\/81793"}],"wp:featuredmedia":[{"embeddable":true,"href":"https:\/\/advbox.com.br\/blog\/wp-json\/wp\/v2\/media\/81434"}],"wp:attachment":[{"href":"https:\/\/advbox.com.br\/blog\/wp-json\/wp\/v2\/media?parent=81429"}],"wp:term":[{"taxonomy":"category","embeddable":true,"href":"https:\/\/advbox.com.br\/blog\/wp-json\/wp\/v2\/categories?post=81429"},{"taxonomy":"post_tag","embeddable":true,"href":"https:\/\/advbox.com.br\/blog\/wp-json\/wp\/v2\/tags?post=81429"}],"curies":[{"name":"wp","href":"https:\/\/api.w.org\/{rel}","templated":true}]}}