{"id":81493,"date":"2026-01-30T11:37:33","date_gmt":"2026-01-30T14:37:33","guid":{"rendered":"https:\/\/advbox.com.br\/blog\/?p=81493"},"modified":"2026-03-05T19:49:27","modified_gmt":"2026-03-05T22:49:27","slug":"legislacao-medidas-cautelares","status":"publish","type":"post","link":"https:\/\/advbox.com.br\/blog\/legislacao-medidas-cautelares\/","title":{"rendered":"Medidas cautelares: o que \u00e9, quais s\u00e3o e quando cabem?"},"content":{"rendered":"\n<h1 class=\"wp-block-heading\">Medidas cautelares: o que \u00e9, quais s\u00e3o e quando cabem?<\/h1>\n\n\n\n<p>As medidas cautelares s\u00e3o instrumentos jur\u00eddicos fundamentais para garantir a efetividade do processo e a prote\u00e7\u00e3o de direitos antes da decis\u00e3o final. Elas permitem que o <a href=\"https:\/\/advbox.com.br\/blog\/estrutura-do-poder-judiciario\/\" target=\"_blank\">Judici\u00e1rio<\/a> atue de forma preventiva, evitando danos irrevers\u00edveis ou o agravamento de situa\u00e7\u00f5es jur\u00eddicas delicadas.<\/p>\n\n\n\n<p>No <a href=\"https:\/\/advbox.com.br\/blog\/fases-do-processo-penal\/\" target=\"_blank\">processo penal<\/a> e <a href=\"https:\/\/advbox.com.br\/blog\/conheca-mais-sobre-o-processo-civil-brasileiro\/\" target=\"_blank\">civil<\/a>, as medidas cautelares surgem como alternativas proporcionais \u00e0 pris\u00e3o ou como mecanismos de preserva\u00e7\u00e3o do resultado \u00fatil do processo. Seu objetivo \u00e9 equilibrar a prote\u00e7\u00e3o da ordem p\u00fablica, dos <a href=\"https:\/\/advbox.com.br\/blog\/legislacao-direitos-e-garantias-individuais-e-coletivos\/\" target=\"_blank\">direitos das partes e o respeito \u00e0s garantias individuais<\/a>.<\/p>\n\n\n\n<p>Neste artigo, voc\u00ea vai entender o que s\u00e3o as medidas cautelares, qual a sua fun\u00e7\u00e3o no processo judicial e por que elas s\u00e3o t\u00e3o importantes para garantir a efetividade das decis\u00f5es judiciais.<\/p>\n\n\n\n<h2 class=\"wp-block-heading\">O que s\u00e3o medidas cautelares?<\/h2>\n\n\n\n<p>As medidas cautelares <strong>s\u00e3o provid\u00eancias judiciais provis\u00f3rias e preventivas aplicadas para proteger o andamento do processo e garantir a efic\u00e1cia da decis\u00e3o final<\/strong>.<\/p>\n\n\n\n<p>Elas t\u00eam natureza instrumental e n\u00e3o possuem car\u00e1ter punitivo, pois sua finalidade \u00e9 evitar riscos como a fuga do investigado, a destrui\u00e7\u00e3o de provas ou a reitera\u00e7\u00e3o de condutas il\u00edcitas. As medidas cautelares permitem que o Judici\u00e1rio atue antecipadamente, equilibrando a preserva\u00e7\u00e3o dos direitos fundamentais com a necessidade de seguran\u00e7a jur\u00eddica.<\/p>\n\n\n\n<p>No \u00e2mbito penal, essas medidas est\u00e3o previstas principalmente no artigo 319 do <a href=\"https:\/\/advbox.com.br\/blog\/codigo-de-processo-penal\/\" target=\"_blank\">C\u00f3digo de Processo Penal<\/a>, enquanto no processo civil aparecem como mecanismos voltados \u00e0 prote\u00e7\u00e3o do resultado \u00fatil da a\u00e7\u00e3o. Em ambos os casos, sua aplica\u00e7\u00e3o deve observar crit\u00e9rios de necessidade, adequa\u00e7\u00e3o e proporcionalidade.<\/p>\n\n\n\n<h2 class=\"wp-block-heading\">Quais s\u00e3o as medidas cautelares?<\/h2>\n\n\n\n<p>As medidas cautelares s\u00e3o: <strong>comparecimento peri\u00f3dico em ju\u00edzo, restri\u00e7\u00e3o de acesso a lugares, proibi\u00e7\u00e3o de contato com pessoa determinada, proibi\u00e7\u00e3o de aus\u00eancia da comarca, recolhimento domiciliar, suspens\u00e3o de fun\u00e7\u00e3o ou atividade econ\u00f4mica, interna\u00e7\u00e3o provis\u00f3ria, fian\u00e7a, monitora\u00e7\u00e3o eletr\u00f4nica e proibi\u00e7\u00e3o de aus\u00eancia do pa\u00eds<\/strong>.<\/p>\n\n\n\n<p>Essas medidas cautelares est\u00e3o previstas principalmente no artigo 319 do C\u00f3digo de Processo Penal e podem ser aplicadas isoladamente ou em conjunto, conforme a gravidade do caso concreto. O objetivo \u00e9 impor restri\u00e7\u00f5es proporcionais ao investigado ou r\u00e9u, sem recorrer de imediato \u00e0 pris\u00e3o preventiva.<\/p>\n\n\n\n<p>Cada uma dessas medidas cautelares possui finalidade pr\u00f3pria e deve ser escolhida pelo juiz com base nos crit\u00e9rios da necessidade, adequa\u00e7\u00e3o e proporcionalidade. Algumas visam garantir o v\u00ednculo do acusado com o processo, enquanto outras buscam proteger v\u00edtimas, testemunhas ou a ordem p\u00fablica.<\/p>\n\n\n\n<p>A seguir, explicamos individualmente cada uma dessas medidas e em quais situa\u00e7\u00f5es elas costumam ser aplicadas na pr\u00e1tica forense.<\/p>\n\n\n\n<h3 class=\"wp-block-heading\">Comparecimento peri\u00f3dico em ju\u00edzo<\/h3>\n\n\n\n<p>O comparecimento peri\u00f3dico em ju\u00edzo \u00e9 a medida cautelar que <strong>obriga o investigado ou r\u00e9u a se apresentar regularmente perante a autoridade judicial<\/strong>.<\/p>\n\n\n\n<p>Essa medida tem como objetivo garantir que o acusado permane\u00e7a vinculado ao processo, demonstrando disponibilidade para responder aos atos processuais. O juiz define a periodicidade do comparecimento, que pode variar conforme a gravidade do caso.<\/p>\n\n\n\n<p>Trata-se de uma alternativa menos gravosa \u00e0 pris\u00e3o preventiva, sendo aplicada quando n\u00e3o h\u00e1 risco elevado de fuga, mas existe a necessidade de acompanhamento do investigado durante o andamento da a\u00e7\u00e3o penal.<\/p>\n\n\n\n<h3 class=\"wp-block-heading\">Restri\u00e7\u00e3o de acesso a lugares<\/h3>\n\n\n\n<p>A restri\u00e7\u00e3o de acesso a lugares \u00e9 a medida cautelar que <strong>pro\u00edbe o investigado de frequentar determinados locais relacionados ao fato investigado<\/strong>.<\/p>\n\n\n\n<p>Essa medida \u00e9 comum em crimes ocorridos em ambientes espec\u00edficos, como locais de trabalho, est\u00e1dios, bares ou resid\u00eancias determinadas. O objetivo \u00e9 evitar a repeti\u00e7\u00e3o da conduta criminosa ou situa\u00e7\u00f5es de conflito.<\/p>\n\n\n\n<p>Al\u00e9m disso, a restri\u00e7\u00e3o de acesso busca preservar a ordem p\u00fablica e proteger v\u00edtimas, testemunhas ou terceiros que possam ser impactados pela presen\u00e7a do investigado nesses locais.<\/p>\n\n\n\n<h3 class=\"wp-block-heading\">Proibi\u00e7\u00e3o de contato com pessoa determinada<\/h3>\n\n\n\n<p>A proibi\u00e7\u00e3o de contato com pessoa determinada \u00e9 a medida cautelar que <strong>impede o investigado de se comunicar com v\u00edtimas ou testemunhas<\/strong>.<\/p>\n\n\n\n<p>Essa comunica\u00e7\u00e3o pode ser vedada de forma ampla, incluindo contato presencial, telef\u00f4nico, por mensagens ou redes sociais. A medida \u00e9 amplamente utilizada em casos de viol\u00eancia dom\u00e9stica e crimes contra a pessoa.<\/p>\n\n\n\n<p>Seu principal objetivo \u00e9 evitar intimida\u00e7\u00e3o, constrangimento ou interfer\u00eancia na produ\u00e7\u00e3o de provas, garantindo maior seguran\u00e7a \u00e0s partes envolvidas no processo penal.<\/p>\n\n\n\n<h3 class=\"wp-block-heading\">Proibi\u00e7\u00e3o de aus\u00eancia da Comarca<\/h3>\n\n\n\n<p>A proibi\u00e7\u00e3o de aus\u00eancia da Comarca \u00e9 a medida cautelar que <strong>impede o investigado de deixar a cidade onde tramita o processo sem autoriza\u00e7\u00e3o judicial<\/strong>.<\/p>\n\n\n\n<p>Essa restri\u00e7\u00e3o busca assegurar que o acusado permane\u00e7a \u00e0 disposi\u00e7\u00e3o da Justi\u00e7a, facilitando intima\u00e7\u00f5es e a pr\u00e1tica de atos processuais. Ela \u00e9 aplicada quando h\u00e1 risco moderado de evas\u00e3o.<\/p>\n\n\n\n<p>O descumprimento dessa medida pode justificar a imposi\u00e7\u00e3o de provid\u00eancias mais severas, como a substitui\u00e7\u00e3o por outra medida cautelar ou at\u00e9 a decreta\u00e7\u00e3o da pris\u00e3o preventiva.<\/p>\n\n\n\n<h3 class=\"wp-block-heading\">Recolhimento domiciliar<\/h3>\n\n\n\n<p>O recolhimento domiciliar \u00e9 a medida cautelar que <strong>obriga o investigado a permanecer em sua resid\u00eancia em hor\u00e1rios determinados pelo juiz<\/strong>.<\/p>\n\n\n\n<p>Geralmente, essa restri\u00e7\u00e3o ocorre durante o per\u00edodo noturno e nos fins de semana, funcionando como uma limita\u00e7\u00e3o parcial da liberdade de locomo\u00e7\u00e3o. \u00c9 uma alternativa intermedi\u00e1ria entre a liberdade plena e a pris\u00e3o.<\/p>\n\n\n\n<p>Essa medida \u00e9 aplicada quando o juiz entende que a circula\u00e7\u00e3o irrestrita do investigado pode representar risco ao processo ou \u00e0 ordem p\u00fablica, mas sem necessidade de encarceramento.<\/p>\n\n\n\n<h3 class=\"wp-block-heading\">Suspens\u00e3o de fun\u00e7\u00e3o ou atividade econ\u00f4mica<\/h3>\n\n\n\n<p>A suspens\u00e3o de fun\u00e7\u00e3o ou atividade econ\u00f4mica \u00e9 a medida cautelar que <strong>afasta o investigado do exerc\u00edcio profissional relacionado ao crime apurado<\/strong>.<\/p>\n\n\n\n<p>Ela \u00e9 comum em delitos praticados no exerc\u00edcio do cargo, como crimes funcionais, corrup\u00e7\u00e3o, fraudes financeiras ou il\u00edcitos empresariais. O objetivo \u00e9 impedir a reitera\u00e7\u00e3o da conduta criminosa.<\/p>\n\n\n\n<p>Essa medida tamb\u00e9m protege a instru\u00e7\u00e3o processual, evitando que o investigado utilize sua posi\u00e7\u00e3o profissional para interferir na coleta de provas ou influenciar testemunhas.<\/p>\n\n\n\n<h3 class=\"wp-block-heading\">Interna\u00e7\u00e3o provis\u00f3ria<\/h3>\n\n\n\n<p>A interna\u00e7\u00e3o provis\u00f3ria \u00e9 a medida cautelar aplicada <strong>quando o investigado apresenta transtorno mental e oferece risco a si ou a terceiros<\/strong>.<\/p>\n\n\n\n<p>Essa medida exige laudo m\u00e9dico que comprove a necessidade da interna\u00e7\u00e3o e deve respeitar crit\u00e9rios rigorosos de legalidade e proporcionalidade. N\u00e3o possui car\u00e1ter punitivo.<\/p>\n\n\n\n<p>A interna\u00e7\u00e3o provis\u00f3ria busca garantir a seguran\u00e7a coletiva e o tratamento adequado do investigado, sendo aplicada apenas em situa\u00e7\u00f5es excepcionais e devidamente fundamentadas.<\/p>\n\n\n\n<h3 class=\"wp-block-heading\">Fian\u00e7a<\/h3>\n\n\n\n<p>A fian\u00e7a \u00e9 a medida cautelar que <strong>condiciona a liberdade provis\u00f3ria ao pagamento de um valor fixado pelo juiz<\/strong>.<\/p>\n\n\n\n<p>Seu objetivo \u00e9 assegurar o comparecimento do investigado aos atos do processo e o cumprimento das obriga\u00e7\u00f5es impostas judicialmente. O valor deve considerar a gravidade do crime e a condi\u00e7\u00e3o econ\u00f4mica do acusado.<\/p>\n\n\n\n<p>O descumprimento das condi\u00e7\u00f5es da fian\u00e7a pode resultar em sua perda e na imposi\u00e7\u00e3o de outras medidas cautelares mais gravosas.<\/p>\n\n\n\n<h3 class=\"wp-block-heading\">Monitora\u00e7\u00e3o eletr\u00f4nica<\/h3>\n\n\n\n<p>A monitora\u00e7\u00e3o eletr\u00f4nica \u00e9 a medida cautelar que <strong>utiliza dispositivos eletr\u00f4nicos para controlar a localiza\u00e7\u00e3o do investigado<\/strong>.<\/p>\n\n\n\n<p>Normalmente realizada por meio de tornozeleira eletr\u00f4nica, essa medida permite fiscaliza\u00e7\u00e3o constante sem a necessidade de pris\u00e3o. \u00c9 aplicada em conjunto com outras restri\u00e7\u00f5es.<\/p>\n\n\n\n<p>Ela \u00e9 especialmente \u00fatil em casos que exigem controle rigoroso de deslocamento, garantindo maior efetividade no cumprimento das decis\u00f5es judiciais.<\/p>\n\n\n\n<h3 class=\"wp-block-heading\">Proibi\u00e7\u00e3o de aus\u00eancia do pa\u00eds<\/h3>\n\n\n\n<p>A proibi\u00e7\u00e3o de aus\u00eancia do pa\u00eds \u00e9 a medida cautelar que <strong>impede o investigado de deixar o territ\u00f3rio nacional sem autoriza\u00e7\u00e3o judicial<\/strong>.<\/p>\n\n\n\n<p>Essa medida \u00e9 aplicada quando h\u00e1 risco concreto de fuga internacional, especialmente em crimes de maior gravidade ou com repercuss\u00e3o econ\u00f4mica relevante.<\/p>\n\n\n\n<p>O juiz pode determinar a entrega do passaporte como forma de garantir o cumprimento da medida, preservando a aplica\u00e7\u00e3o da lei penal e a efic\u00e1cia do processo.<\/p>\n\n\n\n<h2 class=\"wp-block-heading\">Aplica\u00e7\u00e3o de medida cautelar inominada<\/h2>\n\n\n\n<p>A medida cautelar inominada <strong>\u00e9 aquela que n\u00e3o est\u00e1 expressamente prevista no rol legal, mas pode ser aplicada pelo juiz quando se mostra necess\u00e1ria para garantir a efetividade do processo<\/strong>. Ela decorre do poder geral de cautela do magistrado.<\/p>\n\n\n\n<p>Esse tipo de medida cautelar \u00e9 utilizado quando as provid\u00eancias previstas em lei n\u00e3o s\u00e3o suficientes para proteger o direito amea\u00e7ado ou evitar preju\u00edzos irrepar\u00e1veis. Nesses casos, o juiz pode criar uma solu\u00e7\u00e3o adequada \u00e0 situa\u00e7\u00e3o concreta, desde que devidamente fundamentada.<\/p>\n\n\n\n<p>Para a aplica\u00e7\u00e3o da medida cautelar inominada, \u00e9 <strong>indispens\u00e1vel a presen\u00e7a dos requisitos da probabilidade do direito e do perigo de dano ou risco ao resultado \u00fatil do processo<\/strong>. Al\u00e9m disso, a decis\u00e3o deve respeitar os princ\u00edpios da proporcionalidade e da razoabilidade.<\/p>\n\n\n\n<p>Embora flex\u00edvel, a medida cautelar inominada n\u00e3o \u00e9 arbitr\u00e1ria. Ela pode ser revista, modificada ou revogada a qualquer tempo, especialmente se houver mudan\u00e7a no contexto f\u00e1tico ou jur\u00eddico que motivou sua concess\u00e3o.<\/p>\n\n\n\n<h2 class=\"wp-block-heading\">Exemplos pr\u00e1ticos de medidas cautelares<\/h2>\n\n\n\n<p>Em casos de viol\u00eancia dom\u00e9stica, \u00e9 comum a aplica\u00e7\u00e3o da proibi\u00e7\u00e3o de contato com a v\u00edtima e da restri\u00e7\u00e3o de acesso a determinados locais, como a resid\u00eancia ou o local de trabalho da pessoa protegida. Essas medidas visam preservar a integridade f\u00edsica e psicol\u00f3gica da v\u00edtima.<\/p>\n\n\n\n<p>Nos crimes econ\u00f4micos ou praticados no exerc\u00edcio da fun\u00e7\u00e3o, a suspens\u00e3o da atividade profissional ou do cargo p\u00fablico \u00e9 uma medida cautelar frequente. Ela impede a continuidade da conduta il\u00edcita enquanto o processo ainda est\u00e1 em andamento.<\/p>\n\n\n\n<p>Em situa\u00e7\u00f5es em que h\u00e1 risco moderado de fuga, mas n\u00e3o se justifica a pris\u00e3o preventiva, o juiz pode determinar o comparecimento peri\u00f3dico em ju\u00edzo ou a proibi\u00e7\u00e3o de se ausentar da comarca. Essas medidas garantem o v\u00ednculo do investigado com o processo.<\/p>\n\n\n\n<p>J\u00e1 quando h\u00e1 necessidade de maior controle do acusado, sem priva\u00e7\u00e3o total da liberdade, a monitora\u00e7\u00e3o eletr\u00f4nica e o recolhimento domiciliar s\u00e3o exemplos de medidas cautelares utilizadas para equilibrar seguran\u00e7a e respeito \u00e0s garantias individuais.<\/p>\n\n\n\n<h2 class=\"wp-block-heading\">Quando cabem as medidas cautelares?<\/h2>\n\n\n\n<p>As medidas cautelares cabem <strong>quando h\u00e1 ind\u00edcios de autoria e materialidade do fato, aliados \u00e0 exist\u00eancia de risco concreto ao processo, \u00e0 ordem p\u00fablica ou \u00e0 efic\u00e1cia da decis\u00e3o final<\/strong>.<\/p>\n\n\n\n<p>Elas s\u00e3o aplicadas quando a liberdade plena do investigado pode comprometer a instru\u00e7\u00e3o processual, facilitar a fuga, permitir a reitera\u00e7\u00e3o da conduta il\u00edcita ou gerar perigo \u00e0s v\u00edtimas e \u00e0 sociedade.<\/p>\n\n\n\n<p>O juiz deve avaliar se a medida cautelar \u00e9 necess\u00e1ria, adequada e proporcional, optando sempre pela menos gravosa poss\u00edvel em rela\u00e7\u00e3o \u00e0 pris\u00e3o preventiva.<\/p>\n\n\n\n<p>Al\u00e9m disso, as medidas cautelares podem ser revistas, substitu\u00eddas ou revogadas a qualquer tempo, caso desapare\u00e7am os motivos que justificaram sua aplica\u00e7\u00e3o ou surjam novos elementos no processo.<\/p>\n\n\n\n<h2 class=\"wp-block-heading\">Em que situa\u00e7\u00f5es cabe recurso de medida cautelar?<\/h2>\n\n\n\n<p>O recurso contra medida cautelar cabe <strong>quando a decis\u00e3o judicial apresenta ilegalidade, falta de fundamenta\u00e7\u00e3o, desproporcionalidade ou n\u00e3o atende aos requisitos legais para sua imposi\u00e7\u00e3o<\/strong>.<\/p>\n\n\n\n<p>Tamb\u00e9m \u00e9 poss\u00edvel recorrer quando a medida cautelar \u00e9 excessivamente gravosa, quando existem alternativas menos restritivas ou quando n\u00e3o h\u00e1 risco concreto que justifique sua manuten\u00e7\u00e3o.<\/p>\n\n\n\n<p>Al\u00e9m disso, o recurso \u00e9 cab\u00edvel nos casos de descumprimento do contradit\u00f3rio, viola\u00e7\u00e3o a direitos fundamentais ou quando a medida \u00e9 aplicada sem an\u00e1lise individualizada do caso concreto.<\/p>\n\n\n\n<p>A depender da situa\u00e7\u00e3o, a impugna\u00e7\u00e3o pode ocorrer por meio de <a href=\"https:\/\/advbox.com.br\/blog\/modelos\/habeas-corpus-5\/\" target=\"_blank\">habeas corpus<\/a>, agravo ou pedido de revoga\u00e7\u00e3o ou substitui\u00e7\u00e3o da medida cautelar, especialmente quando surgem fatos novos no processo.<\/p>\n\n\n\n<h2 class=\"wp-block-heading\">Conclus\u00e3o<\/h2>\n\n\n\n<p>As medidas cautelares s\u00e3o instrumentos essenciais para garantir o equil\u00edbrio entre a prote\u00e7\u00e3o do processo e o respeito aos direitos fundamentais. Elas permitem que o Judici\u00e1rio atue de forma preventiva, evitando riscos concretos sem recorrer automaticamente \u00e0s medidas mais gravosas.<\/p>\n\n\n\n<p>\u00c9 importante compreender o que s\u00e3o as medidas cautelares, quais s\u00e3o as principais previstas em lei, exemplos pr\u00e1ticos de aplica\u00e7\u00e3o e em que situa\u00e7\u00f5es elas cabem. Esse conhecimento \u00e9 indispens\u00e1vel para uma atua\u00e7\u00e3o jur\u00eddica t\u00e9cnica, estrat\u00e9gica e respons\u00e1vel.<\/p>\n\n\n\n<p>Tamb\u00e9m ficou claro que decis\u00f5es envolvendo medidas cautelares exigem acompanhamento constante, an\u00e1lise de proporcionalidade e aten\u00e7\u00e3o a prazos, recursos e eventuais descumprimentos. Uma falha nesse controle pode gerar consequ\u00eancias relevantes para o processo e para o cliente.<\/p>\n\n\n\n<p>Nesse cen\u00e1rio, contar com uma gest\u00e3o jur\u00eddica organizada faz toda a diferen\u00e7a. <a href=\"https:\/\/advbox.com.br\/blog\/softwares-para-advogados-tres-razoes-para-usar-a-advbox\/\" target=\"_blank\">ADVBOX \u00e9 um software jur\u00eddico que re\u00fane toda a gest\u00e3o do escrit\u00f3rio de advocacia em um \u00fanico sistema<\/a>, facilitando o controle de processos, prazos, decis\u00f5es judiciais e medidas cautelares de forma pr\u00e1tica e segura.<\/p>\n\n\n\n<p><a href=\"https:\/\/app.advbox.com.br\/register\" target=\"_blank\">Conhe\u00e7a ADVBOX<\/a> e veja como uma boa gest\u00e3o tamb\u00e9m \u00e9 uma medida preventiva para o sucesso do seu escrit\u00f3rio.<\/p>\n\n\n\n<figure class=\"wp-block-image size-full\"><a href=\"https:\/\/advbox.com.br\/blog\/como-automatizar-seus-modelos-de-peticoes\/\" target=\"_blank\"><img fetchpriority=\"high\" decoding=\"async\" width=\"1024\" height=\"270\" src=\"https:\/\/advbox.com.br\/blog\/wp-content\/uploads\/2025\/12\/CTA-REBRANDING-16.webp\" alt=\"Banner com imagem ilustrativa de automa\u00e7\u00e3o de peti\u00e7\u00f5es jur\u00eddicas, destacando cria\u00e7\u00e3o, padroniza\u00e7\u00e3o e controle de peti\u00e7\u00f5es para advogados com a ADVBOX\" class=\"wp-image-79759\" srcset=\"https:\/\/advbox.com.br\/blog\/wp-content\/uploads\/2025\/12\/CTA-REBRANDING-16.webp 1024w, https:\/\/advbox.com.br\/blog\/wp-content\/uploads\/2025\/12\/CTA-REBRANDING-16-500x132.webp 500w, https:\/\/advbox.com.br\/blog\/wp-content\/uploads\/2025\/12\/CTA-REBRANDING-16-768x203.webp 768w, https:\/\/advbox.com.br\/blog\/wp-content\/uploads\/2025\/12\/CTA-REBRANDING-16-150x40.webp 150w\" sizes=\"(max-width: 1024px) 100vw, 1024px\" \/><\/a><\/figure>\n","protected":false},"excerpt":{"rendered":"<p>Medidas cautelares: o que \u00e9, quais s\u00e3o e quando cabem? As medidas cautelares s\u00e3o instrumentos jur\u00eddicos fundamentais para garantir a efetividade do processo e a prote\u00e7\u00e3o de direitos antes da decis\u00e3o final. Elas permitem que o Judici\u00e1rio atue de forma preventiva, evitando danos irrevers\u00edveis ou o agravamento de situa\u00e7\u00f5es jur\u00eddicas [&hellip;]<\/p>\n","protected":false},"author":43,"featured_media":79776,"comment_status":"closed","ping_status":"closed","sticky":false,"template":"","format":"standard","meta":{"_acf_changed":false,"om_disable_all_campaigns":false,"footnotes":""},"categories":[717],"tags":[],"class_list":["post-81493","post","type-post","status-publish","format-standard","has-post-thumbnail","hentry","category-direito"],"acf":[],"yoast_head":"<!-- This site is optimized with the Yoast SEO plugin v26.9 - https:\/\/yoast.com\/product\/yoast-seo-wordpress\/ -->\n<title>Medidas cautelares: o que \u00e9, quais s\u00e3o e quando cabem?<\/title>\n<meta name=\"description\" content=\"Entenda o que s\u00e3o medidas cautelares, quando elas cabem no processo, import\u00e2ncia da proporcionalidade e como recorrer de decis\u00f5es judiciais.\" \/>\n<meta name=\"robots\" content=\"index, follow, max-snippet:-1, max-image-preview:large, max-video-preview:-1\" \/>\n<link rel=\"canonical\" href=\"https:\/\/advbox.com.br\/blog\/legislacao-medidas-cautelares\/\" \/>\n<meta property=\"og:locale\" content=\"pt_BR\" \/>\n<meta property=\"og:type\" content=\"article\" \/>\n<meta property=\"og:title\" content=\"Medidas cautelares: o que \u00e9, quais s\u00e3o e quando cabem?\" \/>\n<meta property=\"og:description\" content=\"Entenda o que s\u00e3o medidas cautelares, quando elas cabem no processo, import\u00e2ncia da proporcionalidade e como recorrer de decis\u00f5es judiciais.\" \/>\n<meta property=\"og:url\" content=\"https:\/\/advbox.com.br\/blog\/legislacao-medidas-cautelares\/\" \/>\n<meta property=\"og:site_name\" content=\"Software Jur\u00eddico Completo - ADVBOX\" \/>\n<meta property=\"article:publisher\" content=\"https:\/\/www.facebook.com\/advbox\/\" \/>\n<meta property=\"article:published_time\" content=\"2026-01-30T14:37:33+00:00\" \/>\n<meta property=\"article:modified_time\" content=\"2026-03-05T22:49:27+00:00\" \/>\n<meta property=\"og:image\" content=\"https:\/\/advbox.com.br\/blog\/wp-content\/uploads\/2025\/12\/sobrestamento-1.jpg\" \/>\n\t<meta property=\"og:image:width\" content=\"1024\" \/>\n\t<meta property=\"og:image:height\" content=\"576\" \/>\n\t<meta property=\"og:image:type\" content=\"image\/jpeg\" \/>\n<meta name=\"author\" content=\"Eduardo Koetz\" \/>\n<meta name=\"twitter:card\" content=\"summary_large_image\" \/>\n<meta name=\"twitter:creator\" content=\"@advbox2\" \/>\n<meta name=\"twitter:site\" content=\"@advbox2\" \/>\n<script type=\"application\/ld+json\" class=\"yoast-schema-graph\">{\"@context\":\"https:\/\/schema.org\",\"@graph\":[{\"@type\":\"Article\",\"@id\":\"https:\/\/advbox.com.br\/blog\/legislacao-medidas-cautelares\/#article\",\"isPartOf\":{\"@id\":\"https:\/\/advbox.com.br\/blog\/legislacao-medidas-cautelares\/\"},\"author\":{\"name\":\"Eduardo Koetz\",\"@id\":\"https:\/\/advbox.com.br\/blog\/#\/schema\/person\/029674387a95515a227f2dd7f49b8dfa\"},\"headline\":\"Medidas cautelares: o que \u00e9, quais s\u00e3o e quando cabem?\",\"datePublished\":\"2026-01-30T14:37:33+00:00\",\"dateModified\":\"2026-03-05T22:49:27+00:00\",\"mainEntityOfPage\":{\"@id\":\"https:\/\/advbox.com.br\/blog\/legislacao-medidas-cautelares\/\"},\"wordCount\":2210,\"publisher\":{\"@id\":\"https:\/\/advbox.com.br\/blog\/#organization\"},\"image\":{\"@id\":\"https:\/\/advbox.com.br\/blog\/legislacao-medidas-cautelares\/#primaryimage\"},\"thumbnailUrl\":\"https:\/\/advbox.com.br\/blog\/wp-content\/uploads\/2025\/12\/sobrestamento-1.jpg\",\"articleSection\":[\"Direito\"],\"inLanguage\":\"pt-BR\"},{\"@type\":\"WebPage\",\"@id\":\"https:\/\/advbox.com.br\/blog\/legislacao-medidas-cautelares\/\",\"url\":\"https:\/\/advbox.com.br\/blog\/legislacao-medidas-cautelares\/\",\"name\":\"Medidas cautelares: o que \u00e9, quais s\u00e3o e quando cabem?\",\"isPartOf\":{\"@id\":\"https:\/\/advbox.com.br\/blog\/#website\"},\"primaryImageOfPage\":{\"@id\":\"https:\/\/advbox.com.br\/blog\/legislacao-medidas-cautelares\/#primaryimage\"},\"image\":{\"@id\":\"https:\/\/advbox.com.br\/blog\/legislacao-medidas-cautelares\/#primaryimage\"},\"thumbnailUrl\":\"https:\/\/advbox.com.br\/blog\/wp-content\/uploads\/2025\/12\/sobrestamento-1.jpg\",\"datePublished\":\"2026-01-30T14:37:33+00:00\",\"dateModified\":\"2026-03-05T22:49:27+00:00\",\"description\":\"Entenda o que s\u00e3o medidas cautelares, quando elas cabem no processo, import\u00e2ncia da proporcionalidade e como recorrer de decis\u00f5es judiciais.\",\"breadcrumb\":{\"@id\":\"https:\/\/advbox.com.br\/blog\/legislacao-medidas-cautelares\/#breadcrumb\"},\"inLanguage\":\"pt-BR\",\"potentialAction\":[{\"@type\":\"ReadAction\",\"target\":[\"https:\/\/advbox.com.br\/blog\/legislacao-medidas-cautelares\/\"]}]},{\"@type\":\"ImageObject\",\"inLanguage\":\"pt-BR\",\"@id\":\"https:\/\/advbox.com.br\/blog\/legislacao-medidas-cautelares\/#primaryimage\",\"url\":\"https:\/\/advbox.com.br\/blog\/wp-content\/uploads\/2025\/12\/sobrestamento-1.jpg\",\"contentUrl\":\"https:\/\/advbox.com.br\/blog\/wp-content\/uploads\/2025\/12\/sobrestamento-1.jpg\",\"width\":1024,\"height\":576,\"caption\":\"Banner institucional da ADVBOX com elemento visual abstrato em tons de azul, representando estrutura, tecnologia e identidade visual da marca\"},{\"@type\":\"BreadcrumbList\",\"@id\":\"https:\/\/advbox.com.br\/blog\/legislacao-medidas-cautelares\/#breadcrumb\",\"itemListElement\":[{\"@type\":\"ListItem\",\"position\":1,\"name\":\"In\u00edcio\",\"item\":\"https:\/\/advbox.com.br\/blog\/\"},{\"@type\":\"ListItem\",\"position\":2,\"name\":\"Direito\",\"item\":\"https:\/\/advbox.com.br\/blog\/direito\/\"},{\"@type\":\"ListItem\",\"position\":3,\"name\":\"Medidas cautelares: o que \u00e9, quais s\u00e3o e quando cabem?\"}]},{\"@type\":\"WebSite\",\"@id\":\"https:\/\/advbox.com.br\/blog\/#website\",\"url\":\"https:\/\/advbox.com.br\/blog\/\",\"name\":\"Software Jur\u00eddico Completo - ADVBOX\",\"description\":\"Plataforma para Advocacia Digital\",\"publisher\":{\"@id\":\"https:\/\/advbox.com.br\/blog\/#organization\"},\"potentialAction\":[{\"@type\":\"SearchAction\",\"target\":{\"@type\":\"EntryPoint\",\"urlTemplate\":\"https:\/\/advbox.com.br\/blog\/?s={search_term_string}\"},\"query-input\":{\"@type\":\"PropertyValueSpecification\",\"valueRequired\":true,\"valueName\":\"search_term_string\"}}],\"inLanguage\":\"pt-BR\"},{\"@type\":\"Organization\",\"@id\":\"https:\/\/advbox.com.br\/blog\/#organization\",\"name\":\"ADVBOX Blog - Software jur\u00eddico da advocacia digital\",\"url\":\"https:\/\/advbox.com.br\/blog\/\",\"logo\":{\"@type\":\"ImageObject\",\"inLanguage\":\"pt-BR\",\"@id\":\"https:\/\/advbox.com.br\/blog\/#\/schema\/logo\/image\/\",\"url\":\"https:\/\/advbox.com.br\/blog\/wp-content\/uploads\/2019\/12\/Como-aumentar-a-produtividade_.jpg\",\"contentUrl\":\"https:\/\/advbox.com.br\/blog\/wp-content\/uploads\/2019\/12\/Como-aumentar-a-produtividade_.jpg\",\"width\":320,\"height\":213,\"caption\":\"ADVBOX Blog - Software jur\u00eddico da advocacia digital\"},\"image\":{\"@id\":\"https:\/\/advbox.com.br\/blog\/#\/schema\/logo\/image\/\"},\"sameAs\":[\"https:\/\/www.facebook.com\/advbox\/\",\"https:\/\/x.com\/advbox2\"]},{\"@type\":\"Person\",\"@id\":\"https:\/\/advbox.com.br\/blog\/#\/schema\/person\/029674387a95515a227f2dd7f49b8dfa\",\"name\":\"Eduardo Koetz\",\"description\":\"Eduardo Koetz \u00e9 advogado, escritor, s\u00f3cio e fundador da Koetz Advocacia e CEO da empresa de software jur\u00eddico Advbox. Possui bacharel em Direito pela Universidade do Vale do Rio dos Sinos (Unisinos). Possui tanto registros na Ordem dos Advogados do Brasil - OAB (OAB\/SC 42.934, OAB\/RS 73.409, OAB\/PR 72.951, OAB\/SP 435.266, OAB\/MG 204.531, OAB\/MG 204.531), como na Ordem dos Advogados de Portugal - OA ( OA\/Portugal 69.512L).swdsasdw \u00c9 p\u00f3s-graduado em Direito do Trabalho pela Universidade Federal do Rio Grande do Sul (2011- 2012) e em Direito Tribut\u00e1rio pela Escola Superior da Magistratura Federal ESMAFE (2013 - 2014). Atua como um dos principais gestores da Koetz Advocacia realizando a supervis\u00e3o e lideran\u00e7a em todos os setores do escrit\u00f3rio. Em 2021, Eduardo publicou o livro intitulado: Otimizado - O escrit\u00f3rio como empresa escal\u00e1vel pela editora Viseu.\",\"url\":\"https:\/\/advbox.com.br\/blog\/autor\/comunicacao\/\"}]}<\/script>\n<!-- \/ Yoast SEO plugin. -->","yoast_head_json":{"title":"Medidas cautelares: o que \u00e9, quais s\u00e3o e quando cabem?","description":"Entenda o que s\u00e3o medidas cautelares, quando elas cabem no processo, import\u00e2ncia da proporcionalidade e como recorrer de decis\u00f5es judiciais.","robots":{"index":"index","follow":"follow","max-snippet":"max-snippet:-1","max-image-preview":"max-image-preview:large","max-video-preview":"max-video-preview:-1"},"canonical":"https:\/\/advbox.com.br\/blog\/legislacao-medidas-cautelares\/","og_locale":"pt_BR","og_type":"article","og_title":"Medidas cautelares: o que \u00e9, quais s\u00e3o e quando cabem?","og_description":"Entenda o que s\u00e3o medidas cautelares, quando elas cabem no processo, import\u00e2ncia da proporcionalidade e como recorrer de decis\u00f5es judiciais.","og_url":"https:\/\/advbox.com.br\/blog\/legislacao-medidas-cautelares\/","og_site_name":"Software Jur\u00eddico Completo - ADVBOX","article_publisher":"https:\/\/www.facebook.com\/advbox\/","article_published_time":"2026-01-30T14:37:33+00:00","article_modified_time":"2026-03-05T22:49:27+00:00","og_image":[{"width":1024,"height":576,"url":"https:\/\/advbox.com.br\/blog\/wp-content\/uploads\/2025\/12\/sobrestamento-1.jpg","type":"image\/jpeg"}],"author":"Eduardo Koetz","twitter_card":"summary_large_image","twitter_creator":"@advbox2","twitter_site":"@advbox2","schema":{"@context":"https:\/\/schema.org","@graph":[{"@type":"Article","@id":"https:\/\/advbox.com.br\/blog\/legislacao-medidas-cautelares\/#article","isPartOf":{"@id":"https:\/\/advbox.com.br\/blog\/legislacao-medidas-cautelares\/"},"author":{"name":"Eduardo Koetz","@id":"https:\/\/advbox.com.br\/blog\/#\/schema\/person\/029674387a95515a227f2dd7f49b8dfa"},"headline":"Medidas cautelares: o que \u00e9, quais s\u00e3o e quando cabem?","datePublished":"2026-01-30T14:37:33+00:00","dateModified":"2026-03-05T22:49:27+00:00","mainEntityOfPage":{"@id":"https:\/\/advbox.com.br\/blog\/legislacao-medidas-cautelares\/"},"wordCount":2210,"publisher":{"@id":"https:\/\/advbox.com.br\/blog\/#organization"},"image":{"@id":"https:\/\/advbox.com.br\/blog\/legislacao-medidas-cautelares\/#primaryimage"},"thumbnailUrl":"https:\/\/advbox.com.br\/blog\/wp-content\/uploads\/2025\/12\/sobrestamento-1.jpg","articleSection":["Direito"],"inLanguage":"pt-BR"},{"@type":"WebPage","@id":"https:\/\/advbox.com.br\/blog\/legislacao-medidas-cautelares\/","url":"https:\/\/advbox.com.br\/blog\/legislacao-medidas-cautelares\/","name":"Medidas cautelares: o que \u00e9, quais s\u00e3o e quando cabem?","isPartOf":{"@id":"https:\/\/advbox.com.br\/blog\/#website"},"primaryImageOfPage":{"@id":"https:\/\/advbox.com.br\/blog\/legislacao-medidas-cautelares\/#primaryimage"},"image":{"@id":"https:\/\/advbox.com.br\/blog\/legislacao-medidas-cautelares\/#primaryimage"},"thumbnailUrl":"https:\/\/advbox.com.br\/blog\/wp-content\/uploads\/2025\/12\/sobrestamento-1.jpg","datePublished":"2026-01-30T14:37:33+00:00","dateModified":"2026-03-05T22:49:27+00:00","description":"Entenda o que s\u00e3o medidas cautelares, quando elas cabem no processo, import\u00e2ncia da proporcionalidade e como recorrer de decis\u00f5es judiciais.","breadcrumb":{"@id":"https:\/\/advbox.com.br\/blog\/legislacao-medidas-cautelares\/#breadcrumb"},"inLanguage":"pt-BR","potentialAction":[{"@type":"ReadAction","target":["https:\/\/advbox.com.br\/blog\/legislacao-medidas-cautelares\/"]}]},{"@type":"ImageObject","inLanguage":"pt-BR","@id":"https:\/\/advbox.com.br\/blog\/legislacao-medidas-cautelares\/#primaryimage","url":"https:\/\/advbox.com.br\/blog\/wp-content\/uploads\/2025\/12\/sobrestamento-1.jpg","contentUrl":"https:\/\/advbox.com.br\/blog\/wp-content\/uploads\/2025\/12\/sobrestamento-1.jpg","width":1024,"height":576,"caption":"Banner institucional da ADVBOX com elemento visual abstrato em tons de azul, representando estrutura, tecnologia e identidade visual da marca"},{"@type":"BreadcrumbList","@id":"https:\/\/advbox.com.br\/blog\/legislacao-medidas-cautelares\/#breadcrumb","itemListElement":[{"@type":"ListItem","position":1,"name":"In\u00edcio","item":"https:\/\/advbox.com.br\/blog\/"},{"@type":"ListItem","position":2,"name":"Direito","item":"https:\/\/advbox.com.br\/blog\/direito\/"},{"@type":"ListItem","position":3,"name":"Medidas cautelares: o que \u00e9, quais s\u00e3o e quando cabem?"}]},{"@type":"WebSite","@id":"https:\/\/advbox.com.br\/blog\/#website","url":"https:\/\/advbox.com.br\/blog\/","name":"Software Jur\u00eddico Completo - ADVBOX","description":"Plataforma para Advocacia Digital","publisher":{"@id":"https:\/\/advbox.com.br\/blog\/#organization"},"potentialAction":[{"@type":"SearchAction","target":{"@type":"EntryPoint","urlTemplate":"https:\/\/advbox.com.br\/blog\/?s={search_term_string}"},"query-input":{"@type":"PropertyValueSpecification","valueRequired":true,"valueName":"search_term_string"}}],"inLanguage":"pt-BR"},{"@type":"Organization","@id":"https:\/\/advbox.com.br\/blog\/#organization","name":"ADVBOX Blog - Software jur\u00eddico da advocacia digital","url":"https:\/\/advbox.com.br\/blog\/","logo":{"@type":"ImageObject","inLanguage":"pt-BR","@id":"https:\/\/advbox.com.br\/blog\/#\/schema\/logo\/image\/","url":"https:\/\/advbox.com.br\/blog\/wp-content\/uploads\/2019\/12\/Como-aumentar-a-produtividade_.jpg","contentUrl":"https:\/\/advbox.com.br\/blog\/wp-content\/uploads\/2019\/12\/Como-aumentar-a-produtividade_.jpg","width":320,"height":213,"caption":"ADVBOX Blog - Software jur\u00eddico da advocacia digital"},"image":{"@id":"https:\/\/advbox.com.br\/blog\/#\/schema\/logo\/image\/"},"sameAs":["https:\/\/www.facebook.com\/advbox\/","https:\/\/x.com\/advbox2"]},{"@type":"Person","@id":"https:\/\/advbox.com.br\/blog\/#\/schema\/person\/029674387a95515a227f2dd7f49b8dfa","name":"Eduardo Koetz","description":"Eduardo Koetz \u00e9 advogado, escritor, s\u00f3cio e fundador da Koetz Advocacia e CEO da empresa de software jur\u00eddico Advbox. Possui bacharel em Direito pela Universidade do Vale do Rio dos Sinos (Unisinos). Possui tanto registros na Ordem dos Advogados do Brasil - OAB (OAB\/SC 42.934, OAB\/RS 73.409, OAB\/PR 72.951, OAB\/SP 435.266, OAB\/MG 204.531, OAB\/MG 204.531), como na Ordem dos Advogados de Portugal - OA ( OA\/Portugal 69.512L).swdsasdw \u00c9 p\u00f3s-graduado em Direito do Trabalho pela Universidade Federal do Rio Grande do Sul (2011- 2012) e em Direito Tribut\u00e1rio pela Escola Superior da Magistratura Federal ESMAFE (2013 - 2014). Atua como um dos principais gestores da Koetz Advocacia realizando a supervis\u00e3o e lideran\u00e7a em todos os setores do escrit\u00f3rio. Em 2021, Eduardo publicou o livro intitulado: Otimizado - O escrit\u00f3rio como empresa escal\u00e1vel pela editora Viseu.","url":"https:\/\/advbox.com.br\/blog\/autor\/comunicacao\/"}]}},"_links":{"self":[{"href":"https:\/\/advbox.com.br\/blog\/wp-json\/wp\/v2\/posts\/81493","targetHints":{"allow":["GET"]}}],"collection":[{"href":"https:\/\/advbox.com.br\/blog\/wp-json\/wp\/v2\/posts"}],"about":[{"href":"https:\/\/advbox.com.br\/blog\/wp-json\/wp\/v2\/types\/post"}],"author":[{"embeddable":true,"href":"https:\/\/advbox.com.br\/blog\/wp-json\/wp\/v2\/users\/43"}],"replies":[{"embeddable":true,"href":"https:\/\/advbox.com.br\/blog\/wp-json\/wp\/v2\/comments?post=81493"}],"version-history":[{"count":3,"href":"https:\/\/advbox.com.br\/blog\/wp-json\/wp\/v2\/posts\/81493\/revisions"}],"predecessor-version":[{"id":82624,"href":"https:\/\/advbox.com.br\/blog\/wp-json\/wp\/v2\/posts\/81493\/revisions\/82624"}],"wp:featuredmedia":[{"embeddable":true,"href":"https:\/\/advbox.com.br\/blog\/wp-json\/wp\/v2\/media\/79776"}],"wp:attachment":[{"href":"https:\/\/advbox.com.br\/blog\/wp-json\/wp\/v2\/media?parent=81493"}],"wp:term":[{"taxonomy":"category","embeddable":true,"href":"https:\/\/advbox.com.br\/blog\/wp-json\/wp\/v2\/categories?post=81493"},{"taxonomy":"post_tag","embeddable":true,"href":"https:\/\/advbox.com.br\/blog\/wp-json\/wp\/v2\/tags?post=81493"}],"curies":[{"name":"wp","href":"https:\/\/api.w.org\/{rel}","templated":true}]}}