{"id":81498,"date":"2026-01-30T11:44:46","date_gmt":"2026-01-30T14:44:46","guid":{"rendered":"https:\/\/advbox.com.br\/blog\/?p=81498"},"modified":"2026-03-05T19:48:32","modified_gmt":"2026-03-05T22:48:32","slug":"criminal-art-312-cpp","status":"publish","type":"post","link":"https:\/\/advbox.com.br\/blog\/criminal-art-312-cpp\/","title":{"rendered":"Art 312 do CPP: o que \u00e9 e como funciona pris\u00e3o preventiva?"},"content":{"rendered":"\n<h1 class=\"wp-block-heading\">Art 312 do CPP: o que \u00e9 e como funciona pris\u00e3o preventiva?<\/h1>\n\n\n\n<p>A <a href=\"https:\/\/advbox.com.br\/blog\/prisao-preventiva\/\" target=\"_blank\">pris\u00e3o preventiva<\/a> \u00e9 uma das medidas mais severas previstas no processo penal brasileiro, pois restringe a liberdade do investigado ou r\u00e9u antes de uma condena\u00e7\u00e3o definitiva.&nbsp;<\/p>\n\n\n\n<p>O art 312 CPP \u00e9 o dispositivo central que fundamenta essa modalidade de pris\u00e3o cautelar, estabelecendo crit\u00e9rios objetivos e subjetivos para sua decreta\u00e7\u00e3o.<\/p>\n\n\n\n<p>Compreender o art 312 CPP \u00e9 essencial para advogados, estudantes de Direito e operadores jur\u00eddicos, j\u00e1 que sua aplica\u00e7\u00e3o exige cautela, fundamenta\u00e7\u00e3o concreta e respeito aos <a href=\"https:\/\/advbox.com.br\/blog\/direito-constitucional\/\" target=\"_blank\">princ\u00edpios constitucionais<\/a>, como a presun\u00e7\u00e3o de inoc\u00eancia e o devido processo legal.<\/p>\n\n\n\n<p>Neste artigo, voc\u00ea vai entender o que \u00e9 a pris\u00e3o preventiva, como funciona, quais s\u00e3o seus requisitos, o que diz o art 312 CPP e como essa medida deve ser analisada \u00e0 luz da legisla\u00e7\u00e3o e da pr\u00e1tica forense.<\/p>\n\n\n\n<h2 class=\"wp-block-heading\">O que \u00e9 a pris\u00e3o preventiva?<\/h2>\n\n\n\n<p>A pris\u00e3o preventiva <strong>\u00e9 uma medida cautelar pessoal que consiste na priva\u00e7\u00e3o da liberdade do investigado ou acusado antes do <\/strong><a href=\"https:\/\/advbox.com.br\/blog\/legislacao-transito-em-julgado\/\" target=\"_blank\"><strong>tr\u00e2nsito em julgado<\/strong><\/a><strong> da <\/strong><a href=\"https:\/\/advbox.com.br\/blog\/o-que-e-sentenca\/\" target=\"_blank\"><strong>senten\u00e7a<\/strong><\/a><strong> penal condenat\u00f3ria<\/strong>. Ela n\u00e3o possui car\u00e1ter punitivo, mas sim instrumental, sendo utilizada para proteger o regular andamento do <a href=\"https:\/\/advbox.com.br\/blog\/fases-do-processo-penal\/\" target=\"_blank\">processo penal<\/a>.<\/p>\n\n\n\n<p>Diferentemente da pris\u00e3o em flagrante, que decorre de uma situa\u00e7\u00e3o imediata, a pris\u00e3o preventiva depende de decis\u00e3o judicial fundamentada. Sua decreta\u00e7\u00e3o deve observar estritamente os requisitos legais previstos no art 312 CPP, sob pena de ilegalidade.<\/p>\n\n\n\n<p>Por essa raz\u00e3o, a pris\u00e3o preventiva deve ser tratada como exce\u00e7\u00e3o, e n\u00e3o como regra, sendo aplicada apenas quando outras <a href=\"https:\/\/advbox.com.br\/blog\/legislacao-medidas-cautelares\/\" target=\"_blank\">medidas cautelares<\/a> se mostrarem insuficientes.<\/p>\n\n\n\n<h3 class=\"wp-block-heading\">Quando se aplica a pris\u00e3o preventiva?<\/h3>\n\n\n\n<p>A pris\u00e3o preventiva se aplica <strong>quando o juiz verifica que a liberdade do investigado ou r\u00e9u representa risco concreto ao processo, \u00e0 sociedade ou \u00e0 aplica\u00e7\u00e3o da lei penal<\/strong>.<\/p>\n\n\n\n<p>Ela pode ser decretada tanto na fase de investiga\u00e7\u00e3o quanto no curso da a\u00e7\u00e3o penal, desde que estejam presentes os fundamentos legais e haja necessidade comprovada.<\/p>\n\n\n\n<p>Na pr\u00e1tica, o magistrado deve analisar se medidas cautelares diversas da pris\u00e3o seriam suficientes. Somente quando essas medidas forem inadequadas ou ineficazes \u00e9 que se justifica a aplica\u00e7\u00e3o da pris\u00e3o preventiva, conforme interpreta\u00e7\u00e3o sistem\u00e1tica do art 312 CPP.<\/p>\n\n\n\n<h2 class=\"wp-block-heading\">O que \u00e9 artigo 312 do C\u00f3digo de Processo Penal?<\/h2>\n\n\n\n<p>O artigo 312 do <a href=\"https:\/\/advbox.com.br\/blog\/codigo-de-processo-penal\/\" target=\"_blank\">C\u00f3digo de Processo Penal<\/a> <strong>\u00e9 o dispositivo legal que estabelece os fundamentos e pressupostos para a decreta\u00e7\u00e3o da pris\u00e3o preventiva no <\/strong><a href=\"https:\/\/advbox.com.br\/blog\/ordenamento-juridico\/\" target=\"_blank\"><strong>ordenamento jur\u00eddico brasileiro<\/strong><\/a>.<\/p>\n\n\n\n<p>Ele funciona como um verdadeiro filtro jur\u00eddico, limitando o poder estatal de restringir a liberdade antes da condena\u00e7\u00e3o definitiva. Por isso, o art 312 CPP exige a presen\u00e7a simult\u00e2nea de elementos probat\u00f3rios e circunst\u00e2ncias concretas que demonstrem o perigo da liberdade do acusado.<\/p>\n\n\n\n<p>Esse artigo deve ser interpretado em conjunto com os princ\u00edpios constitucionais e com as regras sobre medidas cautelares previstas no pr\u00f3prio CPP.<\/p>\n\n\n\n<h2 class=\"wp-block-heading\">O que diz o artigo 312 do CPP?<\/h2>\n\n\n\n<p>O artigo 312 do CPP <strong>disp\u00f5e que a pris\u00e3o preventiva pode ser decretada quando houver prova da exist\u00eancia do crime, ind\u00edcio suficiente de autoria e necessidade de garantir a ordem p\u00fablica<\/strong>, a ordem econ\u00f4mica, a conveni\u00eancia da instru\u00e7\u00e3o criminal ou a aplica\u00e7\u00e3o da lei penal.<\/p>\n\n\n\n<p>O artigo disp\u00f5e:<\/p>\n\n\n\n<p><strong><em>Art. 312 \u2014 <\/em><\/strong><em>A pris\u00e3o preventiva poder\u00e1 ser decretada como garantia da ordem p\u00fablica, da ordem econ\u00f4mica, por conveni\u00eancia da instru\u00e7\u00e3o criminal, ou para assegurar a aplica\u00e7\u00e3o da lei penal, quando houver prova da exist\u00eancia do crime e ind\u00edcio suficiente de autoria.<\/em><\/p>\n\n\n\n<p><strong><em>Par\u00e1grafo \u00fanico.<\/em><\/strong><em> A pris\u00e3o preventiva tamb\u00e9m poder\u00e1 ser decretada em caso de descumprimento de qualquer das obriga\u00e7\u00f5es impostas por for\u00e7a de outras medidas cautelares (art. 282, \u00a7 4\u00ba).<\/em><\/p>\n\n\n\n<h2 class=\"wp-block-heading\">Como funciona a pris\u00e3o preventiva?<\/h2>\n\n\n\n<p>A pris\u00e3o preventiva<strong> funciona como uma medida cautelar excepcional<\/strong>, decretada por decis\u00e3o judicial fundamentada, quando a liberdade do investigado ou r\u00e9u representa risco concreto ao processo, \u00e0 sociedade ou \u00e0 aplica\u00e7\u00e3o da lei penal.<\/p>\n\n\n\n<p>Na pr\u00e1tica, o juiz analisa se est\u00e3o presentes os requisitos previstos no art 312 CPP, como a prova da exist\u00eancia do crime, ind\u00edcios de autoria e a necessidade da pris\u00e3o para garantir a ordem p\u00fablica, a instru\u00e7\u00e3o criminal ou a efetividade da lei penal.<\/p>\n\n\n\n<p>Essa modalidade de pris\u00e3o n\u00e3o possui car\u00e1ter punitivo, mas preventivo, sendo aplicada apenas quando medidas cautelares menos gravosas se mostram inadequadas ou insuficientes. Por isso, sua decreta\u00e7\u00e3o deve ser sempre fundamentada em elementos concretos do caso.<\/p>\n\n\n\n<p>Al\u00e9m disso, a pris\u00e3o preventiva deve ser reavaliada periodicamente, podendo ser revogada ou substitu\u00edda sempre que cessarem os motivos que justificaram sua imposi\u00e7\u00e3o, conforme entendimento consolidado dos tribunais.<\/p>\n\n\n\n<h2 class=\"wp-block-heading\">Quais s\u00e3o os requisitos da pris\u00e3o preventiva?<\/h2>\n\n\n\n<p>Os requisitos da pris\u00e3o preventiva s\u00e3o a <strong>exist\u00eancia de prova da materialidade do crime, ind\u00edcios suficientes de autoria e a demonstra\u00e7\u00e3o de perigo concreto decorrente da liberdade do investigado ou r\u00e9u<\/strong>. Esses elementos devem estar expressamente fundamentados na decis\u00e3o judicial, n\u00e3o sendo admitidas presun\u00e7\u00f5es gen\u00e9ricas ou argumentos abstratos.<\/p>\n\n\n\n<p>Al\u00e9m dos pressupostos probat\u00f3rios, a legisla\u00e7\u00e3o exige que a pris\u00e3o esteja vinculada a finalidades cautelares espec\u00edficas, como a prote\u00e7\u00e3o da ordem p\u00fablica, da instru\u00e7\u00e3o criminal ou da efetividade da aplica\u00e7\u00e3o da lei penal. Essa estrutura busca garantir que a pris\u00e3o preventiva seja uma medida excepcional e proporcional.<\/p>\n\n\n\n<p>A seguir, veja cada um dos requisitos que podem justificar a decreta\u00e7\u00e3o da pris\u00e3o preventiva, analisados de forma individualizada e conforme a pr\u00e1tica jurisprudencial.<\/p>\n\n\n\n<h3 class=\"wp-block-heading\">Fumus comissi delicti<\/h3>\n\n\n\n<p>O <em>fumus comissi delicti<\/em> representa a <strong>demonstra\u00e7\u00e3o inicial de que o crime realmente ocorreu e de que o investigado pode ser o seu autor<\/strong>. Trata-se do suporte probat\u00f3rio m\u00ednimo necess\u00e1rio para legitimar qualquer medida cautelar pessoal.<\/p>\n\n\n\n<p>Esse requisito \u00e9 atendido por meio de provas da materialidade, como laudos periciais ou documentos, e por ind\u00edcios de autoria, como depoimentos e registros investigativos. N\u00e3o se exige certeza, mas sim um ju\u00edzo de probabilidade.<\/p>\n\n\n\n<p>Sem esse conjunto m\u00ednimo de elementos, a pris\u00e3o preventiva se torna ilegal, pois n\u00e3o \u00e9 admiss\u00edvel restringir a liberdade com base apenas em suspeitas vagas.<\/p>\n\n\n\n<h3 class=\"wp-block-heading\">Periculum libertatis<\/h3>\n\n\n\n<p>O <em>periculum libertatis<\/em> est\u00e1 relacionado ao <strong>risco concreto que a liberdade do investigado ou r\u00e9u representa para o processo ou para a sociedade<\/strong>. \u00c9 esse perigo que justifica a necessidade da pris\u00e3o como medida cautelar.<\/p>\n\n\n\n<p>Esse requisito n\u00e3o se confunde com a gravidade abstrata do crime. O juiz deve apontar fatos objetivos que demonstrem que a liberdade pode gerar danos reais, como reitera\u00e7\u00e3o delitiva ou interfer\u00eancia no processo.<\/p>\n\n\n\n<p>Quando n\u00e3o h\u00e1 demonstra\u00e7\u00e3o concreta desse risco, a pris\u00e3o preventiva perde sua finalidade e deve ser afastada.<\/p>\n\n\n\n<h3 class=\"wp-block-heading\">Garantia da ordem p\u00fablica<\/h3>\n\n\n\n<p>A garantia da ordem p\u00fablica <strong>busca impedir que o investigado volte a praticar crimes ou mantenha condutas que coloquem a coletividade em risco<\/strong>. Esse fundamento \u00e9 frequentemente invocado em casos de crimes reiterados ou praticados com especial viol\u00eancia.<\/p>\n\n\n\n<p>Entretanto, a utiliza\u00e7\u00e3o desse argumento exige cautela. A mera como\u00e7\u00e3o social ou a gravidade do delito n\u00e3o s\u00e3o suficientes para justificar a pris\u00e3o preventiva.<\/p>\n\n\n\n<p>\u00c9 necess\u00e1rio demonstrar, com base em elementos concretos, que a liberdade do acusado representa amea\u00e7a real \u00e0 seguran\u00e7a social.<\/p>\n\n\n\n<h3 class=\"wp-block-heading\">Garantia da ordem econ\u00f4mica<\/h3>\n\n\n\n<p>A garantia da ordem econ\u00f4mica est\u00e1 relacionada \u00e0 <strong>prote\u00e7\u00e3o do sistema financeiro e do mercado contra pr\u00e1ticas il\u00edcitas que possam causar preju\u00edzos relevantes<\/strong>. Esse fundamento \u00e9 comum em crimes financeiros, empresariais ou contra a economia popular.<\/p>\n\n\n\n<p>Nesses casos, a pris\u00e3o preventiva pode ser necess\u00e1ria para evitar a continuidade das condutas il\u00edcitas ou a dissipa\u00e7\u00e3o de recursos. Ainda assim, a decis\u00e3o deve ser baseada em dados objetivos.<\/p>\n\n\n\n<p>A simples imputa\u00e7\u00e3o de crime econ\u00f4mico n\u00e3o autoriza automaticamente a pris\u00e3o, sendo indispens\u00e1vel a an\u00e1lise do risco concreto.<\/p>\n\n\n\n<h3 class=\"wp-block-heading\">Conveni\u00eancia da instru\u00e7\u00e3o criminal<\/h3>\n\n\n\n<p>A conveni\u00eancia da instru\u00e7\u00e3o criminal est\u00e1 ligada \u00e0 <strong>preserva\u00e7\u00e3o da produ\u00e7\u00e3o de provas no processo penal<\/strong>. Esse requisito busca impedir que o investigado interfira indevidamente na investiga\u00e7\u00e3o ou na fase judicial.<\/p>\n\n\n\n<p>Situa\u00e7\u00f5es como amea\u00e7a a testemunhas, destrui\u00e7\u00e3o de provas ou combina\u00e7\u00e3o de vers\u00f5es podem justificar a pris\u00e3o preventiva. Contudo, esses riscos devem ser demonstrados de forma espec\u00edfica.<\/p>\n\n\n\n<p>A aus\u00eancia de fatos concretos que indiquem preju\u00edzo \u00e0 instru\u00e7\u00e3o processual afasta a necessidade da pris\u00e3o.<\/p>\n\n\n\n<h3 class=\"wp-block-heading\">Aplica\u00e7\u00e3o da lei penal<\/h3>\n\n\n\n<p>Esse requisito est\u00e1 relacionado ao <strong>risco de fuga ou de frustra\u00e7\u00e3o do cumprimento de eventual condena\u00e7\u00e3o<\/strong>. A pris\u00e3o preventiva pode ser decretada quando h\u00e1 ind\u00edcios de que o acusado pretende se evadir ou dificultar a execu\u00e7\u00e3o da pena.<\/p>\n\n\n\n<p>Elementos como tentativa de fuga, aus\u00eancia de v\u00ednculos com o local do processo ou uso de documentos falsos podem ser considerados. Ainda assim, tais circunst\u00e2ncias devem ser comprovadas.<\/p>\n\n\n\n<p>A simples suposi\u00e7\u00e3o de que o investigado possa fugir n\u00e3o \u00e9 suficiente para justificar a medida.<\/p>\n\n\n\n<h3 class=\"wp-block-heading\">Descumprimento de medidas cautelares diversas<\/h3>\n\n\n\n<p>O descumprimento de medidas cautelares diversas da pris\u00e3o demonstra que <strong>alternativas menos gravosas n\u00e3o foram suficientes para conter o risco processual<\/strong>. Nesses casos, a pris\u00e3o preventiva pode ser utilizada como \u00faltimo recurso.<\/p>\n\n\n\n<p>Quando o investigado ignora obriga\u00e7\u00f5es impostas pelo ju\u00edzo, como proibi\u00e7\u00e3o de contato ou comparecimento peri\u00f3dico, evidencia-se a necessidade de medida mais severa.<\/p>\n\n\n\n<p>Esse fundamento refor\u00e7a o car\u00e1ter subsidi\u00e1rio da pris\u00e3o preventiva dentro do sistema cautelar penal.<\/p>\n\n\n\n<h3 class=\"wp-block-heading\">Identidade civil duvidosa<\/h3>\n\n\n\n<p>A d\u00favida quanto \u00e0 identidade civil do investigado pode justificar a pris\u00e3o preventiva <strong>quando impede a correta identifica\u00e7\u00e3o do acusado<\/strong>. Esse fundamento busca evitar que a persecu\u00e7\u00e3o penal seja frustrada.<\/p>\n\n\n\n<p>Casos envolvendo documentos falsos, m\u00faltiplas identidades ou informa\u00e7\u00f5es inconsistentes podem caracterizar essa situa\u00e7\u00e3o. Ainda assim, \u00e9 indispens\u00e1vel prova concreta.<\/p>\n\n\n\n<p>A pris\u00e3o n\u00e3o pode ser decretada automaticamente, devendo o juiz avaliar a real necessidade da medida.<\/p>\n\n\n\n<h3 class=\"wp-block-heading\">Prote\u00e7\u00e3o de medidas protetivas (viol\u00eancia dom\u00e9stica)<\/h3>\n\n\n\n<p>Nos casos de viol\u00eancia dom\u00e9stica, a pris\u00e3o preventiva pode ser utilizada para <strong>garantir a efetividade das medidas protetivas de urg\u00eancia<\/strong>. O foco aqui \u00e9 a prote\u00e7\u00e3o da v\u00edtima contra novos epis\u00f3dios de viol\u00eancia.<\/p>\n\n\n\n<p>Quando h\u00e1 descumprimento das medidas impostas ou risco iminente \u00e0 integridade f\u00edsica ou psicol\u00f3gica da v\u00edtima, a pris\u00e3o pode se mostrar necess\u00e1ria.<\/p>\n\n\n\n<p>Essa hip\u00f3tese refor\u00e7a a fun\u00e7\u00e3o preventiva da medida cautelar, sempre com observ\u00e2ncia da proporcionalidade.<\/p>\n\n\n\n<h2 class=\"wp-block-heading\">Qual o prazo de dura\u00e7\u00e3o da pris\u00e3o preventiva?<\/h2>\n\n\n\n<p><strong>A pris\u00e3o preventiva n\u00e3o possui prazo m\u00e1ximo fixado em lei<\/strong>, devendo durar apenas enquanto persistirem os motivos que justificaram sua decreta\u00e7\u00e3o, conforme o art. 312 do CPP. Por\u00e9m, exige revis\u00e3o obrigat\u00f3ria a cada 90 dias pelo juiz, conforme o Art. 316, par\u00e1grafo \u00fanico, do CPP<\/p>\n\n\n\n<p>Na pr\u00e1tica, isso significa que a pris\u00e3o preventiva deve respeitar o princ\u00edpio da razoabilidade e da <a href=\"https:\/\/advbox.com.br\/blog\/legislacao-principio-proporcionalidade\/\" target=\"_blank\">proporcionalidade<\/a>, n\u00e3o podendo se prolongar indefinidamente sem fundamenta\u00e7\u00e3o concreta. O juiz tem o dever de reavaliar periodicamente a necessidade da medida.<\/p>\n\n\n\n<p>Os tribunais superiores entendem que o excesso de prazo configura constrangimento ilegal, especialmente quando o processo se arrasta sem justificativa plaus\u00edvel atribu\u00edvel \u00e0 defesa. Nesses casos, \u00e9 poss\u00edvel a revoga\u00e7\u00e3o da pris\u00e3o ou sua substitui\u00e7\u00e3o por medidas cautelares diversas.<\/p>\n\n\n\n<p>Assim, embora n\u00e3o exista um prazo legal determinado, a dura\u00e7\u00e3o da pris\u00e3o preventiva est\u00e1 condicionada \u00e0 manuten\u00e7\u00e3o dos requisitos do art. 312 do CPP e \u00e0 observ\u00e2ncia dos direitos fundamentais do acusado.<\/p>\n\n\n\n<h2 class=\"wp-block-heading\">Conclus\u00e3o<\/h2>\n\n\n\n<p>A an\u00e1lise do art 312 CPP demonstra que a pris\u00e3o preventiva n\u00e3o pode ser aplicada de forma autom\u00e1tica ou baseada apenas na gravidade do crime. Trata-se de uma medida excepcional, que exige fundamenta\u00e7\u00e3o concreta, prova da materialidade e demonstra\u00e7\u00e3o clara do risco que a liberdade do investigado representa ao processo ou \u00e0 sociedade.<\/p>\n\n\n\n<p>Compreender os requisitos, fundamentos e limites da pris\u00e3o preventiva \u00e9 essencial para uma atua\u00e7\u00e3o t\u00e9cnica e estrat\u00e9gica no processo penal. O correto uso do art 312 CPP permite tanto a prote\u00e7\u00e3o das garantias fundamentais quanto a efetividade da persecu\u00e7\u00e3o penal, evitando abusos e nulidades processuais.<\/p>\n\n\n\n<p>Nesse contexto, acompanhar decis\u00f5es, <a href=\"https:\/\/advbox.com.br\/blog\/como-gerenciar-os-prazos-do-seu-escritorio\/\" target=\"_blank\">controlar prazos<\/a>, organizar documentos e registrar fundamentos jur\u00eddicos \u00e9 indispens\u00e1vel para o advogado criminalista. Contar com uma ferramenta que centralize essas informa\u00e7\u00f5es faz toda a diferen\u00e7a na pr\u00e1tica forense.<\/p>\n\n\n\n<p>\u00c9 exatamente nesse ponto que a ADVBOX se destaca. <a href=\"https:\/\/advbox.com.br\/blog\/mudancas-escritorio-software-de-gestao-advbox\/\" target=\"_blank\">O software jur\u00eddico re\u00fane a gest\u00e3o completa do escrit\u00f3rio de advocacia em um \u00fanico sistema<\/a>, permitindo controle de processos, prazos, tarefas e documentos com muito mais seguran\u00e7a e efici\u00eancia.<\/p>\n\n\n\n<p><a href=\"https:\/\/app.advbox.com.br\/register\" target=\"_blank\">Conhe\u00e7a ADVBOX<\/a> e veja como uma gest\u00e3o organizada ajuda voc\u00ea a focar no que realmente importa: a estrat\u00e9gia jur\u00eddica e a defesa dos seus clientes.<\/p>\n\n\n\n<figure class=\"wp-block-image size-full\"><a href=\"https:\/\/advbox.com.br\/blog\/como-automatizar-seus-modelos-de-peticoes\/\" target=\"_blank\"><img fetchpriority=\"high\" decoding=\"async\" width=\"1024\" height=\"270\" src=\"https:\/\/advbox.com.br\/blog\/wp-content\/uploads\/2025\/12\/CTA-REBRANDING-16.webp\" alt=\"Banner com imagem ilustrativa de automa\u00e7\u00e3o de peti\u00e7\u00f5es jur\u00eddicas, destacando cria\u00e7\u00e3o, padroniza\u00e7\u00e3o e controle de peti\u00e7\u00f5es para advogados com a ADVBOX\" class=\"wp-image-79759\" srcset=\"https:\/\/advbox.com.br\/blog\/wp-content\/uploads\/2025\/12\/CTA-REBRANDING-16.webp 1024w, https:\/\/advbox.com.br\/blog\/wp-content\/uploads\/2025\/12\/CTA-REBRANDING-16-500x132.webp 500w, https:\/\/advbox.com.br\/blog\/wp-content\/uploads\/2025\/12\/CTA-REBRANDING-16-768x203.webp 768w, https:\/\/advbox.com.br\/blog\/wp-content\/uploads\/2025\/12\/CTA-REBRANDING-16-150x40.webp 150w\" sizes=\"(max-width: 1024px) 100vw, 1024px\" \/><\/a><\/figure>\n","protected":false},"excerpt":{"rendered":"<p>Art 312 do CPP: o que \u00e9 e como funciona pris\u00e3o preventiva? A pris\u00e3o preventiva \u00e9 uma das medidas mais severas previstas no processo penal brasileiro, pois restringe a liberdade do investigado ou r\u00e9u antes de uma condena\u00e7\u00e3o definitiva.&nbsp; O art 312 CPP \u00e9 o dispositivo central que fundamenta essa [&hellip;]<\/p>\n","protected":false},"author":43,"featured_media":79776,"comment_status":"closed","ping_status":"closed","sticky":false,"template":"","format":"standard","meta":{"_acf_changed":false,"om_disable_all_campaigns":false,"footnotes":""},"categories":[717],"tags":[],"class_list":["post-81498","post","type-post","status-publish","format-standard","has-post-thumbnail","hentry","category-direito"],"acf":[],"yoast_head":"<!-- This site is optimized with the Yoast SEO plugin v26.9 - https:\/\/yoast.com\/product\/yoast-seo-wordpress\/ -->\n<title>Art 312 do CPP: o que \u00e9 e como funciona pris\u00e3o preventiva?<\/title>\n<meta name=\"description\" content=\"Saiba o que \u00e9 e o que diz o artigo 312 do C\u00f3digo de Processo Penal, como funciona a pris\u00e3o preventiva, requisitos, qual \u00e9 o prazo de dura\u00e7\u00e3o e mais.\" \/>\n<meta name=\"robots\" content=\"index, follow, max-snippet:-1, max-image-preview:large, max-video-preview:-1\" \/>\n<link rel=\"canonical\" href=\"https:\/\/advbox.com.br\/blog\/criminal-art-312-cpp\/\" \/>\n<meta property=\"og:locale\" content=\"pt_BR\" \/>\n<meta property=\"og:type\" content=\"article\" \/>\n<meta property=\"og:title\" content=\"Art 312 do CPP: o que \u00e9 e como funciona pris\u00e3o preventiva?\" \/>\n<meta property=\"og:description\" content=\"Saiba o que \u00e9 e o que diz o artigo 312 do C\u00f3digo de Processo Penal, como funciona a pris\u00e3o preventiva, requisitos, qual \u00e9 o prazo de dura\u00e7\u00e3o e mais.\" \/>\n<meta property=\"og:url\" content=\"https:\/\/advbox.com.br\/blog\/criminal-art-312-cpp\/\" \/>\n<meta property=\"og:site_name\" content=\"Software Jur\u00eddico Completo - ADVBOX\" \/>\n<meta property=\"article:publisher\" content=\"https:\/\/www.facebook.com\/advbox\/\" \/>\n<meta property=\"article:published_time\" content=\"2026-01-30T14:44:46+00:00\" \/>\n<meta property=\"article:modified_time\" content=\"2026-03-05T22:48:32+00:00\" \/>\n<meta property=\"og:image\" content=\"https:\/\/advbox.com.br\/blog\/wp-content\/uploads\/2025\/12\/sobrestamento-1.jpg\" \/>\n\t<meta property=\"og:image:width\" content=\"1024\" \/>\n\t<meta property=\"og:image:height\" content=\"576\" \/>\n\t<meta property=\"og:image:type\" content=\"image\/jpeg\" \/>\n<meta name=\"author\" content=\"Eduardo Koetz\" \/>\n<meta name=\"twitter:card\" content=\"summary_large_image\" \/>\n<meta name=\"twitter:creator\" content=\"@advbox2\" \/>\n<meta name=\"twitter:site\" content=\"@advbox2\" \/>\n<script type=\"application\/ld+json\" class=\"yoast-schema-graph\">{\"@context\":\"https:\/\/schema.org\",\"@graph\":[{\"@type\":\"Article\",\"@id\":\"https:\/\/advbox.com.br\/blog\/criminal-art-312-cpp\/#article\",\"isPartOf\":{\"@id\":\"https:\/\/advbox.com.br\/blog\/criminal-art-312-cpp\/\"},\"author\":{\"name\":\"Eduardo Koetz\",\"@id\":\"https:\/\/advbox.com.br\/blog\/#\/schema\/person\/029674387a95515a227f2dd7f49b8dfa\"},\"headline\":\"Art 312 do CPP: o que \u00e9 e como funciona pris\u00e3o preventiva?\",\"datePublished\":\"2026-01-30T14:44:46+00:00\",\"dateModified\":\"2026-03-05T22:48:32+00:00\",\"mainEntityOfPage\":{\"@id\":\"https:\/\/advbox.com.br\/blog\/criminal-art-312-cpp\/\"},\"wordCount\":2196,\"publisher\":{\"@id\":\"https:\/\/advbox.com.br\/blog\/#organization\"},\"image\":{\"@id\":\"https:\/\/advbox.com.br\/blog\/criminal-art-312-cpp\/#primaryimage\"},\"thumbnailUrl\":\"https:\/\/advbox.com.br\/blog\/wp-content\/uploads\/2025\/12\/sobrestamento-1.jpg\",\"articleSection\":[\"Direito\"],\"inLanguage\":\"pt-BR\"},{\"@type\":\"WebPage\",\"@id\":\"https:\/\/advbox.com.br\/blog\/criminal-art-312-cpp\/\",\"url\":\"https:\/\/advbox.com.br\/blog\/criminal-art-312-cpp\/\",\"name\":\"Art 312 do CPP: o que \u00e9 e como funciona pris\u00e3o preventiva?\",\"isPartOf\":{\"@id\":\"https:\/\/advbox.com.br\/blog\/#website\"},\"primaryImageOfPage\":{\"@id\":\"https:\/\/advbox.com.br\/blog\/criminal-art-312-cpp\/#primaryimage\"},\"image\":{\"@id\":\"https:\/\/advbox.com.br\/blog\/criminal-art-312-cpp\/#primaryimage\"},\"thumbnailUrl\":\"https:\/\/advbox.com.br\/blog\/wp-content\/uploads\/2025\/12\/sobrestamento-1.jpg\",\"datePublished\":\"2026-01-30T14:44:46+00:00\",\"dateModified\":\"2026-03-05T22:48:32+00:00\",\"description\":\"Saiba o que \u00e9 e o que diz o artigo 312 do C\u00f3digo de Processo Penal, como funciona a pris\u00e3o preventiva, requisitos, qual \u00e9 o prazo de dura\u00e7\u00e3o e mais.\",\"breadcrumb\":{\"@id\":\"https:\/\/advbox.com.br\/blog\/criminal-art-312-cpp\/#breadcrumb\"},\"inLanguage\":\"pt-BR\",\"potentialAction\":[{\"@type\":\"ReadAction\",\"target\":[\"https:\/\/advbox.com.br\/blog\/criminal-art-312-cpp\/\"]}]},{\"@type\":\"ImageObject\",\"inLanguage\":\"pt-BR\",\"@id\":\"https:\/\/advbox.com.br\/blog\/criminal-art-312-cpp\/#primaryimage\",\"url\":\"https:\/\/advbox.com.br\/blog\/wp-content\/uploads\/2025\/12\/sobrestamento-1.jpg\",\"contentUrl\":\"https:\/\/advbox.com.br\/blog\/wp-content\/uploads\/2025\/12\/sobrestamento-1.jpg\",\"width\":1024,\"height\":576,\"caption\":\"Banner institucional da ADVBOX com elemento visual abstrato em tons de azul, representando estrutura, tecnologia e identidade visual da marca\"},{\"@type\":\"BreadcrumbList\",\"@id\":\"https:\/\/advbox.com.br\/blog\/criminal-art-312-cpp\/#breadcrumb\",\"itemListElement\":[{\"@type\":\"ListItem\",\"position\":1,\"name\":\"In\u00edcio\",\"item\":\"https:\/\/advbox.com.br\/blog\/\"},{\"@type\":\"ListItem\",\"position\":2,\"name\":\"Direito\",\"item\":\"https:\/\/advbox.com.br\/blog\/direito\/\"},{\"@type\":\"ListItem\",\"position\":3,\"name\":\"Art 312 do CPP: o que \u00e9 e como funciona pris\u00e3o preventiva?\"}]},{\"@type\":\"WebSite\",\"@id\":\"https:\/\/advbox.com.br\/blog\/#website\",\"url\":\"https:\/\/advbox.com.br\/blog\/\",\"name\":\"Software Jur\u00eddico Completo - ADVBOX\",\"description\":\"Plataforma para Advocacia Digital\",\"publisher\":{\"@id\":\"https:\/\/advbox.com.br\/blog\/#organization\"},\"potentialAction\":[{\"@type\":\"SearchAction\",\"target\":{\"@type\":\"EntryPoint\",\"urlTemplate\":\"https:\/\/advbox.com.br\/blog\/?s={search_term_string}\"},\"query-input\":{\"@type\":\"PropertyValueSpecification\",\"valueRequired\":true,\"valueName\":\"search_term_string\"}}],\"inLanguage\":\"pt-BR\"},{\"@type\":\"Organization\",\"@id\":\"https:\/\/advbox.com.br\/blog\/#organization\",\"name\":\"ADVBOX Blog - Software jur\u00eddico da advocacia digital\",\"url\":\"https:\/\/advbox.com.br\/blog\/\",\"logo\":{\"@type\":\"ImageObject\",\"inLanguage\":\"pt-BR\",\"@id\":\"https:\/\/advbox.com.br\/blog\/#\/schema\/logo\/image\/\",\"url\":\"https:\/\/advbox.com.br\/blog\/wp-content\/uploads\/2019\/12\/Como-aumentar-a-produtividade_.jpg\",\"contentUrl\":\"https:\/\/advbox.com.br\/blog\/wp-content\/uploads\/2019\/12\/Como-aumentar-a-produtividade_.jpg\",\"width\":320,\"height\":213,\"caption\":\"ADVBOX Blog - Software jur\u00eddico da advocacia digital\"},\"image\":{\"@id\":\"https:\/\/advbox.com.br\/blog\/#\/schema\/logo\/image\/\"},\"sameAs\":[\"https:\/\/www.facebook.com\/advbox\/\",\"https:\/\/x.com\/advbox2\"]},{\"@type\":\"Person\",\"@id\":\"https:\/\/advbox.com.br\/blog\/#\/schema\/person\/029674387a95515a227f2dd7f49b8dfa\",\"name\":\"Eduardo Koetz\",\"description\":\"Eduardo Koetz \u00e9 advogado, escritor, s\u00f3cio e fundador da Koetz Advocacia e CEO da empresa de software jur\u00eddico Advbox. Possui bacharel em Direito pela Universidade do Vale do Rio dos Sinos (Unisinos). Possui tanto registros na Ordem dos Advogados do Brasil - OAB (OAB\/SC 42.934, OAB\/RS 73.409, OAB\/PR 72.951, OAB\/SP 435.266, OAB\/MG 204.531, OAB\/MG 204.531), como na Ordem dos Advogados de Portugal - OA ( OA\/Portugal 69.512L).swdsasdw \u00c9 p\u00f3s-graduado em Direito do Trabalho pela Universidade Federal do Rio Grande do Sul (2011- 2012) e em Direito Tribut\u00e1rio pela Escola Superior da Magistratura Federal ESMAFE (2013 - 2014). Atua como um dos principais gestores da Koetz Advocacia realizando a supervis\u00e3o e lideran\u00e7a em todos os setores do escrit\u00f3rio. Em 2021, Eduardo publicou o livro intitulado: Otimizado - O escrit\u00f3rio como empresa escal\u00e1vel pela editora Viseu.\",\"url\":\"https:\/\/advbox.com.br\/blog\/autor\/comunicacao\/\"}]}<\/script>\n<!-- \/ Yoast SEO plugin. -->","yoast_head_json":{"title":"Art 312 do CPP: o que \u00e9 e como funciona pris\u00e3o preventiva?","description":"Saiba o que \u00e9 e o que diz o artigo 312 do C\u00f3digo de Processo Penal, como funciona a pris\u00e3o preventiva, requisitos, qual \u00e9 o prazo de dura\u00e7\u00e3o e mais.","robots":{"index":"index","follow":"follow","max-snippet":"max-snippet:-1","max-image-preview":"max-image-preview:large","max-video-preview":"max-video-preview:-1"},"canonical":"https:\/\/advbox.com.br\/blog\/criminal-art-312-cpp\/","og_locale":"pt_BR","og_type":"article","og_title":"Art 312 do CPP: o que \u00e9 e como funciona pris\u00e3o preventiva?","og_description":"Saiba o que \u00e9 e o que diz o artigo 312 do C\u00f3digo de Processo Penal, como funciona a pris\u00e3o preventiva, requisitos, qual \u00e9 o prazo de dura\u00e7\u00e3o e mais.","og_url":"https:\/\/advbox.com.br\/blog\/criminal-art-312-cpp\/","og_site_name":"Software Jur\u00eddico Completo - ADVBOX","article_publisher":"https:\/\/www.facebook.com\/advbox\/","article_published_time":"2026-01-30T14:44:46+00:00","article_modified_time":"2026-03-05T22:48:32+00:00","og_image":[{"width":1024,"height":576,"url":"https:\/\/advbox.com.br\/blog\/wp-content\/uploads\/2025\/12\/sobrestamento-1.jpg","type":"image\/jpeg"}],"author":"Eduardo Koetz","twitter_card":"summary_large_image","twitter_creator":"@advbox2","twitter_site":"@advbox2","schema":{"@context":"https:\/\/schema.org","@graph":[{"@type":"Article","@id":"https:\/\/advbox.com.br\/blog\/criminal-art-312-cpp\/#article","isPartOf":{"@id":"https:\/\/advbox.com.br\/blog\/criminal-art-312-cpp\/"},"author":{"name":"Eduardo Koetz","@id":"https:\/\/advbox.com.br\/blog\/#\/schema\/person\/029674387a95515a227f2dd7f49b8dfa"},"headline":"Art 312 do CPP: o que \u00e9 e como funciona pris\u00e3o preventiva?","datePublished":"2026-01-30T14:44:46+00:00","dateModified":"2026-03-05T22:48:32+00:00","mainEntityOfPage":{"@id":"https:\/\/advbox.com.br\/blog\/criminal-art-312-cpp\/"},"wordCount":2196,"publisher":{"@id":"https:\/\/advbox.com.br\/blog\/#organization"},"image":{"@id":"https:\/\/advbox.com.br\/blog\/criminal-art-312-cpp\/#primaryimage"},"thumbnailUrl":"https:\/\/advbox.com.br\/blog\/wp-content\/uploads\/2025\/12\/sobrestamento-1.jpg","articleSection":["Direito"],"inLanguage":"pt-BR"},{"@type":"WebPage","@id":"https:\/\/advbox.com.br\/blog\/criminal-art-312-cpp\/","url":"https:\/\/advbox.com.br\/blog\/criminal-art-312-cpp\/","name":"Art 312 do CPP: o que \u00e9 e como funciona pris\u00e3o preventiva?","isPartOf":{"@id":"https:\/\/advbox.com.br\/blog\/#website"},"primaryImageOfPage":{"@id":"https:\/\/advbox.com.br\/blog\/criminal-art-312-cpp\/#primaryimage"},"image":{"@id":"https:\/\/advbox.com.br\/blog\/criminal-art-312-cpp\/#primaryimage"},"thumbnailUrl":"https:\/\/advbox.com.br\/blog\/wp-content\/uploads\/2025\/12\/sobrestamento-1.jpg","datePublished":"2026-01-30T14:44:46+00:00","dateModified":"2026-03-05T22:48:32+00:00","description":"Saiba o que \u00e9 e o que diz o artigo 312 do C\u00f3digo de Processo Penal, como funciona a pris\u00e3o preventiva, requisitos, qual \u00e9 o prazo de dura\u00e7\u00e3o e mais.","breadcrumb":{"@id":"https:\/\/advbox.com.br\/blog\/criminal-art-312-cpp\/#breadcrumb"},"inLanguage":"pt-BR","potentialAction":[{"@type":"ReadAction","target":["https:\/\/advbox.com.br\/blog\/criminal-art-312-cpp\/"]}]},{"@type":"ImageObject","inLanguage":"pt-BR","@id":"https:\/\/advbox.com.br\/blog\/criminal-art-312-cpp\/#primaryimage","url":"https:\/\/advbox.com.br\/blog\/wp-content\/uploads\/2025\/12\/sobrestamento-1.jpg","contentUrl":"https:\/\/advbox.com.br\/blog\/wp-content\/uploads\/2025\/12\/sobrestamento-1.jpg","width":1024,"height":576,"caption":"Banner institucional da ADVBOX com elemento visual abstrato em tons de azul, representando estrutura, tecnologia e identidade visual da marca"},{"@type":"BreadcrumbList","@id":"https:\/\/advbox.com.br\/blog\/criminal-art-312-cpp\/#breadcrumb","itemListElement":[{"@type":"ListItem","position":1,"name":"In\u00edcio","item":"https:\/\/advbox.com.br\/blog\/"},{"@type":"ListItem","position":2,"name":"Direito","item":"https:\/\/advbox.com.br\/blog\/direito\/"},{"@type":"ListItem","position":3,"name":"Art 312 do CPP: o que \u00e9 e como funciona pris\u00e3o preventiva?"}]},{"@type":"WebSite","@id":"https:\/\/advbox.com.br\/blog\/#website","url":"https:\/\/advbox.com.br\/blog\/","name":"Software Jur\u00eddico Completo - ADVBOX","description":"Plataforma para Advocacia Digital","publisher":{"@id":"https:\/\/advbox.com.br\/blog\/#organization"},"potentialAction":[{"@type":"SearchAction","target":{"@type":"EntryPoint","urlTemplate":"https:\/\/advbox.com.br\/blog\/?s={search_term_string}"},"query-input":{"@type":"PropertyValueSpecification","valueRequired":true,"valueName":"search_term_string"}}],"inLanguage":"pt-BR"},{"@type":"Organization","@id":"https:\/\/advbox.com.br\/blog\/#organization","name":"ADVBOX Blog - Software jur\u00eddico da advocacia digital","url":"https:\/\/advbox.com.br\/blog\/","logo":{"@type":"ImageObject","inLanguage":"pt-BR","@id":"https:\/\/advbox.com.br\/blog\/#\/schema\/logo\/image\/","url":"https:\/\/advbox.com.br\/blog\/wp-content\/uploads\/2019\/12\/Como-aumentar-a-produtividade_.jpg","contentUrl":"https:\/\/advbox.com.br\/blog\/wp-content\/uploads\/2019\/12\/Como-aumentar-a-produtividade_.jpg","width":320,"height":213,"caption":"ADVBOX Blog - Software jur\u00eddico da advocacia digital"},"image":{"@id":"https:\/\/advbox.com.br\/blog\/#\/schema\/logo\/image\/"},"sameAs":["https:\/\/www.facebook.com\/advbox\/","https:\/\/x.com\/advbox2"]},{"@type":"Person","@id":"https:\/\/advbox.com.br\/blog\/#\/schema\/person\/029674387a95515a227f2dd7f49b8dfa","name":"Eduardo Koetz","description":"Eduardo Koetz \u00e9 advogado, escritor, s\u00f3cio e fundador da Koetz Advocacia e CEO da empresa de software jur\u00eddico Advbox. Possui bacharel em Direito pela Universidade do Vale do Rio dos Sinos (Unisinos). Possui tanto registros na Ordem dos Advogados do Brasil - OAB (OAB\/SC 42.934, OAB\/RS 73.409, OAB\/PR 72.951, OAB\/SP 435.266, OAB\/MG 204.531, OAB\/MG 204.531), como na Ordem dos Advogados de Portugal - OA ( OA\/Portugal 69.512L).swdsasdw \u00c9 p\u00f3s-graduado em Direito do Trabalho pela Universidade Federal do Rio Grande do Sul (2011- 2012) e em Direito Tribut\u00e1rio pela Escola Superior da Magistratura Federal ESMAFE (2013 - 2014). Atua como um dos principais gestores da Koetz Advocacia realizando a supervis\u00e3o e lideran\u00e7a em todos os setores do escrit\u00f3rio. Em 2021, Eduardo publicou o livro intitulado: Otimizado - O escrit\u00f3rio como empresa escal\u00e1vel pela editora Viseu.","url":"https:\/\/advbox.com.br\/blog\/autor\/comunicacao\/"}]}},"_links":{"self":[{"href":"https:\/\/advbox.com.br\/blog\/wp-json\/wp\/v2\/posts\/81498","targetHints":{"allow":["GET"]}}],"collection":[{"href":"https:\/\/advbox.com.br\/blog\/wp-json\/wp\/v2\/posts"}],"about":[{"href":"https:\/\/advbox.com.br\/blog\/wp-json\/wp\/v2\/types\/post"}],"author":[{"embeddable":true,"href":"https:\/\/advbox.com.br\/blog\/wp-json\/wp\/v2\/users\/43"}],"replies":[{"embeddable":true,"href":"https:\/\/advbox.com.br\/blog\/wp-json\/wp\/v2\/comments?post=81498"}],"version-history":[{"count":3,"href":"https:\/\/advbox.com.br\/blog\/wp-json\/wp\/v2\/posts\/81498\/revisions"}],"predecessor-version":[{"id":82622,"href":"https:\/\/advbox.com.br\/blog\/wp-json\/wp\/v2\/posts\/81498\/revisions\/82622"}],"wp:featuredmedia":[{"embeddable":true,"href":"https:\/\/advbox.com.br\/blog\/wp-json\/wp\/v2\/media\/79776"}],"wp:attachment":[{"href":"https:\/\/advbox.com.br\/blog\/wp-json\/wp\/v2\/media?parent=81498"}],"wp:term":[{"taxonomy":"category","embeddable":true,"href":"https:\/\/advbox.com.br\/blog\/wp-json\/wp\/v2\/categories?post=81498"},{"taxonomy":"post_tag","embeddable":true,"href":"https:\/\/advbox.com.br\/blog\/wp-json\/wp\/v2\/tags?post=81498"}],"curies":[{"name":"wp","href":"https:\/\/api.w.org\/{rel}","templated":true}]}}