{"id":82662,"date":"2026-03-06T20:00:15","date_gmt":"2026-03-06T23:00:15","guid":{"rendered":"https:\/\/advbox.com.br\/blog\/?p=82662"},"modified":"2026-04-16T09:49:30","modified_gmt":"2026-04-16T12:49:30","slug":"legislacao-individualizacao-da-pena","status":"publish","type":"post","link":"https:\/\/advbox.com.br\/blog\/legislacao-individualizacao-da-pena\/","title":{"rendered":"Individualiza\u00e7\u00e3o da pena: O que significa, import\u00e2ncia e desafios"},"content":{"rendered":"\n<h1 class=\"wp-block-heading\">Individualiza\u00e7\u00e3o da pena: o que significa, import\u00e2ncia e desafios<\/h1>\n\n\n\n<p>A individualiza\u00e7\u00e3o da pena ocupa posi\u00e7\u00e3o central no sistema penal contempor\u00e2neo, pois traduz a necessidade de compatibilizar a resposta estatal \u00e0 gravidade concreta do fato e \u00e0s condi\u00e7\u00f5es pessoais do condenado.&nbsp;<\/p>\n\n\n\n<p>N\u00e3o se trata apenas de aplicar a lei penal, mas de faz\u00ea-lo de maneira racional, proporcional e coerente com os valores constitucionais que limitam o poder punitivo do Estado.<\/p>\n\n\n\n<p>A correta compreens\u00e3o desse princ\u00edpio \u00e9 indispens\u00e1vel para a atua\u00e7\u00e3o t\u00e9cnica do advogado criminalista, do membro do Minist\u00e9rio P\u00fablico e do magistrado, especialmente diante de decis\u00f5es judiciais que impactam diretamente a liberdade e a dignidade da pessoa humana.&nbsp;<\/p>\n\n\n\n<ul class=\"wp-block-list\">\n<li>O que significa individualizar a pena?<\/li>\n\n\n\n<li>Qual a import\u00e2ncia do princ\u00edpio da individualiza\u00e7\u00e3o da pena?<\/li>\n\n\n\n<li>O que o princ\u00edpio da individualiza\u00e7\u00e3o da pena determina?<\/li>\n\n\n\n<li>Quais as fases da individualiza\u00e7\u00e3o da pena?<\/li>\n\n\n\n<li>Quais os desafios da individualiza\u00e7\u00e3o da pena?<\/li>\n<\/ul>\n\n\n\n<h2 class=\"wp-block-heading\">O que significa individualizar a pena?<\/h2>\n\n\n\n<p>Individualizar a pena <strong>significa ajustar a puni\u00e7\u00e3o ao caso concreto e \u00e0 pessoa que cometeu o crime<\/strong>, evitando que todos recebam a mesma san\u00e7\u00e3o apenas porque praticaram o mesmo tipo penal.<\/p>\n\n\n\n<p>Na pr\u00e1tica, isso quer dizer que o juiz analisa as circunst\u00e2ncias espec\u00edficas do fato e do r\u00e9u antes de fixar a pena. A individualiza\u00e7\u00e3o da pena garante que a puni\u00e7\u00e3o seja proporcional, justa e adequada, evitando excessos e tamb\u00e9m puni\u00e7\u00f5es brandas demais.&nbsp;<\/p>\n\n\n\n<p>\u00c9 um mecanismo essencial para que o <a href=\"https:\/\/advbox.com.br\/blog\/o-que-estuda-o-direito-penal\/\" target=\"_blank\">Direito Penal<\/a> n\u00e3o funcione de forma autom\u00e1tica, mas sim humana e equilibrada, tratando desigualmente quem agiu de maneira diferente.<\/p>\n\n\n\n<p>Em resumo, individualizar a pena \u00e9 personalizar a resposta penal, respeitando as particularidades de cada caso e de cada pessoa envolvida.<\/p>\n\n\n\n<h3 class=\"wp-block-heading\">Exemplo do princ\u00edpio da individualiza\u00e7\u00e3o da pena<\/h3>\n\n\n\n<p>Imagine dois r\u00e9us condenados por <a href=\"https:\/\/advbox.com.br\/blog\/penal-qual-a-diferenca-entre-roubo-e-furto\/\" target=\"_blank\">furto simples<\/a>, com a mesma pena fixada em 1 ano e 6 meses de reclus\u00e3o. Apesar da identidade do crime e do <em>quantum<\/em> da pena, o juiz pode aplicar consequ\u00eancias penais distintas na substitui\u00e7\u00e3o da pena privativa de liberdade.<\/p>\n\n\n\n<p>Para um dos r\u00e9us, prim\u00e1rio, com bons antecedentes e circunst\u00e2ncias judiciais favor\u00e1veis, a pena pode ser substitu\u00edda por duas penas restritivas de direitos, como presta\u00e7\u00e3o de servi\u00e7os \u00e0 comunidade e presta\u00e7\u00e3o pecuni\u00e1ria, nos termos do art. 44 do <a href=\"https:\/\/advbox.com.br\/blog\/codigo-penal\/\" target=\"_blank\">C\u00f3digo Penal<\/a>.&nbsp;<\/p>\n\n\n\n<p>J\u00e1 para o outro, reincidente ou com circunst\u00e2ncias judiciais desfavor\u00e1veis, essa substitui\u00e7\u00e3o pode ser afastada de forma fundamentada.<\/p>\n\n\n\n<p>O exemplo demonstra que a individualiza\u00e7\u00e3o da pena atua na adapta\u00e7\u00e3o concreta da san\u00e7\u00e3o, considerando as condi\u00e7\u00f5es pessoais do condenado e as particularidades do caso, garantindo uma resposta penal proporcional e juridicamente adequada.<\/p>\n\n\n\n<h3 class=\"wp-block-heading\">O princ\u00edpio da individualiza\u00e7\u00e3o da pena \u00e9 intranscend\u00eancia?<\/h3>\n\n\n\n<p>O princ\u00edpio da individualiza\u00e7\u00e3o da pena <strong>n\u00e3o se confunde com o princ\u00edpio da intranscend\u00eancia<\/strong>, embora ambos estejam relacionados \u00e0 limita\u00e7\u00e3o do poder punitivo estatal.&nbsp;<\/p>\n\n\n\n<p>A intranscend\u00eancia estabelece que a pena n\u00e3o pode ultrapassar a pessoa do condenado, impedindo que terceiros sofram consequ\u00eancias penais. J\u00e1 a individualiza\u00e7\u00e3o da pena atua em outro plano. Ela se refere \u00e0 adequa\u00e7\u00e3o da san\u00e7\u00e3o ao caso concreto, considerando o agente, o fato e o contexto da infra\u00e7\u00e3o.&nbsp;<\/p>\n\n\n\n<p>Enquanto a intranscend\u00eancia impede a transmiss\u00e3o da pena a terceiros, a individualiza\u00e7\u00e3o assegura que a puni\u00e7\u00e3o aplicada ao autor seja justa e proporcional.&nbsp;<\/p>\n\n\n\n<p>Ambos os princ\u00edpios coexistem e se complementam, refor\u00e7ando um sistema penal comprometido com a dignidade humana e com a racionalidade das decis\u00f5es judiciais.<\/p>\n\n\n\n<h2 class=\"wp-block-heading\">Qual a import\u00e2ncia do princ\u00edpio da individualiza\u00e7\u00e3o da pena?<\/h2>\n\n\n\n<p>A import\u00e2ncia do princ\u00edpio da individualiza\u00e7\u00e3o da pena <strong>est\u00e1 diretamente ligada \u00e0 legitimidade do sistema penal<\/strong>. Sem individualiza\u00e7\u00e3o, a aplica\u00e7\u00e3o da pena torna-se mec\u00e2nica, arbitr\u00e1ria e dissociada da realidade concreta do processo, comprometendo a credibilidade da jurisdi\u00e7\u00e3o.<\/p>\n\n\n\n<p>Do ponto de vista constitucional, a individualiza\u00e7\u00e3o da pena funciona como instrumento de conten\u00e7\u00e3o do poder punitivo, evitando puni\u00e7\u00f5es excessivas e decis\u00f5es padronizadas. Ela garante que o julgador fundamente suas escolhas, fortalecendo a transpar\u00eancia e a coer\u00eancia das decis\u00f5es judiciais.<\/p>\n\n\n\n<p>Na pr\u00e1tica forense, a observ\u00e2ncia desse princ\u00edpio \u00e9 essencial para a atua\u00e7\u00e3o defensiva, pois permite discutir a dosimetria, questionar fundamenta\u00e7\u00f5es gen\u00e9ricas e buscar decis\u00f5es mais equilibradas, alinhadas \u00e0 <a href=\"https:\/\/advbox.com.br\/blog\/legislacao-principio-proporcionalidade\/\" target=\"_blank\">proporcionalidade<\/a> e \u00e0 efici\u00eancia processual.<\/p>\n\n\n\n<h2 class=\"wp-block-heading\">O que o princ\u00edpio da individualiza\u00e7\u00e3o da pena determina?<\/h2>\n\n\n\n<p>O princ\u00edpio da individualiza\u00e7\u00e3o da pena<strong> determina que a san\u00e7\u00e3o penal seja aplicada de forma ajustada ao caso concreto<\/strong>, considerando a gravidade do fato, as circunst\u00e2ncias da infra\u00e7\u00e3o e as condi\u00e7\u00f5es pessoais do condenado.&nbsp;<\/p>\n\n\n\n<p>Esse princ\u00edpio impede a imposi\u00e7\u00e3o autom\u00e1tica ou padronizada de penas, exigindo an\u00e1lise concreta e fundamentada em cada etapa da persecu\u00e7\u00e3o penal.<\/p>\n\n\n\n<p>A base constitucional desse princ\u00edpio est\u00e1 expressamente prevista no art. 5\u00ba, inciso XLVI, da <a href=\"https:\/\/advbox.com.br\/blog\/constituicao-federal\/\" target=\"_blank\">Constitui\u00e7\u00e3o Federal<\/a>, que disp\u00f5e, na \u00edntegra:<\/p>\n\n\n\n<p><em>A lei regular\u00e1 a individualiza\u00e7\u00e3o da pena e adotar\u00e1, entre outras, as seguintes:&nbsp;<\/em><\/p>\n\n\n\n<p><em>a) priva\u00e7\u00e3o ou restri\u00e7\u00e3o da liberdade;<\/em><\/p>\n\n\n\n<p><em>b) perda de bens;<\/em><\/p>\n\n\n\n<p><em>c) multa;<\/em><\/p>\n\n\n\n<p><em>d) presta\u00e7\u00e3o social alternativa;<\/em><\/p>\n\n\n\n<p><em>e) suspens\u00e3o ou interdi\u00e7\u00e3o de direitos.<\/em><\/p>\n\n\n\n<p>No plano infraconstitucional, a individualiza\u00e7\u00e3o se concretiza especialmente na fase judicial da <a href=\"https:\/\/advbox.com.br\/blog\/legislacao-dosimetria-da-pena\/\" target=\"_blank\">dosimetria<\/a>, conforme o art. 59 do C\u00f3digo Penal, que orienta o magistrado a fixar a pena conforme culpabilidade, antecedentes, conduta social, personalidade do agente, motivos, circunst\u00e2ncias e consequ\u00eancias do crime.<\/p>\n\n\n\n<p>Assim, o princ\u00edpio assegura que a resposta penal seja proporcional, necess\u00e1ria e adequada, refor\u00e7ando a racionalidade do sistema penal e a legitimidade das decis\u00f5es judiciais, desde a previs\u00e3o legal da pena at\u00e9 sua execu\u00e7\u00e3o.<\/p>\n\n\n\n<h2 class=\"wp-block-heading\">Quais as fases da individualiza\u00e7\u00e3o da pena?<\/h2>\n\n\n\n<p>Esse processo ocorre de forma cont\u00ednua e se desenvolve em<strong> tr\u00eas fases complementares (legislativa, judicial e execut\u00f3ria)<\/strong>, que demonstram que a resposta penal n\u00e3o se limita ao momento da senten\u00e7a, mas acompanha toda a persecu\u00e7\u00e3o penal e a execu\u00e7\u00e3o da pena.<\/p>\n\n\n\n<p><strong>A primeira \u00e9 a fase legislativa.<\/strong> Nela, o legislador define quais condutas s\u00e3o consideradas crimes e estabelece, para cada tipo penal, os limites m\u00ednimo e m\u00e1ximo da pena aplic\u00e1vel, bem como sua natureza.&nbsp;<\/p>\n\n\n\n<p>Essa etapa \u00e9 essencial para garantir seguran\u00e7a jur\u00eddica e <a href=\"https:\/\/advbox.com.br\/blog\/conceito-de-previsibilidade-juridica\/\" target=\"_blank\">previsibilidade<\/a>, pois impede puni\u00e7\u00f5es arbitr\u00e1rias e cria par\u00e2metros objetivos dentro dos quais o juiz poder\u00e1 atuar. Ao delimitar previamente o alcance da san\u00e7\u00e3o, a lei permite a adapta\u00e7\u00e3o da pena ao caso concreto, sem afastar o controle legal da atua\u00e7\u00e3o estatal.<\/p>\n\n\n\n<p><strong>A segunda \u00e9 a fase judicial<\/strong>, momento em que ocorre a individualiza\u00e7\u00e3o mais direta da pena. Nessa etapa, o magistrado fixa a pena concreta com base nas circunst\u00e2ncias do fato e nas condi\u00e7\u00f5es pessoais do r\u00e9u.&nbsp;<\/p>\n\n\n\n<p>S\u00e3o analisados elementos como <a href=\"https:\/\/advbox.com.br\/blog\/elementos-da-culpabilidade\/\" target=\"_blank\">culpabilidade<\/a>, antecedentes, conduta social, personalidade, motivos, circunst\u00e2ncias e consequ\u00eancias do crime, al\u00e9m do comportamento da v\u00edtima. Tamb\u00e9m s\u00e3o consideradas agravantes, atenuantes e causas de aumento ou de diminui\u00e7\u00e3o da pena.&nbsp;<\/p>\n\n\n\n<p>Essa an\u00e1lise garante que pessoas condenadas pelo mesmo crime n\u00e3o recebam necessariamente a mesma san\u00e7\u00e3o, caso suas condutas e contextos sejam distintos, assegurando proporcionalidade e justi\u00e7a na aplica\u00e7\u00e3o da pena.<\/p>\n\n\n\n<p><strong>A terceira \u00e9 a fase execut\u00f3ria<\/strong>, que se desenvolve ap\u00f3s o tr\u00e2nsito em julgado da condena\u00e7\u00e3o e acompanha o cumprimento da pena. Nessa fase, a individualiza\u00e7\u00e3o se manifesta na defini\u00e7\u00e3o do regime inicial, nas progress\u00f5es de regime, na concess\u00e3o de benef\u00edcios e nas demais decis\u00f5es relacionadas \u00e0 execu\u00e7\u00e3o penal.&nbsp;<\/p>\n\n\n\n<p>O comportamento do condenado, sua adapta\u00e7\u00e3o ao cumprimento da pena e suas condi\u00e7\u00f5es pessoais passam a influenciar diretamente essas decis\u00f5es. Isso evidencia que a individualiza\u00e7\u00e3o n\u00e3o se esgota na senten\u00e7a, mas se projeta ao longo do tempo, permitindo ajustes conforme a evolu\u00e7\u00e3o do apenado.<\/p>\n\n\n\n<p>Essas tr\u00eas fases demonstram que a individualiza\u00e7\u00e3o da pena \u00e9 um processo integrado e permanente, que busca assegurar uma resposta penal proporcional, necess\u00e1ria e adequada.&nbsp;<\/p>\n\n\n\n<p>Ao alinhar previs\u00e3o legal, decis\u00e3o judicial e execu\u00e7\u00e3o da pena, o sistema penal refor\u00e7a sua racionalidade, evita excessos punitivos e preserva a legitimidade das decis\u00f5es judiciais, conciliando repress\u00e3o ao crime com justi\u00e7a e <a href=\"https:\/\/advbox.com.br\/blog\/dignidade-humana\/\" target=\"_blank\">dignidade humana<\/a>.<\/p>\n\n\n\n<figure class=\"wp-block-image size-large\"><img fetchpriority=\"high\" decoding=\"async\" width=\"1024\" height=\"654\" src=\"https:\/\/advbox.com.br\/blog\/wp-content\/uploads\/2026\/03\/Fases-da-Individualizacao-da-Pena-1024x654.jpg\" alt=\"infogr\u00e1fico sobre as fases da individualiza\u00e7\u00e3o da pena, com fase legislativa, fase judicial e fase execut\u00f3ria, explicando a defini\u00e7\u00e3o legal da pena, sua fixa\u00e7\u00e3o pelo juiz e o cumprimento na execu\u00e7\u00e3o penal\" class=\"wp-image-83150\" srcset=\"https:\/\/advbox.com.br\/blog\/wp-content\/uploads\/2026\/03\/Fases-da-Individualizacao-da-Pena-scaled.jpg 1024w, https:\/\/advbox.com.br\/blog\/wp-content\/uploads\/2026\/03\/Fases-da-Individualizacao-da-Pena-500x319.jpg 500w, https:\/\/advbox.com.br\/blog\/wp-content\/uploads\/2026\/03\/Fases-da-Individualizacao-da-Pena-768x491.jpg 768w, https:\/\/advbox.com.br\/blog\/wp-content\/uploads\/2026\/03\/Fases-da-Individualizacao-da-Pena-150x96.jpg 150w\" sizes=\"(max-width: 1024px) 100vw, 1024px\" \/><\/figure>\n\n\n\n<h2 class=\"wp-block-heading\">Quais os desafios da individualiza\u00e7\u00e3o da pena?<\/h2>\n\n\n\n<p>Os desafios da individualiza\u00e7\u00e3o da pena <strong>est\u00e3o principalmente na dist\u00e2ncia entre o modelo jur\u00eddico previsto e a realidade do sistema penal brasileiro<\/strong>.<\/p>\n\n\n\n<p>Um dos principais entraves \u00e9 a superlota\u00e7\u00e3o carcer\u00e1ria, que dificulta a aplica\u00e7\u00e3o de regimes diferenciados e de penas alternativas, comprometendo a adequa\u00e7\u00e3o da san\u00e7\u00e3o ao perfil do condenado. A pena acaba sendo executada de forma padronizada, em afronta \u00e0 l\u00f3gica individualizadora prevista no <a href=\"https:\/\/advbox.com.br\/blog\/ordenamento-juridico\/\" target=\"_blank\">ordenamento jur\u00eddico<\/a>.<\/p>\n\n\n\n<p>Outro desafio relevante \u00e9 a subjetividade na atua\u00e7\u00e3o judicial, sobretudo na fixa\u00e7\u00e3o da pena-base. A an\u00e1lise das circunst\u00e2ncias judiciais exige fundamenta\u00e7\u00e3o concreta, mas nem sempre h\u00e1 crit\u00e9rios uniformes, o que pode gerar decis\u00f5es desiguais em casos semelhantes e afetar a seguran\u00e7a jur\u00eddica.<\/p>\n\n\n\n<p>Tamb\u00e9m se destaca a insufici\u00eancia de estrutura e recursos, especialmente na execu\u00e7\u00e3o penal. A falta de vagas em regimes aberto e semiaberto, de equipes t\u00e9cnicas e de programas efetivos de ressocializa\u00e7\u00e3o limita a possibilidade de ajustar a pena \u00e0s necessidades do condenado.<\/p>\n\n\n\n<p>Por fim, a dificuldade de reintegra\u00e7\u00e3o social do apenado representa um obst\u00e1culo permanente. O estigma social, a aus\u00eancia de pol\u00edticas p\u00fablicas eficazes e a precariedade do acompanhamento p\u00f3s-pena reduzem o potencial ressocializador da individualiza\u00e7\u00e3o, transformando a pena em mero instrumento punitivo, e n\u00e3o em resposta penal justa e proporcional.<\/p>\n\n\n\n<h2 class=\"wp-block-heading\">Conclus\u00e3o<\/h2>\n\n\n\n<p>A individualiza\u00e7\u00e3o da pena \u00e9 um dos pilares do sistema penal moderno. Ela assegura que a resposta estatal seja proporcional, fundamentada e compat\u00edvel com a gravidade concreta do fato e com as condi\u00e7\u00f5es pessoais do condenado.&nbsp;<\/p>\n\n\n\n<p>Sua observ\u00e2ncia fortalece a legitimidade das decis\u00f5es judiciais e protege o sistema penal contra arbitrariedades. Para advogados que atuam no Direito Penal, adotar rotinas inteligentes e um sistema de gest\u00e3o \u00e9 essencial para garantir efici\u00eancia, controle e resultados consistentes.<\/p>\n\n\n\n<p>A ADVBOX \u00e9 um ecossistema completo que centraliza prazos, processos, finan\u00e7as, equipe e clientes em um \u00fanico ambiente. <a href=\"https:\/\/app.advbox.com.br\/register\" target=\"_blank\">Conhe\u00e7a a plataforma<\/a> e descubra como a automa\u00e7\u00e3o jur\u00eddica pode transformar sua atua\u00e7\u00e3o profissional.<\/p>\n\n\n\n<figure class=\"wp-block-image size-full\"><a href=\"https:\/\/advbox.com.br\/register\" target=\"_blank\"><img decoding=\"async\" width=\"1024\" height=\"270\" src=\"https:\/\/advbox.com.br\/blog\/wp-content\/uploads\/2025\/12\/CTA-REBRANDING-28.webp\" alt=\"Banner com imagem ilustrativa sobre crescimento estruturado de escrit\u00f3rio de advocacia, destacando gest\u00e3o jur\u00eddica eficiente para escalar sem perder controle e qualidade\" class=\"wp-image-79767\" srcset=\"https:\/\/advbox.com.br\/blog\/wp-content\/uploads\/2025\/12\/CTA-REBRANDING-28.webp 1024w, https:\/\/advbox.com.br\/blog\/wp-content\/uploads\/2025\/12\/CTA-REBRANDING-28-500x132.webp 500w, https:\/\/advbox.com.br\/blog\/wp-content\/uploads\/2025\/12\/CTA-REBRANDING-28-768x203.webp 768w, https:\/\/advbox.com.br\/blog\/wp-content\/uploads\/2025\/12\/CTA-REBRANDING-28-150x40.webp 150w\" sizes=\"(max-width: 1024px) 100vw, 1024px\" loading=\"lazy\" \/><\/a><\/figure>\n","protected":false},"excerpt":{"rendered":"<p>Individualiza\u00e7\u00e3o da pena: o que significa, import\u00e2ncia e desafios A individualiza\u00e7\u00e3o da pena ocupa posi\u00e7\u00e3o central no sistema penal contempor\u00e2neo, pois traduz a necessidade de compatibilizar a resposta estatal \u00e0 gravidade concreta do fato e \u00e0s condi\u00e7\u00f5es pessoais do condenado.&nbsp; N\u00e3o se trata apenas de aplicar a lei penal, mas [&hellip;]<\/p>\n","protected":false},"author":43,"featured_media":79776,"comment_status":"closed","ping_status":"closed","sticky":false,"template":"","format":"standard","meta":{"_acf_changed":false,"om_disable_all_campaigns":false,"footnotes":""},"categories":[717],"tags":[],"class_list":["post-82662","post","type-post","status-publish","format-standard","has-post-thumbnail","hentry","category-direito"],"acf":[],"yoast_head":"<!-- This site is optimized with the Yoast SEO plugin v26.9 - https:\/\/yoast.com\/product\/yoast-seo-wordpress\/ -->\n<title>Individualiza\u00e7\u00e3o da pena: O que significa, import\u00e2ncia e desafios<\/title>\n<meta name=\"description\" content=\"Saiba como funciona a individualiza\u00e7\u00e3o da pena, entenda as fases legislativa, judicial e execut\u00f3ria e veja por que \u00e9 essencial para justi\u00e7a proporcional.\" \/>\n<meta name=\"robots\" content=\"index, follow, max-snippet:-1, max-image-preview:large, max-video-preview:-1\" \/>\n<link rel=\"canonical\" href=\"https:\/\/advbox.com.br\/blog\/legislacao-individualizacao-da-pena\/\" \/>\n<meta property=\"og:locale\" content=\"pt_BR\" \/>\n<meta property=\"og:type\" content=\"article\" \/>\n<meta property=\"og:title\" content=\"Individualiza\u00e7\u00e3o da pena: O que significa, import\u00e2ncia e desafios\" \/>\n<meta property=\"og:description\" content=\"Saiba como funciona a individualiza\u00e7\u00e3o da pena, entenda as fases legislativa, judicial e execut\u00f3ria e veja por que \u00e9 essencial para justi\u00e7a proporcional.\" \/>\n<meta property=\"og:url\" content=\"https:\/\/advbox.com.br\/blog\/legislacao-individualizacao-da-pena\/\" \/>\n<meta property=\"og:site_name\" content=\"Software Jur\u00eddico Completo - ADVBOX\" \/>\n<meta property=\"article:publisher\" content=\"https:\/\/www.facebook.com\/advbox\/\" \/>\n<meta property=\"article:published_time\" content=\"2026-03-06T23:00:15+00:00\" \/>\n<meta property=\"article:modified_time\" content=\"2026-04-16T12:49:30+00:00\" \/>\n<meta property=\"og:image\" content=\"https:\/\/advbox.com.br\/blog\/wp-content\/uploads\/2025\/12\/sobrestamento-1.jpg\" \/>\n\t<meta property=\"og:image:width\" content=\"1024\" \/>\n\t<meta property=\"og:image:height\" content=\"576\" \/>\n\t<meta property=\"og:image:type\" content=\"image\/jpeg\" \/>\n<meta name=\"author\" content=\"Eduardo Koetz\" \/>\n<meta name=\"twitter:card\" content=\"summary_large_image\" \/>\n<meta name=\"twitter:creator\" content=\"@advbox2\" \/>\n<meta name=\"twitter:site\" content=\"@advbox2\" \/>\n<script type=\"application\/ld+json\" class=\"yoast-schema-graph\">{\"@context\":\"https:\/\/schema.org\",\"@graph\":[{\"@type\":\"Article\",\"@id\":\"https:\/\/advbox.com.br\/blog\/legislacao-individualizacao-da-pena\/#article\",\"isPartOf\":{\"@id\":\"https:\/\/advbox.com.br\/blog\/legislacao-individualizacao-da-pena\/\"},\"author\":{\"name\":\"Eduardo Koetz\",\"@id\":\"https:\/\/advbox.com.br\/blog\/#\/schema\/person\/029674387a95515a227f2dd7f49b8dfa\"},\"headline\":\"Individualiza\u00e7\u00e3o da pena: O que significa, import\u00e2ncia e desafios\",\"datePublished\":\"2026-03-06T23:00:15+00:00\",\"dateModified\":\"2026-04-16T12:49:30+00:00\",\"mainEntityOfPage\":{\"@id\":\"https:\/\/advbox.com.br\/blog\/legislacao-individualizacao-da-pena\/\"},\"wordCount\":1799,\"publisher\":{\"@id\":\"https:\/\/advbox.com.br\/blog\/#organization\"},\"image\":{\"@id\":\"https:\/\/advbox.com.br\/blog\/legislacao-individualizacao-da-pena\/#primaryimage\"},\"thumbnailUrl\":\"https:\/\/advbox.com.br\/blog\/wp-content\/uploads\/2025\/12\/sobrestamento-1.jpg\",\"articleSection\":[\"Direito\"],\"inLanguage\":\"pt-BR\"},{\"@type\":\"WebPage\",\"@id\":\"https:\/\/advbox.com.br\/blog\/legislacao-individualizacao-da-pena\/\",\"url\":\"https:\/\/advbox.com.br\/blog\/legislacao-individualizacao-da-pena\/\",\"name\":\"Individualiza\u00e7\u00e3o da pena: O que significa, import\u00e2ncia e desafios\",\"isPartOf\":{\"@id\":\"https:\/\/advbox.com.br\/blog\/#website\"},\"primaryImageOfPage\":{\"@id\":\"https:\/\/advbox.com.br\/blog\/legislacao-individualizacao-da-pena\/#primaryimage\"},\"image\":{\"@id\":\"https:\/\/advbox.com.br\/blog\/legislacao-individualizacao-da-pena\/#primaryimage\"},\"thumbnailUrl\":\"https:\/\/advbox.com.br\/blog\/wp-content\/uploads\/2025\/12\/sobrestamento-1.jpg\",\"datePublished\":\"2026-03-06T23:00:15+00:00\",\"dateModified\":\"2026-04-16T12:49:30+00:00\",\"description\":\"Saiba como funciona a individualiza\u00e7\u00e3o da pena, entenda as fases legislativa, judicial e execut\u00f3ria e veja por que \u00e9 essencial para justi\u00e7a proporcional.\",\"breadcrumb\":{\"@id\":\"https:\/\/advbox.com.br\/blog\/legislacao-individualizacao-da-pena\/#breadcrumb\"},\"inLanguage\":\"pt-BR\",\"potentialAction\":[{\"@type\":\"ReadAction\",\"target\":[\"https:\/\/advbox.com.br\/blog\/legislacao-individualizacao-da-pena\/\"]}]},{\"@type\":\"ImageObject\",\"inLanguage\":\"pt-BR\",\"@id\":\"https:\/\/advbox.com.br\/blog\/legislacao-individualizacao-da-pena\/#primaryimage\",\"url\":\"https:\/\/advbox.com.br\/blog\/wp-content\/uploads\/2025\/12\/sobrestamento-1.jpg\",\"contentUrl\":\"https:\/\/advbox.com.br\/blog\/wp-content\/uploads\/2025\/12\/sobrestamento-1.jpg\",\"width\":1024,\"height\":576,\"caption\":\"Banner institucional da ADVBOX com elemento visual abstrato em tons de azul, representando estrutura, tecnologia e identidade visual da marca\"},{\"@type\":\"BreadcrumbList\",\"@id\":\"https:\/\/advbox.com.br\/blog\/legislacao-individualizacao-da-pena\/#breadcrumb\",\"itemListElement\":[{\"@type\":\"ListItem\",\"position\":1,\"name\":\"In\u00edcio\",\"item\":\"https:\/\/advbox.com.br\/blog\/\"},{\"@type\":\"ListItem\",\"position\":2,\"name\":\"Direito\",\"item\":\"https:\/\/advbox.com.br\/blog\/direito\/\"},{\"@type\":\"ListItem\",\"position\":3,\"name\":\"Individualiza\u00e7\u00e3o da pena: O que significa, import\u00e2ncia e desafios\"}]},{\"@type\":\"WebSite\",\"@id\":\"https:\/\/advbox.com.br\/blog\/#website\",\"url\":\"https:\/\/advbox.com.br\/blog\/\",\"name\":\"Software Jur\u00eddico Completo - ADVBOX\",\"description\":\"Plataforma para Advocacia Digital\",\"publisher\":{\"@id\":\"https:\/\/advbox.com.br\/blog\/#organization\"},\"potentialAction\":[{\"@type\":\"SearchAction\",\"target\":{\"@type\":\"EntryPoint\",\"urlTemplate\":\"https:\/\/advbox.com.br\/blog\/?s={search_term_string}\"},\"query-input\":{\"@type\":\"PropertyValueSpecification\",\"valueRequired\":true,\"valueName\":\"search_term_string\"}}],\"inLanguage\":\"pt-BR\"},{\"@type\":\"Organization\",\"@id\":\"https:\/\/advbox.com.br\/blog\/#organization\",\"name\":\"ADVBOX Blog - Software jur\u00eddico da advocacia digital\",\"url\":\"https:\/\/advbox.com.br\/blog\/\",\"logo\":{\"@type\":\"ImageObject\",\"inLanguage\":\"pt-BR\",\"@id\":\"https:\/\/advbox.com.br\/blog\/#\/schema\/logo\/image\/\",\"url\":\"https:\/\/advbox.com.br\/blog\/wp-content\/uploads\/2019\/12\/Como-aumentar-a-produtividade_.jpg\",\"contentUrl\":\"https:\/\/advbox.com.br\/blog\/wp-content\/uploads\/2019\/12\/Como-aumentar-a-produtividade_.jpg\",\"width\":320,\"height\":213,\"caption\":\"ADVBOX Blog - Software jur\u00eddico da advocacia digital\"},\"image\":{\"@id\":\"https:\/\/advbox.com.br\/blog\/#\/schema\/logo\/image\/\"},\"sameAs\":[\"https:\/\/www.facebook.com\/advbox\/\",\"https:\/\/x.com\/advbox2\"]},{\"@type\":\"Person\",\"@id\":\"https:\/\/advbox.com.br\/blog\/#\/schema\/person\/029674387a95515a227f2dd7f49b8dfa\",\"name\":\"Eduardo Koetz\",\"description\":\"Eduardo Koetz \u00e9 advogado, escritor, s\u00f3cio e fundador da Koetz Advocacia e CEO da empresa de software jur\u00eddico Advbox. Possui bacharel em Direito pela Universidade do Vale do Rio dos Sinos (Unisinos). Possui tanto registros na Ordem dos Advogados do Brasil - OAB (OAB\/SC 42.934, OAB\/RS 73.409, OAB\/PR 72.951, OAB\/SP 435.266, OAB\/MG 204.531, OAB\/MG 204.531), como na Ordem dos Advogados de Portugal - OA ( OA\/Portugal 69.512L).swdsasdw \u00c9 p\u00f3s-graduado em Direito do Trabalho pela Universidade Federal do Rio Grande do Sul (2011- 2012) e em Direito Tribut\u00e1rio pela Escola Superior da Magistratura Federal ESMAFE (2013 - 2014). Atua como um dos principais gestores da Koetz Advocacia realizando a supervis\u00e3o e lideran\u00e7a em todos os setores do escrit\u00f3rio. Em 2021, Eduardo publicou o livro intitulado: Otimizado - O escrit\u00f3rio como empresa escal\u00e1vel pela editora Viseu.\",\"url\":\"https:\/\/advbox.com.br\/blog\/autor\/comunicacao\/\"}]}<\/script>\n<!-- \/ Yoast SEO plugin. -->","yoast_head_json":{"title":"Individualiza\u00e7\u00e3o da pena: O que significa, import\u00e2ncia e desafios","description":"Saiba como funciona a individualiza\u00e7\u00e3o da pena, entenda as fases legislativa, judicial e execut\u00f3ria e veja por que \u00e9 essencial para justi\u00e7a proporcional.","robots":{"index":"index","follow":"follow","max-snippet":"max-snippet:-1","max-image-preview":"max-image-preview:large","max-video-preview":"max-video-preview:-1"},"canonical":"https:\/\/advbox.com.br\/blog\/legislacao-individualizacao-da-pena\/","og_locale":"pt_BR","og_type":"article","og_title":"Individualiza\u00e7\u00e3o da pena: O que significa, import\u00e2ncia e desafios","og_description":"Saiba como funciona a individualiza\u00e7\u00e3o da pena, entenda as fases legislativa, judicial e execut\u00f3ria e veja por que \u00e9 essencial para justi\u00e7a proporcional.","og_url":"https:\/\/advbox.com.br\/blog\/legislacao-individualizacao-da-pena\/","og_site_name":"Software Jur\u00eddico Completo - ADVBOX","article_publisher":"https:\/\/www.facebook.com\/advbox\/","article_published_time":"2026-03-06T23:00:15+00:00","article_modified_time":"2026-04-16T12:49:30+00:00","og_image":[{"width":1024,"height":576,"url":"https:\/\/advbox.com.br\/blog\/wp-content\/uploads\/2025\/12\/sobrestamento-1.jpg","type":"image\/jpeg"}],"author":"Eduardo Koetz","twitter_card":"summary_large_image","twitter_creator":"@advbox2","twitter_site":"@advbox2","schema":{"@context":"https:\/\/schema.org","@graph":[{"@type":"Article","@id":"https:\/\/advbox.com.br\/blog\/legislacao-individualizacao-da-pena\/#article","isPartOf":{"@id":"https:\/\/advbox.com.br\/blog\/legislacao-individualizacao-da-pena\/"},"author":{"name":"Eduardo Koetz","@id":"https:\/\/advbox.com.br\/blog\/#\/schema\/person\/029674387a95515a227f2dd7f49b8dfa"},"headline":"Individualiza\u00e7\u00e3o da pena: O que significa, import\u00e2ncia e desafios","datePublished":"2026-03-06T23:00:15+00:00","dateModified":"2026-04-16T12:49:30+00:00","mainEntityOfPage":{"@id":"https:\/\/advbox.com.br\/blog\/legislacao-individualizacao-da-pena\/"},"wordCount":1799,"publisher":{"@id":"https:\/\/advbox.com.br\/blog\/#organization"},"image":{"@id":"https:\/\/advbox.com.br\/blog\/legislacao-individualizacao-da-pena\/#primaryimage"},"thumbnailUrl":"https:\/\/advbox.com.br\/blog\/wp-content\/uploads\/2025\/12\/sobrestamento-1.jpg","articleSection":["Direito"],"inLanguage":"pt-BR"},{"@type":"WebPage","@id":"https:\/\/advbox.com.br\/blog\/legislacao-individualizacao-da-pena\/","url":"https:\/\/advbox.com.br\/blog\/legislacao-individualizacao-da-pena\/","name":"Individualiza\u00e7\u00e3o da pena: O que significa, import\u00e2ncia e desafios","isPartOf":{"@id":"https:\/\/advbox.com.br\/blog\/#website"},"primaryImageOfPage":{"@id":"https:\/\/advbox.com.br\/blog\/legislacao-individualizacao-da-pena\/#primaryimage"},"image":{"@id":"https:\/\/advbox.com.br\/blog\/legislacao-individualizacao-da-pena\/#primaryimage"},"thumbnailUrl":"https:\/\/advbox.com.br\/blog\/wp-content\/uploads\/2025\/12\/sobrestamento-1.jpg","datePublished":"2026-03-06T23:00:15+00:00","dateModified":"2026-04-16T12:49:30+00:00","description":"Saiba como funciona a individualiza\u00e7\u00e3o da pena, entenda as fases legislativa, judicial e execut\u00f3ria e veja por que \u00e9 essencial para justi\u00e7a proporcional.","breadcrumb":{"@id":"https:\/\/advbox.com.br\/blog\/legislacao-individualizacao-da-pena\/#breadcrumb"},"inLanguage":"pt-BR","potentialAction":[{"@type":"ReadAction","target":["https:\/\/advbox.com.br\/blog\/legislacao-individualizacao-da-pena\/"]}]},{"@type":"ImageObject","inLanguage":"pt-BR","@id":"https:\/\/advbox.com.br\/blog\/legislacao-individualizacao-da-pena\/#primaryimage","url":"https:\/\/advbox.com.br\/blog\/wp-content\/uploads\/2025\/12\/sobrestamento-1.jpg","contentUrl":"https:\/\/advbox.com.br\/blog\/wp-content\/uploads\/2025\/12\/sobrestamento-1.jpg","width":1024,"height":576,"caption":"Banner institucional da ADVBOX com elemento visual abstrato em tons de azul, representando estrutura, tecnologia e identidade visual da marca"},{"@type":"BreadcrumbList","@id":"https:\/\/advbox.com.br\/blog\/legislacao-individualizacao-da-pena\/#breadcrumb","itemListElement":[{"@type":"ListItem","position":1,"name":"In\u00edcio","item":"https:\/\/advbox.com.br\/blog\/"},{"@type":"ListItem","position":2,"name":"Direito","item":"https:\/\/advbox.com.br\/blog\/direito\/"},{"@type":"ListItem","position":3,"name":"Individualiza\u00e7\u00e3o da pena: O que significa, import\u00e2ncia e desafios"}]},{"@type":"WebSite","@id":"https:\/\/advbox.com.br\/blog\/#website","url":"https:\/\/advbox.com.br\/blog\/","name":"Software Jur\u00eddico Completo - ADVBOX","description":"Plataforma para Advocacia Digital","publisher":{"@id":"https:\/\/advbox.com.br\/blog\/#organization"},"potentialAction":[{"@type":"SearchAction","target":{"@type":"EntryPoint","urlTemplate":"https:\/\/advbox.com.br\/blog\/?s={search_term_string}"},"query-input":{"@type":"PropertyValueSpecification","valueRequired":true,"valueName":"search_term_string"}}],"inLanguage":"pt-BR"},{"@type":"Organization","@id":"https:\/\/advbox.com.br\/blog\/#organization","name":"ADVBOX Blog - Software jur\u00eddico da advocacia digital","url":"https:\/\/advbox.com.br\/blog\/","logo":{"@type":"ImageObject","inLanguage":"pt-BR","@id":"https:\/\/advbox.com.br\/blog\/#\/schema\/logo\/image\/","url":"https:\/\/advbox.com.br\/blog\/wp-content\/uploads\/2019\/12\/Como-aumentar-a-produtividade_.jpg","contentUrl":"https:\/\/advbox.com.br\/blog\/wp-content\/uploads\/2019\/12\/Como-aumentar-a-produtividade_.jpg","width":320,"height":213,"caption":"ADVBOX Blog - Software jur\u00eddico da advocacia digital"},"image":{"@id":"https:\/\/advbox.com.br\/blog\/#\/schema\/logo\/image\/"},"sameAs":["https:\/\/www.facebook.com\/advbox\/","https:\/\/x.com\/advbox2"]},{"@type":"Person","@id":"https:\/\/advbox.com.br\/blog\/#\/schema\/person\/029674387a95515a227f2dd7f49b8dfa","name":"Eduardo Koetz","description":"Eduardo Koetz \u00e9 advogado, escritor, s\u00f3cio e fundador da Koetz Advocacia e CEO da empresa de software jur\u00eddico Advbox. Possui bacharel em Direito pela Universidade do Vale do Rio dos Sinos (Unisinos). Possui tanto registros na Ordem dos Advogados do Brasil - OAB (OAB\/SC 42.934, OAB\/RS 73.409, OAB\/PR 72.951, OAB\/SP 435.266, OAB\/MG 204.531, OAB\/MG 204.531), como na Ordem dos Advogados de Portugal - OA ( OA\/Portugal 69.512L).swdsasdw \u00c9 p\u00f3s-graduado em Direito do Trabalho pela Universidade Federal do Rio Grande do Sul (2011- 2012) e em Direito Tribut\u00e1rio pela Escola Superior da Magistratura Federal ESMAFE (2013 - 2014). Atua como um dos principais gestores da Koetz Advocacia realizando a supervis\u00e3o e lideran\u00e7a em todos os setores do escrit\u00f3rio. Em 2021, Eduardo publicou o livro intitulado: Otimizado - O escrit\u00f3rio como empresa escal\u00e1vel pela editora Viseu.","url":"https:\/\/advbox.com.br\/blog\/autor\/comunicacao\/"}]}},"_links":{"self":[{"href":"https:\/\/advbox.com.br\/blog\/wp-json\/wp\/v2\/posts\/82662","targetHints":{"allow":["GET"]}}],"collection":[{"href":"https:\/\/advbox.com.br\/blog\/wp-json\/wp\/v2\/posts"}],"about":[{"href":"https:\/\/advbox.com.br\/blog\/wp-json\/wp\/v2\/types\/post"}],"author":[{"embeddable":true,"href":"https:\/\/advbox.com.br\/blog\/wp-json\/wp\/v2\/users\/43"}],"replies":[{"embeddable":true,"href":"https:\/\/advbox.com.br\/blog\/wp-json\/wp\/v2\/comments?post=82662"}],"version-history":[{"count":2,"href":"https:\/\/advbox.com.br\/blog\/wp-json\/wp\/v2\/posts\/82662\/revisions"}],"predecessor-version":[{"id":83151,"href":"https:\/\/advbox.com.br\/blog\/wp-json\/wp\/v2\/posts\/82662\/revisions\/83151"}],"wp:featuredmedia":[{"embeddable":true,"href":"https:\/\/advbox.com.br\/blog\/wp-json\/wp\/v2\/media\/79776"}],"wp:attachment":[{"href":"https:\/\/advbox.com.br\/blog\/wp-json\/wp\/v2\/media?parent=82662"}],"wp:term":[{"taxonomy":"category","embeddable":true,"href":"https:\/\/advbox.com.br\/blog\/wp-json\/wp\/v2\/categories?post=82662"},{"taxonomy":"post_tag","embeddable":true,"href":"https:\/\/advbox.com.br\/blog\/wp-json\/wp\/v2\/tags?post=82662"}],"curies":[{"name":"wp","href":"https:\/\/api.w.org\/{rel}","templated":true}]}}