{"id":82664,"date":"2026-03-06T20:04:14","date_gmt":"2026-03-06T23:04:14","guid":{"rendered":"https:\/\/advbox.com.br\/blog\/?p=82664"},"modified":"2026-04-17T09:34:39","modified_gmt":"2026-04-17T12:34:39","slug":"legislacao-principio-da-ampla-defesa","status":"publish","type":"post","link":"https:\/\/advbox.com.br\/blog\/legislacao-principio-da-ampla-defesa\/","title":{"rendered":"Princ\u00edpio da ampla defesa: o que \u00e9, para que serve e import\u00e2ncia"},"content":{"rendered":"\n<h1 class=\"wp-block-heading\">Princ\u00edpio da Ampla Defesa: O que \u00e9, para que serve e import\u00e2ncia<\/h1>\n\n\n\n<p>O processo judicial n\u00e3o \u00e9 apenas um instrumento para a aplica\u00e7\u00e3o da lei. Isso porque ele tamb\u00e9m \u00e9 um espa\u00e7o de garantia de direitos fundamentais, no qual as partes devem ter asseguradas condi\u00e7\u00f5es reais de participa\u00e7\u00e3o, manifesta\u00e7\u00e3o e influ\u00eancia na forma\u00e7\u00e3o da decis\u00e3o do julgador. Nesse contexto, o <strong>princ\u00edpio da ampla defesa<\/strong> ocupa posi\u00e7\u00e3o central no Estado Democr\u00e1tico de Direito.<\/p>\n\n\n\n<p>Mais do que um conceito abstrato, a ampla defesa \u00e9 um verdadeiro pilar do devido processo legal. Ela garante que ningu\u00e9m seja privado de direitos, condenado ou responsabilizado sem que tenha a oportunidade efetiva de se defender, utilizando todos os meios e recursos juridicamente admitidos.<\/p>\n\n\n\n<p>Presente de forma expressa na Constitui\u00e7\u00e3o Federal de 1988, o princ\u00edpio da ampla defesa orienta todo o sistema processual brasileiro, influenciando desde procedimentos administrativos at\u00e9 os mais complexos processos judiciais, nas esferas c\u00edvel, penal, trabalhista e tribut\u00e1ria.<\/p>\n\n\n\n<p>Neste conte\u00fado, voc\u00ea vai entender <strong>o que \u00e9 o princ\u00edpio da ampla defesa<\/strong>, <strong>como ele se diferencia do contradit\u00f3rio<\/strong>, <strong>para que serve<\/strong>, <strong>qual \u00e9 a sua import\u00e2ncia pr\u00e1tica<\/strong> e como ele se manifesta no dia a dia forense.<\/p>\n\n\n\n<h2 class=\"wp-block-heading\"><strong>O que \u00e9 princ\u00edpio da ampla defesa?<\/strong><\/h2>\n\n\n\n<p>O princ\u00edpio da ampla defesa assegura a toda pessoa o direito de se defender de forma plena contra qualquer acusa\u00e7\u00e3o, imputa\u00e7\u00e3o ou pretens\u00e3o que lhe seja dirigida, seja em processo judicial ou administrativo.<\/p>\n\n\n\n<p>Esse direito envolve a possibilidade de utiliza\u00e7\u00e3o de <strong>todos os meios de defesa legalmente previstos<\/strong>, incluindo argumentos jur\u00eddicos, provas, recursos, manifesta\u00e7\u00f5es t\u00e9cnicas e acompanhamento por advogado ou defensor.<\/p>\n\n\n\n<p>No <a href=\"https:\/\/advbox.com.br\/blog\/ordenamento-juridico\/\" target=\"_blank\">ordenamento jur\u00eddico brasileiro<\/a>, o princ\u00edpio da ampla defesa est\u00e1 previsto no <strong>artigo 5\u00ba, inciso LV, da <\/strong><a href=\"https:\/\/advbox.com.br\/blog\/constituicao-federal\/\" target=\"_blank\"><strong>Constitui\u00e7\u00e3o Federal<\/strong><\/a>, que estabelece:<\/p>\n\n\n\n<p><em>\u201cAos litigantes, em processo judicial ou administrativo, e aos acusados em geral s\u00e3o assegurados o contradit\u00f3rio e ampla defesa, com os meios e recursos a ela inerentes.\u201d<\/em><\/p>\n\n\n\n<p>Dessa forma, a ampla defesa n\u00e3o se resume \u00e0 simples oportunidade de falar nos autos. Ela exige condi\u00e7\u00f5es concretas para que a parte possa <strong>influenciar o convencimento do julgador<\/strong>, em igualdade de armas com a parte contr\u00e1ria.<\/p>\n\n\n\n<h3 class=\"wp-block-heading\"><strong>Qual a diferen\u00e7a entre os princ\u00edpios do contradit\u00f3rio e da ampla defesa?<\/strong><\/h3>\n\n\n\n<p>Embora frequentemente mencionados em conjunto, os princ\u00edpios do contradit\u00f3rio e da ampla defesa <strong>n\u00e3o se confundem<\/strong>.<\/p>\n\n\n\n<p>O <strong>contradit\u00f3rio<\/strong> est\u00e1 relacionado ao direito de ci\u00eancia e rea\u00e7\u00e3o. Ele garante que a parte tenha conhecimento dos atos processuais e possa se manifestar sobre eles. Em outras palavras, ningu\u00e9m pode ser surpreendido por decis\u00f5es tomadas sem pr\u00e9via oportunidade de participa\u00e7\u00e3o.<\/p>\n\n\n\n<p>J\u00e1 a <strong>ampla defesa<\/strong> diz respeito \u00e0 <strong>qualidade e \u00e0 extens\u00e3o dessa participa\u00e7\u00e3o<\/strong>. Ela assegura que a defesa n\u00e3o seja meramente formal, mas efetiva, permitindo o uso de todos os instrumentos leg\u00edtimos para contestar, provar e recorrer.<\/p>\n\n\n\n<p>Enquanto o contradit\u00f3rio responde \u00e0 pergunta \u201c<strong>posso me manifestar?<\/strong>\u201d, a ampla defesa responde \u201c<strong>posso me defender de forma completa e eficaz?<\/strong>\u201d. Ambos s\u00e3o complementares e indispens\u00e1veis para a validade do processo.<\/p>\n\n\n\n<figure class=\"wp-block-image size-large\"><img fetchpriority=\"high\" decoding=\"async\" width=\"1024\" height=\"654\" src=\"https:\/\/advbox.com.br\/blog\/wp-content\/uploads\/2026\/03\/Qual-a-diferenca-entre-os-principios-do-contraditorio-e-da-ampla-defesa_-1024x654.jpg\" alt=\"imagem explicando a diferen\u00e7a entre contradit\u00f3rio e ampla defesa, mostrando que o contradit\u00f3rio envolve o direito de ci\u00eancia e rea\u00e7\u00e3o, enquanto a ampla defesa est\u00e1 ligada \u00e0 extens\u00e3o e \u00e0 qualidade dessa participa\u00e7\u00e3o\" class=\"wp-image-83217\" srcset=\"https:\/\/advbox.com.br\/blog\/wp-content\/uploads\/2026\/03\/Qual-a-diferenca-entre-os-principios-do-contraditorio-e-da-ampla-defesa_-scaled.jpg 1024w, https:\/\/advbox.com.br\/blog\/wp-content\/uploads\/2026\/03\/Qual-a-diferenca-entre-os-principios-do-contraditorio-e-da-ampla-defesa_-500x319.jpg 500w, https:\/\/advbox.com.br\/blog\/wp-content\/uploads\/2026\/03\/Qual-a-diferenca-entre-os-principios-do-contraditorio-e-da-ampla-defesa_-768x491.jpg 768w, https:\/\/advbox.com.br\/blog\/wp-content\/uploads\/2026\/03\/Qual-a-diferenca-entre-os-principios-do-contraditorio-e-da-ampla-defesa_-150x96.jpg 150w\" sizes=\"(max-width: 1024px) 100vw, 1024px\" \/><\/figure>\n\n\n\n<h2 class=\"wp-block-heading\"><strong>Qual \u00e9 o princ\u00edpio da ampla defesa?<\/strong><\/h2>\n\n\n\n<p>O conceito do princ\u00edpio est\u00e1 na ideia de que a defesa deve ser <strong>real, concreta e proporcional \u00e0 gravidade das consequ\u00eancias envolvidas<\/strong>. Quanto mais severos forem os efeitos do processo, maior deve ser a prote\u00e7\u00e3o conferida \u00e0 ampla defesa.<\/p>\n\n\n\n<p>Portanto, o princ\u00edpio da ampla defesa pode ser compreendido como uma garantia constitucional que assegura ao acusado ou litigante defesa t\u00e9cnica e defesa pessoal, conforme o caso.<\/p>\n\n\n\n<p>A <strong>defesa t\u00e9cnica<\/strong> \u00e9 aquela exercida por profissional habilitado, geralmente o advogado, que atua com base no conhecimento jur\u00eddico, utilizando argumentos legais, precedentes, provas e recursos processuais adequados.<\/p>\n\n\n\n<p>J\u00e1 a <strong>defesa pessoal<\/strong> refere-se \u00e0 possibilidade de o pr\u00f3prio interessado se manifestar, prestar esclarecimentos, apresentar sua vers\u00e3o dos fatos e participar ativamente do processo, especialmente em procedimentos de natureza sancionat\u00f3ria.<\/p>\n\n\n\n<h3 class=\"wp-block-heading\"><strong>Exemplo de princ\u00edpio de ampla defesa<\/strong><\/h3>\n\n\n\n<p>Um exemplo cl\u00e1ssico de viola\u00e7\u00e3o ao princ\u00edpio da ampla defesa ocorre quando uma parte \u00e9 condenada sem ter tido a oportunidade de produzir provas essenciais ao seu direito, como a oitiva de testemunhas ou a realiza\u00e7\u00e3o de per\u00edcia t\u00e9cnica.<\/p>\n\n\n\n<p>Outro exemplo comum est\u00e1 em processos administrativos disciplinares, nos quais o servidor p\u00fablico \u00e9 penalizado sem acesso integral aos autos ou sem prazo adequado para apresentar defesa.<\/p>\n\n\n\n<p>Por outro lado, a observ\u00e2ncia do princ\u00edpio pode ser vista quando o juiz defere a produ\u00e7\u00e3o de provas relevantes, assegura prazos razo\u00e1veis para manifesta\u00e7\u00e3o e fundamenta suas decis\u00f5es com base nos argumentos apresentados pelas partes.<\/p>\n\n\n\n<p>Esses exemplos demonstram que a ampla defesa n\u00e3o \u00e9 apenas uma formalidade, mas um requisito indispens\u00e1vel para a legitimidade da decis\u00e3o.<\/p>\n\n\n\n<h2 class=\"wp-block-heading\"><strong>Para que serve o princ\u00edpio da ampla defesa?<\/strong><\/h2>\n\n\n\n<p>O princ\u00edpio da ampla defesa serve para <strong>equilibrar a rela\u00e7\u00e3o processual<\/strong>, evitando que uma das partes seja colocada em situa\u00e7\u00e3o de desvantagem injusta.<\/p>\n\n\n\n<p>Logo, sua principal fun\u00e7\u00e3o \u00e9 garantir que o processo seja um instrumento de justi\u00e7a, e n\u00e3o de arbitrariedade. Ao assegurar a possibilidade de defesa plena, o ordenamento jur\u00eddico reduz o risco de decis\u00f5es precipitadas, injustas ou baseadas em informa\u00e7\u00f5es incompletas.<\/p>\n\n\n\n<p>Al\u00e9m disso, a ampla defesa contribui para a <strong>qualidade da presta\u00e7\u00e3o jurisdicional<\/strong>, pois permite que o julgador tenha acesso a vers\u00f5es contradit\u00f3rias dos fatos, provas t\u00e9cnicas e argumentos jur\u00eddicos consistentes antes de formar seu convencimento.<\/p>\n\n\n\n<p>No \u00e2mbito <a href=\"https:\/\/advbox.com.br\/blog\/saiba-mais-sobre-o-direito-penal\/\" target=\"_blank\">penal<\/a>, sua fun\u00e7\u00e3o \u00e9 ainda mais sens\u00edvel, pois protege o indiv\u00edduo contra condena\u00e7\u00f5es indevidas e abusos do poder punitivo do Estado. J\u00e1 nas esferas <a href=\"https:\/\/advbox.com.br\/blog\/direito-civil\/\" target=\"_blank\">c\u00edvel<\/a> e <a href=\"https:\/\/advbox.com.br\/blog\/o-que-e-direito-administrativo\/\" target=\"_blank\">administrativa<\/a>, assegura que direitos patrimoniais, profissionais e pessoais n\u00e3o sejam restringidos sem o devido debate processual.<\/p>\n\n\n\n<h2 class=\"wp-block-heading\"><strong>Qual a import\u00e2ncia do princ\u00edpio da ampla defesa?<\/strong><\/h2>\n\n\n\n<p>A import\u00e2ncia do princ\u00edpio da ampla defesa est\u00e1 diretamente ligada \u00e0<strong> preserva\u00e7\u00e3o do Estado Democr\u00e1tico de Direito<\/strong>. Afinal, sem ampla defesa, o processo se transforma em um procedimento autorit\u00e1rio, no qual decis\u00f5es s\u00e3o impostas sem di\u00e1logo, participa\u00e7\u00e3o ou possibilidade real de <a href=\"https:\/\/advbox.com.br\/blog\/como-fazer-uma-contestacao-aprenda-a-trabalhar-melhor-e-realizar-a-peca-perfeita\/\" target=\"_blank\">contesta\u00e7\u00e3o<\/a>. Isso compromete a legitimidade do <a href=\"https:\/\/advbox.com.br\/blog\/estrutura-do-poder-judiciario\/\" target=\"_blank\">Judici\u00e1rio<\/a> e enfraquece a confian\u00e7a da sociedade nas institui\u00e7\u00f5es.<\/p>\n\n\n\n<p>Do ponto de vista pr\u00e1tico, a ampla defesa protege o cidad\u00e3o contra erros judiciais, assegura previsibilidade ao sistema jur\u00eddico e fortalece a advocacia como fun\u00e7\u00e3o essencial \u00e0 justi\u00e7a.<\/p>\n\n\n\n<p>Al\u00e9m disso, o princ\u00edpio atua como <strong>par\u00e2metro de validade dos atos processuais<\/strong>. Decis\u00f5es proferidas com viola\u00e7\u00e3o \u00e0 ampla defesa podem ser anuladas, gerando retrabalho, inseguran\u00e7a jur\u00eddica e preju\u00edzos \u00e0s partes.<\/p>\n\n\n\n<p>Para o advogado, compreender e invocar corretamente o princ\u00edpio da ampla defesa \u00e9 fundamental para a constru\u00e7\u00e3o de teses, <a href=\"https:\/\/advbox.com.br\/blog\/legislacao-interposicao-de-recurso\/\" target=\"_blank\">interposi\u00e7\u00e3o de recursos<\/a> e atua\u00e7\u00e3o estrat\u00e9gica em qualquer fase do processo.<\/p>\n\n\n\n<h2 class=\"wp-block-heading\"><strong>Conclus\u00e3o<\/strong><\/h2>\n\n\n\n<p>O princ\u00edpio da ampla defesa \u00e9 muito mais do que uma garantia formal prevista na Constitui\u00e7\u00e3o. Ele representa a ess\u00eancia do processo justo, assegurando que toda pessoa tenha condi\u00e7\u00f5es reais de se defender, influenciar decis\u00f5es e proteger seus direitos.<\/p>\n\n\n\n<p>Sua observ\u00e2ncia \u00e9 indispens\u00e1vel para a validade dos atos processuais, para a legitimidade das decis\u00f5es judiciais e para a efetiva\u00e7\u00e3o do devido processo legal em todas as esferas do Direito.<\/p>\n\n\n\n<p><strong>Quer organizar melhor suas defesas, controlar prazos, provas e estrat\u00e9gias processuais com mais seguran\u00e7a e efici\u00eancia? <\/strong>A <strong>ADVBOX<\/strong> \u00e9 o ecossistema completo que centraliza a gest\u00e3o dos seus processos, documentos e atividades, ajudando voc\u00ea a atuar com mais controle e produtividade.&nbsp;<\/p>\n\n\n\n<p><a href=\"https:\/\/app.advbox.com.br\/register\" target=\"_blank\"><strong>Conhe\u00e7a ADVBOX e leve sua advocacia a outro n\u00edvel.<\/strong><\/a><\/p>\n\n\n\n<figure class=\"wp-block-image size-full\"><a href=\"https:\/\/advbox.com.br\/register\" target=\"_blank\"><img decoding=\"async\" width=\"1024\" height=\"270\" src=\"https:\/\/advbox.com.br\/blog\/wp-content\/uploads\/2025\/12\/CTA-REBRANDING-28.webp\" alt=\"Banner com imagem ilustrativa sobre crescimento estruturado de escrit\u00f3rio de advocacia, destacando gest\u00e3o jur\u00eddica eficiente para escalar sem perder controle e qualidade\" class=\"wp-image-79767\" srcset=\"https:\/\/advbox.com.br\/blog\/wp-content\/uploads\/2025\/12\/CTA-REBRANDING-28.webp 1024w, https:\/\/advbox.com.br\/blog\/wp-content\/uploads\/2025\/12\/CTA-REBRANDING-28-500x132.webp 500w, https:\/\/advbox.com.br\/blog\/wp-content\/uploads\/2025\/12\/CTA-REBRANDING-28-768x203.webp 768w, https:\/\/advbox.com.br\/blog\/wp-content\/uploads\/2025\/12\/CTA-REBRANDING-28-150x40.webp 150w\" sizes=\"(max-width: 1024px) 100vw, 1024px\" loading=\"lazy\" \/><\/a><\/figure>\n","protected":false},"excerpt":{"rendered":"<p>Princ\u00edpio da Ampla Defesa: O que \u00e9, para que serve e import\u00e2ncia O processo judicial n\u00e3o \u00e9 apenas um instrumento para a aplica\u00e7\u00e3o da lei. Isso porque ele tamb\u00e9m \u00e9 um espa\u00e7o de garantia de direitos fundamentais, no qual as partes devem ter asseguradas condi\u00e7\u00f5es reais de participa\u00e7\u00e3o, manifesta\u00e7\u00e3o e [&hellip;]<\/p>\n","protected":false},"author":43,"featured_media":79776,"comment_status":"closed","ping_status":"closed","sticky":false,"template":"","format":"standard","meta":{"_acf_changed":false,"om_disable_all_campaigns":false,"footnotes":""},"categories":[717],"tags":[],"class_list":["post-82664","post","type-post","status-publish","format-standard","has-post-thumbnail","hentry","category-direito"],"acf":[],"yoast_head":"<!-- This site is optimized with the Yoast SEO plugin v26.9 - https:\/\/yoast.com\/product\/yoast-seo-wordpress\/ -->\n<title>Princ\u00edpio da ampla defesa: o que \u00e9, para que serve e import\u00e2ncia<\/title>\n<meta name=\"description\" content=\"Descubra o que \u00e9 o princ\u00edpio da ampla defesa, veja sua import\u00e2ncia no processo judicial e entenda como ele garante direitos fundamentais.\" \/>\n<meta name=\"robots\" content=\"index, follow, max-snippet:-1, max-image-preview:large, max-video-preview:-1\" \/>\n<link rel=\"canonical\" href=\"https:\/\/advbox.com.br\/blog\/legislacao-principio-da-ampla-defesa\/\" \/>\n<meta property=\"og:locale\" content=\"pt_BR\" \/>\n<meta property=\"og:type\" content=\"article\" \/>\n<meta property=\"og:title\" content=\"Princ\u00edpio da ampla defesa: o que \u00e9, para que serve e import\u00e2ncia\" \/>\n<meta property=\"og:description\" content=\"Descubra o que \u00e9 o princ\u00edpio da ampla defesa, veja sua import\u00e2ncia no processo judicial e entenda como ele garante direitos fundamentais.\" \/>\n<meta property=\"og:url\" content=\"https:\/\/advbox.com.br\/blog\/legislacao-principio-da-ampla-defesa\/\" \/>\n<meta property=\"og:site_name\" content=\"Software Jur\u00eddico Completo - ADVBOX\" \/>\n<meta property=\"article:publisher\" content=\"https:\/\/www.facebook.com\/advbox\/\" \/>\n<meta property=\"article:published_time\" content=\"2026-03-06T23:04:14+00:00\" \/>\n<meta property=\"article:modified_time\" content=\"2026-04-17T12:34:39+00:00\" \/>\n<meta property=\"og:image\" content=\"https:\/\/advbox.com.br\/blog\/wp-content\/uploads\/2025\/12\/sobrestamento-1.jpg\" \/>\n\t<meta property=\"og:image:width\" content=\"1024\" \/>\n\t<meta property=\"og:image:height\" content=\"576\" \/>\n\t<meta property=\"og:image:type\" content=\"image\/jpeg\" \/>\n<meta name=\"author\" content=\"Eduardo Koetz\" \/>\n<meta name=\"twitter:card\" content=\"summary_large_image\" \/>\n<meta name=\"twitter:creator\" content=\"@advbox2\" \/>\n<meta name=\"twitter:site\" content=\"@advbox2\" \/>\n<script type=\"application\/ld+json\" class=\"yoast-schema-graph\">{\"@context\":\"https:\/\/schema.org\",\"@graph\":[{\"@type\":\"Article\",\"@id\":\"https:\/\/advbox.com.br\/blog\/legislacao-principio-da-ampla-defesa\/#article\",\"isPartOf\":{\"@id\":\"https:\/\/advbox.com.br\/blog\/legislacao-principio-da-ampla-defesa\/\"},\"author\":{\"name\":\"Eduardo Koetz\",\"@id\":\"https:\/\/advbox.com.br\/blog\/#\/schema\/person\/029674387a95515a227f2dd7f49b8dfa\"},\"headline\":\"Princ\u00edpio da ampla defesa: o que \u00e9, para que serve e import\u00e2ncia\",\"datePublished\":\"2026-03-06T23:04:14+00:00\",\"dateModified\":\"2026-04-17T12:34:39+00:00\",\"mainEntityOfPage\":{\"@id\":\"https:\/\/advbox.com.br\/blog\/legislacao-principio-da-ampla-defesa\/\"},\"wordCount\":1309,\"publisher\":{\"@id\":\"https:\/\/advbox.com.br\/blog\/#organization\"},\"image\":{\"@id\":\"https:\/\/advbox.com.br\/blog\/legislacao-principio-da-ampla-defesa\/#primaryimage\"},\"thumbnailUrl\":\"https:\/\/advbox.com.br\/blog\/wp-content\/uploads\/2025\/12\/sobrestamento-1.jpg\",\"articleSection\":[\"Direito\"],\"inLanguage\":\"pt-BR\"},{\"@type\":\"WebPage\",\"@id\":\"https:\/\/advbox.com.br\/blog\/legislacao-principio-da-ampla-defesa\/\",\"url\":\"https:\/\/advbox.com.br\/blog\/legislacao-principio-da-ampla-defesa\/\",\"name\":\"Princ\u00edpio da ampla defesa: o que \u00e9, para que serve e import\u00e2ncia\",\"isPartOf\":{\"@id\":\"https:\/\/advbox.com.br\/blog\/#website\"},\"primaryImageOfPage\":{\"@id\":\"https:\/\/advbox.com.br\/blog\/legislacao-principio-da-ampla-defesa\/#primaryimage\"},\"image\":{\"@id\":\"https:\/\/advbox.com.br\/blog\/legislacao-principio-da-ampla-defesa\/#primaryimage\"},\"thumbnailUrl\":\"https:\/\/advbox.com.br\/blog\/wp-content\/uploads\/2025\/12\/sobrestamento-1.jpg\",\"datePublished\":\"2026-03-06T23:04:14+00:00\",\"dateModified\":\"2026-04-17T12:34:39+00:00\",\"description\":\"Descubra o que \u00e9 o princ\u00edpio da ampla defesa, veja sua import\u00e2ncia no processo judicial e entenda como ele garante direitos fundamentais.\",\"breadcrumb\":{\"@id\":\"https:\/\/advbox.com.br\/blog\/legislacao-principio-da-ampla-defesa\/#breadcrumb\"},\"inLanguage\":\"pt-BR\",\"potentialAction\":[{\"@type\":\"ReadAction\",\"target\":[\"https:\/\/advbox.com.br\/blog\/legislacao-principio-da-ampla-defesa\/\"]}]},{\"@type\":\"ImageObject\",\"inLanguage\":\"pt-BR\",\"@id\":\"https:\/\/advbox.com.br\/blog\/legislacao-principio-da-ampla-defesa\/#primaryimage\",\"url\":\"https:\/\/advbox.com.br\/blog\/wp-content\/uploads\/2025\/12\/sobrestamento-1.jpg\",\"contentUrl\":\"https:\/\/advbox.com.br\/blog\/wp-content\/uploads\/2025\/12\/sobrestamento-1.jpg\",\"width\":1024,\"height\":576,\"caption\":\"Banner institucional da ADVBOX com elemento visual abstrato em tons de azul, representando estrutura, tecnologia e identidade visual da marca\"},{\"@type\":\"BreadcrumbList\",\"@id\":\"https:\/\/advbox.com.br\/blog\/legislacao-principio-da-ampla-defesa\/#breadcrumb\",\"itemListElement\":[{\"@type\":\"ListItem\",\"position\":1,\"name\":\"In\u00edcio\",\"item\":\"https:\/\/advbox.com.br\/blog\/\"},{\"@type\":\"ListItem\",\"position\":2,\"name\":\"Direito\",\"item\":\"https:\/\/advbox.com.br\/blog\/direito\/\"},{\"@type\":\"ListItem\",\"position\":3,\"name\":\"Princ\u00edpio da ampla defesa: o que \u00e9, para que serve e import\u00e2ncia\"}]},{\"@type\":\"WebSite\",\"@id\":\"https:\/\/advbox.com.br\/blog\/#website\",\"url\":\"https:\/\/advbox.com.br\/blog\/\",\"name\":\"Software Jur\u00eddico Completo - ADVBOX\",\"description\":\"Plataforma para Advocacia Digital\",\"publisher\":{\"@id\":\"https:\/\/advbox.com.br\/blog\/#organization\"},\"potentialAction\":[{\"@type\":\"SearchAction\",\"target\":{\"@type\":\"EntryPoint\",\"urlTemplate\":\"https:\/\/advbox.com.br\/blog\/?s={search_term_string}\"},\"query-input\":{\"@type\":\"PropertyValueSpecification\",\"valueRequired\":true,\"valueName\":\"search_term_string\"}}],\"inLanguage\":\"pt-BR\"},{\"@type\":\"Organization\",\"@id\":\"https:\/\/advbox.com.br\/blog\/#organization\",\"name\":\"ADVBOX Blog - Software jur\u00eddico da advocacia digital\",\"url\":\"https:\/\/advbox.com.br\/blog\/\",\"logo\":{\"@type\":\"ImageObject\",\"inLanguage\":\"pt-BR\",\"@id\":\"https:\/\/advbox.com.br\/blog\/#\/schema\/logo\/image\/\",\"url\":\"https:\/\/advbox.com.br\/blog\/wp-content\/uploads\/2019\/12\/Como-aumentar-a-produtividade_.jpg\",\"contentUrl\":\"https:\/\/advbox.com.br\/blog\/wp-content\/uploads\/2019\/12\/Como-aumentar-a-produtividade_.jpg\",\"width\":320,\"height\":213,\"caption\":\"ADVBOX Blog - Software jur\u00eddico da advocacia digital\"},\"image\":{\"@id\":\"https:\/\/advbox.com.br\/blog\/#\/schema\/logo\/image\/\"},\"sameAs\":[\"https:\/\/www.facebook.com\/advbox\/\",\"https:\/\/x.com\/advbox2\"]},{\"@type\":\"Person\",\"@id\":\"https:\/\/advbox.com.br\/blog\/#\/schema\/person\/029674387a95515a227f2dd7f49b8dfa\",\"name\":\"Eduardo Koetz\",\"description\":\"Eduardo Koetz \u00e9 advogado, escritor, s\u00f3cio e fundador da Koetz Advocacia e CEO da empresa de software jur\u00eddico Advbox. Possui bacharel em Direito pela Universidade do Vale do Rio dos Sinos (Unisinos). Possui tanto registros na Ordem dos Advogados do Brasil - OAB (OAB\/SC 42.934, OAB\/RS 73.409, OAB\/PR 72.951, OAB\/SP 435.266, OAB\/MG 204.531, OAB\/MG 204.531), como na Ordem dos Advogados de Portugal - OA ( OA\/Portugal 69.512L).swdsasdw \u00c9 p\u00f3s-graduado em Direito do Trabalho pela Universidade Federal do Rio Grande do Sul (2011- 2012) e em Direito Tribut\u00e1rio pela Escola Superior da Magistratura Federal ESMAFE (2013 - 2014). Atua como um dos principais gestores da Koetz Advocacia realizando a supervis\u00e3o e lideran\u00e7a em todos os setores do escrit\u00f3rio. Em 2021, Eduardo publicou o livro intitulado: Otimizado - O escrit\u00f3rio como empresa escal\u00e1vel pela editora Viseu.\",\"url\":\"https:\/\/advbox.com.br\/blog\/autor\/comunicacao\/\"}]}<\/script>\n<!-- \/ Yoast SEO plugin. -->","yoast_head_json":{"title":"Princ\u00edpio da ampla defesa: o que \u00e9, para que serve e import\u00e2ncia","description":"Descubra o que \u00e9 o princ\u00edpio da ampla defesa, veja sua import\u00e2ncia no processo judicial e entenda como ele garante direitos fundamentais.","robots":{"index":"index","follow":"follow","max-snippet":"max-snippet:-1","max-image-preview":"max-image-preview:large","max-video-preview":"max-video-preview:-1"},"canonical":"https:\/\/advbox.com.br\/blog\/legislacao-principio-da-ampla-defesa\/","og_locale":"pt_BR","og_type":"article","og_title":"Princ\u00edpio da ampla defesa: o que \u00e9, para que serve e import\u00e2ncia","og_description":"Descubra o que \u00e9 o princ\u00edpio da ampla defesa, veja sua import\u00e2ncia no processo judicial e entenda como ele garante direitos fundamentais.","og_url":"https:\/\/advbox.com.br\/blog\/legislacao-principio-da-ampla-defesa\/","og_site_name":"Software Jur\u00eddico Completo - ADVBOX","article_publisher":"https:\/\/www.facebook.com\/advbox\/","article_published_time":"2026-03-06T23:04:14+00:00","article_modified_time":"2026-04-17T12:34:39+00:00","og_image":[{"width":1024,"height":576,"url":"https:\/\/advbox.com.br\/blog\/wp-content\/uploads\/2025\/12\/sobrestamento-1.jpg","type":"image\/jpeg"}],"author":"Eduardo Koetz","twitter_card":"summary_large_image","twitter_creator":"@advbox2","twitter_site":"@advbox2","schema":{"@context":"https:\/\/schema.org","@graph":[{"@type":"Article","@id":"https:\/\/advbox.com.br\/blog\/legislacao-principio-da-ampla-defesa\/#article","isPartOf":{"@id":"https:\/\/advbox.com.br\/blog\/legislacao-principio-da-ampla-defesa\/"},"author":{"name":"Eduardo Koetz","@id":"https:\/\/advbox.com.br\/blog\/#\/schema\/person\/029674387a95515a227f2dd7f49b8dfa"},"headline":"Princ\u00edpio da ampla defesa: o que \u00e9, para que serve e import\u00e2ncia","datePublished":"2026-03-06T23:04:14+00:00","dateModified":"2026-04-17T12:34:39+00:00","mainEntityOfPage":{"@id":"https:\/\/advbox.com.br\/blog\/legislacao-principio-da-ampla-defesa\/"},"wordCount":1309,"publisher":{"@id":"https:\/\/advbox.com.br\/blog\/#organization"},"image":{"@id":"https:\/\/advbox.com.br\/blog\/legislacao-principio-da-ampla-defesa\/#primaryimage"},"thumbnailUrl":"https:\/\/advbox.com.br\/blog\/wp-content\/uploads\/2025\/12\/sobrestamento-1.jpg","articleSection":["Direito"],"inLanguage":"pt-BR"},{"@type":"WebPage","@id":"https:\/\/advbox.com.br\/blog\/legislacao-principio-da-ampla-defesa\/","url":"https:\/\/advbox.com.br\/blog\/legislacao-principio-da-ampla-defesa\/","name":"Princ\u00edpio da ampla defesa: o que \u00e9, para que serve e import\u00e2ncia","isPartOf":{"@id":"https:\/\/advbox.com.br\/blog\/#website"},"primaryImageOfPage":{"@id":"https:\/\/advbox.com.br\/blog\/legislacao-principio-da-ampla-defesa\/#primaryimage"},"image":{"@id":"https:\/\/advbox.com.br\/blog\/legislacao-principio-da-ampla-defesa\/#primaryimage"},"thumbnailUrl":"https:\/\/advbox.com.br\/blog\/wp-content\/uploads\/2025\/12\/sobrestamento-1.jpg","datePublished":"2026-03-06T23:04:14+00:00","dateModified":"2026-04-17T12:34:39+00:00","description":"Descubra o que \u00e9 o princ\u00edpio da ampla defesa, veja sua import\u00e2ncia no processo judicial e entenda como ele garante direitos fundamentais.","breadcrumb":{"@id":"https:\/\/advbox.com.br\/blog\/legislacao-principio-da-ampla-defesa\/#breadcrumb"},"inLanguage":"pt-BR","potentialAction":[{"@type":"ReadAction","target":["https:\/\/advbox.com.br\/blog\/legislacao-principio-da-ampla-defesa\/"]}]},{"@type":"ImageObject","inLanguage":"pt-BR","@id":"https:\/\/advbox.com.br\/blog\/legislacao-principio-da-ampla-defesa\/#primaryimage","url":"https:\/\/advbox.com.br\/blog\/wp-content\/uploads\/2025\/12\/sobrestamento-1.jpg","contentUrl":"https:\/\/advbox.com.br\/blog\/wp-content\/uploads\/2025\/12\/sobrestamento-1.jpg","width":1024,"height":576,"caption":"Banner institucional da ADVBOX com elemento visual abstrato em tons de azul, representando estrutura, tecnologia e identidade visual da marca"},{"@type":"BreadcrumbList","@id":"https:\/\/advbox.com.br\/blog\/legislacao-principio-da-ampla-defesa\/#breadcrumb","itemListElement":[{"@type":"ListItem","position":1,"name":"In\u00edcio","item":"https:\/\/advbox.com.br\/blog\/"},{"@type":"ListItem","position":2,"name":"Direito","item":"https:\/\/advbox.com.br\/blog\/direito\/"},{"@type":"ListItem","position":3,"name":"Princ\u00edpio da ampla defesa: o que \u00e9, para que serve e import\u00e2ncia"}]},{"@type":"WebSite","@id":"https:\/\/advbox.com.br\/blog\/#website","url":"https:\/\/advbox.com.br\/blog\/","name":"Software Jur\u00eddico Completo - ADVBOX","description":"Plataforma para Advocacia Digital","publisher":{"@id":"https:\/\/advbox.com.br\/blog\/#organization"},"potentialAction":[{"@type":"SearchAction","target":{"@type":"EntryPoint","urlTemplate":"https:\/\/advbox.com.br\/blog\/?s={search_term_string}"},"query-input":{"@type":"PropertyValueSpecification","valueRequired":true,"valueName":"search_term_string"}}],"inLanguage":"pt-BR"},{"@type":"Organization","@id":"https:\/\/advbox.com.br\/blog\/#organization","name":"ADVBOX Blog - Software jur\u00eddico da advocacia digital","url":"https:\/\/advbox.com.br\/blog\/","logo":{"@type":"ImageObject","inLanguage":"pt-BR","@id":"https:\/\/advbox.com.br\/blog\/#\/schema\/logo\/image\/","url":"https:\/\/advbox.com.br\/blog\/wp-content\/uploads\/2019\/12\/Como-aumentar-a-produtividade_.jpg","contentUrl":"https:\/\/advbox.com.br\/blog\/wp-content\/uploads\/2019\/12\/Como-aumentar-a-produtividade_.jpg","width":320,"height":213,"caption":"ADVBOX Blog - Software jur\u00eddico da advocacia digital"},"image":{"@id":"https:\/\/advbox.com.br\/blog\/#\/schema\/logo\/image\/"},"sameAs":["https:\/\/www.facebook.com\/advbox\/","https:\/\/x.com\/advbox2"]},{"@type":"Person","@id":"https:\/\/advbox.com.br\/blog\/#\/schema\/person\/029674387a95515a227f2dd7f49b8dfa","name":"Eduardo Koetz","description":"Eduardo Koetz \u00e9 advogado, escritor, s\u00f3cio e fundador da Koetz Advocacia e CEO da empresa de software jur\u00eddico Advbox. Possui bacharel em Direito pela Universidade do Vale do Rio dos Sinos (Unisinos). Possui tanto registros na Ordem dos Advogados do Brasil - OAB (OAB\/SC 42.934, OAB\/RS 73.409, OAB\/PR 72.951, OAB\/SP 435.266, OAB\/MG 204.531, OAB\/MG 204.531), como na Ordem dos Advogados de Portugal - OA ( OA\/Portugal 69.512L).swdsasdw \u00c9 p\u00f3s-graduado em Direito do Trabalho pela Universidade Federal do Rio Grande do Sul (2011- 2012) e em Direito Tribut\u00e1rio pela Escola Superior da Magistratura Federal ESMAFE (2013 - 2014). Atua como um dos principais gestores da Koetz Advocacia realizando a supervis\u00e3o e lideran\u00e7a em todos os setores do escrit\u00f3rio. Em 2021, Eduardo publicou o livro intitulado: Otimizado - O escrit\u00f3rio como empresa escal\u00e1vel pela editora Viseu.","url":"https:\/\/advbox.com.br\/blog\/autor\/comunicacao\/"}]}},"_links":{"self":[{"href":"https:\/\/advbox.com.br\/blog\/wp-json\/wp\/v2\/posts\/82664","targetHints":{"allow":["GET"]}}],"collection":[{"href":"https:\/\/advbox.com.br\/blog\/wp-json\/wp\/v2\/posts"}],"about":[{"href":"https:\/\/advbox.com.br\/blog\/wp-json\/wp\/v2\/types\/post"}],"author":[{"embeddable":true,"href":"https:\/\/advbox.com.br\/blog\/wp-json\/wp\/v2\/users\/43"}],"replies":[{"embeddable":true,"href":"https:\/\/advbox.com.br\/blog\/wp-json\/wp\/v2\/comments?post=82664"}],"version-history":[{"count":2,"href":"https:\/\/advbox.com.br\/blog\/wp-json\/wp\/v2\/posts\/82664\/revisions"}],"predecessor-version":[{"id":83218,"href":"https:\/\/advbox.com.br\/blog\/wp-json\/wp\/v2\/posts\/82664\/revisions\/83218"}],"wp:featuredmedia":[{"embeddable":true,"href":"https:\/\/advbox.com.br\/blog\/wp-json\/wp\/v2\/media\/79776"}],"wp:attachment":[{"href":"https:\/\/advbox.com.br\/blog\/wp-json\/wp\/v2\/media?parent=82664"}],"wp:term":[{"taxonomy":"category","embeddable":true,"href":"https:\/\/advbox.com.br\/blog\/wp-json\/wp\/v2\/categories?post=82664"},{"taxonomy":"post_tag","embeddable":true,"href":"https:\/\/advbox.com.br\/blog\/wp-json\/wp\/v2\/tags?post=82664"}],"curies":[{"name":"wp","href":"https:\/\/api.w.org\/{rel}","templated":true}]}}