{"id":82772,"date":"2026-03-18T18:29:05","date_gmt":"2026-03-18T21:29:05","guid":{"rendered":"https:\/\/advbox.com.br\/blog\/?p=82772"},"modified":"2026-03-18T18:29:06","modified_gmt":"2026-03-18T21:29:06","slug":"legislacao-medidas-coercitivas","status":"publish","type":"post","link":"https:\/\/advbox.com.br\/blog\/legislacao-medidas-coercitivas\/","title":{"rendered":"Medidas coercitivas ou medidas executivas at\u00edpicas: o que s\u00e3o?"},"content":{"rendered":"\n<h1 class=\"wp-block-heading\">Medidas coercitivas ou medidas executivas at\u00edpicas: o que s\u00e3o?<\/h1>\n\n\n\n<p>As medidas coercitivas s\u00e3o ferramentas que buscam garantir que as decis\u00f5es judiciais saiam do papel e transformem a realidade das partes envolvidas. Elas s\u00e3o fundamentais no <a href=\"https:\/\/advbox.com.br\/blog\/ordenamento-juridico\/\" target=\"_blank\">sistema jur\u00eddico brasileiro<\/a>, pois garantem o cumprimento de uma senten\u00e7a.<\/p>\n\n\n\n<p>Muitas vezes, ganhar um processo n\u00e3o significa receber o que \u00e9 de direito imediatamente, pois o devedor pode resistir ao cumprimento da senten\u00e7a. \u00c9 nesse cen\u00e1rio que surgem as medidas executivas at\u00edpicas, servindo como instrumentos de press\u00e3o.<\/p>\n\n\n\n<p>Neste artigo, voc\u00ea entender\u00e1 detalhadamente o conceito de medidas coercitivas, a diferen\u00e7a entre meios, m\u00e9todos e normas, e quais s\u00e3o as principais ferramentas utilizadas pelos ju\u00edzes hoje.&nbsp;<\/p>\n\n\n\n<p>Al\u00e9m disso, abordaremos os limites impostos pelos tribunais superiores, como o STF e o STJ, para evitar abusos e garantir que a dignidade humana seja respeitada durante a execu\u00e7\u00e3o. Siga com sua leitura para descobrir como essas estrat\u00e9gias combatem a inadimpl\u00eancia e modernizam o Direito Processual Civil.<\/p>\n\n\n\n<h2 class=\"wp-block-heading\">O que s\u00e3o medidas coercitivas?<\/h2>\n\n\n\n<p>As medidas coercitivas<strong> s\u00e3o mecanismos legais utilizados pelo <\/strong><a href=\"https:\/\/advbox.com.br\/blog\/estrutura-do-poder-judiciario\/\" target=\"_blank\"><strong>Judici\u00e1rio<\/strong><\/a><strong> para for\u00e7ar ou compelir uma pessoa a cumprir uma decis\u00e3o judicial<\/strong>, evitando atrasos ou o desrespeito \u00e0 ordem do juiz.&nbsp;<\/p>\n\n\n\n<p>Elas n\u00e3o buscam satisfazer a d\u00edvida diretamente (como ocorre na <a href=\"https:\/\/advbox.com.br\/blog\/mandado-de-penhora\/\" target=\"_blank\">penhora<\/a> de dinheiro), mas sim criar uma press\u00e3o psicol\u00f3gica no devedor. O objetivo principal \u00e9 fazer com que o cumprimento da obriga\u00e7\u00e3o pare\u00e7a a op\u00e7\u00e3o mais razo\u00e1vel e menos prejudicial para ele do que manter a resist\u00eancia.<\/p>\n\n\n\n<p>Voc\u00ea j\u00e1 deve ter percebido que alguns devedores utilizam diversas manobras para ocultar patrim\u00f4nio e frustrar a execu\u00e7\u00e3o. As medidas coercitivas, baseadas no <a href=\"https:\/\/advbox.com.br\/blog\/cpc-artigo-139\/\" target=\"_blank\">artigo 139 do C\u00f3digo de Processo Civil (CPC)<\/a>, d\u00e3o ao juiz o poder de adotar provid\u00eancias necess\u00e1rias para que a ordem seja obedecida.&nbsp;<\/p>\n\n\n\n<p>Existem tr\u00eas pilares que sustentam esse conceito no meio jur\u00eddico: o meio, os m\u00e9todos e as normas. Achou confuso? fique tranquilo, pois logo abaixo, explicaremos melhor cada um deles. Siga sua leitura e entenda os detalhes de cada um desses termos.<\/p>\n\n\n\n<h3 class=\"wp-block-heading\">O que \u00e9 meio coercitivo?<\/h3>\n\n\n\n<p>O meio coercitivo<strong> \u00e9 o instrumento de press\u00e3o indireta utilizado pelo magistrado para convencer o devedor a realizar a presta\u00e7\u00e3o devida<\/strong>. O meio coercitivo restringe algum direito ou gera um \u00f4nus para que o pr\u00f3prio devedor decida pagar. \u00c9 uma estrat\u00e9gia que faz com que pagar a d\u00edvida se torne algo mais atrativo em vista dos outros preju\u00edzos.<\/p>\n\n\n\n<h3 class=\"wp-block-heading\">O que s\u00e3o m\u00e9todos coercitivos?<\/h3>\n\n\n\n<p>M\u00e9todos coercitivos <strong>s\u00e3o as a\u00e7\u00f5es pr\u00e1ticas e concretas determinadas pelo juiz para criar um ambiente de press\u00e3o psicol\u00f3gica e financeira sobre o executado<\/strong>. Essas a\u00e7\u00f5es podem servir tanto para garantir que uma execu\u00e7\u00e3o futura seja frut\u00edfera quanto para antecipar a satisfa\u00e7\u00e3o do direito do credor. Eles funcionam como ferramentas dissuas\u00f3rias, desestimulando a continuidade do descumprimento judicial.<\/p>\n\n\n\n<h3 class=\"wp-block-heading\">O que s\u00e3o normas coercitivas?<\/h3>\n\n\n\n<p>Normas coercitivas <strong>s\u00e3o as regras escritas na legisla\u00e7\u00e3o que autorizam e fundamentam a atua\u00e7\u00e3o do juiz na imposi\u00e7\u00e3o de medidas de press\u00e3o<\/strong>.<strong> <\/strong>O <a href=\"https:\/\/advbox.com.br\/blog\/cpc-2015\/\" target=\"_blank\">Novo C\u00f3digo de Processo Civil<\/a> \u00e9 o grande marco dessas normas, especialmente atrav\u00e9s do &#8220;poder geral de efetiva\u00e7\u00e3o&#8221;. Essas regras d\u00e3o mais flexibilidade ao juiz, para que ele possa adaptar a san\u00e7\u00e3o \u00e0 realidade do caso.<\/p>\n\n\n\n<h2 class=\"wp-block-heading\">Quais s\u00e3o as medidas coercitivas?<\/h2>\n\n\n\n<p>Existem diversas formas de compelir algu\u00e9m ao cumprimento de uma obriga\u00e7\u00e3o, e <strong>o Direito as divide entre medidas t\u00edpicas e at\u00edpicas.<\/strong>&nbsp;<\/p>\n\n\n\n<p>As t\u00edpicas s\u00e3o aquelas que j\u00e1 possuem previs\u00e3o espec\u00edfica e detalhada na lei para certas situa\u00e7\u00f5es, enquanto as at\u00edpicas s\u00e3o criadas ou adaptadas pelo juiz conforme a necessidade do processo. Essa variedade permite que o sistema de justi\u00e7a seja mais assertivo em suas decis\u00f5es.<\/p>\n\n\n\n<p>Para que voc\u00ea visualize como isso funciona na pr\u00e1tica, selecionamos as principais medidas aplicadas nos tribunais brasileiros. Elas variam desde puni\u00e7\u00f5es financeiras at\u00e9 restri\u00e7\u00f5es severas de direitos fundamentais, sempre visando tirar o devedor da sua zona de conforto. Veja os detalhes a seguir:<\/p>\n\n\n\n<h3 class=\"wp-block-heading\">Multa di\u00e1ria ou astreinte<\/h3>\n\n\n\n<p>A multa di\u00e1ria, tamb\u00e9m conhecida como astreinte, <strong>\u00e9 uma cobran\u00e7a em dinheiro aplicada para cada dia de atraso no cumprimento de uma obriga\u00e7\u00e3o de fazer ou n\u00e3o fazer<\/strong>.<strong> <\/strong>Esta \u00e9 uma das medidas mais comuns no cotidiano forense.&nbsp;<\/p>\n\n\n\n<p>\u00c9 importante que voc\u00ea saiba que o foco aqui n\u00e3o \u00e9 o enriquecimento do credor, mas sim exercer uma press\u00e3o financeira crescente sobre o devedor. Quanto mais ele demora para cumprir a ordem, maior se torna o valor devido, o que torna a resist\u00eancia economicamente invi\u00e1vel.<\/p>\n\n\n\n<h3 class=\"wp-block-heading\">Bloqueio de bens<\/h3>\n\n\n\n<p>O bloqueio de bens \u00e9 uma medida que <strong>visa garantir a utilidade do processo, impedindo que o devedor se desfa\u00e7a de seu patrim\u00f4nio de forma fraudulenta<\/strong>. Ao determinar a indisponibilidade de ve\u00edculos, im\u00f3veis ou ativos financeiros, o juiz assegura que existam recursos dispon\u00edveis para pagar a d\u00edvida em uma etapa futura.&nbsp;<\/p>\n\n\n\n<p>Essa medida \u00e9 essencial para evitar a dilapida\u00e7\u00e3o patrimonial, que \u00e9 uma das t\u00e1ticas mais usadas por quem deseja se esquivar de suas responsabilidades judiciais. Ou seja, o devedor n\u00e3o pode se desfazer de um bem, para que o bem n\u00e3o seja penhorado para o pagamento da d\u00edvida.<\/p>\n\n\n\n<h3 class=\"wp-block-heading\">Suspens\u00e3o de direitos<\/h3>\n\n\n\n<p>Em situa\u00e7\u00f5es mais extremas e fundamentadas, <strong>o juiz pode determinar a suspens\u00e3o de <\/strong><a href=\"https:\/\/advbox.com.br\/blog\/direito-civil\/\" target=\"_blank\"><strong>direitos civis<\/strong><\/a><strong> do devedor para induzir o pagamento da d\u00edvida<\/strong>. Voc\u00ea provavelmente j\u00e1 ouviu falar de casos onde houve a apreens\u00e3o de passaporte ou a suspens\u00e3o da Carteira Nacional de Habilita\u00e7\u00e3o (CNH).&nbsp;<\/p>\n\n\n\n<p>Al\u00e9m dessas situa\u00e7\u00f5es, temos o cancelamento de cart\u00f5es de cr\u00e9dito, que tamb\u00e9m tem sido utilizado. Essas medidas geram um inc\u00f4modo pessoal significativo na rotina do devedor, for\u00e7ando-o a priorizar a quita\u00e7\u00e3o de seus d\u00e9bitos judiciais.<\/p>\n\n\n\n<h3 class=\"wp-block-heading\">Exemplos de medidas coercitivas<\/h3>\n\n\n\n<p>A aplica\u00e7\u00e3o dessas ferramentas varia de acordo com a natureza da d\u00edvida e do processo em quest\u00e3o. \u00c9 fundamental entender que o impacto da medida deve ser proporcional ao objetivo que se pretende alcan\u00e7ar. Abaixo, detalhamos como essas estrat\u00e9gias funcionam em diferentes ramos do Direito, como o familiar e o trabalhista.<\/p>\n\n\n\n<h4 class=\"wp-block-heading\">Medidas coercitivas na execu\u00e7\u00e3o de alimentos<\/h4>\n\n\n\n<p><strong>A pris\u00e3o civil visa garantir o pagamento de d\u00edvidas de <\/strong><a href=\"https:\/\/advbox.com.br\/blog\/pensao-alimenticia\/\" target=\"_blank\"><strong>pens\u00e3o aliment\u00edcia no Brasil<\/strong><\/a>. Por envolver a subsist\u00eancia e a dignidade de quem recebe, a lei permite essa restri\u00e7\u00e3o severa de liberdade como forma de press\u00e3o m\u00e1xima sobre o devedor.<\/p>\n\n\n\n<h4 class=\"wp-block-heading\">Medidas coercitivas na execu\u00e7\u00e3o trabalhista<\/h4>\n\n\n\n<p>Na execu\u00e7\u00e3o trabalhista, as medidas coercitivas <strong>asseguram o pagamento de verbas alimentares e indeniza\u00e7\u00f5es por meio de bloqueios e restri\u00e7\u00f5es at\u00edpicas<\/strong>. Como o cr\u00e9dito trabalhista possui natureza alimentar, os ju\u00edzes utilizam medidas como a suspens\u00e3o de CNH ou o bloqueio de cart\u00f5es de cr\u00e9dito para for\u00e7ar o empres\u00e1rio a quitar os d\u00e9bitos.<\/p>\n\n\n\n<h2 class=\"wp-block-heading\">Quais os limites no uso de medidas coercitivas?<\/h2>\n\n\n\n<p>O uso das medidas coercitivas n\u00e3o \u00e9 ilimitado e n\u00e3o pode ser feito de forma arbitr\u00e1ria pelo magistrado, devendo respeitar os princ\u00edpios da proporcionalidade e da razoabilidade. De acordo com o Supremo Tribunal Federal (STF) <strong>a justi\u00e7a deve equilibrar o direito do credor de receber com os direitos fundamentais do devedor<\/strong>.<\/p>\n\n\n\n<p><strong>Um limite fundamental \u00e9 o da subsidiariedade<\/strong>.<strong> <\/strong>Isso significa que as medidas at\u00edpicas, como suspender a CNH, s\u00f3 devem ser utilizadas se os meios tradicionais (penhora de dinheiro ou bens) j\u00e1 tiverem sido tentados sem sucesso. Al\u00e9m disso, \u00e9 preciso que existam ind\u00edcios de que o devedor possui patrim\u00f4nio, mas o est\u00e1 ocultando.<\/p>\n\n\n\n<p><strong>Outro limite importante \u00e9 a prote\u00e7\u00e3o da dignidade e da sobreviv\u00eancia do indiv\u00edduo<\/strong>. A medida n\u00e3o pode prejudicar o sustento do devedor ou de sua fam\u00edlia. Por exemplo, n\u00e3o se pode suspender a CNH de um motorista profissional, como um taxista ou caminhoneiro, pois isso retiraria seu meio de trabalho.<\/p>\n\n\n\n<p>Da mesma forma, essas medidas n\u00e3o costumam ser aceitas para cobrar impostos (execu\u00e7\u00f5es fiscais), uma vez que o Estado j\u00e1 possui diversos mecanismos potentes para a cobran\u00e7a de impostos.<\/p>\n\n\n\n<h2 class=\"wp-block-heading\">Quais os desafios na aplica\u00e7\u00e3o de medidas coercitivas?<\/h2>\n\n\n\n<p>A aplica\u00e7\u00e3o pr\u00e1tica dessas medidas enfrenta o desafio constante de <strong>equilibrar a efic\u00e1cia da execu\u00e7\u00e3o judicial com a preserva\u00e7\u00e3o dos direitos individuais do cidad\u00e3o<\/strong>.<strong> <\/strong>Existe uma linha t\u00eanue entre a press\u00e3o leg\u00edtima e o abuso de autoridade. O Judici\u00e1rio precisa analisar cada caso individualmente, evitando violar garantias constitucionais.<\/p>\n\n\n\n<p>H\u00e1 tamb\u00e9m um intenso debate jur\u00eddico sobre <strong>o risco de o artigo 139 do CPC ser interpretado como uma &#8220;carta branca&#8221; para os ju\u00edzes<\/strong>.<strong> <\/strong>Para combater esse receio, o juiz deve explicar por que aquela medida espec\u00edfica \u00e9 necess\u00e1ria, adequada e por que as tentativas anteriores falharam. Sem essa justificativa clara, a decis\u00e3o pode ser anulada em inst\u00e2ncias superiores.<\/p>\n\n\n\n<p>Por fim, o maior desafio \u00e9 <strong>garantir que a press\u00e3o psicol\u00f3gica n\u00e3o se transforme em uma viola\u00e7\u00e3o da dignidade humana<\/strong>. A justi\u00e7a brasileira caminha para um modelo onde a execu\u00e7\u00e3o deve ser proveitosa para o credor, mas n\u00e3o pode ser um instrumento de vingan\u00e7a ou tortura social. Encontrar esse ponto de equil\u00edbrio exige cautela e sensibilidade.<\/p>\n\n\n\n<h2 class=\"wp-block-heading\">Conclus\u00e3o<\/h2>\n\n\n\n<p>As medidas coercitivas e executivas at\u00edpicas representam um avan\u00e7o necess\u00e1rio para o Direito brasileiro. Elas garantem que a autoridade do Judici\u00e1rio seja respeitada e que os credores n\u00e3o fiquem desamparados diante de devedores profissionais que ocultam seus bens.&nbsp;<\/p>\n\n\n\n<p>Quando aplicadas com responsabilidade, essas ferramentas s\u00e3o essenciais para reduzir a impunidade e dar agilidade aos processos de execu\u00e7\u00e3o. No entanto, a complexidade dessas medidas exige que o advogado tenha um controle rigoroso sobre o processo e se dedique \u00e0s estrat\u00e9gias de cada caso.&nbsp;<\/p>\n\n\n\n<p>Para gerir essas demandas com excel\u00eancia e agilidade, e n\u00e3o perder nenhuma oportunidade de garantir o direito do seu cliente, a organiza\u00e7\u00e3o \u00e9 a chave. \u00c9 aqui que a tecnologia tem o poder de se tornar sua maior aliada no cotidiano jur\u00eddico.<\/p>\n\n\n\n<p><a href=\"https:\/\/advbox.com.br\/blog\/o-diferencial-da-advbox\/\" target=\"_blank\">O software jur\u00eddico da ADVBOX<\/a> \u00e9 a solu\u00e7\u00e3o ideal para ajudar voc\u00ea a organizar a agenda do seu escrit\u00f3rio e monitorar o andamento das medidas executivas com precis\u00e3o. Com nossa plataforma, voc\u00ea ganha produtividade e autoridade para lidar com processos complexos. <a href=\"https:\/\/app.advbox.com.br\/register\" target=\"_blank\">Conhe\u00e7a nossa plataforma <\/a>e veja o impacto na sua advocacia.<\/p>\n\n\n\n<figure class=\"wp-block-image size-full\"><a href=\"https:\/\/advbox.com.br\/register\" target=\"_blank\"><img fetchpriority=\"high\" decoding=\"async\" width=\"1024\" height=\"270\" src=\"https:\/\/advbox.com.br\/blog\/wp-content\/uploads\/2025\/12\/CTA-REBRANDING-28.webp\" alt=\"Banner com imagem ilustrativa sobre crescimento estruturado de escrit\u00f3rio de advocacia, destacando gest\u00e3o jur\u00eddica eficiente para escalar sem perder controle e qualidade\" class=\"wp-image-79767\" srcset=\"https:\/\/advbox.com.br\/blog\/wp-content\/uploads\/2025\/12\/CTA-REBRANDING-28.webp 1024w, https:\/\/advbox.com.br\/blog\/wp-content\/uploads\/2025\/12\/CTA-REBRANDING-28-500x132.webp 500w, https:\/\/advbox.com.br\/blog\/wp-content\/uploads\/2025\/12\/CTA-REBRANDING-28-768x203.webp 768w, https:\/\/advbox.com.br\/blog\/wp-content\/uploads\/2025\/12\/CTA-REBRANDING-28-150x40.webp 150w\" sizes=\"(max-width: 1024px) 100vw, 1024px\" \/><\/a><\/figure>\n","protected":false},"excerpt":{"rendered":"<p>Medidas coercitivas ou medidas executivas at\u00edpicas: o que s\u00e3o? As medidas coercitivas s\u00e3o ferramentas que buscam garantir que as decis\u00f5es judiciais saiam do papel e transformem a realidade das partes envolvidas. Elas s\u00e3o fundamentais no sistema jur\u00eddico brasileiro, pois garantem o cumprimento de uma senten\u00e7a. Muitas vezes, ganhar um processo [&hellip;]<\/p>\n","protected":false},"author":43,"featured_media":79776,"comment_status":"closed","ping_status":"closed","sticky":false,"template":"","format":"standard","meta":{"_acf_changed":false,"om_disable_all_campaigns":false,"footnotes":""},"categories":[717],"tags":[],"class_list":["post-82772","post","type-post","status-publish","format-standard","has-post-thumbnail","hentry","category-direito"],"acf":[],"yoast_head":"<!-- This site is optimized with the Yoast SEO plugin v26.9 - https:\/\/yoast.com\/product\/yoast-seo-wordpress\/ -->\n<title>Medidas coercitivas ou medidas executivas at\u00edpicas: o que s\u00e3o?<\/title>\n<meta name=\"description\" content=\"Entenda o que s\u00e3o medidas coercitivas, quais s\u00e3o elas, exemplos na execu\u00e7\u00e3o de alimentos e trabalhista, limites do uso, desafios na aplica\u00e7\u00e3o e mais.\" \/>\n<meta name=\"robots\" content=\"index, follow, max-snippet:-1, max-image-preview:large, max-video-preview:-1\" \/>\n<link rel=\"canonical\" href=\"https:\/\/advbox.com.br\/blog\/legislacao-medidas-coercitivas\/\" \/>\n<meta property=\"og:locale\" content=\"pt_BR\" \/>\n<meta property=\"og:type\" content=\"article\" \/>\n<meta property=\"og:title\" content=\"Medidas coercitivas ou medidas executivas at\u00edpicas: o que s\u00e3o?\" \/>\n<meta property=\"og:description\" content=\"Entenda o que s\u00e3o medidas coercitivas, quais s\u00e3o elas, exemplos na execu\u00e7\u00e3o de alimentos e trabalhista, limites do uso, desafios na aplica\u00e7\u00e3o e mais.\" \/>\n<meta property=\"og:url\" content=\"https:\/\/advbox.com.br\/blog\/legislacao-medidas-coercitivas\/\" \/>\n<meta property=\"og:site_name\" content=\"Software Jur\u00eddico Completo - ADVBOX\" \/>\n<meta property=\"article:publisher\" content=\"https:\/\/www.facebook.com\/advbox\/\" \/>\n<meta property=\"article:published_time\" content=\"2026-03-18T21:29:05+00:00\" \/>\n<meta property=\"article:modified_time\" content=\"2026-03-18T21:29:06+00:00\" \/>\n<meta property=\"og:image\" content=\"https:\/\/advbox.com.br\/blog\/wp-content\/uploads\/2025\/12\/sobrestamento-1.jpg\" \/>\n\t<meta property=\"og:image:width\" content=\"1024\" \/>\n\t<meta property=\"og:image:height\" content=\"576\" \/>\n\t<meta property=\"og:image:type\" content=\"image\/jpeg\" \/>\n<meta name=\"author\" content=\"Eduardo Koetz\" \/>\n<meta name=\"twitter:card\" content=\"summary_large_image\" \/>\n<meta name=\"twitter:creator\" content=\"@advbox2\" \/>\n<meta name=\"twitter:site\" content=\"@advbox2\" \/>\n<script type=\"application\/ld+json\" class=\"yoast-schema-graph\">{\"@context\":\"https:\/\/schema.org\",\"@graph\":[{\"@type\":\"Article\",\"@id\":\"https:\/\/advbox.com.br\/blog\/legislacao-medidas-coercitivas\/#article\",\"isPartOf\":{\"@id\":\"https:\/\/advbox.com.br\/blog\/legislacao-medidas-coercitivas\/\"},\"author\":{\"name\":\"Eduardo Koetz\",\"@id\":\"https:\/\/advbox.com.br\/blog\/#\/schema\/person\/029674387a95515a227f2dd7f49b8dfa\"},\"headline\":\"Medidas coercitivas ou medidas executivas at\u00edpicas: o que s\u00e3o?\",\"datePublished\":\"2026-03-18T21:29:05+00:00\",\"dateModified\":\"2026-03-18T21:29:06+00:00\",\"mainEntityOfPage\":{\"@id\":\"https:\/\/advbox.com.br\/blog\/legislacao-medidas-coercitivas\/\"},\"wordCount\":1803,\"publisher\":{\"@id\":\"https:\/\/advbox.com.br\/blog\/#organization\"},\"image\":{\"@id\":\"https:\/\/advbox.com.br\/blog\/legislacao-medidas-coercitivas\/#primaryimage\"},\"thumbnailUrl\":\"https:\/\/advbox.com.br\/blog\/wp-content\/uploads\/2025\/12\/sobrestamento-1.jpg\",\"articleSection\":[\"Direito\"],\"inLanguage\":\"pt-BR\"},{\"@type\":\"WebPage\",\"@id\":\"https:\/\/advbox.com.br\/blog\/legislacao-medidas-coercitivas\/\",\"url\":\"https:\/\/advbox.com.br\/blog\/legislacao-medidas-coercitivas\/\",\"name\":\"Medidas coercitivas ou medidas executivas at\u00edpicas: o que s\u00e3o?\",\"isPartOf\":{\"@id\":\"https:\/\/advbox.com.br\/blog\/#website\"},\"primaryImageOfPage\":{\"@id\":\"https:\/\/advbox.com.br\/blog\/legislacao-medidas-coercitivas\/#primaryimage\"},\"image\":{\"@id\":\"https:\/\/advbox.com.br\/blog\/legislacao-medidas-coercitivas\/#primaryimage\"},\"thumbnailUrl\":\"https:\/\/advbox.com.br\/blog\/wp-content\/uploads\/2025\/12\/sobrestamento-1.jpg\",\"datePublished\":\"2026-03-18T21:29:05+00:00\",\"dateModified\":\"2026-03-18T21:29:06+00:00\",\"description\":\"Entenda o que s\u00e3o medidas coercitivas, quais s\u00e3o elas, exemplos na execu\u00e7\u00e3o de alimentos e trabalhista, limites do uso, desafios na aplica\u00e7\u00e3o e mais.\",\"breadcrumb\":{\"@id\":\"https:\/\/advbox.com.br\/blog\/legislacao-medidas-coercitivas\/#breadcrumb\"},\"inLanguage\":\"pt-BR\",\"potentialAction\":[{\"@type\":\"ReadAction\",\"target\":[\"https:\/\/advbox.com.br\/blog\/legislacao-medidas-coercitivas\/\"]}]},{\"@type\":\"ImageObject\",\"inLanguage\":\"pt-BR\",\"@id\":\"https:\/\/advbox.com.br\/blog\/legislacao-medidas-coercitivas\/#primaryimage\",\"url\":\"https:\/\/advbox.com.br\/blog\/wp-content\/uploads\/2025\/12\/sobrestamento-1.jpg\",\"contentUrl\":\"https:\/\/advbox.com.br\/blog\/wp-content\/uploads\/2025\/12\/sobrestamento-1.jpg\",\"width\":1024,\"height\":576,\"caption\":\"Banner institucional da ADVBOX com elemento visual abstrato em tons de azul, representando estrutura, tecnologia e identidade visual da marca\"},{\"@type\":\"BreadcrumbList\",\"@id\":\"https:\/\/advbox.com.br\/blog\/legislacao-medidas-coercitivas\/#breadcrumb\",\"itemListElement\":[{\"@type\":\"ListItem\",\"position\":1,\"name\":\"In\u00edcio\",\"item\":\"https:\/\/advbox.com.br\/blog\/\"},{\"@type\":\"ListItem\",\"position\":2,\"name\":\"Direito\",\"item\":\"https:\/\/advbox.com.br\/blog\/direito\/\"},{\"@type\":\"ListItem\",\"position\":3,\"name\":\"Medidas coercitivas ou medidas executivas at\u00edpicas: o que s\u00e3o?\"}]},{\"@type\":\"WebSite\",\"@id\":\"https:\/\/advbox.com.br\/blog\/#website\",\"url\":\"https:\/\/advbox.com.br\/blog\/\",\"name\":\"Software Jur\u00eddico Completo - ADVBOX\",\"description\":\"Plataforma para Advocacia Digital\",\"publisher\":{\"@id\":\"https:\/\/advbox.com.br\/blog\/#organization\"},\"potentialAction\":[{\"@type\":\"SearchAction\",\"target\":{\"@type\":\"EntryPoint\",\"urlTemplate\":\"https:\/\/advbox.com.br\/blog\/?s={search_term_string}\"},\"query-input\":{\"@type\":\"PropertyValueSpecification\",\"valueRequired\":true,\"valueName\":\"search_term_string\"}}],\"inLanguage\":\"pt-BR\"},{\"@type\":\"Organization\",\"@id\":\"https:\/\/advbox.com.br\/blog\/#organization\",\"name\":\"ADVBOX Blog - Software jur\u00eddico da advocacia digital\",\"url\":\"https:\/\/advbox.com.br\/blog\/\",\"logo\":{\"@type\":\"ImageObject\",\"inLanguage\":\"pt-BR\",\"@id\":\"https:\/\/advbox.com.br\/blog\/#\/schema\/logo\/image\/\",\"url\":\"https:\/\/advbox.com.br\/blog\/wp-content\/uploads\/2019\/12\/Como-aumentar-a-produtividade_.jpg\",\"contentUrl\":\"https:\/\/advbox.com.br\/blog\/wp-content\/uploads\/2019\/12\/Como-aumentar-a-produtividade_.jpg\",\"width\":320,\"height\":213,\"caption\":\"ADVBOX Blog - Software jur\u00eddico da advocacia digital\"},\"image\":{\"@id\":\"https:\/\/advbox.com.br\/blog\/#\/schema\/logo\/image\/\"},\"sameAs\":[\"https:\/\/www.facebook.com\/advbox\/\",\"https:\/\/x.com\/advbox2\"]},{\"@type\":\"Person\",\"@id\":\"https:\/\/advbox.com.br\/blog\/#\/schema\/person\/029674387a95515a227f2dd7f49b8dfa\",\"name\":\"Eduardo Koetz\",\"description\":\"Eduardo Koetz \u00e9 advogado, escritor, s\u00f3cio e fundador da Koetz Advocacia e CEO da empresa de software jur\u00eddico Advbox. Possui bacharel em Direito pela Universidade do Vale do Rio dos Sinos (Unisinos). Possui tanto registros na Ordem dos Advogados do Brasil - OAB (OAB\/SC 42.934, OAB\/RS 73.409, OAB\/PR 72.951, OAB\/SP 435.266, OAB\/MG 204.531, OAB\/MG 204.531), como na Ordem dos Advogados de Portugal - OA ( OA\/Portugal 69.512L).swdsasdw \u00c9 p\u00f3s-graduado em Direito do Trabalho pela Universidade Federal do Rio Grande do Sul (2011- 2012) e em Direito Tribut\u00e1rio pela Escola Superior da Magistratura Federal ESMAFE (2013 - 2014). Atua como um dos principais gestores da Koetz Advocacia realizando a supervis\u00e3o e lideran\u00e7a em todos os setores do escrit\u00f3rio. Em 2021, Eduardo publicou o livro intitulado: Otimizado - O escrit\u00f3rio como empresa escal\u00e1vel pela editora Viseu.\",\"url\":\"https:\/\/advbox.com.br\/blog\/autor\/comunicacao\/\"}]}<\/script>\n<!-- \/ Yoast SEO plugin. -->","yoast_head_json":{"title":"Medidas coercitivas ou medidas executivas at\u00edpicas: o que s\u00e3o?","description":"Entenda o que s\u00e3o medidas coercitivas, quais s\u00e3o elas, exemplos na execu\u00e7\u00e3o de alimentos e trabalhista, limites do uso, desafios na aplica\u00e7\u00e3o e mais.","robots":{"index":"index","follow":"follow","max-snippet":"max-snippet:-1","max-image-preview":"max-image-preview:large","max-video-preview":"max-video-preview:-1"},"canonical":"https:\/\/advbox.com.br\/blog\/legislacao-medidas-coercitivas\/","og_locale":"pt_BR","og_type":"article","og_title":"Medidas coercitivas ou medidas executivas at\u00edpicas: o que s\u00e3o?","og_description":"Entenda o que s\u00e3o medidas coercitivas, quais s\u00e3o elas, exemplos na execu\u00e7\u00e3o de alimentos e trabalhista, limites do uso, desafios na aplica\u00e7\u00e3o e mais.","og_url":"https:\/\/advbox.com.br\/blog\/legislacao-medidas-coercitivas\/","og_site_name":"Software Jur\u00eddico Completo - ADVBOX","article_publisher":"https:\/\/www.facebook.com\/advbox\/","article_published_time":"2026-03-18T21:29:05+00:00","article_modified_time":"2026-03-18T21:29:06+00:00","og_image":[{"width":1024,"height":576,"url":"https:\/\/advbox.com.br\/blog\/wp-content\/uploads\/2025\/12\/sobrestamento-1.jpg","type":"image\/jpeg"}],"author":"Eduardo Koetz","twitter_card":"summary_large_image","twitter_creator":"@advbox2","twitter_site":"@advbox2","schema":{"@context":"https:\/\/schema.org","@graph":[{"@type":"Article","@id":"https:\/\/advbox.com.br\/blog\/legislacao-medidas-coercitivas\/#article","isPartOf":{"@id":"https:\/\/advbox.com.br\/blog\/legislacao-medidas-coercitivas\/"},"author":{"name":"Eduardo Koetz","@id":"https:\/\/advbox.com.br\/blog\/#\/schema\/person\/029674387a95515a227f2dd7f49b8dfa"},"headline":"Medidas coercitivas ou medidas executivas at\u00edpicas: o que s\u00e3o?","datePublished":"2026-03-18T21:29:05+00:00","dateModified":"2026-03-18T21:29:06+00:00","mainEntityOfPage":{"@id":"https:\/\/advbox.com.br\/blog\/legislacao-medidas-coercitivas\/"},"wordCount":1803,"publisher":{"@id":"https:\/\/advbox.com.br\/blog\/#organization"},"image":{"@id":"https:\/\/advbox.com.br\/blog\/legislacao-medidas-coercitivas\/#primaryimage"},"thumbnailUrl":"https:\/\/advbox.com.br\/blog\/wp-content\/uploads\/2025\/12\/sobrestamento-1.jpg","articleSection":["Direito"],"inLanguage":"pt-BR"},{"@type":"WebPage","@id":"https:\/\/advbox.com.br\/blog\/legislacao-medidas-coercitivas\/","url":"https:\/\/advbox.com.br\/blog\/legislacao-medidas-coercitivas\/","name":"Medidas coercitivas ou medidas executivas at\u00edpicas: o que s\u00e3o?","isPartOf":{"@id":"https:\/\/advbox.com.br\/blog\/#website"},"primaryImageOfPage":{"@id":"https:\/\/advbox.com.br\/blog\/legislacao-medidas-coercitivas\/#primaryimage"},"image":{"@id":"https:\/\/advbox.com.br\/blog\/legislacao-medidas-coercitivas\/#primaryimage"},"thumbnailUrl":"https:\/\/advbox.com.br\/blog\/wp-content\/uploads\/2025\/12\/sobrestamento-1.jpg","datePublished":"2026-03-18T21:29:05+00:00","dateModified":"2026-03-18T21:29:06+00:00","description":"Entenda o que s\u00e3o medidas coercitivas, quais s\u00e3o elas, exemplos na execu\u00e7\u00e3o de alimentos e trabalhista, limites do uso, desafios na aplica\u00e7\u00e3o e mais.","breadcrumb":{"@id":"https:\/\/advbox.com.br\/blog\/legislacao-medidas-coercitivas\/#breadcrumb"},"inLanguage":"pt-BR","potentialAction":[{"@type":"ReadAction","target":["https:\/\/advbox.com.br\/blog\/legislacao-medidas-coercitivas\/"]}]},{"@type":"ImageObject","inLanguage":"pt-BR","@id":"https:\/\/advbox.com.br\/blog\/legislacao-medidas-coercitivas\/#primaryimage","url":"https:\/\/advbox.com.br\/blog\/wp-content\/uploads\/2025\/12\/sobrestamento-1.jpg","contentUrl":"https:\/\/advbox.com.br\/blog\/wp-content\/uploads\/2025\/12\/sobrestamento-1.jpg","width":1024,"height":576,"caption":"Banner institucional da ADVBOX com elemento visual abstrato em tons de azul, representando estrutura, tecnologia e identidade visual da marca"},{"@type":"BreadcrumbList","@id":"https:\/\/advbox.com.br\/blog\/legislacao-medidas-coercitivas\/#breadcrumb","itemListElement":[{"@type":"ListItem","position":1,"name":"In\u00edcio","item":"https:\/\/advbox.com.br\/blog\/"},{"@type":"ListItem","position":2,"name":"Direito","item":"https:\/\/advbox.com.br\/blog\/direito\/"},{"@type":"ListItem","position":3,"name":"Medidas coercitivas ou medidas executivas at\u00edpicas: o que s\u00e3o?"}]},{"@type":"WebSite","@id":"https:\/\/advbox.com.br\/blog\/#website","url":"https:\/\/advbox.com.br\/blog\/","name":"Software Jur\u00eddico Completo - ADVBOX","description":"Plataforma para Advocacia Digital","publisher":{"@id":"https:\/\/advbox.com.br\/blog\/#organization"},"potentialAction":[{"@type":"SearchAction","target":{"@type":"EntryPoint","urlTemplate":"https:\/\/advbox.com.br\/blog\/?s={search_term_string}"},"query-input":{"@type":"PropertyValueSpecification","valueRequired":true,"valueName":"search_term_string"}}],"inLanguage":"pt-BR"},{"@type":"Organization","@id":"https:\/\/advbox.com.br\/blog\/#organization","name":"ADVBOX Blog - Software jur\u00eddico da advocacia digital","url":"https:\/\/advbox.com.br\/blog\/","logo":{"@type":"ImageObject","inLanguage":"pt-BR","@id":"https:\/\/advbox.com.br\/blog\/#\/schema\/logo\/image\/","url":"https:\/\/advbox.com.br\/blog\/wp-content\/uploads\/2019\/12\/Como-aumentar-a-produtividade_.jpg","contentUrl":"https:\/\/advbox.com.br\/blog\/wp-content\/uploads\/2019\/12\/Como-aumentar-a-produtividade_.jpg","width":320,"height":213,"caption":"ADVBOX Blog - Software jur\u00eddico da advocacia digital"},"image":{"@id":"https:\/\/advbox.com.br\/blog\/#\/schema\/logo\/image\/"},"sameAs":["https:\/\/www.facebook.com\/advbox\/","https:\/\/x.com\/advbox2"]},{"@type":"Person","@id":"https:\/\/advbox.com.br\/blog\/#\/schema\/person\/029674387a95515a227f2dd7f49b8dfa","name":"Eduardo Koetz","description":"Eduardo Koetz \u00e9 advogado, escritor, s\u00f3cio e fundador da Koetz Advocacia e CEO da empresa de software jur\u00eddico Advbox. Possui bacharel em Direito pela Universidade do Vale do Rio dos Sinos (Unisinos). Possui tanto registros na Ordem dos Advogados do Brasil - OAB (OAB\/SC 42.934, OAB\/RS 73.409, OAB\/PR 72.951, OAB\/SP 435.266, OAB\/MG 204.531, OAB\/MG 204.531), como na Ordem dos Advogados de Portugal - OA ( OA\/Portugal 69.512L).swdsasdw \u00c9 p\u00f3s-graduado em Direito do Trabalho pela Universidade Federal do Rio Grande do Sul (2011- 2012) e em Direito Tribut\u00e1rio pela Escola Superior da Magistratura Federal ESMAFE (2013 - 2014). Atua como um dos principais gestores da Koetz Advocacia realizando a supervis\u00e3o e lideran\u00e7a em todos os setores do escrit\u00f3rio. Em 2021, Eduardo publicou o livro intitulado: Otimizado - O escrit\u00f3rio como empresa escal\u00e1vel pela editora Viseu.","url":"https:\/\/advbox.com.br\/blog\/autor\/comunicacao\/"}]}},"_links":{"self":[{"href":"https:\/\/advbox.com.br\/blog\/wp-json\/wp\/v2\/posts\/82772","targetHints":{"allow":["GET"]}}],"collection":[{"href":"https:\/\/advbox.com.br\/blog\/wp-json\/wp\/v2\/posts"}],"about":[{"href":"https:\/\/advbox.com.br\/blog\/wp-json\/wp\/v2\/types\/post"}],"author":[{"embeddable":true,"href":"https:\/\/advbox.com.br\/blog\/wp-json\/wp\/v2\/users\/43"}],"replies":[{"embeddable":true,"href":"https:\/\/advbox.com.br\/blog\/wp-json\/wp\/v2\/comments?post=82772"}],"version-history":[{"count":1,"href":"https:\/\/advbox.com.br\/blog\/wp-json\/wp\/v2\/posts\/82772\/revisions"}],"predecessor-version":[{"id":82773,"href":"https:\/\/advbox.com.br\/blog\/wp-json\/wp\/v2\/posts\/82772\/revisions\/82773"}],"wp:featuredmedia":[{"embeddable":true,"href":"https:\/\/advbox.com.br\/blog\/wp-json\/wp\/v2\/media\/79776"}],"wp:attachment":[{"href":"https:\/\/advbox.com.br\/blog\/wp-json\/wp\/v2\/media?parent=82772"}],"wp:term":[{"taxonomy":"category","embeddable":true,"href":"https:\/\/advbox.com.br\/blog\/wp-json\/wp\/v2\/categories?post=82772"},{"taxonomy":"post_tag","embeddable":true,"href":"https:\/\/advbox.com.br\/blog\/wp-json\/wp\/v2\/tags?post=82772"}],"curies":[{"name":"wp","href":"https:\/\/api.w.org\/{rel}","templated":true}]}}